{"id":112870,"date":"2018-07-13T08:34:41","date_gmt":"2018-07-13T05:34:41","guid":{"rendered":"https:\/\/analyse.optim.biz\/?p=112870"},"modified":"2018-07-13T08:34:41","modified_gmt":"2018-07-13T05:34:41","slug":"tariceanu-sfaturi-catre-dancila-in-conditii-normale-sunt-multi-neaveniti-in-politica-mai-sunt-si-tampiti","status":"publish","type":"post","link":"https:\/\/analyse.optim.biz\/?p=112870","title":{"rendered":"T\u0103riceanu, sfaturi c\u0103tre D\u0103ncil\u0103 \u201e\u00een condi\u021bii normale\u201d: Sunt mul\u021bi \u201eneaveni\u021bi \u00een politic\u0103\u201d, mai sunt \u0219i \u201et\u00e2mpi\u021bi\u201d"},"content":{"rendered":"<div class=\"entry data-app-meta data-app-meta-article\" data-embed-base-url-canonical=\"https:\/\/www.digi24.ro\/embed\/stiri\/actualitate\/politica\/tariceanu-sfaturi-catre-dancila-in-conditii-normale-sunt-multi-neaveniti-in-politica-mai-sunt-si-tampiti-962906\">\n<p data-index=\"1\"><strong>Pre\u015fedintele Senatului, C\u0103lin Popescu T\u0103riceanu, a declarat, joi sear\u0103, referitor la situa\u0163ia mut\u0103rii ambasadei Rom\u00e2niei din Israel c\u0103, \u00een condi\u0163ii normale, i-ar fi spus premierului Viorica D\u0103ncil\u0103 c\u0103 nu are cum s\u0103 educe to\u0163i \u201eneaveni\u0163ii din politic\u0103\u201d, pentru c\u0103 \u201emai sunt \u015fi t\u00e2mpi\u0163i, mai sunt \u015fi unii care sunt demen\u0163i, p\u0103durea este plin\u0103 cu lighioane\u201d. T\u0103riceanu consider\u0103 c\u0103 nu este nimic ilegal \u00een modul \u00een care Guvernul a gestionat situa\u0163ia, \u00eens\u0103 apreciaz\u0103 c\u0103 \u201elucrurile probabil va fi necesar s\u0103 fie rezolvate \u00eentr-un scurt timp\u201d, relateaz\u0103 News.ro.<\/strong><\/p>\n<figure class=\"article-thumb\"><img decoding=\"async\" src=\"https:\/\/analyse.optim.biz\/wp-content\/uploads\/2024\/09\/mjdkodq4mjuxzmy2ntzimzizogfknmm5yjhmymi2mde-thumb_.jpg\" alt=\"180424_GUVERN_CVADRILATERALA_DANCILA_PRIMIRI_14_INQUAM_Photos_Octav_Ganea\" data-skip-htmlfix=\"1\" title=\"mjdkodq4mjuxzmy2ntzimzizogfknmm5yjhmymi2mde-thumb_\"><figcaption> Foto: InquamPhotos\/Octav Ganea <\/figcaption><\/figure>\n<p data-index=\"2\">\u201eMul\u0163i colegi erau \u00eengrijora\u0163i de o posibil\u0103 suspendare a primului ministru Viorica D\u0103ncil\u0103, \u00een leg\u0103tur\u0103 cu memorandumul privitor la mutarea ambasadei\u201d, a spus T\u0103riceanu, joi sear\u0103, la Antena 3.<\/p>\n<p data-index=\"3\">\u00centrebat despre pl\u00e2ngerea penal\u0103 pentru \u00eenalt\u0103 tr\u0103dare depus\u0103 \u00eempotriva premierului, T\u0103riceanu a explicat care ar fi fost sfaturile sale pentru Viorica D\u0103ncil\u0103, \u201e\u00een condi\u0163ii normale\u201d.<\/p>\n<p data-index=\"4\">\u201e\u00cen condi\u0163ii normale, i-a\u015f fi spus doamnei prim-ministru: \u00abDrag\u0103 Viorica, n-ai cum s\u0103 le pui c\u0103lu\u015f la gur\u0103 \u015fi nu ai cum s\u0103-i educi pe to\u0163i neaveni\u0163ii din politic\u0103. Mai sunt \u015fi t\u00e2mpi\u0163i, mai sunt \u015fi unii care sunt demen\u0163i, a\u015fa este peste tot, p\u0103durea este plin\u0103 cu tot felul de lighioane.\u00bb Asta era \u00eentr-o situa\u0163ie normal\u0103. Acum, f\u0103r\u0103 s\u0103 vreau c\u00e2tu\u015fi de pu\u0163in s\u0103 o fac s\u0103 se \u00eengrijoreze, a\u015f spune c\u0103 e bine s\u0103 fim pruden\u0163i, c\u0103 nu \u015ftim ce se \u00eent\u00e2mpl\u0103\u201d, a declarat T\u0103riceanu.<\/p>\n<p data-index=\"5\">Potrivit acestuia, nu este nimic ilegal \u201epe fond\u201d \u00een ceea ce prive\u015fte modul \u00een care Guvernul a gestionat chestiunea legat\u0103 de mutarea ambasadei din Israel.<\/p>\n<p data-index=\"6\">\u201eSigur c\u0103, pe fond, nu e nimic ilegal. Un memorandum care stabile\u015fte \u00een cadrul Guvernului c\u0103 se face o analiz\u0103 inter institu\u0163ional\u0103 pentru mutarea ambasadei, este un demers perfect legal care nu are ce s\u0103 fie crim\u0103 de \u00eenalt\u0103 tradare. Totul este o nebunie. Dar, nu suntem \u00eentr-o situa\u0163ie normal\u0103. Ca atare, eu a\u015f vedea c\u0103 lucrurile acestea probabil va fi necesar s\u0103 fie rezolvate \u00eentr-un scurt timp pentru c\u0103 preg\u0103tirea pre\u015fedin\u0163iei CE nu e o joac\u0103\u201d, a mai spus T\u0103riceanu.<\/p>\n<p data-index=\"7\">\u00a0<\/p>\n<\/div>\n<p> Source URL: https:\/\/www.digi24.ro\/stiri\/actualitate\/politica\/tariceanu-sfaturi-catre-dancila-in-conditii-normale-sunt-multi-neaveniti-in-politica-mai-sunt-si-tampiti-962906<\/p>\n","protected":false},"excerpt":{"rendered":"<p>Pre\u015fedintele Senatului, C\u0103lin Popescu T\u0103riceanu, a declarat, joi sear\u0103, referitor la situa\u0163ia mut\u0103rii ambasadei Rom\u00e2niei din Israel c\u0103, \u00een condi\u0163ii normale, i-ar fi spus premierului Viorica D\u0103ncil\u0103 c\u0103 nu are cum s\u0103 educe to\u0163i \u201eneaveni\u0163ii din politic\u0103\u201d, pentru c\u0103 \u201emai sunt \u015fi t\u00e2mpi\u0163i, mai sunt \u015fi unii care sunt demen\u0163i, p\u0103durea este plin\u0103 cu lighioane\u201d. [&hellip;]<\/p>\n","protected":false},"author":1,"featured_media":112871,"comment_status":"open","ping_status":"","sticky":false,"template":"","format":"standard","meta":{"footnotes":""},"categories":[2],"tags":[11],"class_list":["post-112870","post","type-post","status-publish","format-standard","has-post-thumbnail","hentry","category-politics","tag-digi24"],"_links":{"self":[{"href":"https:\/\/analyse.optim.biz\/index.php?rest_route=\/wp\/v2\/posts\/112870","targetHints":{"allow":["GET"]}}],"collection":[{"href":"https:\/\/analyse.optim.biz\/index.php?rest_route=\/wp\/v2\/posts"}],"about":[{"href":"https:\/\/analyse.optim.biz\/index.php?rest_route=\/wp\/v2\/types\/post"}],"author":[{"embeddable":true,"href":"https:\/\/analyse.optim.biz\/index.php?rest_route=\/wp\/v2\/users\/1"}],"replies":[{"embeddable":true,"href":"https:\/\/analyse.optim.biz\/index.php?rest_route=%2Fwp%2Fv2%2Fcomments&post=112870"}],"version-history":[{"count":0,"href":"https:\/\/analyse.optim.biz\/index.php?rest_route=\/wp\/v2\/posts\/112870\/revisions"}],"wp:featuredmedia":[{"embeddable":true,"href":"https:\/\/analyse.optim.biz\/index.php?rest_route=\/wp\/v2\/media\/112871"}],"wp:attachment":[{"href":"https:\/\/analyse.optim.biz\/index.php?rest_route=%2Fwp%2Fv2%2Fmedia&parent=112870"}],"wp:term":[{"taxonomy":"category","embeddable":true,"href":"https:\/\/analyse.optim.biz\/index.php?rest_route=%2Fwp%2Fv2%2Fcategories&post=112870"},{"taxonomy":"post_tag","embeddable":true,"href":"https:\/\/analyse.optim.biz\/index.php?rest_route=%2Fwp%2Fv2%2Ftags&post=112870"}],"curies":[{"name":"wp","href":"https:\/\/api.w.org\/{rel}","templated":true}]}}