{"id":1126966,"date":"2016-12-31T07:36:39","date_gmt":"2016-12-31T04:36:39","guid":{"rendered":"https:\/\/analyse.optim.biz\/?p=1126966"},"modified":"2016-12-31T07:36:39","modified_gmt":"2016-12-31T04:36:39","slug":"festival-de-poveste-la-vatra-dornei-porniti-plugul-feti-frumosi-suceavalive","status":"publish","type":"post","link":"https:\/\/analyse.optim.biz\/?p=1126966","title":{"rendered":"Festival de poveste la Vatra Dornei \u201ePorni\u021bi plugul, Fe\u021bi Frumo\u0219i\u201d &#8211; SuceavaLIVE"},"content":{"rendered":"<article id=\"post-87267\" class=\"clearfix post-87267 post type-post status-publish format-standard has-post-thumbnail hentry category-slide category-cultura category-emisiuni category-hoinar tag-angelica-fador tag-cel-mai-important-festival-de-datini-si-obiceiuri tag-cristi-danilet tag-festivalului-national-de-datini-si-obiceiuri-de-iarna-porniti-plugul-feti-frumosi tag-ilie-bonches tag-ips-teodosie tag-marius-rapan tag-suceava tag-suceavalive tag-turisti tag-vatra-dornei\">\n<header id=\"cb-standard-featured\">\n<div id=\"cb-fis-wrap\" class=\"cb-entry-header cb-fis cb-style-standard\"><span class=\"cb-title-fi\"><\/p>\n<h1 class=\"entry-title cb-entry-title cb-single-title\">Festival de poveste la Vatra Dornei \u201ePorni\u021bi plugul, Fe\u021bi Frumo\u0219i\u201d<\/h1>\n<div class=\"cb-byline cb-font-header\">\n<div class=\"cb-date cb-byline-element\"><time datetime=\"2016-12-31\">31 decembrie 2016<\/time><\/div>\n<\/div>\n<p><\/span><\/div>\n<div class=\"cb-mask\"><img decoding=\"async\" width=\"1024\" height=\"678\" src=\"https:\/\/analyse.optim.biz\/wp-content\/uploads\/2025\/12\/dsc_0214-1.jpg\" class=\"attachment-cb-full-full size-cb-full-full wp-post-image\" loading=\"lazy\" title=\"dsc_0214-1\"><\/div>\n<\/header>\n<p>\u00centr-o atmosfer\u0103 de basm s-a desf\u0103\u0219urat cea de a XXI-a edi\u021bie a Festivalului Na\u021bional de Datini \u0219i Obiceiuri de Iarn\u0103 \u201ePorni\u021bi Plugul, Fe\u021bi Frumo\u0219i\u201d, de la Vatra Dornei.<\/p>\n<section class=\"cb-entry-content entry-content clearfix\">\n<iframe loading=\"lazy\" width=\"500\" height=\"315\" src=\"https:\/\/www.youtube.com\/embed\/NfmKNo8GuN0?autoplay=1\" frameborder allowfullscreen><\/iframe>\n<\/section>\n<footer class=\"article-footer\">\n<p class=\"cb-tags\"><a href=\"https:\/\/suceavalive.ro\/tag\/angelica-fador\/\" rel=\"tag\">angelica fador<\/a><a href=\"https:\/\/suceavalive.ro\/tag\/cel-mai-important-festival-de-datini-si-obiceiuri\/\" rel=\"tag\">cel mai important festival de datini si obiceiuri<\/a><a href=\"https:\/\/suceavalive.ro\/tag\/cristi-danilet\/\" rel=\"tag\">cristi danilet<\/a><a href=\"https:\/\/suceavalive.ro\/tag\/festivalului-national-de-datini-si-obiceiuri-de-iarna-porniti-plugul-feti-frumosi\/\" rel=\"tag\">Festivalului Na\u021bional de Datini \u0219i Obiceiuri de Iarn\u0103 \u201ePorni\u021bi Plugul Fe\u021bi Frumo\u0219i\u201d<\/a><a href=\"https:\/\/suceavalive.ro\/tag\/ilie-bonches\/\" rel=\"tag\">ilie bonches<\/a><a href=\"https:\/\/suceavalive.ro\/tag\/ips-teodosie\/\" rel=\"tag\">ips teodosie<\/a><a href=\"https:\/\/suceavalive.ro\/tag\/marius-rapan\/\" rel=\"tag\">marius rapan<\/a><a href=\"https:\/\/suceavalive.ro\/tag\/suceava\/\" rel=\"tag\">Suceava<\/a><a href=\"https:\/\/suceavalive.ro\/tag\/suceavalive\/\" rel=\"tag\">suceavalive<\/a><a href=\"https:\/\/suceavalive.ro\/tag\/turisti\/\" rel=\"tag\">turisti<\/a><a href=\"https:\/\/suceavalive.ro\/tag\/vatra-dornei\/\" rel=\"tag\">Vatra Dornei<\/a><\/p>\n<div class=\"cb-social-sharing cb-post-footer-block cb-beside clearfix\">\n<div class=\"cb-title-subtle\">Share On:<\/div>\n<div class=\"cb-twitter\"><a href=\"https:\/\/twitter.com\/share\" class=\"twitter-share-button\" data-dnt=\"true\" data-count=\"horizontal\">Tweet<\/a><\/div>\n<\/div>\n<div id=\"cb-previous-next-links\" class=\"cb-post-footer-block clearfix\">\n<div id=\"cb-previous-link\"><a href=\"https:\/\/suceavalive.ro\/zoo-politikon\/\" rel=\"prev\">Zoo politikon<\/a><\/div>\n<div id=\"cb-next-link\"><a href=\"https:\/\/suceavalive.ro\/calendarul-zilei-de-1-ianuarie\/\" rel=\"next\">Calendarul zilei de 1 ianuarie<\/a><\/div>\n<\/div>\n<div id=\"cb-author-box\" class=\"clearfix\">\n<h3 class=\"cb-block-title\">Despre autor<\/h3>\n<div class=\"cb-mask\"><a href=\"https:\/\/suceavalive.ro\/author\/suceavalive\/\"><img decoding=\"async\" src=\"https:\/\/analyse.optim.biz\/wp-content\/uploads\/2025\/12\/d542cd85af72d7d3afad0d26982263c9a64170e87d978956298bfb0122b00b8c-218.jpg\" class=\"avatar avatar-120 photo\" height=\"120\" width=\"120\" loading=\"lazy\" title=\"d542cd85af72d7d3afad0d26982263c9a64170e87d978956298bfb0122b00b8c-218\"><\/a><\/div>\n<div class=\"cb-meta\">\n<div class=\"cb-info\">\n<div class=\"cb-author-title vcard\"><a href=\"https:\/\/suceavalive.ro\/author\/suceavalive\/\"><span class=\"fn\">SuceavaLive<\/span><\/a><\/div>\n<\/div>\n<\/div>\n<\/div>\n<div id=\"cb-related-posts\" class=\"cb-related-posts-block cb-post-end-block clearfix\">\n<h3 class=\"cb-block-title\">Postari asemanatoare<\/h3>\n<ul>\n<li class=\"cb-style-overlay cb-grid-entry cb-related-post no-1\">\n<div class=\"cb-mask\"><a href=\"https:\/\/suceavalive.ro\/calendarul-zilei-de-17-decembrie\/\"><img decoding=\"async\" width=\"360\" height=\"240\" src=\"https:\/\/analyse.optim.biz\/wp-content\/uploads\/2025\/12\/regina-elisabeta-a-romaniei-360x240-14.jpg\" class=\"attachment-cb-360-240 size-cb-360-240 wp-post-image\" loading=\"lazy\" title=\"regina-elisabeta-a-romaniei-360x240-14\"><\/a><\/div>\n<div class=\"cb-meta cb-article-meta\">\n<h4 class=\"h3 cb-post-title\"><a href=\"https:\/\/suceavalive.ro\/calendarul-zilei-de-17-decembrie\/\">Calendarul zilei de 17 decembrie<\/a><\/h4>\n<div class=\"cb-byline cb-font-header\">\n<div class=\"cb-date cb-byline-element\"><time datetime=\"2025-12-17\">17 decembrie 2025<\/time><\/div>\n<\/div>\n<\/div>\n<\/li>\n<li class=\"cb-style-overlay cb-grid-entry cb-related-post no-2\">\n<div class=\"cb-mask\"><a href=\"https:\/\/suceavalive.ro\/calendarul-zilei-de-16-decembrie\/\"><img decoding=\"async\" width=\"360\" height=\"240\" src=\"https:\/\/analyse.optim.biz\/wp-content\/uploads\/2025\/12\/bethoven-360x240-22.jpg\" class=\"attachment-cb-360-240 size-cb-360-240 wp-post-image\" loading=\"lazy\" title=\"bethoven-360x240-22\"><\/a><\/div>\n<div class=\"cb-meta cb-article-meta\">\n<h4 class=\"h3 cb-post-title\"><a href=\"https:\/\/suceavalive.ro\/calendarul-zilei-de-16-decembrie\/\">Calendarul zilei de 16 decembrie<\/a><\/h4>\n<div class=\"cb-byline cb-font-header\">\n<div class=\"cb-date cb-byline-element\"><time datetime=\"2025-12-16\">16 decembrie 2025<\/time><\/div>\n<\/div>\n<\/div>\n<\/li>\n<\/ul>\n<\/div>\n<\/footer>\n<div id=\"respond\" class=\"comment-respond\">\n<h3 id=\"reply-title\" class=\"comment-reply-title\">Lasa un raspuns <small><a rel=\"nofollow\" id=\"cancel-comment-reply-link\" href=\"https:\/\/suceavalive.ro\/festival-de-poveste-la-vatra-dornei-porniti-plugul-feti-frumosi\/#respond\">Anuleaza raspunsul<\/a><\/small><\/h3>\n<p class=\"comment-notes\">Adresa ta de email nu va fi publicat\u0103.<\/p>\n<\/div>\n<\/article>\n<p> Source URL: https:\/\/suceavalive.ro\/festival-de-poveste-la-vatra-dornei-porniti-plugul-feti-frumosi\/<\/p>\n","protected":false},"excerpt":{"rendered":"<p>Festival de poveste la Vatra Dornei \u201ePorni\u021bi plugul, Fe\u021bi Frumo\u0219i\u201d 31 decembrie 2016 \u00centr-o atmosfer\u0103 de basm s-a desf\u0103\u0219urat cea de a XXI-a edi\u021bie a Festivalului Na\u021bional de Datini \u0219i Obiceiuri de Iarn\u0103 \u201ePorni\u021bi Plugul, Fe\u021bi Frumo\u0219i\u201d, de la Vatra Dornei. angelica fadorcel mai important festival de datini si obiceiuricristi daniletFestivalului Na\u021bional de Datini \u0219i [&hellip;]<\/p>\n","protected":false},"author":1,"featured_media":1126967,"comment_status":"open","ping_status":"","sticky":false,"template":"","format":"standard","meta":{"footnotes":""},"categories":[89],"tags":[173],"class_list":["post-1126966","post","type-post","status-publish","format-standard","has-post-thumbnail","hentry","category-romania","tag-suceavalive-ro"],"_links":{"self":[{"href":"https:\/\/analyse.optim.biz\/index.php?rest_route=\/wp\/v2\/posts\/1126966","targetHints":{"allow":["GET"]}}],"collection":[{"href":"https:\/\/analyse.optim.biz\/index.php?rest_route=\/wp\/v2\/posts"}],"about":[{"href":"https:\/\/analyse.optim.biz\/index.php?rest_route=\/wp\/v2\/types\/post"}],"author":[{"embeddable":true,"href":"https:\/\/analyse.optim.biz\/index.php?rest_route=\/wp\/v2\/users\/1"}],"replies":[{"embeddable":true,"href":"https:\/\/analyse.optim.biz\/index.php?rest_route=%2Fwp%2Fv2%2Fcomments&post=1126966"}],"version-history":[{"count":0,"href":"https:\/\/analyse.optim.biz\/index.php?rest_route=\/wp\/v2\/posts\/1126966\/revisions"}],"wp:featuredmedia":[{"embeddable":true,"href":"https:\/\/analyse.optim.biz\/index.php?rest_route=\/wp\/v2\/media\/1126967"}],"wp:attachment":[{"href":"https:\/\/analyse.optim.biz\/index.php?rest_route=%2Fwp%2Fv2%2Fmedia&parent=1126966"}],"wp:term":[{"taxonomy":"category","embeddable":true,"href":"https:\/\/analyse.optim.biz\/index.php?rest_route=%2Fwp%2Fv2%2Fcategories&post=1126966"},{"taxonomy":"post_tag","embeddable":true,"href":"https:\/\/analyse.optim.biz\/index.php?rest_route=%2Fwp%2Fv2%2Ftags&post=1126966"}],"curies":[{"name":"wp","href":"https:\/\/api.w.org\/{rel}","templated":true}]}}