{"id":1126157,"date":"2015-01-31T15:14:34","date_gmt":"2015-01-31T12:14:34","guid":{"rendered":"https:\/\/analyse.optim.biz\/?p=1126157"},"modified":"2015-01-31T15:14:34","modified_gmt":"2015-01-31T12:14:34","slug":"bancul-zilei-de-ce-teroristii-nu-vizeaza-romania","status":"publish","type":"post","link":"https:\/\/analyse.optim.biz\/?p=1126157","title":{"rendered":"Bancul zilei &#8211; De ce terori\u0219tii nu vizeaz\u0103 Rom\u00e2nia"},"content":{"rendered":"<article id=\"template-id-172790\" class=\"post-172790 tdb_templates type-tdb_templates status-publish post\">\n<div id=\"tdi_38\" class=\"tdc-zone\">\n<div class=\"tdc_zone tdi_39  wpb_row td-pb-row\">\n<div id=\"tdi_40\" class=\"tdc-row stretch_row_1400 td-stretch-content\">\n<div class=\"vc_row tdi_41  wpb_row td-pb-row tdc-element-style\">\n<div class=\"vc_column tdi_43  wpb_column vc_column_container tdc-column td-pb-span8\">\n<div class=\"wpb_wrapper\">\n<div class=\"td_block_wrap tdb_single_categories tdi_44 td-pb-border-top td_block_template_1 \" data-td-block-uid=\"tdi_44\">\n<div class=\"tdb-category td-fix-index\"><a class=\"tdb-entry-category\" href=\"https:\/\/voceatimisului.ro\/stiri-din-timisoara-si-timis\/\">\u0218tiri<\/a><a class=\"tdb-entry-category\" href=\"https:\/\/voceatimisului.ro\/timp-liber\/\">Timp Liber<\/a><a class=\"tdb-entry-category\" href=\"https:\/\/voceatimisului.ro\/timp-liber\/bancul-zilei\/\">Bancul zilei<\/a><\/div>\n<\/div>\n<div class=\"td_block_wrap tdb_title tdi_45 tdb-single-title td-pb-border-top td_block_template_1\" data-td-block-uid=\"tdi_45\">\n<div class=\"tdb-block-inner td-fix-index\">\n<h1 class=\"tdb-title-text\">Bancul zilei \u2013 De ce terori\u0219tii nu vizeaz\u0103 Rom\u00e2nia<\/h1>\n<\/div>\n<\/div>\n<div class=\"vc_row_inner tdi_48  vc_row vc_inner wpb_row td-pb-row\">\n<div class=\"vc_column_inner tdi_50  wpb_column vc_column_container tdc-inner-column td-pb-span6\">\n<div class=\"vc_column-inner\">\n<div class=\"wpb_wrapper\">\n<div class=\"td_block_wrap tdb_single_author tdi_51 td-pb-border-top td_block_template_1 tdb-post-meta\" data-td-block-uid=\"tdi_51\">\n<div class=\"tdb-block-inner td-fix-index\">\n<div class=\"tdb-author-name-wrap\"><span class=\"tdb-author-by\">Autor-<\/span><a class=\"tdb-author-name\" href=\"https:\/\/voceatimisului.ro\/author\/redactia\/\">Redac\u021bia<\/a><\/div>\n<\/div>\n<\/div>\n<div class=\"td_block_wrap tdb_single_date tdi_52 td-pb-border-top td_block_template_1 tdb-post-meta\" data-td-block-uid=\"tdi_52\">\n<div class=\"tdb-block-inner td-fix-index\"><time class=\"entry-date updated td-module-date\" datetime=\"2015-01-31T17:14:34+02:00\">31 ianuarie 2015<\/time><\/div>\n<\/div>\n<div class=\"td_block_wrap tdb_single_comments_count tdi_53 td-pb-border-top td_block_template_1 tdb-post-meta\" data-td-block-uid=\"tdi_53\">\n<div class=\"tdb-block-inner td-fix-index\"><a href=\"https:\/\/voceatimisului.ro\/bancul-zilei-de-ce-teoristii-nu-vizeaza-romania\/#respond\"><span>0<\/span><\/a><\/div>\n<\/div>\n<div class=\"td_block_wrap tdb_single_post_views tdi_54 td-pb-border-top td_block_template_1 tdb-post-meta\" data-td-block-uid=\"tdi_54\">\n<div class=\"tdb-block-inner td-fix-index\"><span class=\"tdb-add-text\">1<\/span><span class=\"td-nr-views-66540\">10927<\/span><\/div>\n<\/div>\n<\/div>\n<\/div>\n<\/div>\n<div class=\"vc_column_inner tdi_56  wpb_column vc_column_container tdc-inner-column td-pb-span6\">\n<div class=\"vc_column-inner\">\n<div class=\"wpb_wrapper\">\n<div class=\"td_block_wrap tdb_single_post_share tdi_57  td-pb-border-top td_block_template_1\" data-td-block-uid=\"tdi_57\">\n<div id=\"tdi_57\" class=\"td-post-sharing tdb-block td-ps-bg td-ps-notext td-post-sharing-style1 \">\n<div class=\"td-post-sharing-visible\"><a class=\"td-social-sharing-button td-social-sharing-button-js td-social-network td-social-facebook\" href=\"https:\/\/www.facebook.com\/sharer.php?u=https%3A%2F%2Fvoceatimisului.ro%2Fbancul-zilei-de-ce-teoristii-nu-vizeaza-romania%2F\" title=\"Facebook\" rel=\"noopener\"><\/p>\n<div class=\"td-social-but-text\">Facebook<\/div>\n<p><\/a><a class=\"td-social-sharing-button td-social-sharing-button-js td-social-network td-social-twitter\" href=\"https:\/\/twitter.com\/intent\/tweet?text=Bancul+zilei+%E2%80%93+De+ce+terori%C8%99tii+nu+vizeaz%C4%83+Rom%C3%A2nia&amp;url=https%3A%2F%2Fvoceatimisului.ro%2Fbancul-zilei-de-ce-teoristii-nu-vizeaza-romania%2F&amp;via=Vocea+Timisului\" title=\"Twitter\" rel=\"noopener\"><\/p>\n<div class=\"td-social-but-text\">Twitter<\/div>\n<p><\/a><a class=\"td-social-sharing-button td-social-sharing-button-js td-social-network td-social-pinterest\" href=\"https:\/\/pinterest.com\/pin\/create\/button\/?url=https:\/\/voceatimisului.ro\/bancul-zilei-de-ce-teoristii-nu-vizeaza-romania\/&amp;media=https:\/\/analyse.optim.biz\/wp-content\/uploads\/2025\/12\/bancul-zilei-jpg-1.webp&amp;description=Bancul+zilei+%E2%80%93+De+ce+terori%C8%99tii+nu+vizeaz%C4%83+Rom%C3%A2nia\" title=\"Pinterest\" rel=\"noopener\"><\/p>\n<div class=\"td-social-but-text\">Pinterest<\/div>\n<p><\/a><a class=\"td-social-sharing-button td-social-sharing-button-js td-social-network td-social-whatsapp\" href=\"https:\/\/api.whatsapp.com\/send?text=Bancul+zilei+%E2%80%93+De+ce+terori%C8%99tii+nu+vizeaz%C4%83+Rom%C3%A2nia%20%0A%0A%20https:\/\/voceatimisului.ro\/bancul-zilei-de-ce-teoristii-nu-vizeaza-romania\/\" title=\"WhatsApp\" rel=\"noopener\"><\/p>\n<div class=\"td-social-but-text\">WhatsApp<\/div>\n<p><\/a><a class=\"td-social-sharing-button td-social-sharing-button-js td-social-network td-social-linkedin\" href=\"https:\/\/www.linkedin.com\/shareArticle?mini=true&amp;url=https:\/\/voceatimisului.ro\/bancul-zilei-de-ce-teoristii-nu-vizeaza-romania\/&amp;title=Bancul+zilei+%E2%80%93+De+ce+terori%C8%99tii+nu+vizeaz%C4%83+Rom%C3%A2nia\" title=\"Linkedin\" rel=\"noopener\"><\/p>\n<div class=\"td-social-but-text\">Linkedin<\/div>\n<p><\/a><a class=\"td-social-sharing-button td-social-sharing-button-js td-social-network td-social-copy_url\" href=\"https:\/\/voceatimisului.ro\/bancul-zilei-de-ce-teoristii-nu-vizeaza-romania\/\" title=\"Copy URL\" rel=\"noopener\"><\/p>\n<div class=\"td-social-but-text\">Copy URL<\/div>\n<p><\/a><\/div>\n<\/div>\n<\/div>\n<\/div>\n<\/div>\n<\/div>\n<\/div>\n<div class=\"td_block_wrap tdb_single_featured_image tdi_58 tdb-content-horiz-left td-pb-border-top td_block_template_1\" data-td-block-uid=\"tdi_58\">\n<div class=\"tdb-block-inner td-fix-index\">\n<figure><img loading=\"lazy\" decoding=\"async\" width=\"573\" height=\"387\" class=\"entry-thumb\" src=\"https:\/\/analyse.optim.biz\/wp-content\/uploads\/2025\/12\/bancul-zilei-jpg-1.webp\" alt=\"Bancul zilei  jpg\" title=\"Bancul zilei  jpg\"><figcaption class=\"tdb-caption-text\">Bancul zilei  jpg<\/figcaption><\/figure>\n<\/div>\n<\/div>\n<div class=\"vc_row_inner tdi_60  vc_row vc_inner wpb_row td-pb-row\">\n<div class=\"vc_column_inner tdi_62  wpb_column vc_column_container tdc-inner-column td-pb-span4 td-is-sticky\">\n<div class=\"vc_column-inner\">\n<div class=\"wpb_wrapper\" data-sticky-enabled-on=\"W3RydWUsdHJ1ZSx0cnVlLHRydWVd\" data-sticky-offset=\"20\" data-sticky-is-width-auto=\"W2ZhbHNlLGZhbHNlLGZhbHNlLGZhbHNlXQ==\">\n<div class=\"td_block_wrap td_flex_block_1 tdi_63 td-pb-border-top td_block_template_1 td_ajax_preloading_preload td_flex_block\" data-td-block-uid=\"tdi_63\">\n<div id=\"tdi_63\" class=\"td_block_inner td-mc1-wrap\">\n<div class=\"td_module_flex td_module_flex_1 td_module_wrap td-animation-stack td-meta-info-hide td-cpt-post\">\n<div class=\"td-module-container td-category-pos-image\">\n<div class=\"td-module-meta-info\">\n<h3 class=\"entry-title td-module-title\"><a href=\"https:\/\/voceatimisului.ro\/un-tigan-la-benzinarie-2\/\" rel=\"bookmark\" title=\"Un \u0163igan la benzin\u0103rie\">Un \u0163igan la benzin\u0103rie<\/a><\/h3>\n<\/div>\n<\/div>\n<\/div>\n<div class=\"td_module_flex td_module_flex_1 td_module_wrap td-animation-stack td-meta-info-hide td-cpt-post\">\n<div class=\"td-module-container td-category-pos-image\">\n<div class=\"td-module-meta-info\">\n<h3 class=\"entry-title td-module-title\"><a href=\"https:\/\/voceatimisului.ro\/un-obsedat-sexual-la-medic\/\" rel=\"bookmark\" title=\"Un obsedat sexual la medic\">Un obsedat sexual la medic<\/a><\/h3>\n<\/div>\n<\/div>\n<\/div>\n<div class=\"td_module_flex td_module_flex_1 td_module_wrap td-animation-stack td-meta-info-hide td-cpt-post\">\n<div class=\"td-module-container td-category-pos-image\">\n<div class=\"td-module-meta-info\">\n<h3 class=\"entry-title td-module-title\"><a href=\"https:\/\/voceatimisului.ro\/filmele-saptamanii-din-2-ianuarie-cinematografe\/\" rel=\"bookmark\" title=\"Filmele s\u0103pt\u0103m\u00e2nii \u2013 din 2 ianuarie \u00een cinematografe\">Filmele s\u0103pt\u0103m\u00e2nii \u2013 din 2 ianuarie \u00een cinematografe<\/a><\/h3>\n<\/div>\n<\/div>\n<\/div>\n<div class=\"td_module_flex td_module_flex_1 td_module_wrap td-animation-stack td-meta-info-hide td-cpt-post\">\n<div class=\"td-module-container td-category-pos-image\">\n<div class=\"td-module-meta-info\">\n<h3 class=\"entry-title td-module-title\"><a href=\"https:\/\/voceatimisului.ro\/filmele-saptamanii-din-26-decembrie-cinematografe\/\" rel=\"bookmark\" title=\"Filmele s\u0103pt\u0103m\u00e2nii \u2013 din 26 decembrie \u00een cinematografe\">Filmele s\u0103pt\u0103m\u00e2nii \u2013 din 26 decembrie \u00een cinematografe<\/a><\/h3>\n<\/div>\n<\/div>\n<\/div>\n<\/div>\n<\/div>\n<div class=\"tdb-author-box td_block_wrap tdb_single_author_box tdi_68 tdb-content-vert-top td-pb-border-top td_block_template_1\" data-td-block-uid=\"tdi_68\">\n<div class=\"tdb-block-inner td-fix-index\">\n<div class=\"tdb-author-info\"><a href=\"https:\/\/voceatimisului.ro\/author\/redactia\/\" class=\"tdb-author-name\">Redac\u021bia<\/a><\/p>\n<div class=\"tdb-author-descr\">\u00centreaga responsabilitate a comentariilor l\u0103sate de dumneavoastr\u0103 v\u0103 apar\u021bine!<br \/>\nClick <a href=\"https:\/\/voceatimisului.ro\/termeni-si-conditii\/\">aici<\/a>-citeste condi\u0163iile de utilizare ale site-ului www.voceatimisului.ro<\/div>\n<\/div>\n<\/div>\n<\/div>\n<\/div>\n<\/div>\n<\/div>\n<div class=\"vc_column_inner tdi_70  wpb_column vc_column_container tdc-inner-column td-pb-span8\">\n<div class=\"vc_column-inner\">\n<div class=\"wpb_wrapper\">\n<div class=\"td_block_wrap tdb_single_content tdi_71 td-pb-border-top td_block_template_1 td-post-content tagdiv-type\" data-td-block-uid=\"tdi_71\">\n<div class=\"tdb-block-inner td-fix-index\">\n<p>Aderizat la <a class=\"zem_slink\" title=\"Romania\" href=\"https:\/\/maps.google.com\/maps?ll=44.4166666667,26.1&amp;spn=10.0,10.0&amp;q=44.4166666667,26.1%20(Romania)&amp;t=h\" target=\"_blank\" rel=\"geolocation noopener noreferrer\">Romania<\/a> cu bomba la valiza ascuns, tregut fara broblem control la aerobort. Pastrat dolar american blestemat, bentru construit aigea bomba, dat jumadate la taxi, jumate furat tigan din buzunar.<\/p>\n<div class=\"text_exposed_show\">\n<p>Indalnit frate Ahmed, batron magazin, ajudat la mine. Discutat cu el la cafenea plan bomba, consumat egler broaspat, intoxicat cu zalmonel, noi ajuns la sbital, doctor roman durut la cur, noi luat cur fok.<\/p>\n<p>Jefu, gu bomba praf antrax nu putut facut la Romania, cineva furat antrax, deci ingercat plan bomba cu bum-bum!<\/p>\n<p>Mutat apartament frate Ahmed, adus mult frumos aminde de tara mia, fara apa la robinet, geamm sparte ca la <a class=\"zem_slink\" title=\"Beirut\" href=\"https:\/\/maps.google.com\/maps?ll=33.8869444444,35.5130555556&amp;spn=0.1,0.1&amp;q=33.8869444444,35.5130555556%20(Beirut)&amp;t=h\" target=\"_blank\" rel=\"geolocation noopener noreferrer\">Beirut<\/a>, tigle kazut cap cind vind bate.<br \/>\nUrmarit PROTV emiziune explozia camion azotat, facut frica la mine. Astia romani are tupeu nu gluma! Urgent trebuie recrutat, jefu! Bomba cu azotat mare efect aveam!<br \/>\nInderesat pilotat avion bentru lovit gladire la roman. Vazut delevizor, aparat zbor MIG brabusit singur in ogor la taran, plus taran roman stricat singur gladire, adormit beat, tigara abrinsa, murit soacra, facut chef mare la ei!<\/p>\n<p>Draga Jefu,<br \/>\nGineva furat la mine gas pastrat bentru bus la bomba, iar azeara, gind iesit cumbarat baclava, exblodat budelie la barter. Aicia la Romania, mult cretin!<br \/>\nZbierat, zguibat la sin, cacat be mine de frica!<\/p>\n<p>Jefu,<br \/>\nMa indorg acasa! Asta romani nu are nevoie de terorism, face singur treaba!<\/p>\n<\/div>\n<\/div>\n<\/div>\n<div class=\"td_block_wrap tdb_single_tags tdi_74 td-pb-border-top td_block_template_1\" data-td-block-uid=\"tdi_74\">\n<div class=\"tdb-block-inner td-fix-index\">\n<ul class=\"tdb-tags\">\n<li><span>Tags<\/span><\/li>\n<li><a href=\"https:\/\/voceatimisului.ro\/tag\/bancul-zilei\/\">bancul zilei<\/a><\/li>\n<li><a href=\"https:\/\/voceatimisului.ro\/tag\/teroristi\/\">teroristi<\/a><\/li>\n<li><a href=\"https:\/\/voceatimisului.ro\/tag\/timp-liber-2\/\">timp liber<\/a><\/li>\n<\/ul>\n<\/div>\n<\/div>\n<div class=\"td_block_wrap tdb_single_post_share tdi_75  td-pb-border-top td_block_template_1\" data-td-block-uid=\"tdi_75\">\n<div id=\"tdi_75\" class=\"td-post-sharing tdb-block td-ps-bg td-ps-notext td-post-sharing-style1 \">\n<div class=\"td-post-sharing-visible\"><a class=\"td-social-sharing-button td-social-sharing-button-js td-social-network td-social-facebook\" href=\"https:\/\/www.facebook.com\/sharer.php?u=https%3A%2F%2Fvoceatimisului.ro%2Fbancul-zilei-de-ce-teoristii-nu-vizeaza-romania%2F\" title=\"Facebook\" rel=\"noopener\"><\/p>\n<div class=\"td-social-but-text\">Facebook<\/div>\n<p><\/a><a class=\"td-social-sharing-button td-social-sharing-button-js td-social-network td-social-twitter\" href=\"https:\/\/twitter.com\/intent\/tweet?text=Bancul+zilei+%E2%80%93+De+ce+terori%C8%99tii+nu+vizeaz%C4%83+Rom%C3%A2nia&amp;url=https%3A%2F%2Fvoceatimisului.ro%2Fbancul-zilei-de-ce-teoristii-nu-vizeaza-romania%2F&amp;via=Vocea+Timisului\" title=\"Twitter\" rel=\"noopener\"><\/p>\n<div class=\"td-social-but-text\">Twitter<\/div>\n<p><\/a><a class=\"td-social-sharing-button td-social-sharing-button-js td-social-network td-social-pinterest\" href=\"https:\/\/pinterest.com\/pin\/create\/button\/?url=https:\/\/voceatimisului.ro\/bancul-zilei-de-ce-teoristii-nu-vizeaza-romania\/&amp;media=https:\/\/analyse.optim.biz\/wp-content\/uploads\/2025\/12\/bancul-zilei-jpg-1.webp&amp;description=Bancul+zilei+%E2%80%93+De+ce+terori%C8%99tii+nu+vizeaz%C4%83+Rom%C3%A2nia\" title=\"Pinterest\" rel=\"noopener\"><\/p>\n<div class=\"td-social-but-text\">Pinterest<\/div>\n<p><\/a><a class=\"td-social-sharing-button td-social-sharing-button-js td-social-network td-social-whatsapp\" href=\"https:\/\/api.whatsapp.com\/send?text=Bancul+zilei+%E2%80%93+De+ce+terori%C8%99tii+nu+vizeaz%C4%83+Rom%C3%A2nia%20%0A%0A%20https:\/\/voceatimisului.ro\/bancul-zilei-de-ce-teoristii-nu-vizeaza-romania\/\" title=\"WhatsApp\" rel=\"noopener\"><\/p>\n<div class=\"td-social-but-text\">WhatsApp<\/div>\n<p><\/a><a class=\"td-social-sharing-button td-social-sharing-button-js td-social-network td-social-linkedin\" href=\"https:\/\/www.linkedin.com\/shareArticle?mini=true&amp;url=https:\/\/voceatimisului.ro\/bancul-zilei-de-ce-teoristii-nu-vizeaza-romania\/&amp;title=Bancul+zilei+%E2%80%93+De+ce+terori%C8%99tii+nu+vizeaz%C4%83+Rom%C3%A2nia\" title=\"Linkedin\" rel=\"noopener\"><\/p>\n<div class=\"td-social-but-text\">Linkedin<\/div>\n<p><\/a><a class=\"td-social-sharing-button td-social-sharing-button-js td-social-network td-social-copy_url\" href=\"https:\/\/voceatimisului.ro\/bancul-zilei-de-ce-teoristii-nu-vizeaza-romania\/\" title=\"Copy URL\" rel=\"noopener\"><\/p>\n<div class=\"td-social-but-text\">Copy URL<\/div>\n<p><\/a><\/div>\n<\/div>\n<\/div>\n<div class=\"td_block_wrap tdb_single_next_prev tdi_76 td-animation-stack td-next-prev-img-on td-pb-border-top td_block_template_1\" data-td-block-uid=\"tdi_76\">\n<div class=\"tdb-block-inner td-fix-index\">\n<div class=\"tdb-next-post tdb-next-post-bg tdb-post-prev\"><span>Articolul precedent<\/span><\/p>\n<div class=\"td-module-container\">\n<div class=\"td-image-container\"><a class=\"td-image-wrap\" href=\"https:\/\/voceatimisului.ro\/directia-de-urbanism-din-primarie-pusa-la-zid-de-seful-nicolae-robu-cate-palate-cu-turnulete-ilegae-au-gasit-inspectorii-si-cand-incep-procesele\/\"><img loading=\"lazy\" decoding=\"async\" class=\"td-next-prev-image td-fix-index td-lazy-img\" title=\"Direc\u021bia de Urbanism din Prim\u0103rie pus\u0103 la zid de \u201d\u0219eful\u201d Nicolae Robu. C\u00e2te palate cu turnule\u021be ILEGALE au g\u0103sit inspectorii \u0219i c\u00e2nd \u00eencep procesele\" width=\"696\" height=\"522\" src=\"https:\/\/analyse.optim.biz\/wp-content\/uploads\/2025\/12\/turnulete-002-jpg-696x522-1.webp\"><\/a><\/div>\n<div class=\"next-prev-title\"><a href=\"https:\/\/voceatimisului.ro\/directia-de-urbanism-din-primarie-pusa-la-zid-de-seful-nicolae-robu-cate-palate-cu-turnulete-ilegae-au-gasit-inspectorii-si-cand-incep-procesele\/\">Direc\u021bia de Urbanism din Prim\u0103rie pus\u0103 la zid de \u201d\u0219eful\u201d Nicolae Robu. C\u00e2te palate cu turnule\u021be ILEGALE au g\u0103sit inspectorii \u0219i c\u00e2nd \u00eencep procesele<\/a><\/div>\n<\/div>\n<\/div>\n<div class=\"tdb-next-post tdb-next-post-bg tdb-post-next\"><span>Articolul urm\u0103tor<\/span><\/p>\n<div class=\"td-module-container\">\n<div class=\"td-image-container\"><a class=\"td-image-wrap\" href=\"https:\/\/voceatimisului.ro\/victorie-de-ziua-lui-coach-petricevic-bc-mures-tg-mures-67-77-bc-timisoara\/\"><img loading=\"lazy\" decoding=\"async\" class=\"td-next-prev-image td-fix-index td-lazy-img\" title=\"Victorie de ziua lui \u201dCoach\u201d Petricevic. BC Mure\u0219 Tg. Mure\u0219 67-77 BC Timi\u0219oara\" width=\"696\" height=\"487\" src=\"https:\/\/analyse.optim.biz\/wp-content\/uploads\/2025\/12\/dragan-petricevic-jpg-696x487-1.webp\"><\/a><\/div>\n<div class=\"next-prev-title\"><a href=\"https:\/\/voceatimisului.ro\/victorie-de-ziua-lui-coach-petricevic-bc-mures-tg-mures-67-77-bc-timisoara\/\">Victorie de ziua lui \u201dCoach\u201d Petricevic. BC Mure\u0219 Tg. Mure\u0219 67-77 BC Timi\u0219oara<\/a><\/div>\n<\/div>\n<\/div>\n<\/div>\n<\/div>\n<\/div>\n<\/div>\n<\/div>\n<\/div>\n<div class=\"vc_row_inner tdi_86  vc_row vc_inner wpb_row td-pb-row\">\n<div class=\"vc_column_inner tdi_88  wpb_column vc_column_container tdc-inner-column td-pb-span4 td-is-sticky\">\n<div class=\"vc_column-inner\">\n<div class=\"wpb_wrapper\" data-sticky-enabled-on=\"W3RydWUsdHJ1ZSx0cnVlLHRydWVd\" data-sticky-offset=\"20\" data-sticky-is-width-auto=\"W2ZhbHNlLGZhbHNlLGZhbHNlLGZhbHNlXQ==\">\n<div class=\"td_block_wrap tdb_single_related tdi_89 td_with_ajax_pagination td-pb-border-top td_block_template_1 tdb-single-related-posts\" data-td-block-uid=\"tdi_89\">\n<div id=\"tdi_89\" class=\"td_block_inner tdb-block-inner td-fix-index\">\n<div class=\"tdb_module_related td_module_wrap td-animation-stack td-meta-info-hide\">\n<div class=\"td-module-container td-category-pos-image\">\n<div class=\"td-module-meta-info\">\n<h3 class=\"entry-title td-module-title\"><a href=\"https:\/\/voceatimisului.ro\/bancul-zilei-ponta-merge-pe-o-strada-laturalnica-si-cade-intr-o-groapa-adanca\/\" rel=\"bookmark\" title=\"Bancul zilei \u2013 Ponta merge pe o strad\u0103 l\u0103turalnic\u0103 \u015fi cade \u00eentr-o groap\u0103 ad\u00e2nc\u0103.\">Bancul zilei \u2013 Ponta merge pe o strad\u0103 l\u0103turalnic\u0103 \u015fi cade \u00eentr-o groap\u0103 ad\u00e2nc\u0103.<\/a><\/h3>\n<\/div>\n<\/div>\n<\/div>\n<div class=\"tdb_module_related td_module_wrap td-animation-stack td-meta-info-hide\">\n<div class=\"td-module-container td-category-pos-image\">\n<div class=\"td-module-meta-info\">\n<h3 class=\"entry-title td-module-title\"><a href=\"https:\/\/voceatimisului.ro\/filmele-saptamanii-din-31-octombrie-cinematografe\/\" rel=\"bookmark\" title=\"Filmele s\u0103pt\u0103m\u00e2nii \u2013 din 31 octombrie \u00een cinematografe\">Filmele s\u0103pt\u0103m\u00e2nii \u2013 din 31 octombrie \u00een cinematografe<\/a><\/h3>\n<\/div>\n<\/div>\n<\/div>\n<div class=\"tdb_module_related td_module_wrap td-animation-stack td-meta-info-hide\">\n<div class=\"td-module-container td-category-pos-image\">\n<div class=\"td-module-meta-info\">\n<h3 class=\"entry-title td-module-title\"><a href=\"https:\/\/voceatimisului.ro\/premierele-saptamanii-din-24-octombrie-cinematografe\/\" rel=\"bookmark\" title=\"Premierele s\u0103pt\u0103m\u00e2nii \u2013 din 24 octombrie \u00een cinematografe\">Premierele s\u0103pt\u0103m\u00e2nii \u2013 din 24 octombrie \u00een cinematografe<\/a><\/h3>\n<\/div>\n<\/div>\n<\/div>\n<\/div>\n<\/div>\n<\/div>\n<\/div>\n<\/div>\n<div class=\"vc_column_inner tdi_91  wpb_column vc_column_container tdc-inner-column td-pb-span8\">\n<div class=\"vc_column-inner\">\n<div class=\"wpb_wrapper\">\n<div class=\"td_block_wrap tdb_single_comments tdi_92 tdb-comm-layout2 td-pb-border-top td_block_template_2\" data-td-block-uid=\"tdi_92\">\n<div class=\"tdb-block-inner td-fix-index\">\n<div class=\"comments\" id=\"comments\">\n<div id=\"respond\" class=\"comment-respond\">\n<h3 id=\"reply-title\" class=\"comment-reply-title\">L\u0102SA\u021aI UN MESAJ <small><a rel=\"nofollow\" id=\"cancel-comment-reply-link\" href=\"https:\/\/voceatimisului.ro\/bancul-zilei-de-ce-teoristii-nu-vizeaza-romania\/#respond\">Renun\u021ba\u021bi la r\u0103spuns<\/a><\/small><\/h3>\n<div class=\"comment-form-input-wrap td-form-comment\">\n<div class=\"td-warning-comment\">V\u0103 rug\u0103m s\u0103 introduce\u021bi comentariul dvs.!<\/div>\n<\/div>\n<div class=\"comment-form-input-wrap td-form-author\">\n<div class=\"td-warning-author\">Introduce\u021bi aici numele dvs.<\/div>\n<\/div>\n<div class=\"comment-form-input-wrap td-form-email\">\n<div class=\"td-warning-email-error\">A\u021bi introdus o adres\u0103 de e-mail incorect\u0103!<\/div>\n<div class=\"td-warning-email\">V\u0103 rug\u0103m s\u0103 introduce\u021bi adresa dvs. de e-mail aici<\/div>\n<\/div>\n<\/div>\n<\/div>\n<\/div>\n<\/div>\n<\/div>\n<\/div>\n<\/div>\n<\/div>\n<\/div>\n<\/div>\n<div class=\"vc_column tdi_94  wpb_column vc_column_container tdc-column td-pb-span4 td-is-sticky\">\n<div class=\"wpb_wrapper\" data-sticky-enabled-on=\"W3RydWUsdHJ1ZSx0cnVlLHRydWVd\" data-sticky-offset=\"20\" data-sticky-is-width-auto=\"W2ZhbHNlLGZhbHNlLGZhbHNlLGZhbHNlXQ==\">\n<div class=\"vc_row_inner tdi_96  vc_row vc_inner wpb_row td-pb-row\">\n<div class=\"vc_column_inner tdi_98  wpb_column vc_column_container tdc-inner-column td-pb-span12\">\n<div class=\"vc_column-inner\">\n<div class=\"wpb_wrapper\">\n<div class=\"td_block_wrap td_block_title tdi_99 td-pb-border-top td_block_template_11 td-fix-index\" data-td-block-uid=\"tdi_99\">\n<div class=\"td-block-title-wrap\">\n<h4 class=\"td-block-title\"><span class=\"td-pulldown-size\">ANUN\u021aURI \u0218I PUBLICITATE<\/span><\/h4>\n<\/div>\n<\/div>\n<\/div>\n<\/div>\n<\/div>\n<\/div>\n<div class=\"wpb_wrapper td_block_wrap vc_widget_sidebar tdi_101 \">\n<aside id=\"block-10\" class=\"td_block_template_1 widget block-10 widget_block widget_media_image\">\n<figure class=\"wp-block-image size-full\"><a href=\"https:\/\/adpghiroda.ro\/index.html\" target=\"_blank\" rel=\" noreferrer noopener\"><img decoding=\"async\" loading=\"lazy\" width=\"960\" height=\"960\" src=\"https:\/\/analyse.optim.biz\/wp-content\/uploads\/2025\/12\/adp-ghiroda2-91.jpg\" class=\"wp-image-171492\" title=\"adp-ghiroda2-91\"><\/a><\/figure>\n<\/aside>\n<aside id=\"block-11\" class=\"td_block_template_1 widget block-11 widget_block widget_media_image\">\n<figure class=\"wp-block-image size-full\"><a href=\"https:\/\/adpghiroda.ro\/index.html\" target=\"_blank\" rel=\" noreferrer noopener\"><img decoding=\"async\" loading=\"lazy\" width=\"960\" height=\"960\" src=\"https:\/\/analyse.optim.biz\/wp-content\/uploads\/2025\/12\/adp-ghiroda1-89.jpg\" class=\"wp-image-171491\" title=\"adp-ghiroda1-89\"><\/a><\/figure>\n<\/aside>\n<aside id=\"block-17\" class=\"td_block_template_1 widget block-17 widget_block widget_media_image\">\n<figure class=\"wp-block-image size-large is-resized\"><a href=\"https:\/\/verde.events\/\" target=\"_blank\" rel=\" noreferrer noopener\"><img decoding=\"async\" loading=\"lazy\" width=\"1024\" height=\"683\" src=\"https:\/\/analyse.optim.biz\/wp-content\/uploads\/2025\/12\/verde-events-24-1024x683-88.jpg\" alt=\"Verde Events\" class=\"wp-image-174395\" title=\"verde-events-24-1024x683-88\"><\/a><figcaption class=\"wp-element-caption\"><strong><em>O experien\u021b\u0103 unic\u0103 pentru orice tip de eveniment<\/em><\/strong><\/figcaption><\/figure>\n<\/aside>\n<\/div>\n<div class=\"td_block_wrap td_flex_block_1 tdi_107 td-pb-border-top td_block_template_1 td_ajax_preloading_preload td_flex_block\" data-td-block-uid=\"tdi_107\">\n<div id=\"tdi_107\" class=\"td_block_inner td-mc1-wrap\">\n<div class=\"td_module_flex td_module_flex_1 td_module_wrap td-animation-stack td-meta-info-hide td-cpt-post\">\n<div class=\"td-module-container td-category-pos-image\">\n<div class=\"td-module-meta-info\">\n<h3 class=\"entry-title td-module-title\"><a href=\"https:\/\/voceatimisului.ro\/premierele-saptamanii-din-17-octombrie-cinematografe\/\" rel=\"bookmark\" title=\"Premierele s\u0103pt\u0103m\u00e2nii \u2013 din 17 octombrie \u00een cinematografe\">Premierele s\u0103pt\u0103m\u00e2nii \u2013 din 17 octombrie \u00een cinematografe<\/a><\/h3>\n<\/div>\n<\/div>\n<\/div>\n<div class=\"td_module_flex td_module_flex_1 td_module_wrap td-animation-stack td-meta-info-hide td-cpt-post\">\n<div class=\"td-module-container td-category-pos-image\">\n<div class=\"td-module-meta-info\">\n<h3 class=\"entry-title td-module-title\"><a href=\"https:\/\/voceatimisului.ro\/fata-saptamanii-gabriela-carceanu\/\" rel=\"bookmark\" title=\"Fata S\u0103pt\u0103m\u00e2nii \u2013 Gabriela Carceanu\">Fata S\u0103pt\u0103m\u00e2nii \u2013 Gabriela Carceanu<\/a><\/h3>\n<\/div>\n<\/div>\n<\/div>\n<div class=\"td_module_flex td_module_flex_1 td_module_wrap td-animation-stack td-meta-info-hide td-cpt-post\">\n<div class=\"td-module-container td-category-pos-image\">\n<div class=\"td-module-meta-info\">\n<h3 class=\"entry-title td-module-title\"><a href=\"https:\/\/voceatimisului.ro\/premierele-saptamanii-din-15-august-cinematografe\/\" rel=\"bookmark\" title=\"Premierele s\u0103pt\u0103m\u00e2nii \u2013 din 15 august \u00een cinematografe\">Premierele s\u0103pt\u0103m\u00e2nii \u2013 din 15 august \u00een cinematografe<\/a><\/h3>\n<\/div>\n<\/div>\n<\/div>\n<div class=\"td_module_flex td_module_flex_1 td_module_wrap td-animation-stack td-meta-info-hide td-cpt-post\">\n<div class=\"td-module-container td-category-pos-image\">\n<div class=\"td-module-meta-info\">\n<h3 class=\"entry-title td-module-title\"><a href=\"https:\/\/voceatimisului.ro\/reteta-zilei-tort-noapte-timisoreana\/\" rel=\"bookmark\" title=\"Re\u0163eta zilei \u2013 Tort \u201d Noapte timi\u015foreana\u201d\">Re\u0163eta zilei \u2013 Tort \u201d Noapte timi\u015foreana\u201d<\/a><\/h3>\n<\/div>\n<\/div>\n<\/div>\n<div class=\"td_module_flex td_module_flex_1 td_module_wrap td-animation-stack td-meta-info-hide td-cpt-post\">\n<div class=\"td-module-container td-category-pos-image\">\n<div class=\"td-module-meta-info\">\n<h3 class=\"entry-title td-module-title\"><a href=\"https:\/\/voceatimisului.ro\/premierele-saptamanii-din-23-mai-cinematografe\/\" rel=\"bookmark\" title=\"Premierele s\u0103pt\u0103m\u00e2nii \u2013 din 23 mai \u00een cinematografe\">Premierele s\u0103pt\u0103m\u00e2nii \u2013 din 23 mai \u00een cinematografe<\/a><\/h3>\n<\/div>\n<\/div>\n<\/div>\n<\/div>\n<\/div>\n<\/div>\n<\/div>\n<\/div>\n<\/div>\n<\/div>\n<\/div>\n<p><span class=\"td-page-meta\"><\/span><span class=\"td-page-meta\"><span class=\"td-page-meta\"><\/span><\/span><span class=\"td-page-meta\"><\/span><\/article>\n<p> Source URL: https:\/\/voceatimisului.ro\/bancul-zilei-de-ce-teoristii-nu-vizeaza-romania\/<\/p>\n","protected":false},"excerpt":{"rendered":"<p>\u0218tiriTimp LiberBancul zilei Bancul zilei \u2013 De ce terori\u0219tii nu vizeaz\u0103 Rom\u00e2nia Autor-Redac\u021bia 31 ianuarie 2015 0 110927 Facebook Twitter Pinterest WhatsApp Linkedin Copy URL Bancul zilei jpg Un \u0163igan la benzin\u0103rie Un obsedat sexual la medic Filmele s\u0103pt\u0103m\u00e2nii \u2013 din 2 ianuarie \u00een cinematografe Filmele s\u0103pt\u0103m\u00e2nii \u2013 din 26 decembrie \u00een cinematografe Redac\u021bia \u00centreaga [&hellip;]<\/p>\n","protected":false},"author":1,"featured_media":1126159,"comment_status":"open","ping_status":"","sticky":false,"template":"","format":"standard","meta":{"footnotes":""},"categories":[89],"tags":[199],"class_list":["post-1126157","post","type-post","status-publish","format-standard","has-post-thumbnail","hentry","category-romania","tag-voceatimisului-ro"],"_links":{"self":[{"href":"https:\/\/analyse.optim.biz\/index.php?rest_route=\/wp\/v2\/posts\/1126157","targetHints":{"allow":["GET"]}}],"collection":[{"href":"https:\/\/analyse.optim.biz\/index.php?rest_route=\/wp\/v2\/posts"}],"about":[{"href":"https:\/\/analyse.optim.biz\/index.php?rest_route=\/wp\/v2\/types\/post"}],"author":[{"embeddable":true,"href":"https:\/\/analyse.optim.biz\/index.php?rest_route=\/wp\/v2\/users\/1"}],"replies":[{"embeddable":true,"href":"https:\/\/analyse.optim.biz\/index.php?rest_route=%2Fwp%2Fv2%2Fcomments&post=1126157"}],"version-history":[{"count":0,"href":"https:\/\/analyse.optim.biz\/index.php?rest_route=\/wp\/v2\/posts\/1126157\/revisions"}],"wp:featuredmedia":[{"embeddable":true,"href":"https:\/\/analyse.optim.biz\/index.php?rest_route=\/wp\/v2\/media\/1126159"}],"wp:attachment":[{"href":"https:\/\/analyse.optim.biz\/index.php?rest_route=%2Fwp%2Fv2%2Fmedia&parent=1126157"}],"wp:term":[{"taxonomy":"category","embeddable":true,"href":"https:\/\/analyse.optim.biz\/index.php?rest_route=%2Fwp%2Fv2%2Fcategories&post=1126157"},{"taxonomy":"post_tag","embeddable":true,"href":"https:\/\/analyse.optim.biz\/index.php?rest_route=%2Fwp%2Fv2%2Ftags&post=1126157"}],"curies":[{"name":"wp","href":"https:\/\/api.w.org\/{rel}","templated":true}]}}