{"id":112553,"date":"2018-07-18T14:22:42","date_gmt":"2018-07-18T11:22:42","guid":{"rendered":"https:\/\/analyse.optim.biz\/?p=112553"},"modified":"2018-07-18T14:22:42","modified_gmt":"2018-07-18T11:22:42","slug":"ponta-ccr-a-oprit-cel-mai-mare-jaf-din-avutia-romaniei-dupa-1989","status":"publish","type":"post","link":"https:\/\/analyse.optim.biz\/?p=112553","title":{"rendered":"Ponta: CCR a oprit cel mai mare jaf din avu\u0163ia Rom\u00e2niei dup\u0103 1989"},"content":{"rendered":"<div class=\"entry data-app-meta data-app-meta-article\" data-embed-base-url-canonical=\"https:\/\/www.digi24.ro\/embed\/stiri\/economie\/ponta-ccr-a-oprit-cel-mai-mare-jaf-din-avutia-romaniei-dupa-1989-965925\">\n<p data-index=\"1\"><strong>Fostul premier Victor Ponta sus\u0163ine c\u0103 prin <a href=\"https:\/\/www.digi24.ro\/stiri\/actualitate\/politica\/ccr-discuta-sesizarile-formulate-iohannis-si-opozitie-la-legea-privind-infiintarea-fondului-suveran-965789\" data-skip-linkfix=\"1\">declararea neconstitu\u0163ional\u0103 a legii privind \u00eenfiin\u0163area Fondului Suveran de Investi\u0163ii<\/a>, Curtea Constitu\u0163ional\u0103 a oprit &#8220;cel mai mare jaf din avu\u0163ia Rom\u00e2nia dup\u0103 1989&#8221;, scrie News.ro.\u00a0<\/strong><\/p>\n<p data-index=\"2\"><a href=\"https:\/\/s.iw.ro\/gateway\/g\/ZmlsZVNvdXJjZT1odHRwcyUzQSUyRiUy\/RndlYmFkbWRpZ2kyNC5yY3MtcmRzLnJv\/JTJGd3AtY29udGVudCUyRnVwbG9hZHMl\/MkYyMDE4JTJGMDYlMkZ2aWN0b3ItcG9u\/dGEucG5nJmhhc2g9OWE0ODIxNzE0MjlmMzNkZDZkNmIzN2UzYjJkZGMyMjA=.png\" data-skip-linkfix=\"1\" target=\"_blank\" rel=\"noopener\"><img loading=\"lazy\" decoding=\"async\" class=\"alignnone size-full wp-image-954086\" src=\"https:\/\/analyse.optim.biz\/wp-content\/uploads\/2024\/09\/nwyyymqzngvkmwm3ndbimtc1nzqxodm3zta-thumb_.jpg\" width=\"851\" height=\"411\" data-skip-htmlfix=\"1\" title=\"nwyyymqzngvkmwm3ndbimtc1nzqxodm3zta-thumb_\"><\/a><\/p>\n<p data-index=\"3\">El afirm\u0103 c\u0103 &#8220;ho\u0163ia&#8221; a fost promis\u0103 de liderul PSD, Liviu Dragnea &#8220;protectorilor s\u0103i&#8221; din Rusia, Israel \u015fi Statele Unite ale Americii \u015fi sus\u0163ine ca &#8220;parlament\u0103rii care au votat acest jaf s\u0103 nu \u00eenchid\u0103 ochii \u015fi s\u0103 \u015ftie c\u0103 sunt complici la acesta crim\u0103 \u00eempotriv\u0103 Rom\u00e2niei&#8221;.<\/p>\n<div>\n<p data-index=\"4\">&#8220;Curtea Constitu\u0163ional\u0103 a oprit (pentru moment, cel pu\u0163in) cel mai mare jaf din avu\u0163ia Rom\u00e2nia dup\u0103 1989. Aceast\u0103 uria\u015f\u0103 ho\u0163ie a fost promis\u0103 de Liviu Dragnea protectorilor s\u0103i din afar\u0103 \u0163\u0103rii (Rusia, Israel, SUA). Era un pre\u0163 de peste 10 miliarde de euro din ce a mai r\u0103mas Statului \u015fi poporului Rom\u00e2n pe care Dragnea era dispus s\u0103 \u00eel pl\u0103teasc\u0103 pentru protec\u0163ia s\u0103 politic\u0103 \u015fi pentru c\u00e2teva fotografii cu lideri interna\u0163ionali!&#8221;, scrie Ponta pe Facebook.<\/p>\n<p data-index=\"5\">El afirm\u0103 \u00eens\u0103 c\u0103 CCR nu poate face mai mult.<\/p>\n<p data-index=\"6\">&#8220;Dac\u0103 vrem c\u0103 Dragnea s\u0103 nu v\u00e2nd\u0103 Rom\u00e2nia la bucat\u0103, trebuie s\u0103 facem \u015fi noi mai mult, iar parlament\u0103rii care au votat acest jaf s\u0103 nu \u00eenchid\u0103 ochii \u015fi s\u0103 \u015ftie c\u0103 sunt complici la acesta crim\u0103 \u00eempotriv\u0103 Rom\u00e2niei!&#8221;, a scris Victor Ponta.<\/p>\n<p data-index=\"7\">Curtea Constitu\u0163ional\u0103 a decis, miercuri, c\u0103 Legea privind \u00eenfiin\u0163area Fondului Suveran de Dezvoltare \u015fi Investi\u0163ii este neconstitu\u0163ional\u0103, accept\u00e2nd astfel sesiz\u0103rile formulate de c\u0103tre pre\u015fedintele Klaus Iohannis, precum \u015fi de c\u0103tre parlamentarii PNL, USR \u015fi PMP. At\u00e2t \u015feful statului, c\u00e2t \u015fi partidele din opozi\u0163ie sus\u0163in c\u0103 \u00eenfiin\u0163area Fondului intra \u00een atribu\u0163iile autorit\u0103\u0163ilor publice centrale, nu ale Parlamentului, fiind astfel \u00eenc\u0103lcat\u0103 separa\u0163ia puterilor \u00een stat.<\/p>\n<\/div>\n<\/div>\n<p> Source URL: https:\/\/www.digi24.ro\/stiri\/economie\/ponta-ccr-a-oprit-cel-mai-mare-jaf-din-avutia-romaniei-dupa-1989-965925<\/p>\n","protected":false},"excerpt":{"rendered":"<p>Fostul premier Victor Ponta sus\u0163ine c\u0103 prin declararea neconstitu\u0163ional\u0103 a legii privind \u00eenfiin\u0163area Fondului Suveran de Investi\u0163ii, Curtea Constitu\u0163ional\u0103 a oprit &#8220;cel mai mare jaf din avu\u0163ia Rom\u00e2nia dup\u0103 1989&#8221;, scrie News.ro.\u00a0 El afirm\u0103 c\u0103 &#8220;ho\u0163ia&#8221; a fost promis\u0103 de liderul PSD, Liviu Dragnea &#8220;protectorilor s\u0103i&#8221; din Rusia, Israel \u015fi Statele Unite ale Americii \u015fi [&hellip;]<\/p>\n","protected":false},"author":1,"featured_media":112554,"comment_status":"open","ping_status":"","sticky":false,"template":"","format":"standard","meta":{"footnotes":""},"categories":[2],"tags":[11],"class_list":["post-112553","post","type-post","status-publish","format-standard","has-post-thumbnail","hentry","category-politics","tag-digi24"],"_links":{"self":[{"href":"https:\/\/analyse.optim.biz\/index.php?rest_route=\/wp\/v2\/posts\/112553","targetHints":{"allow":["GET"]}}],"collection":[{"href":"https:\/\/analyse.optim.biz\/index.php?rest_route=\/wp\/v2\/posts"}],"about":[{"href":"https:\/\/analyse.optim.biz\/index.php?rest_route=\/wp\/v2\/types\/post"}],"author":[{"embeddable":true,"href":"https:\/\/analyse.optim.biz\/index.php?rest_route=\/wp\/v2\/users\/1"}],"replies":[{"embeddable":true,"href":"https:\/\/analyse.optim.biz\/index.php?rest_route=%2Fwp%2Fv2%2Fcomments&post=112553"}],"version-history":[{"count":0,"href":"https:\/\/analyse.optim.biz\/index.php?rest_route=\/wp\/v2\/posts\/112553\/revisions"}],"wp:featuredmedia":[{"embeddable":true,"href":"https:\/\/analyse.optim.biz\/index.php?rest_route=\/wp\/v2\/media\/112554"}],"wp:attachment":[{"href":"https:\/\/analyse.optim.biz\/index.php?rest_route=%2Fwp%2Fv2%2Fmedia&parent=112553"}],"wp:term":[{"taxonomy":"category","embeddable":true,"href":"https:\/\/analyse.optim.biz\/index.php?rest_route=%2Fwp%2Fv2%2Fcategories&post=112553"},{"taxonomy":"post_tag","embeddable":true,"href":"https:\/\/analyse.optim.biz\/index.php?rest_route=%2Fwp%2Fv2%2Ftags&post=112553"}],"curies":[{"name":"wp","href":"https:\/\/api.w.org\/{rel}","templated":true}]}}