{"id":1125123,"date":"2025-11-25T09:20:02","date_gmt":"2025-11-25T06:20:02","guid":{"rendered":"https:\/\/analyse.optim.biz\/?p=1125123"},"modified":"2025-11-25T09:20:02","modified_gmt":"2025-11-25T06:20:02","slug":"sedinta-de-consiliu-local-la-pufesti-cu-speranta-unui-vot-responsabil-din-partea-tuturor-consilierilor-jurnal-de-vrancea-stiri-din-vrancea-si-focsani","status":"publish","type":"post","link":"https:\/\/analyse.optim.biz\/?p=1125123","title":{"rendered":"\u0218edin\u021b\u0103 de consiliu local la Pufe\u0219ti, cu speran\u021ba unui vot responsabil din partea tuturor consilierilor | Jurnal de Vrancea &#8211; Stiri din Vrancea si Focsani"},"content":{"rendered":"<article id=\"template-id-121345\" class=\"post-121345 tdb_templates type-tdb_templates status-publish post\">\n<div id=\"tdi_73\" class=\"tdc-zone\">\n<div class=\"tdc_zone tdi_74  wpb_row td-pb-row\">\n<div id=\"tdi_75\" class=\"tdc-row\">\n<div class=\"vc_row tdi_76  wpb_row td-pb-row\">\n<div class=\"vc_column tdi_78  wpb_column vc_column_container tdc-column td-pb-span12\">\n<div class=\"wpb_wrapper\">\n<div class=\"td_block_wrap td-a-rec td-a-rec-id-custom-spot td-a-rec-img tdi_79 td_block_template_1\">\n<div><a href target=\"blank\" class=\"td_spot_img_all\"><img loading=\"lazy\" decoding=\"async\" src=\"https:\/\/analyse.optim.biz\/wp-content\/uploads\/2025\/12\/banner-aurora-multimarket-1200x200px-45.jpg\" alt=\"spot_img\" width=\"1200\" height=\"200\" title=\"banner-aurora-multimarket-1200x200px-45\"><\/a><a href target=\"blank\" class=\"td_spot_img_mob\"><img loading=\"lazy\" decoding=\"async\" src=\"https:\/\/analyse.optim.biz\/wp-content\/uploads\/2025\/12\/banner-aurora-multimarket-350x350px-49.jpg\" alt=\"spot_img\" width=\"300\" height=\"350\" title=\"banner-aurora-multimarket-350x350px-49\"><\/a><\/div>\n<\/div>\n<\/div>\n<\/div>\n<\/div>\n<\/div>\n<div id=\"tdi_80\" class=\"tdc-row\">\n<div class=\"vc_row tdi_81  wpb_row td-pb-row\">\n<div class=\"vc_column tdi_83  wpb_column vc_column_container tdc-column td-pb-span12\">\n<div class=\"wpb_wrapper\">\n<div class=\"td_block_wrap tdb_breadcrumbs tdi_84 td-pb-border-top td_block_template_1 tdb-breadcrumbs \" data-td-block-uid=\"tdi_84\">\n<div class=\"tdb-block-inner td-fix-index\"><span><a title class=\"tdb-entry-crumb\" href=\"https:\/\/www.jurnaldevrancea.ro\/\">Acas\u0103<\/a><\/span><span><a title=\"Vede\u021bi toate articolele \u00een Actualitate\" class=\"tdb-entry-crumb\" href=\"https:\/\/www.jurnaldevrancea.ro\/actualitate\/\">Actualitate<\/a><\/span><span class=\"tdb-bred-no-url-last\">\u0218edin\u021b\u0103 de consiliu local la Pufe\u0219ti, cu speran\u021ba unui vot responsabil din partea tuturor consilierilor<\/span><\/div>\n<\/div>\n<div class=\"td_block_wrap tdb_single_categories tdi_85 td-pb-border-top td_block_template_1 \" data-td-block-uid=\"tdi_85\">\n<div class=\"tdb-category td-fix-index\"><a class=\"tdb-entry-category\" href=\"https:\/\/www.jurnaldevrancea.ro\/actualitate\/\">Actualitate<\/a><a class=\"tdb-entry-category\" href=\"https:\/\/www.jurnaldevrancea.ro\/administratie\/\">Administra\u021bie<\/a><\/div>\n<\/div>\n<div class=\"td_block_wrap tdb_title tdi_86 tdb-single-title td-pb-border-top td_block_template_1\" data-td-block-uid=\"tdi_86\">\n<div class=\"tdb-block-inner td-fix-index\">\n<h2 class=\"tdb-title-text\">\u0218edin\u021b\u0103 de consiliu local la Pufe\u0219ti, cu speran\u021ba unui vot responsabil din partea tuturor consilierilor<\/h2>\n<\/div>\n<\/div>\n<div class=\"vc_row_inner tdi_88  vc_row vc_inner wpb_row td-pb-row\">\n<div class=\"vc_column_inner tdi_90  wpb_column vc_column_container tdc-inner-column td-pb-span3\">\n<div class=\"vc_column-inner\">\n<div class=\"wpb_wrapper\">\n<div class=\"td_block_wrap tdb_single_author tdi_91 td-pb-border-top td_block_template_1 tdb-post-meta\" data-td-block-uid=\"tdi_91\">\n<div class=\"tdb-block-inner td-fix-index\">\n<div class=\"tdb-author-name-wrap\"><span class=\"tdb-author-by\">DE:<\/span><a class=\"tdb-author-name\" href=\"https:\/\/www.jurnaldevrancea.ro\/author\/editor-online\/\">Editor Online<\/a><\/div>\n<\/div>\n<\/div>\n<\/div>\n<\/div>\n<\/div>\n<div class=\"vc_column_inner tdi_93  wpb_column vc_column_container tdc-inner-column td-pb-span3\">\n<div class=\"vc_column-inner\">\n<div class=\"wpb_wrapper\">\n<div class=\"td_block_wrap tdb_single_date tdi_94 td-pb-border-top td_block_template_1 tdb-post-meta\" data-td-block-uid=\"tdi_94\">\n<div class=\"tdb-block-inner td-fix-index\"><time class=\"entry-date updated td-module-date\" datetime=\"2025-11-25T11:20:02+02:00\">25\/11\/2025<\/time><\/div>\n<\/div>\n<\/div>\n<\/div>\n<\/div>\n<div class=\"vc_column_inner tdi_96  wpb_column vc_column_container tdc-inner-column td-pb-span3\">\n<div class=\"vc_column-inner\">\n<div class=\"wpb_wrapper\">\n<div class=\"td_block_wrap tdb_single_post_views tdi_97 td-pb-border-top td_block_template_1 tdb-post-meta\" data-td-block-uid=\"tdi_97\">\n<div class=\"tdb-block-inner td-fix-index\"><span class=\"td-nr-views-155791\">494<\/span><\/div>\n<\/div>\n<\/div>\n<\/div>\n<\/div>\n<div class=\"vc_column_inner tdi_99  wpb_column vc_column_container tdc-inner-column td-pb-span3\">\n<div class=\"vc_column-inner\">\n<div class=\"wpb_wrapper\">\n<div class=\"td_block_wrap tdb_single_post_share tdi_100  td-pb-border-top td_block_template_1\" data-td-block-uid=\"tdi_100\">\n<div id=\"tdi_100\" class=\"td-post-sharing tdb-block td-ps-bg td-ps-notext td-ps-bar td-post-sharing-style5 \">\n<div class=\"td-post-sharing-visible\"><a class=\"td-social-sharing-button td-social-sharing-button-js td-social-network td-social-facebook\" href=\"https:\/\/www.facebook.com\/sharer.php?u=https%3A%2F%2Fwww.jurnaldevrancea.ro%2Fsedinta-de-consiliu-local-la-pufesti-cu-speranta-unui-vot-responsabil-din-partea-tuturor-consilierilor%2F\" title=\"Facebook\"><\/p>\n<div class=\"td-social-but-text\">Facebook<\/div>\n<p><\/a><a class=\"td-social-sharing-button td-social-sharing-button-js td-social-network td-social-twitter\" href=\"https:\/\/twitter.com\/intent\/tweet?text=%C8%98edin%C8%9B%C4%83+de+consiliu+local+la+Pufe%C8%99ti%2C+cu+speran%C8%9Ba+unui+vot+responsabil+din+partea+tuturor+consilierilor&amp;url=https%3A%2F%2Fwww.jurnaldevrancea.ro%2Fsedinta-de-consiliu-local-la-pufesti-cu-speranta-unui-vot-responsabil-din-partea-tuturor-consilierilor%2F&amp;via=Jurnal+de+Vrancea+-+Stiri+din+Vrancea+si+Focsani\" title=\"Twitter\"><\/p>\n<div class=\"td-social-but-text\">Twitter<\/div>\n<p><\/a><a class=\"td-social-sharing-button td-social-sharing-button-js td-social-network td-social-whatsapp\" href=\"https:\/\/api.whatsapp.com\/send?text=%C8%98edin%C8%9B%C4%83+de+consiliu+local+la+Pufe%C8%99ti%2C+cu+speran%C8%9Ba+unui+vot+responsabil+din+partea+tuturor+consilierilor%20%0A%0A%20https:\/\/www.jurnaldevrancea.ro\/sedinta-de-consiliu-local-la-pufesti-cu-speranta-unui-vot-responsabil-din-partea-tuturor-consilierilor\/\" title=\"WhatsApp\"><\/p>\n<div class=\"td-social-but-text\">WhatsApp<\/div>\n<p><\/a><a class=\"td-social-sharing-button td-social-sharing-button-js td-social-network td-social-print\" href=\"https:\/\/www.jurnaldevrancea.ro\/sedinta-de-consiliu-local-la-pufesti-cu-speranta-unui-vot-responsabil-din-partea-tuturor-consilierilor\/\" title=\"Imprimare\"><\/p>\n<div class=\"td-social-but-text\">Imprimare<\/div>\n<p><\/a><\/div>\n<\/div>\n<\/div>\n<\/div>\n<\/div>\n<\/div>\n<\/div>\n<\/div>\n<\/div>\n<\/div>\n<\/div>\n<div id=\"tdi_101\" class=\"tdc-row\">\n<div class=\"vc_row tdi_102  wpb_row td-pb-row\">\n<div class=\"vc_column tdi_104  wpb_column vc_column_container tdc-column td-pb-span8\">\n<div class=\"wpb_wrapper\">\n<div class=\"td_block_wrap tdb_single_featured_image tdi_105 tdb-content-horiz-left td-pb-border-top td_block_template_1\" data-td-block-uid=\"tdi_105\">\n<div class=\"tdb-block-inner td-fix-index\"><img loading=\"lazy\" decoding=\"async\" width=\"696\" height=\"522\" class=\"entry-thumb\" src=\"https:\/\/analyse.optim.biz\/wp-content\/uploads\/2025\/12\/sala-sedinte-cl-pufesti-696x522-1.jpg\" title=\"sala sedinte cl Pufesti\"><\/div>\n<\/div>\n<div class=\"td_block_wrap tdb_single_content tdi_106 td-pb-border-top td_block_template_1 td-post-content tagdiv-type\" data-td-block-uid=\"tdi_106\">\n<div class=\"tdb-block-inner td-fix-index\">\n<p>Joi, 27 noiembrie, \u00eencep\u00e2nd cu ora 8.30, Consiliul Local al Comunei Pufe\u0219ti se va \u00eent\u00e2lni \u00een \u0219edin\u021b\u0103 ordinar\u0103 pentru a dezbate \u0219i vota proiecte cu impact direct asupra comunit\u0103\u021bii. Miza \u0219edin\u021bei este destul de important\u0103, mai ales \u00een contextul economic dificil \u00een care unele proiecte sunt deja \u00eent\u00e2rziate sau \u00eenaintate cu dificultate.<\/p>\n<p>Cele mai importante puncte se refer\u0103 la aprobarea noilor indicatori economici pentru dou\u0103 unit\u0103\u021bi de \u00eenv\u0103\u021b\u0103m\u00e2nt ce urmeaz\u0103 s\u0103 fie reabilitate energetic. Ajust\u0103rile sunt necesare dup\u0103 cre\u0219terea TVA la 21 la sut\u0103, iar finan\u021barea vine prin ADR Br\u0103ila. F\u0103r\u0103 aprobarea consiliului, procedurile pentru modernizarea celor dou\u0103 \u0219coli nu pot continua.<\/p>\n<source srcset=\"https:\/\/www.jurnaldevrancea.ro\/wp\/wp-content\/webp-express\/webp-images\/uploads\/2025\/11\/Primarie-Pufesti.jpg.webp 800w, https:\/\/www.jurnaldevrancea.ro\/wp\/wp-content\/webp-express\/webp-images\/uploads\/2025\/11\/Primarie-Pufesti-768x535.jpg.webp 768w, https:\/\/www.jurnaldevrancea.ro\/wp\/wp-content\/webp-express\/webp-images\/uploads\/2025\/11\/Primarie-Pufesti-150x104.jpg.webp 150w, https:\/\/www.jurnaldevrancea.ro\/wp\/wp-content\/webp-express\/webp-images\/uploads\/2025\/11\/Primarie-Pufesti-300x209.jpg.webp 300w, https:\/\/www.jurnaldevrancea.ro\/wp\/wp-content\/webp-express\/webp-images\/uploads\/2025\/11\/Primarie-Pufesti-696x485.jpg.webp 696w\" sizes=\"(max-width: 800px) 100vw, 800px\" type=\"image\/webp\" \/>\n<p>Pe ordinea de zi se afl\u0103 \u0219i un proiect de investi\u021bie privat\u0103, respectiv aprobarea unui PUZ pentru construirea unui cort de evenimente. Totodat\u0103, Prim\u0103ria propune demararea unui nou proiect finan\u021bat din Fondul de Modernizare al Rom\u00e2niei, prin Ministerul Energiei. Este vorba despre instalarea unor unit\u0103\u021bi de stocare a energiei produse de panourile solare care vor fi amplasate pe cl\u0103dirile administrative, dar \u0219i \u00een miniparcul destinat iluminatului public. Proiectul este avansat \u0219i urmeaz\u0103 semnarea unui act adi\u021bional menit s\u0103 previn\u0103 dubla finan\u021bare.<\/p>\n<p>De\u0219i proiectele sunt esen\u021biale pentru dezvoltarea comunit\u0103\u021bii, exist\u0103 \u00eengrijorarea c\u0103 ele ar putea fi din nou blocate. \u00cen ultimele luni, consilierii AUR au boicotat repetat \u0219edin\u021bele prin p\u0103r\u0103sirea lor, vot negativ sau atacuri \u00een pres\u0103 \u0219i pe re\u021belele sociale.<\/p>\n<source srcset=\"https:\/\/www.jurnaldevrancea.ro\/wp\/wp-content\/webp-express\/webp-images\/uploads\/2025\/11\/citate-sala-sedinte-cl-pufesti-1.jpg.webp 800w, https:\/\/www.jurnaldevrancea.ro\/wp\/wp-content\/webp-express\/webp-images\/uploads\/2025\/11\/citate-sala-sedinte-cl-pufesti-1-768x358.jpg.webp 768w, https:\/\/www.jurnaldevrancea.ro\/wp\/wp-content\/webp-express\/webp-images\/uploads\/2025\/11\/citate-sala-sedinte-cl-pufesti-1-150x70.jpg.webp 150w, https:\/\/www.jurnaldevrancea.ro\/wp\/wp-content\/webp-express\/webp-images\/uploads\/2025\/11\/citate-sala-sedinte-cl-pufesti-1-300x140.jpg.webp 300w, https:\/\/www.jurnaldevrancea.ro\/wp\/wp-content\/webp-express\/webp-images\/uploads\/2025\/11\/citate-sala-sedinte-cl-pufesti-1-696x325.jpg.webp 696w\" sizes=\"(max-width: 800px) 100vw, 800px\" type=\"image\/webp\" \/>\n<p>Exemplele sunt cunoscute \u00een comunitate: opozi\u021bia fa\u021b\u0103 de reabilitarea energetic\u0103 a Gr\u0103dini\u021bei din Ciorani, proiect admis la finan\u021bare prin GAL, blocaje pentru continuarea lucr\u0103rilor la Centrul de zi pentru copiii \u00een situa\u021bii de risc (finan\u021bat prin PNRR), vot \u00eempotriva achizi\u021biei de echipamente IT pentru \u0219coli prin PNRAS dar \u0219i refuzul unor ini\u021biative locale simple precum aniversarea seniorilor sau acordarea titlului de cet\u0103\u021bean de onoare.<\/p>\n<p>La unele \u0219edin\u021be au fost prezen\u021bi chiar \u0219i membri ai conducerii partidului AUR, \u00eens\u0103 decizia consilierilor locali de a nu se implica \u00een semn de protest fa\u021b\u0103 de pierderea postului de viceprimar a r\u0103mas neschimbat\u0103. Primarul Nicolae Damian spune c\u0103 \u00eenc\u0103 mai sper\u0103 \u00eentr-o abordare matur\u0103 \u0219i responsabil\u0103.<\/p>\n<source srcset=\"https:\/\/www.jurnaldevrancea.ro\/wp\/wp-content\/webp-express\/webp-images\/uploads\/2025\/11\/citate-sala-sedinte-cl-pufesti-2.jpg.webp 800w, https:\/\/www.jurnaldevrancea.ro\/wp\/wp-content\/webp-express\/webp-images\/uploads\/2025\/11\/citate-sala-sedinte-cl-pufesti-2-768x513.jpg.webp 768w, https:\/\/www.jurnaldevrancea.ro\/wp\/wp-content\/webp-express\/webp-images\/uploads\/2025\/11\/citate-sala-sedinte-cl-pufesti-2-150x100.jpg.webp 150w, https:\/\/www.jurnaldevrancea.ro\/wp\/wp-content\/webp-express\/webp-images\/uploads\/2025\/11\/citate-sala-sedinte-cl-pufesti-2-300x200.jpg.webp 300w, https:\/\/www.jurnaldevrancea.ro\/wp\/wp-content\/webp-express\/webp-images\/uploads\/2025\/11\/citate-sala-sedinte-cl-pufesti-2-696x465.jpg.webp 696w\" sizes=\"(max-width: 800px) 100vw, 800px\" type=\"image\/webp\" \/>\n<p><strong>\u201eProiectele acestea sunt pentru oameni, nu pentru orgolii politice. Pufe\u0219tiul are nevoie de investi\u021bii \u00een \u0219coli, energie \u0219i infrastructur\u0103. Mi-a\u0219 dori ca \u0219i consilierii AUR s\u0103 lase deoparte boicotul \u0219i s\u0103 voteze ce este important pentru comunitate. Nu putem merge \u00eenainte dac\u0103 unii se opun doar de dragul opozi\u021biei\u201d, <\/strong>ne-a transmis edilul comunei Pufe\u0219ti, Nicolae Damian.<\/p>\n<p>Comuna are nevoie de un vot favorabil pentru ca proiectele europene s\u0103 nu piard\u0103 finan\u021barea. Iar \u0219edin\u021ba de joi poate deveni un punct de cotitur\u0103, am putea spune, dac\u0103 majoritatea consilierilor alege interesul comunit\u0103\u021bii \u00eenaintea disputelor politice.<\/p>\n<\/div>\n<\/div>\n<div class=\"td_block_wrap td-a-rec td-a-rec-id-custom-spot td-a-rec-img tdi_107 td_block_template_1\">\n<div><a href=\"https:\/\/www.tomitatravel.ro\/\" target=\"blank\" class=\"td_spot_img_all\"><img loading=\"lazy\" decoding=\"async\" src=\"https:\/\/analyse.optim.biz\/wp-content\/uploads\/2025\/12\/banner-tomita_travel-focsani-1200x200-1-43-1.jpg\" alt=\"Tomi\u021b\u0103 Travel - Agen\u021bie de turism Foc\u0219ani\" width=\"1200\" height=\"200\" title=\"banner-tomita_travel-focsani-1200x200-1-43-1\"><\/a><a href=\"https:\/\/www.tomitatravel.ro\/\" target=\"blank\" class=\"td_spot_img_mob\"><img loading=\"lazy\" decoding=\"async\" src=\"https:\/\/analyse.optim.biz\/wp-content\/uploads\/2025\/12\/banner-tomita_travel-focsani-350x350-1-40-1.jpg\" alt=\"Tomi\u021b\u0103 Travel - Agen\u021bie de turism Foc\u0219ani\" width=\"300\" height=\"350\" title=\"banner-tomita_travel-focsani-350x350-1-40-1\"><\/a><\/div>\n<\/div>\n<div class=\"td_block_wrap td-a-rec td-a-rec-id-custom-spot td-a-rec-img tdi_108 td_block_template_1\">\n<div><a href=\"https:\/\/www.dezromania.ro\/categorii\/category\/14-produse.html\" target=\"blank\" class=\"td_spot_img_all\"><img loading=\"lazy\" decoding=\"async\" src=\"https:\/\/analyse.optim.biz\/wp-content\/uploads\/2025\/12\/banner-1200x200-sipotehnokar-auto-avariate-2025-39.jpg\" alt=\"spot_img\" width=\"1200\" height=\"200\" title=\"banner-1200x200-sipotehnokar-auto-avariate-2025-39\"><\/a><a href=\"https:\/\/www.dezromania.ro\/categorii\/category\/14-produse.html\" target=\"blank\" class=\"td_spot_img_mob\"><img loading=\"lazy\" decoding=\"async\" src=\"https:\/\/analyse.optim.biz\/wp-content\/uploads\/2025\/12\/banner-sipotehnokar-300xx220px-2025-38.jpg\" alt=\"spot_img\" width=\"300\" height=\"220\" title=\"banner-sipotehnokar-300xx220px-2025-38\"><\/a><\/div>\n<\/div>\n<div class=\"td_block_wrap td-a-rec td-a-rec-id-custom-spot td-a-rec-img tdi_109 td_block_template_1\">\n<div><a href=\"https:\/\/haipromo.ro\/\" target=\"blank\" class=\"td_spot_img_all\"><img loading=\"lazy\" decoding=\"async\" src=\"https:\/\/analyse.optim.biz\/wp-content\/uploads\/2025\/12\/banner-hai-promo-1200x200px-38.jpg\" alt=\"HAI PROMO\" width=\"1200\" height=\"200\" title=\"banner-hai-promo-1200x200px-38\"><\/a><a href=\"https:\/\/haipromo.ro\/\" target=\"blank\" class=\"td_spot_img_mob\"><img loading=\"lazy\" decoding=\"async\" src=\"https:\/\/analyse.optim.biz\/wp-content\/uploads\/2025\/12\/banner-hai-promo-350x350px-36.jpg\" alt=\"HAI PROMO\" width=\"350\" height=\"350\" title=\"banner-hai-promo-350x350px-36\"><\/a><\/div>\n<\/div>\n<\/div>\n<\/div>\n<div class=\"vc_column tdi_112  wpb_column vc_column_container tdc-column td-pb-span4\">\n<div class=\"wpb_wrapper\">\n<div class=\"wpb_wrapper td_block_wrap vc_widget_sidebar tdi_114 \">\n<aside id=\"custom_html-12\" class=\"widget_text td_block_template_1 widget custom_html-12 widget_custom_html\">\n<h4 class=\"block-title\"><span>\u2013 PUBLICITATE \u2013<\/span><\/h4>\n<div class=\"textwidget custom-html-widget\"><a href=\"https:\/\/www.facebook.com\/TractariAutoVranceaSOS24\"><source srcset=\"https:\/\/www.jurnaldevrancea.ro\/wp\/wp-content\/webp-express\/webp-images\/uploads\/2024\/11\/BANNER-sos-24-2024-300x300-px.jpg.webp\" type=\"image\/webp\" \/><\/a><a href=\"https:\/\/haipromo.ro\/\"><source srcset=\"https:\/\/www.jurnaldevrancea.ro\/wp\/wp-content\/webp-express\/webp-images\/uploads\/2024\/06\/banner-HAI-PROMO-350x350px.jpg.webp\" type=\"image\/webp\" \/><\/a><a href=\"https:\/\/www.facebook.com\/acnasygcons\"><source srcset=\"https:\/\/www.jurnaldevrancea.ro\/wp\/wp-content\/webp-express\/webp-images\/uploads\/2025\/08\/Banner-350x350px-Asyg-Consulting.jpg.webp\" type=\"image\/webp\" \/><\/a><\/div>\n<\/aside>\n<\/div>\n<div class=\"td_block_wrap tdb_single_tags tdi_115 td-pb-border-top td_block_template_1\" data-td-block-uid=\"tdi_115\">\n<div class=\"tdb-block-inner td-fix-index\">\n<ul class=\"tdb-tags\">\n<li><span>Tags<\/span><\/li>\n<li><a href=\"https:\/\/www.jurnaldevrancea.ro\/tag\/proiecte-de-hotarare\/\">proiecte de hotarare<\/a><\/li>\n<li><a href=\"https:\/\/www.jurnaldevrancea.ro\/tag\/sedinta-cl-pufesti\/\">sedinta cl pufesti<\/a><\/li>\n<li><a href=\"https:\/\/www.jurnaldevrancea.ro\/tag\/sedinta-consiliu-local\/\">sedinta consiliu local<\/a><\/li>\n<\/ul>\n<\/div>\n<\/div>\n<div class=\"tdm_block td_block_wrap tdm_block_column_title tdi_116 tdm-content-horiz-center td-pb-border-top td_block_template_1\" data-td-block-uid=\"tdi_116\">\n<div class=\"td-block-row\">\n<div class=\"td-block-span12 tdm-col\">\n<div class=\"tds-title tds-title1 td-fix-index tdi_117 \">\n<h3 class=\"tdm-title tdm-title-md\">ARTICOLE SIMILARE<\/h3>\n<\/div>\n<\/div>\n<\/div>\n<\/div>\n<div class=\"td_block_wrap td_flex_block_1 tdi_118 td-pb-border-top td_block_template_1 td_flex_block\" data-td-block-uid=\"tdi_118\">\n<div id=\"tdi_118\" class=\"td_block_inner td-mc1-wrap\">\n<div class=\"td_module_flex td_module_flex_1 td_module_wrap td-animation-stack td-cpt-post\">\n<div class=\"td-module-container td-category-pos-above\">\n<div class=\"td-module-meta-info\"><a href=\"https:\/\/www.jurnaldevrancea.ro\/actualitate\/\" class=\"td-post-category\">Actualitate<\/a><\/p>\n<h3 class=\"entry-title td-module-title\"><a href=\"https:\/\/www.jurnaldevrancea.ro\/impozitul-pe-valoarea-de-piata-a-cladirilor-amanat-pana-in-2027\/\" rel=\"bookmark\" title=\"Impozitul pe valoarea de pia\u021b\u0103 a cl\u0103dirilor, am\u00e2nat p\u00e2n\u0103 \u00een 2027\">Impozitul pe valoarea de pia\u021b\u0103 a cl\u0103dirilor, am\u00e2nat p\u00e2n\u0103 \u00een 2027<\/a><\/h3>\n<div class=\"td-excerpt\">Consiliile locale \u015fi Consiliul General al Municipiului Bucure\u015fti (CGMB) vor aproba, p\u00e2n\u0103 la data&#8230;<\/div>\n<\/div>\n<\/div>\n<\/div>\n<div class=\"td_module_flex td_module_flex_1 td_module_wrap td-animation-stack td-cpt-post\">\n<div class=\"td-module-container td-category-pos-above\">\n<div class=\"td-module-meta-info\"><a href=\"https:\/\/www.jurnaldevrancea.ro\/actualitate\/\" class=\"td-post-category\">Actualitate<\/a><\/p>\n<h3 class=\"entry-title td-module-title\"><a href=\"https:\/\/www.jurnaldevrancea.ro\/academicianul-aurel-iancu-a-primit-astazi-titlul-de-cetatean-de-onoare-al-judetului-vrancea\/\" rel=\"bookmark\" title=\"Academicianul Aurel Iancu a primit ast\u0103zi titlul de \u201eCet\u0103\u021bean de Onoare al Jude\u021bului Vrancea\u201d\">Academicianul Aurel Iancu a primit ast\u0103zi titlul de \u201eCet\u0103\u021bean de Onoare al Jude\u021bului Vrancea\u201d<\/a><\/h3>\n<div class=\"td-excerpt\">Consiliul Jude\u021bean Vrancea a tr\u0103it ast\u0103zi un moment cu profund\u0103 \u00eenc\u0103rc\u0103tur\u0103 emo\u021bional\u0103 \u0219i simbolic\u0103&#8230;.<\/div>\n<\/div>\n<\/div>\n<\/div>\n<\/div>\n<\/div>\n<\/div>\n<\/div>\n<\/div>\n<\/div>\n<div id=\"tdi_119\" class=\"tdc-row\">\n<div class=\"vc_row tdi_120  wpb_row td-pb-row\">\n<div class=\"vc_column tdi_122  wpb_column vc_column_container tdc-column td-pb-span12\">\n<div class=\"wpb_wrapper\">\n<div class=\"tdm_block td_block_wrap tdm_block_column_title tdi_123 tdm-content-horiz-center td-pb-border-top td_block_template_1\" data-td-block-uid=\"tdi_123\">\n<div class=\"td-block-row\">\n<div class=\"td-block-span12 tdm-col\">\n<div class=\"tds-title tds-title1 td-fix-index tdi_124 \">\n<h3 class=\"tdm-title tdm-title-md\">ARTICOLE POPULARE<\/h3>\n<\/div>\n<\/div>\n<\/div>\n<\/div>\n<\/div>\n<\/div>\n<\/div>\n<\/div>\n<div id=\"tdi_125\" class=\"tdc-row\">\n<div class=\"vc_row tdi_126  wpb_row td-pb-row\">\n<div class=\"vc_column tdi_128  wpb_column vc_column_container tdc-column td-pb-span12\">\n<div class=\"wpb_wrapper\">\n<div class=\"td_block_wrap td_flex_block_1 tdi_129 td-pb-border-top td_block_template_1 td_flex_block\" data-td-block-uid=\"tdi_129\">\n<div id=\"tdi_129\" class=\"td_block_inner td-mc1-wrap\">\n<div class=\"td_module_flex td_module_flex_1 td_module_wrap td-animation-stack td-cpt-post\">\n<div class=\"td-module-container td-category-pos-above\">\n<div class=\"td-module-meta-info\"><a href=\"https:\/\/www.jurnaldevrancea.ro\/actualitate\/\" class=\"td-post-category\">Actualitate<\/a><\/p>\n<h3 class=\"entry-title td-module-title\"><a href=\"https:\/\/www.jurnaldevrancea.ro\/alerta-epidemiologica-in-vrancea-doua-femei-sunt-internate-in-stare-grava-la-ati-cu-suspiciune-de-botulism\/\" rel=\"bookmark\" title=\"Alert\u0103 epidemiologic\u0103 \u00een Vrancea! Dou\u0103 femei sunt internate \u00een stare grav\u0103 la ATI cu suspiciune de botulism\">Alert\u0103 epidemiologic\u0103 \u00een Vrancea! Dou\u0103 femei sunt internate \u00een stare grav\u0103 la ATI cu suspiciune de botulism<\/a><\/h3>\n<div class=\"td-excerpt\">Dou\u0103 cazuri suspecte de botulism au fost raportate \u00een jude\u021bul Vrancea \u00een intervalul 10\u201311&#8230;<\/div>\n<div class=\"td-editor-date\"><span class=\"td-author-date\"><span class=\"td-post-date\"><time class=\"entry-date updated td-module-date\" datetime=\"2025-12-13T08:18:55+02:00\">13\/12\/2025<\/time><\/span><\/span><\/div>\n<\/div>\n<\/div>\n<\/div>\n<div class=\"td_module_flex td_module_flex_1 td_module_wrap td-animation-stack td-cpt-post\">\n<div class=\"td-module-container td-category-pos-above\">\n<div class=\"td-module-meta-info\"><a href=\"https:\/\/www.jurnaldevrancea.ro\/actualitate\/\" class=\"td-post-category\">Actualitate<\/a><\/p>\n<h3 class=\"entry-title td-module-title\"><a href=\"https:\/\/www.jurnaldevrancea.ro\/crangul-petresti-locul-unde-sarbatorile-revin-la-radacini-care-este-programul-spectacolelor-organizate-in-apropierea-craciunului\/\" rel=\"bookmark\" title=\"Cr\u00e2ngul Petre\u0219ti, locul unde s\u0103rb\u0103torile revin la r\u0103d\u0103cini! Care este programul spectacolelor organizate \u00een apropierea Cr\u0103ciunului\">Cr\u00e2ngul Petre\u0219ti, locul unde s\u0103rb\u0103torile revin la r\u0103d\u0103cini! Care este programul spectacolelor organizate \u00een apropierea Cr\u0103ciunului<\/a><\/h3>\n<div class=\"td-excerpt\">\n<p>Din 19 decembrie, Cr\u00e2ngul Petre\u0219ti se transform\u0103 \u00eentr-un spa\u021biu \u00een care s\u0103rb\u0103torile de iarn\u0103&#8230;<\/p><\/div>\n<div class=\"td-editor-date\"><span class=\"td-author-date\"><span class=\"td-post-date\"><time class=\"entry-date updated td-module-date\" datetime=\"2025-12-15T18:34:09+02:00\">15\/12\/2025<\/time><\/span><\/span><\/div>\n<\/div>\n<\/div>\n<\/div>\n<div class=\"td_module_flex td_module_flex_1 td_module_wrap td-animation-stack td-cpt-post\">\n<div class=\"td-module-container td-category-pos-above\">\n<div class=\"td-module-meta-info\"><a href=\"https:\/\/www.jurnaldevrancea.ro\/actualitate\/\" class=\"td-post-category\">Actualitate<\/a><\/p>\n<h3 class=\"entry-title td-module-title\"><a href=\"https:\/\/www.jurnaldevrancea.ro\/doliu-in-comunitatea-din-adjud-a-murit-profesoara-simona-ceamburu\/\" rel=\"bookmark\" title=\"Doliu \u00een comunitatea din Adjud! A murit profesoara Simona Ceamburu!\">Doliu \u00een comunitatea din Adjud! A murit profesoara Simona Ceamburu!<\/a><\/h3>\n<div class=\"td-excerpt\">Colegiul Tehnic \u201eGh. Bal\u0219\u201d din Adjud a anun\u021bat cu mare triste\u021be moartea profesoarei de&#8230;<\/div>\n<div class=\"td-editor-date\"><span class=\"td-author-date\"><span class=\"td-post-date\"><time class=\"entry-date updated td-module-date\" datetime=\"2025-12-11T15:19:24+02:00\">11\/12\/2025<\/time><\/span><\/span><\/div>\n<\/div>\n<\/div>\n<\/div>\n<\/div>\n<\/div>\n<\/div>\n<\/div>\n<\/div>\n<\/div>\n<\/div>\n<\/div>\n<p><span class=\"td-page-meta\"><\/span><span class=\"td-page-meta\"><span class=\"td-page-meta\"><\/span><\/span><span class=\"td-page-meta\"><\/span><\/article>\n<p> Source URL: https:\/\/www.jurnaldevrancea.ro\/sedinta-de-consiliu-local-la-pufesti-cu-speranta-unui-vot-responsabil-din-partea-tuturor-consilierilor\/<\/p>\n","protected":false},"excerpt":{"rendered":"<p>Acas\u0103Actualitate\u0218edin\u021b\u0103 de consiliu local la Pufe\u0219ti, cu speran\u021ba unui vot responsabil din partea tuturor consilierilor ActualitateAdministra\u021bie \u0218edin\u021b\u0103 de consiliu local la Pufe\u0219ti, cu speran\u021ba unui vot responsabil din partea tuturor consilierilor DE:Editor Online 25\/11\/2025 494 Facebook Twitter WhatsApp Imprimare Joi, 27 noiembrie, \u00eencep\u00e2nd cu ora 8.30, Consiliul Local al Comunei Pufe\u0219ti se va \u00eent\u00e2lni \u00een [&hellip;]<\/p>\n","protected":false},"author":1,"featured_media":1125124,"comment_status":"open","ping_status":"","sticky":false,"template":"","format":"standard","meta":{"footnotes":""},"categories":[89],"tags":[207],"class_list":["post-1125123","post","type-post","status-publish","format-standard","has-post-thumbnail","hentry","category-romania","tag-jurnaldevrancea-ro"],"_links":{"self":[{"href":"https:\/\/analyse.optim.biz\/index.php?rest_route=\/wp\/v2\/posts\/1125123","targetHints":{"allow":["GET"]}}],"collection":[{"href":"https:\/\/analyse.optim.biz\/index.php?rest_route=\/wp\/v2\/posts"}],"about":[{"href":"https:\/\/analyse.optim.biz\/index.php?rest_route=\/wp\/v2\/types\/post"}],"author":[{"embeddable":true,"href":"https:\/\/analyse.optim.biz\/index.php?rest_route=\/wp\/v2\/users\/1"}],"replies":[{"embeddable":true,"href":"https:\/\/analyse.optim.biz\/index.php?rest_route=%2Fwp%2Fv2%2Fcomments&post=1125123"}],"version-history":[{"count":0,"href":"https:\/\/analyse.optim.biz\/index.php?rest_route=\/wp\/v2\/posts\/1125123\/revisions"}],"wp:featuredmedia":[{"embeddable":true,"href":"https:\/\/analyse.optim.biz\/index.php?rest_route=\/wp\/v2\/media\/1125124"}],"wp:attachment":[{"href":"https:\/\/analyse.optim.biz\/index.php?rest_route=%2Fwp%2Fv2%2Fmedia&parent=1125123"}],"wp:term":[{"taxonomy":"category","embeddable":true,"href":"https:\/\/analyse.optim.biz\/index.php?rest_route=%2Fwp%2Fv2%2Fcategories&post=1125123"},{"taxonomy":"post_tag","embeddable":true,"href":"https:\/\/analyse.optim.biz\/index.php?rest_route=%2Fwp%2Fv2%2Ftags&post=1125123"}],"curies":[{"name":"wp","href":"https:\/\/api.w.org\/{rel}","templated":true}]}}