{"id":1125110,"date":"2025-11-25T13:00:53","date_gmt":"2025-11-25T10:00:53","guid":{"rendered":"https:\/\/analyse.optim.biz\/?p=1125110"},"modified":"2025-11-25T13:00:53","modified_gmt":"2025-11-25T10:00:53","slug":"consiliul-judetean-vrancea-sprijina-investitiile-majore-din-judet-prin-avizarea-si-autorizarea-lucrarilor-de-constructii-jurnal-de-vrancea-stiri-din-vrancea-si-focsani","status":"publish","type":"post","link":"https:\/\/analyse.optim.biz\/?p=1125110","title":{"rendered":"Consiliul Jude\u021bean Vrancea sprijin\u0103 investi\u021biile majore din jude\u021b, prin avizarea \u0219i autorizarea lucr\u0103rilor de construc\u021bii | Jurnal de Vrancea &#8211; Stiri din Vrancea si Focsani"},"content":{"rendered":"<article id=\"template-id-121345\" class=\"post-121345 tdb_templates type-tdb_templates status-publish post\">\n<div id=\"tdi_73\" class=\"tdc-zone\">\n<div class=\"tdc_zone tdi_74  wpb_row td-pb-row\">\n<div id=\"tdi_75\" class=\"tdc-row\">\n<div class=\"vc_row tdi_76  wpb_row td-pb-row\">\n<div class=\"vc_column tdi_78  wpb_column vc_column_container tdc-column td-pb-span12\">\n<div class=\"wpb_wrapper\">\n<div class=\"td_block_wrap td-a-rec td-a-rec-id-custom-spot td-a-rec-img tdi_79 td_block_template_1\">\n<div><a href target=\"blank\" class=\"td_spot_img_all\"><img loading=\"lazy\" decoding=\"async\" src=\"https:\/\/analyse.optim.biz\/wp-content\/uploads\/2025\/12\/banner-aurora-multimarket-1200x200px-44.jpg\" alt=\"spot_img\" width=\"1200\" height=\"200\" title=\"banner-aurora-multimarket-1200x200px-44\"><\/a><a href target=\"blank\" class=\"td_spot_img_mob\"><img loading=\"lazy\" decoding=\"async\" src=\"https:\/\/analyse.optim.biz\/wp-content\/uploads\/2025\/12\/banner-aurora-multimarket-350x350px-48.jpg\" alt=\"spot_img\" width=\"300\" height=\"350\" title=\"banner-aurora-multimarket-350x350px-48\"><\/a><\/div>\n<\/div>\n<\/div>\n<\/div>\n<\/div>\n<\/div>\n<div id=\"tdi_80\" class=\"tdc-row\">\n<div class=\"vc_row tdi_81  wpb_row td-pb-row\">\n<div class=\"vc_column tdi_83  wpb_column vc_column_container tdc-column td-pb-span12\">\n<div class=\"wpb_wrapper\">\n<div class=\"td_block_wrap tdb_breadcrumbs tdi_84 td-pb-border-top td_block_template_1 tdb-breadcrumbs \" data-td-block-uid=\"tdi_84\">\n<div class=\"tdb-block-inner td-fix-index\"><span><a title class=\"tdb-entry-crumb\" href=\"https:\/\/www.jurnaldevrancea.ro\/\">Acas\u0103<\/a><\/span><span><a title=\"Vede\u021bi toate articolele \u00een Actualitate\" class=\"tdb-entry-crumb\" href=\"https:\/\/www.jurnaldevrancea.ro\/actualitate\/\">Actualitate<\/a><\/span><span class=\"tdb-bred-no-url-last\">Consiliul Jude\u021bean Vrancea sprijin\u0103 investi\u021biile majore din jude\u021b, prin avizarea \u0219i autorizarea lucr\u0103rilor de construc\u021bii<\/span><\/div>\n<\/div>\n<div class=\"td_block_wrap tdb_single_categories tdi_85 td-pb-border-top td_block_template_1 \" data-td-block-uid=\"tdi_85\">\n<div class=\"tdb-category td-fix-index\"><a class=\"tdb-entry-category\" href=\"https:\/\/www.jurnaldevrancea.ro\/actualitate\/\">Actualitate<\/a><a class=\"tdb-entry-category\" href=\"https:\/\/www.jurnaldevrancea.ro\/administratie\/\">Administra\u021bie<\/a><\/div>\n<\/div>\n<div class=\"td_block_wrap tdb_title tdi_86 tdb-single-title td-pb-border-top td_block_template_1\" data-td-block-uid=\"tdi_86\">\n<div class=\"tdb-block-inner td-fix-index\">\n<h2 class=\"tdb-title-text\">Consiliul Jude\u021bean Vrancea sprijin\u0103 investi\u021biile majore din jude\u021b, prin avizarea \u0219i autorizarea lucr\u0103rilor de construc\u021bii<\/h2>\n<\/div>\n<\/div>\n<div class=\"vc_row_inner tdi_88  vc_row vc_inner wpb_row td-pb-row\">\n<div class=\"vc_column_inner tdi_90  wpb_column vc_column_container tdc-inner-column td-pb-span3\">\n<div class=\"vc_column-inner\">\n<div class=\"wpb_wrapper\">\n<div class=\"td_block_wrap tdb_single_author tdi_91 td-pb-border-top td_block_template_1 tdb-post-meta\" data-td-block-uid=\"tdi_91\">\n<div class=\"tdb-block-inner td-fix-index\">\n<div class=\"tdb-author-name-wrap\"><span class=\"tdb-author-by\">DE:<\/span><a class=\"tdb-author-name\" href=\"https:\/\/www.jurnaldevrancea.ro\/author\/editor-online\/\">Editor Online<\/a><\/div>\n<\/div>\n<\/div>\n<\/div>\n<\/div>\n<\/div>\n<div class=\"vc_column_inner tdi_93  wpb_column vc_column_container tdc-inner-column td-pb-span3\">\n<div class=\"vc_column-inner\">\n<div class=\"wpb_wrapper\">\n<div class=\"td_block_wrap tdb_single_date tdi_94 td-pb-border-top td_block_template_1 tdb-post-meta\" data-td-block-uid=\"tdi_94\">\n<div class=\"tdb-block-inner td-fix-index\"><time class=\"entry-date updated td-module-date\" datetime=\"2025-11-25T15:00:53+02:00\">25\/11\/2025<\/time><\/div>\n<\/div>\n<\/div>\n<\/div>\n<\/div>\n<div class=\"vc_column_inner tdi_96  wpb_column vc_column_container tdc-inner-column td-pb-span3\">\n<div class=\"vc_column-inner\">\n<div class=\"wpb_wrapper\">\n<div class=\"td_block_wrap tdb_single_post_views tdi_97 td-pb-border-top td_block_template_1 tdb-post-meta\" data-td-block-uid=\"tdi_97\">\n<div class=\"tdb-block-inner td-fix-index\"><span class=\"td-nr-views-155822\">48<\/span><\/div>\n<\/div>\n<\/div>\n<\/div>\n<\/div>\n<div class=\"vc_column_inner tdi_99  wpb_column vc_column_container tdc-inner-column td-pb-span3\">\n<div class=\"vc_column-inner\">\n<div class=\"wpb_wrapper\">\n<div class=\"td_block_wrap tdb_single_post_share tdi_100  td-pb-border-top td_block_template_1\" data-td-block-uid=\"tdi_100\">\n<div id=\"tdi_100\" class=\"td-post-sharing tdb-block td-ps-bg td-ps-notext td-ps-bar td-post-sharing-style5 \">\n<div class=\"td-post-sharing-visible\"><a class=\"td-social-sharing-button td-social-sharing-button-js td-social-network td-social-facebook\" href=\"https:\/\/www.facebook.com\/sharer.php?u=https%3A%2F%2Fwww.jurnaldevrancea.ro%2Fconsiliul-judetean-vrancea-sprijina-investitiile-majore-din-judet-prin-avizarea-si-autorizarea-lucrarilor-de-constructii%2F\" title=\"Facebook\"><\/p>\n<div class=\"td-social-but-text\">Facebook<\/div>\n<p><\/a><a class=\"td-social-sharing-button td-social-sharing-button-js td-social-network td-social-twitter\" href=\"https:\/\/twitter.com\/intent\/tweet?text=Consiliul+Jude%C8%9Bean+Vrancea+sprijin%C4%83+investi%C8%9Biile+majore+din+jude%C8%9B%2C+prin+avizarea+%C8%99i+autorizarea+lucr%C4%83rilor+de+construc%C8%9Bii&amp;url=https%3A%2F%2Fwww.jurnaldevrancea.ro%2Fconsiliul-judetean-vrancea-sprijina-investitiile-majore-din-judet-prin-avizarea-si-autorizarea-lucrarilor-de-constructii%2F&amp;via=Jurnal+de+Vrancea+-+Stiri+din+Vrancea+si+Focsani\" title=\"Twitter\"><\/p>\n<div class=\"td-social-but-text\">Twitter<\/div>\n<p><\/a><a class=\"td-social-sharing-button td-social-sharing-button-js td-social-network td-social-whatsapp\" href=\"https:\/\/api.whatsapp.com\/send?text=Consiliul+Jude%C8%9Bean+Vrancea+sprijin%C4%83+investi%C8%9Biile+majore+din+jude%C8%9B%2C+prin+avizarea+%C8%99i+autorizarea+lucr%C4%83rilor+de+construc%C8%9Bii%20%0A%0A%20https:\/\/www.jurnaldevrancea.ro\/consiliul-judetean-vrancea-sprijina-investitiile-majore-din-judet-prin-avizarea-si-autorizarea-lucrarilor-de-constructii\/\" title=\"WhatsApp\"><\/p>\n<div class=\"td-social-but-text\">WhatsApp<\/div>\n<p><\/a><a class=\"td-social-sharing-button td-social-sharing-button-js td-social-network td-social-print\" href=\"https:\/\/www.jurnaldevrancea.ro\/consiliul-judetean-vrancea-sprijina-investitiile-majore-din-judet-prin-avizarea-si-autorizarea-lucrarilor-de-constructii\/\" title=\"Imprimare\"><\/p>\n<div class=\"td-social-but-text\">Imprimare<\/div>\n<p><\/a><\/div>\n<\/div>\n<\/div>\n<\/div>\n<\/div>\n<\/div>\n<\/div>\n<\/div>\n<\/div>\n<\/div>\n<\/div>\n<div id=\"tdi_101\" class=\"tdc-row\">\n<div class=\"vc_row tdi_102  wpb_row td-pb-row\">\n<div class=\"vc_column tdi_104  wpb_column vc_column_container tdc-column td-pb-span8\">\n<div class=\"wpb_wrapper\">\n<div class=\"td_block_wrap tdb_single_featured_image tdi_105 tdb-content-horiz-left td-pb-border-top td_block_template_1\" data-td-block-uid=\"tdi_105\">\n<div class=\"tdb-block-inner td-fix-index\"><img loading=\"lazy\" decoding=\"async\" width=\"696\" height=\"464\" class=\"entry-thumb\" src=\"https:\/\/analyse.optim.biz\/wp-content\/uploads\/2025\/12\/cj-proces-de-avizare-lucrari-696x464-1.jpg\" title=\"CJ proces de avizare lucrari\"><\/div>\n<\/div>\n<div class=\"td_block_wrap tdb_single_content tdi_106 td-pb-border-top td_block_template_1 td-post-content tagdiv-type\" data-td-block-uid=\"tdi_106\">\n<div class=\"tdb-block-inner td-fix-index\">\n<p>\u00cen spatele fiec\u0103rui drum modernizat, a fiec\u0103rei re\u021bele de utilit\u0103\u021bi extinse sau a fiec\u0103rui obiectiv de investi\u021bii care prinde contur se afl\u0103 o echip\u0103 dedicat\u0103. La <strong>Consiliul Jude\u021bean Vrancea<\/strong> desf\u0103\u0219ur\u0103m zilnic o activitate esen\u021bial\u0103, adesea mai pu\u021bin vizibil\u0103, dar absolut necesar\u0103 pentru dezvoltarea jude\u021bului: analiza, avizarea \u0219i autorizarea lucr\u0103rilor de investi\u021bii.<\/p>\n<p>Prin emiterea documenta\u021biilor tehnice necesare, Consiliul Jude\u021bean faciliteaz\u0103 modernizarea infrastructurii rutiere, dezvoltarea re\u021belelor de utilit\u0103\u021bi \u0219i implementarea unor proiecte de importan\u021b\u0103 strategic\u0103 pentru comunit\u0103\u021bile locale.<\/p>\n<p>\u00cen aceast an, p\u00e2n\u0103 la aceast\u0103 dat\u0103, au fost emise:<\/p>\n<ul>\n<li>124 certificate de urbanism,<\/li>\n<li>20 autoriza\u021bii de construire,<\/li>\n<li>31 avize ale Comisiei Tehnice de Amenajare a Teritoriului \u0219i Urbanism (CTATU), \u00een principal pentru Planuri Urbanistice Zonale, inclusiv proiectul <em>UMB \u2013 Campus industrial<\/em>.<\/li>\n<\/ul>\n<p>Aceste documente constituie baza legal\u0103 \u0219i tehnic\u0103 pentru proiecte de dezvoltare de amploare, menite s\u0103 contribuie la modernizarea jude\u021bului Vrancea.<\/p>\n<p>Principalele categorii de investi\u021bii pentru care au fost elaborate documenta\u021biile sunt:<\/p>\n<ul>\n<li>Amenajarea de sensuri giratorii pe DN2\u2013E85 \u0219i modernizarea DN 2N<br \/>\n\u2022 \u00cenfiin\u021barea re\u021belelor de alimentare cu gaze (Dumbr\u0103veni\u2013Borde\u0219ti\u2013Gura Cali\u021bei; Suraia\u2013Bilie\u0219ti)<\/li>\n<li>Construirea conductei de transport gaze Ghergheasa\u2013Foc\u0219ani<\/li>\n<li>Repara\u021bii la conducta existent\u0103 de transport gaze naturale<\/li>\n<li>Construirea de centrale eoliene (Guge\u0219ti\u2013Slobozia Cior\u0103\u0219ti\u2013Sihlea; M\u0103r\u0103\u0219e\u0219ti\u2013\u021aife\u0219ti\u2013Garoafa\u2013V\u00een\u0103tori)<\/li>\n<li>Modernizarea re\u021belei de energie electric\u0103<br \/>\n\u2022 Lucr\u0103ri de punere \u00een siguran\u021b\u0103 pe drumuri jude\u021bene (Dumitre\u0219ti, Poiana Cristei \u2013 DJ 204P \u0219i DJ 205R) \u0219i modernizarea drumurilor jude\u021bene<\/li>\n<li>Modernizarea drumurilor de interes local<\/li>\n<li>Modernizare sisteme de iluminat public<br \/>\n\u2022 Construirea de terenuri de sport<br \/>\n\u2022 Reabilit\u0103ri tehnice \u0219i cre\u0219terea eficien\u021bei energetice a cl\u0103dirilor<br \/>\n\u2022 Lucr\u0103ri de colmatare \u0219i regularizare a albiilor r\u00e2urilor<br \/>\n\u2022 Modernizarea sistemelor de alimentare cu ap\u0103<\/li>\n<li>\u00a0 Construire sta\u021bii fixe de telefonie mobil\u0103<\/li>\n<\/ul>\n<p><strong><em>\u201eSus\u021binem toate aceste proiecte printr-o munc\u0103 de echip\u0103 sus\u021binut\u0103, bazat\u0103 pe profesionalism \u0219i responsabilitate. Continu\u0103m s\u0103 lucr\u0103m cu aceea\u0219i dedicare pentru a sprijini investi\u021biile ce aduc dezvoltare, siguran\u021b\u0103 \u0219i confort pentru locuitorii jude\u021bului. Consiliul Jude\u021bean Vrancea \u00ee\u0219i reafirm\u0103 angajamentul de a sprijini dezvoltarea infrastructurii jude\u021bene printr-o activitate administrativ\u0103 eficient\u0103, profesionist\u0103 \u0219i orientat\u0103 spre rezultate.\u201d<\/em><\/strong> \u2013 Nicu\u0219or Halici, pre\u0219edintele Consiliului Jude\u021bean Vrancea. (Comunicat de pres\u0103 \u2013 Consiliul Jude\u021bean Vrancea)<\/p>\n<\/div>\n<\/div>\n<div class=\"td_block_wrap td-a-rec td-a-rec-id-custom-spot td-a-rec-img tdi_107 td_block_template_1\">\n<div><a href=\"https:\/\/www.tomitatravel.ro\/\" target=\"blank\" class=\"td_spot_img_all\"><img loading=\"lazy\" decoding=\"async\" src=\"https:\/\/analyse.optim.biz\/wp-content\/uploads\/2025\/12\/banner-tomita_travel-focsani-1200x200-1-43.jpg\" alt=\"Tomi\u021b\u0103 Travel - Agen\u021bie de turism Foc\u0219ani\" width=\"1200\" height=\"200\" title=\"banner-tomita_travel-focsani-1200x200-1-43\"><\/a><a href=\"https:\/\/www.tomitatravel.ro\/\" target=\"blank\" class=\"td_spot_img_mob\"><img loading=\"lazy\" decoding=\"async\" src=\"https:\/\/analyse.optim.biz\/wp-content\/uploads\/2025\/12\/banner-tomita_travel-focsani-350x350-1-40.jpg\" alt=\"Tomi\u021b\u0103 Travel - Agen\u021bie de turism Foc\u0219ani\" width=\"300\" height=\"350\" title=\"banner-tomita_travel-focsani-350x350-1-40\"><\/a><\/div>\n<\/div>\n<div class=\"td_block_wrap td-a-rec td-a-rec-id-custom-spot td-a-rec-img tdi_108 td_block_template_1\">\n<div><a href=\"https:\/\/www.dezromania.ro\/categorii\/category\/14-produse.html\" target=\"blank\" class=\"td_spot_img_all\"><img loading=\"lazy\" decoding=\"async\" src=\"https:\/\/analyse.optim.biz\/wp-content\/uploads\/2025\/12\/banner-1200x200-sipotehnokar-auto-avariate-2025-38.jpg\" alt=\"spot_img\" width=\"1200\" height=\"200\" title=\"banner-1200x200-sipotehnokar-auto-avariate-2025-38\"><\/a><a href=\"https:\/\/www.dezromania.ro\/categorii\/category\/14-produse.html\" target=\"blank\" class=\"td_spot_img_mob\"><img loading=\"lazy\" decoding=\"async\" src=\"https:\/\/analyse.optim.biz\/wp-content\/uploads\/2025\/12\/banner-sipotehnokar-300xx220px-2025-37.jpg\" alt=\"spot_img\" width=\"300\" height=\"220\" title=\"banner-sipotehnokar-300xx220px-2025-37\"><\/a><\/div>\n<\/div>\n<div class=\"td_block_wrap td-a-rec td-a-rec-id-custom-spot td-a-rec-img tdi_109 td_block_template_1\">\n<div><a href=\"https:\/\/haipromo.ro\/\" target=\"blank\" class=\"td_spot_img_all\"><img loading=\"lazy\" decoding=\"async\" src=\"https:\/\/analyse.optim.biz\/wp-content\/uploads\/2025\/12\/banner-hai-promo-1200x200px-37.jpg\" alt=\"HAI PROMO\" width=\"1200\" height=\"200\" title=\"banner-hai-promo-1200x200px-37\"><\/a><a href=\"https:\/\/haipromo.ro\/\" target=\"blank\" class=\"td_spot_img_mob\"><img loading=\"lazy\" decoding=\"async\" src=\"https:\/\/analyse.optim.biz\/wp-content\/uploads\/2025\/12\/banner-hai-promo-350x350px-35.jpg\" alt=\"HAI PROMO\" width=\"350\" height=\"350\" title=\"banner-hai-promo-350x350px-35\"><\/a><\/div>\n<\/div>\n<\/div>\n<\/div>\n<div class=\"vc_column tdi_112  wpb_column vc_column_container tdc-column td-pb-span4\">\n<div class=\"wpb_wrapper\">\n<div class=\"wpb_wrapper td_block_wrap vc_widget_sidebar tdi_114 \">\n<aside id=\"custom_html-12\" class=\"widget_text td_block_template_1 widget custom_html-12 widget_custom_html\">\n<h4 class=\"block-title\"><span>\u2013 PUBLICITATE \u2013<\/span><\/h4>\n<div class=\"textwidget custom-html-widget\"><a href=\"https:\/\/www.facebook.com\/TractariAutoVranceaSOS24\"><source srcset=\"https:\/\/www.jurnaldevrancea.ro\/wp\/wp-content\/webp-express\/webp-images\/uploads\/2024\/11\/BANNER-sos-24-2024-300x300-px.jpg.webp\" type=\"image\/webp\" \/><\/a><a href=\"https:\/\/haipromo.ro\/\"><source srcset=\"https:\/\/www.jurnaldevrancea.ro\/wp\/wp-content\/webp-express\/webp-images\/uploads\/2024\/06\/banner-HAI-PROMO-350x350px.jpg.webp\" type=\"image\/webp\" \/><\/a><a href=\"https:\/\/www.facebook.com\/acnasygcons\"><source srcset=\"https:\/\/www.jurnaldevrancea.ro\/wp\/wp-content\/webp-express\/webp-images\/uploads\/2025\/08\/Banner-350x350px-Asyg-Consulting.jpg.webp\" type=\"image\/webp\" \/><\/a><\/div>\n<\/aside>\n<\/div>\n<div class=\"td_block_wrap tdb_single_tags tdi_115 td-pb-border-top td_block_template_1\" data-td-block-uid=\"tdi_115\">\n<div class=\"tdb-block-inner td-fix-index\">\n<ul class=\"tdb-tags\">\n<li><span>Tags<\/span><\/li>\n<li><a href=\"https:\/\/www.jurnaldevrancea.ro\/tag\/administratie\/\">administratie<\/a><\/li>\n<li><a href=\"https:\/\/www.jurnaldevrancea.ro\/tag\/avizare-lucrari\/\">avizare lucrari<\/a><\/li>\n<li><a href=\"https:\/\/www.jurnaldevrancea.ro\/tag\/consiliul-judetean\/\">consiliul judetean<\/a><\/li>\n<\/ul>\n<\/div>\n<\/div>\n<div class=\"tdm_block td_block_wrap tdm_block_column_title tdi_116 tdm-content-horiz-center td-pb-border-top td_block_template_1\" data-td-block-uid=\"tdi_116\">\n<div class=\"td-block-row\">\n<div class=\"td-block-span12 tdm-col\">\n<div class=\"tds-title tds-title1 td-fix-index tdi_117 \">\n<h3 class=\"tdm-title tdm-title-md\">ARTICOLE SIMILARE<\/h3>\n<\/div>\n<\/div>\n<\/div>\n<\/div>\n<div class=\"td_block_wrap td_flex_block_1 tdi_118 td-pb-border-top td_block_template_1 td_flex_block\" data-td-block-uid=\"tdi_118\">\n<div id=\"tdi_118\" class=\"td_block_inner td-mc1-wrap\">\n<div class=\"td_module_flex td_module_flex_1 td_module_wrap td-animation-stack td-cpt-post\">\n<div class=\"td-module-container td-category-pos-above\">\n<div class=\"td-module-meta-info\"><a href=\"https:\/\/www.jurnaldevrancea.ro\/actualitate\/\" class=\"td-post-category\">Actualitate<\/a><\/p>\n<h3 class=\"entry-title td-module-title\"><a href=\"https:\/\/www.jurnaldevrancea.ro\/impozitul-pe-valoarea-de-piata-a-cladirilor-amanat-pana-in-2027\/\" rel=\"bookmark\" title=\"Impozitul pe valoarea de pia\u021b\u0103 a cl\u0103dirilor, am\u00e2nat p\u00e2n\u0103 \u00een 2027\">Impozitul pe valoarea de pia\u021b\u0103 a cl\u0103dirilor, am\u00e2nat p\u00e2n\u0103 \u00een 2027<\/a><\/h3>\n<div class=\"td-excerpt\">Consiliile locale \u015fi Consiliul General al Municipiului Bucure\u015fti (CGMB) vor aproba, p\u00e2n\u0103 la data&#8230;<\/div>\n<\/div>\n<\/div>\n<\/div>\n<div class=\"td_module_flex td_module_flex_1 td_module_wrap td-animation-stack td-cpt-post\">\n<div class=\"td-module-container td-category-pos-above\">\n<div class=\"td-module-meta-info\"><a href=\"https:\/\/www.jurnaldevrancea.ro\/actualitate\/\" class=\"td-post-category\">Actualitate<\/a><\/p>\n<h3 class=\"entry-title td-module-title\"><a href=\"https:\/\/www.jurnaldevrancea.ro\/academicianul-aurel-iancu-a-primit-astazi-titlul-de-cetatean-de-onoare-al-judetului-vrancea\/\" rel=\"bookmark\" title=\"Academicianul Aurel Iancu a primit ast\u0103zi titlul de \u201eCet\u0103\u021bean de Onoare al Jude\u021bului Vrancea\u201d\">Academicianul Aurel Iancu a primit ast\u0103zi titlul de \u201eCet\u0103\u021bean de Onoare al Jude\u021bului Vrancea\u201d<\/a><\/h3>\n<div class=\"td-excerpt\">Consiliul Jude\u021bean Vrancea a tr\u0103it ast\u0103zi un moment cu profund\u0103 \u00eenc\u0103rc\u0103tur\u0103 emo\u021bional\u0103 \u0219i simbolic\u0103&#8230;.<\/div>\n<\/div>\n<\/div>\n<\/div>\n<\/div>\n<\/div>\n<\/div>\n<\/div>\n<\/div>\n<\/div>\n<div id=\"tdi_119\" class=\"tdc-row\">\n<div class=\"vc_row tdi_120  wpb_row td-pb-row\">\n<div class=\"vc_column tdi_122  wpb_column vc_column_container tdc-column td-pb-span12\">\n<div class=\"wpb_wrapper\">\n<div class=\"tdm_block td_block_wrap tdm_block_column_title tdi_123 tdm-content-horiz-center td-pb-border-top td_block_template_1\" data-td-block-uid=\"tdi_123\">\n<div class=\"td-block-row\">\n<div class=\"td-block-span12 tdm-col\">\n<div class=\"tds-title tds-title1 td-fix-index tdi_124 \">\n<h3 class=\"tdm-title tdm-title-md\">ARTICOLE POPULARE<\/h3>\n<\/div>\n<\/div>\n<\/div>\n<\/div>\n<\/div>\n<\/div>\n<\/div>\n<\/div>\n<div id=\"tdi_125\" class=\"tdc-row\">\n<div class=\"vc_row tdi_126  wpb_row td-pb-row\">\n<div class=\"vc_column tdi_128  wpb_column vc_column_container tdc-column td-pb-span12\">\n<div class=\"wpb_wrapper\">\n<div class=\"td_block_wrap td_flex_block_1 tdi_129 td-pb-border-top td_block_template_1 td_flex_block\" data-td-block-uid=\"tdi_129\">\n<div id=\"tdi_129\" class=\"td_block_inner td-mc1-wrap\">\n<div class=\"td_module_flex td_module_flex_1 td_module_wrap td-animation-stack td-cpt-post\">\n<div class=\"td-module-container td-category-pos-above\">\n<div class=\"td-module-meta-info\"><a href=\"https:\/\/www.jurnaldevrancea.ro\/actualitate\/\" class=\"td-post-category\">Actualitate<\/a><\/p>\n<h3 class=\"entry-title td-module-title\"><a href=\"https:\/\/www.jurnaldevrancea.ro\/alerta-epidemiologica-in-vrancea-doua-femei-sunt-internate-in-stare-grava-la-ati-cu-suspiciune-de-botulism\/\" rel=\"bookmark\" title=\"Alert\u0103 epidemiologic\u0103 \u00een Vrancea! Dou\u0103 femei sunt internate \u00een stare grav\u0103 la ATI cu suspiciune de botulism\">Alert\u0103 epidemiologic\u0103 \u00een Vrancea! Dou\u0103 femei sunt internate \u00een stare grav\u0103 la ATI cu suspiciune de botulism<\/a><\/h3>\n<div class=\"td-excerpt\">Dou\u0103 cazuri suspecte de botulism au fost raportate \u00een jude\u021bul Vrancea \u00een intervalul 10\u201311&#8230;<\/div>\n<div class=\"td-editor-date\"><span class=\"td-author-date\"><span class=\"td-post-date\"><time class=\"entry-date updated td-module-date\" datetime=\"2025-12-13T08:18:55+02:00\">13\/12\/2025<\/time><\/span><\/span><\/div>\n<\/div>\n<\/div>\n<\/div>\n<div class=\"td_module_flex td_module_flex_1 td_module_wrap td-animation-stack td-cpt-post\">\n<div class=\"td-module-container td-category-pos-above\">\n<div class=\"td-module-meta-info\"><a href=\"https:\/\/www.jurnaldevrancea.ro\/actualitate\/\" class=\"td-post-category\">Actualitate<\/a><\/p>\n<h3 class=\"entry-title td-module-title\"><a href=\"https:\/\/www.jurnaldevrancea.ro\/crangul-petresti-locul-unde-sarbatorile-revin-la-radacini-care-este-programul-spectacolelor-organizate-in-apropierea-craciunului\/\" rel=\"bookmark\" title=\"Cr\u00e2ngul Petre\u0219ti, locul unde s\u0103rb\u0103torile revin la r\u0103d\u0103cini! Care este programul spectacolelor organizate \u00een apropierea Cr\u0103ciunului\">Cr\u00e2ngul Petre\u0219ti, locul unde s\u0103rb\u0103torile revin la r\u0103d\u0103cini! Care este programul spectacolelor organizate \u00een apropierea Cr\u0103ciunului<\/a><\/h3>\n<div class=\"td-excerpt\">\n<p>Din 19 decembrie, Cr\u00e2ngul Petre\u0219ti se transform\u0103 \u00eentr-un spa\u021biu \u00een care s\u0103rb\u0103torile de iarn\u0103&#8230;<\/p><\/div>\n<div class=\"td-editor-date\"><span class=\"td-author-date\"><span class=\"td-post-date\"><time class=\"entry-date updated td-module-date\" datetime=\"2025-12-15T18:34:09+02:00\">15\/12\/2025<\/time><\/span><\/span><\/div>\n<\/div>\n<\/div>\n<\/div>\n<div class=\"td_module_flex td_module_flex_1 td_module_wrap td-animation-stack td-cpt-post\">\n<div class=\"td-module-container td-category-pos-above\">\n<div class=\"td-module-meta-info\"><a href=\"https:\/\/www.jurnaldevrancea.ro\/actualitate\/\" class=\"td-post-category\">Actualitate<\/a><\/p>\n<h3 class=\"entry-title td-module-title\"><a href=\"https:\/\/www.jurnaldevrancea.ro\/doliu-in-comunitatea-din-adjud-a-murit-profesoara-simona-ceamburu\/\" rel=\"bookmark\" title=\"Doliu \u00een comunitatea din Adjud! A murit profesoara Simona Ceamburu!\">Doliu \u00een comunitatea din Adjud! A murit profesoara Simona Ceamburu!<\/a><\/h3>\n<div class=\"td-excerpt\">Colegiul Tehnic \u201eGh. Bal\u0219\u201d din Adjud a anun\u021bat cu mare triste\u021be moartea profesoarei de&#8230;<\/div>\n<div class=\"td-editor-date\"><span class=\"td-author-date\"><span class=\"td-post-date\"><time class=\"entry-date updated td-module-date\" datetime=\"2025-12-11T15:19:24+02:00\">11\/12\/2025<\/time><\/span><\/span><\/div>\n<\/div>\n<\/div>\n<\/div>\n<\/div>\n<\/div>\n<\/div>\n<\/div>\n<\/div>\n<\/div>\n<\/div>\n<\/div>\n<p><span class=\"td-page-meta\"><\/span><span class=\"td-page-meta\"><span class=\"td-page-meta\"><\/span><\/span><span class=\"td-page-meta\"><\/span><\/article>\n<p> Source URL: https:\/\/www.jurnaldevrancea.ro\/consiliul-judetean-vrancea-sprijina-investitiile-majore-din-judet-prin-avizarea-si-autorizarea-lucrarilor-de-constructii\/<\/p>\n","protected":false},"excerpt":{"rendered":"<p>Acas\u0103ActualitateConsiliul Jude\u021bean Vrancea sprijin\u0103 investi\u021biile majore din jude\u021b, prin avizarea \u0219i autorizarea lucr\u0103rilor de construc\u021bii ActualitateAdministra\u021bie Consiliul Jude\u021bean Vrancea sprijin\u0103 investi\u021biile majore din jude\u021b, prin avizarea \u0219i autorizarea lucr\u0103rilor de construc\u021bii DE:Editor Online 25\/11\/2025 48 Facebook Twitter WhatsApp Imprimare \u00cen spatele fiec\u0103rui drum modernizat, a fiec\u0103rei re\u021bele de utilit\u0103\u021bi extinse sau a fiec\u0103rui obiectiv de [&hellip;]<\/p>\n","protected":false},"author":1,"featured_media":1125111,"comment_status":"open","ping_status":"","sticky":false,"template":"","format":"standard","meta":{"footnotes":""},"categories":[89],"tags":[207],"class_list":["post-1125110","post","type-post","status-publish","format-standard","has-post-thumbnail","hentry","category-romania","tag-jurnaldevrancea-ro"],"_links":{"self":[{"href":"https:\/\/analyse.optim.biz\/index.php?rest_route=\/wp\/v2\/posts\/1125110","targetHints":{"allow":["GET"]}}],"collection":[{"href":"https:\/\/analyse.optim.biz\/index.php?rest_route=\/wp\/v2\/posts"}],"about":[{"href":"https:\/\/analyse.optim.biz\/index.php?rest_route=\/wp\/v2\/types\/post"}],"author":[{"embeddable":true,"href":"https:\/\/analyse.optim.biz\/index.php?rest_route=\/wp\/v2\/users\/1"}],"replies":[{"embeddable":true,"href":"https:\/\/analyse.optim.biz\/index.php?rest_route=%2Fwp%2Fv2%2Fcomments&post=1125110"}],"version-history":[{"count":0,"href":"https:\/\/analyse.optim.biz\/index.php?rest_route=\/wp\/v2\/posts\/1125110\/revisions"}],"wp:featuredmedia":[{"embeddable":true,"href":"https:\/\/analyse.optim.biz\/index.php?rest_route=\/wp\/v2\/media\/1125111"}],"wp:attachment":[{"href":"https:\/\/analyse.optim.biz\/index.php?rest_route=%2Fwp%2Fv2%2Fmedia&parent=1125110"}],"wp:term":[{"taxonomy":"category","embeddable":true,"href":"https:\/\/analyse.optim.biz\/index.php?rest_route=%2Fwp%2Fv2%2Fcategories&post=1125110"},{"taxonomy":"post_tag","embeddable":true,"href":"https:\/\/analyse.optim.biz\/index.php?rest_route=%2Fwp%2Fv2%2Ftags&post=1125110"}],"curies":[{"name":"wp","href":"https:\/\/api.w.org\/{rel}","templated":true}]}}