{"id":112308,"date":"2018-07-18T18:17:18","date_gmt":"2018-07-18T15:17:18","guid":{"rendered":"https:\/\/analyse.optim.biz\/?p=112308"},"modified":"2018-07-18T18:17:18","modified_gmt":"2018-07-18T15:17:18","slug":"sedinta-a-conducerii-parlamentului-joi-seara-vlad-alexandrescu-ne-cheama-sa-decidem-ceva-dar-nu-stim-ce-planuiesc","status":"publish","type":"post","link":"https:\/\/analyse.optim.biz\/?p=112308","title":{"rendered":"\u0218edin\u021b\u0103 a conducerii Parlamentului, joi sear\u0103. Vlad Alexandrescu: Ne cheam\u0103 s\u0103 decidem ceva, dar nu \u015ftim ce pl\u0103nuiesc"},"content":{"rendered":"<div class=\"entry data-app-meta data-app-meta-article\" data-embed-base-url-canonical=\"https:\/\/www.digi24.ro\/embed\/stiri\/actualitate\/politica\/sedinta-a-conducerii-parlamentului-maine-seara-vlad-alexandrescu-ne-cheama-sa-decidem-ceva-dar-nu-stim-ce-planuiesc-966049\">\n<p data-index=\"1\"><span lang=\"ro-RO\"><strong>Conducerea Senatului \u015fi a Camerei Deputa\u0163ilor se reunesc joi sear\u0103 la ora 18:00. \u00cenainte de a pleca \u00een vacan\u0163\u0103, ale\u015fii mai au ni\u015fte lucruri de rezolvat la Parlament. \u00cen aceea\u015fi zi, guvernul are ultima \u015fans\u0103 din vara aceasta s\u0103 dea ordonan\u0163e de urgen\u0163\u0103, motiv pentru care a convocat o \u015fedin\u0163\u0103.<\/strong><\/span><\/p>\n<p data-index=\"2\"><span lang=\"ro-RO\">Biroul permanent al Senatului a fost convocat joi, de la ora 18.00, \u00een ultima de zi a sesiunii extraordinare a Parlamentului. Acela\u0219i lucru s-a \u00eent\u00e2mplat \u0219i la Camera Deputa\u021bilor.<\/span><\/p>\n<p data-index=\"3\"><span lang=\"ro-RO\">Aceasta, \u00een condi\u021biile \u00een care \u00een \u0219edin\u021ba de Guvern de mar\u021bi au fost adoptate ordonan\u021be de urgen\u021b\u0103, care trebuie s\u0103 intre \u00een procedura parlamentar\u0103, iar <a href=\"https:\/\/www.digi24.ro\/stiri\/actualitate\/justitie\/guvernul-se-reuneste-azi-in-sedinta-toti-liderii-politici-inclusiv-dragnea-au-negat-o-oug-privind-amnistia-si-gratierea-965070\" target=\"_blank\" rel=\"noopener\" data-skip-linkfix=\"1\">m\u00e2ine are loc o nou\u0103 \u0219edin\u021b\u0103 a Executivului<\/a>.<\/span><\/p>\n<p data-index=\"4\"><span lang=\"ro-RO\">Reuniunea Guvernului are loc pe fondul informa\u0163iilor privind posibilitatea adopt\u0103rii unei Ordonan\u0163e de urgen\u0163\u0103 pentru <a href=\"https:\/\/www.digi24.ro\/stiri\/actualitate\/justitie\/noua-controversa-oug-13-ce-sunt-amnistia-si-gratierea-965249\" target=\"_blank\" rel=\"noopener\" data-skip-linkfix=\"1\">amnistierea \u015fi gra\u0163iere<\/a>a unor fapte de corup\u0163ie. <\/span><\/p>\n<p data-index=\"5\"><span lang=\"ro-RO\">Senatorul USR Vlad Alexandrescu spune c\u0103 senatorii au fost convoca\u0163i \u00een \u015fedin\u0163\u0103 prin SMS, f\u0103r\u0103 niciun fel de explica\u0163ie \u015fi f\u0103r\u0103 niciun fel de ordine de zi. <\/span><\/p>\n<p data-index=\"6\">\u201e<span lang=\"ro-RO\">Ne cheam\u0103 s\u0103 decidem ceva m\u00e2ine, dar nu \u015ftim ce trebuie s\u0103 decidem, nu \u015ftim ce pl\u0103nuiesc. Cel mai probabil, vor s\u0103 prelungeasc\u0103 sesiunea extraordinar\u0103 a Senatului p\u00e2n\u0103 pe 10 august, cum spun unele surse, dar nu putem fi siguri, c\u0103ci democra\u0163ia se face \u00een secret \u00een Parlamentul Rom\u00e2niei, din c\u00e2te se vede\u201d, a scris Alexandrescu pe contul s\u0103u de Facebook.<\/span><\/p>\n<p data-index=\"7\"><span lang=\"ro-RO\">El spune c\u0103 a cerut detalii, dar Secretariatul General al Senatului a spus c\u0103 nu \u015ftie de ce a fost convocat\u0103 \u015fedin\u0163a.<\/span><\/p>\n<p data-index=\"8\">\u201e<span lang=\"ro-RO\">Am sunat la Direc\u0163ia Secretariatului General, am dat de \u015feful direc\u0163iei \u015fi l-am \u00eentrebat pentru ce ne convoac\u0103 m\u00e2ine, ce trebuie s\u0103 discut\u0103m, care este temeiul \u00eent\u00e2lnirii. R\u0103spunsul clasic: nici eu nu \u015ftiu, am primit un telefon, eu sunt un simplu func\u0163ionar etc. Oamenii \u0103\u015ftia ac\u0163ioneaz\u0103 \u00een cel mai sovietic stil posibil, numai Stalin mai convoca adun\u0103ri la 2 noaptea cu o or\u0103 \u00eenainte printr-un simplu telefon. Nimic scris, regulamentul este complet ignorat\u201d, a mai scris senatorul USR.<\/span><\/p>\n<\/div>\n<p> Source URL: https:\/\/www.digi24.ro\/stiri\/actualitate\/politica\/sedinta-a-conducerii-parlamentului-maine-seara-vlad-alexandrescu-ne-cheama-sa-decidem-ceva-dar-nu-stim-ce-planuiesc-966049<\/p>\n","protected":false},"excerpt":{"rendered":"<p>Conducerea Senatului \u015fi a Camerei Deputa\u0163ilor se reunesc joi sear\u0103 la ora 18:00. \u00cenainte de a pleca \u00een vacan\u0163\u0103, ale\u015fii mai au ni\u015fte lucruri de rezolvat la Parlament. \u00cen aceea\u015fi zi, guvernul are ultima \u015fans\u0103 din vara aceasta s\u0103 dea ordonan\u0163e de urgen\u0163\u0103, motiv pentru care a convocat o \u015fedin\u0163\u0103. Biroul permanent al Senatului a [&hellip;]<\/p>\n","protected":false},"author":1,"featured_media":112309,"comment_status":"open","ping_status":"","sticky":false,"template":"","format":"standard","meta":{"footnotes":""},"categories":[2],"tags":[11],"class_list":["post-112308","post","type-post","status-publish","format-standard","has-post-thumbnail","hentry","category-politics","tag-digi24"],"_links":{"self":[{"href":"https:\/\/analyse.optim.biz\/index.php?rest_route=\/wp\/v2\/posts\/112308","targetHints":{"allow":["GET"]}}],"collection":[{"href":"https:\/\/analyse.optim.biz\/index.php?rest_route=\/wp\/v2\/posts"}],"about":[{"href":"https:\/\/analyse.optim.biz\/index.php?rest_route=\/wp\/v2\/types\/post"}],"author":[{"embeddable":true,"href":"https:\/\/analyse.optim.biz\/index.php?rest_route=\/wp\/v2\/users\/1"}],"replies":[{"embeddable":true,"href":"https:\/\/analyse.optim.biz\/index.php?rest_route=%2Fwp%2Fv2%2Fcomments&post=112308"}],"version-history":[{"count":0,"href":"https:\/\/analyse.optim.biz\/index.php?rest_route=\/wp\/v2\/posts\/112308\/revisions"}],"wp:featuredmedia":[{"embeddable":true,"href":"https:\/\/analyse.optim.biz\/index.php?rest_route=\/wp\/v2\/media\/112309"}],"wp:attachment":[{"href":"https:\/\/analyse.optim.biz\/index.php?rest_route=%2Fwp%2Fv2%2Fmedia&parent=112308"}],"wp:term":[{"taxonomy":"category","embeddable":true,"href":"https:\/\/analyse.optim.biz\/index.php?rest_route=%2Fwp%2Fv2%2Fcategories&post=112308"},{"taxonomy":"post_tag","embeddable":true,"href":"https:\/\/analyse.optim.biz\/index.php?rest_route=%2Fwp%2Fv2%2Ftags&post=112308"}],"curies":[{"name":"wp","href":"https:\/\/api.w.org\/{rel}","templated":true}]}}