{"id":1120640,"date":"2025-12-18T00:15:03","date_gmt":"2025-12-17T21:15:03","guid":{"rendered":"https:\/\/analyse.optim.biz\/?p=1120640"},"modified":"2025-12-18T00:15:03","modified_gmt":"2025-12-17T21:15:03","slug":"video-incendiu-in-toiul-noptii-in-judetul-suceava-o-casa-a-luat-foc","status":"publish","type":"post","link":"https:\/\/analyse.optim.biz\/?p=1120640","title":{"rendered":"VIDEO Incendiu \u00een toiul nop\u021bii \u00een jude\u021bul Suceava. O cas\u0103 a luat foc"},"content":{"rendered":"<div class=\"entry-content\">\n<p><a href=\"https:\/\/www.botosaninews.ro\/wp-content\/uploads\/2025\/12\/incendiu.jpeg\"><img decoding=\"async\" loading=\"lazy\" class=\"alignright size-medium wp-image-713553\" src=\"https:\/\/analyse.optim.biz\/wp-content\/uploads\/2025\/12\/incendiu-225x300-1.jpeg\" width=\"225\" height=\"300\" title=\"incendiu-225x300-1\"><\/a>Un incendiu a avut loc, \u00een noaptea de mar\u021bi spre miercuri, \u00een jude\u021bul Suceava. Pompierii militari de la subunit\u0103\u021bile din Vicovu de Sus \u0219i R\u0103d\u0103u\u021bi, \u00eempreun\u0103 cu lucr\u0103torii Serviciilor Voluntare pentru Situa\u021bii de Urgen\u021b\u0103 din Voitinel, Bilca \u0219i G\u0103l\u0103ne\u0219ti, au intervenit cu \u0219ase autospeciale de stingere \u0219i o ambulan\u021b\u0103 SMURD pentru localizarea \u0219i lichidarea unui incendiu izbucnit la o gospod\u0103rie din localitatea Voitinel.<\/p>\n<p>La sosirea echipajelor, incendiul se manifesta generalizat la trei anexe gospod\u0103re\u0219ti, exist\u00e2nd pericolul de propagare la \u00eentreaga gospod\u0103rie (format\u0103 din contruc\u021bii corp comun), dar \u0219i la vecin\u0103t\u0103\u021bi.<\/p>\n<p>Au ars camera centralei, acoperi\u0219ul acesteia \u0219i bunurile din interior, precum \u0219i acoperi\u0219urile de la o buc\u0103t\u0103rie de var\u0103 \u0219i de la un garaj, suprafa\u021ba total\u0103 afectat\u0103 fiind de aproximativ 120 de metri p\u0103tra\u021bi. Fl\u0103c\u0103rile au degradat tavanul buc\u0103t\u0103riei \u0219i al garajului, dar \u0219i bunuri materiale din acestea.<\/p>\n<p>Incendiul a izbucnit, cel mai probabil, din cauza jarului c\u0103zut din sistemul de \u00eenc\u0103lzire (central\u0103 termic\u0103), care a aprins materialele combustibile din apropiere.\u00a0Din fericire, nu s-au \u00eenregistrat victime, iar pompierii au salvat casa de locuit \u0219i ad\u0103postul de animale (din care au evacuat un porc, doi iepuri \u0219i 30 de p\u0103s\u0103ri de curte), dar \u0219i o magazie din vecin\u0103tate, cu bunurile aferente.<\/p>\n<div class=\"wp-video\"><video class=\"wp-video-shortcode\" id=\"video-318366-1\" width=\"464\" height=\"832\" preload=\"metadata\" controls=\"controls\"><source type=\"video\/mp4\" src=\"https:\/\/suceavanews.ro\/wp-content\/uploads\/2025\/12\/incendiu.mp4?_=1\" \/><a href=\"https:\/\/suceavanews.ro\/wp-content\/uploads\/2025\/12\/incendiu.mp4\">https:\/\/suceavanews.ro\/wp-content\/uploads\/2025\/12\/incendiu.mp4<\/a><\/video><\/div>\n<\/div>\n","protected":false},"excerpt":{"rendered":"<p>Un incendiu a avut loc, \u00een noaptea de mar\u021bi spre miercuri, \u00een jude\u021bul Suceava. Pompierii militari de la subunit\u0103\u021bile din Vicovu de Sus \u0219i R\u0103d\u0103u\u021bi, \u00eempreun\u0103 cu lucr\u0103torii Serviciilor Voluntare pentru Situa\u021bii de Urgen\u021b\u0103 din Voitinel, Bilca \u0219i G\u0103l\u0103ne\u0219ti, au intervenit cu \u0219ase autospeciale de stingere \u0219i o ambulan\u021b\u0103 SMURD pentru localizarea \u0219i lichidarea unui [&hellip;]<\/p>\n","protected":false},"author":1,"featured_media":1120641,"comment_status":"open","ping_status":"","sticky":false,"template":"","format":"standard","meta":{"footnotes":""},"categories":[89],"tags":[174],"class_list":["post-1120640","post","type-post","status-publish","format-standard","has-post-thumbnail","hentry","category-romania","tag-suceavanews-ro"],"_links":{"self":[{"href":"https:\/\/analyse.optim.biz\/index.php?rest_route=\/wp\/v2\/posts\/1120640","targetHints":{"allow":["GET"]}}],"collection":[{"href":"https:\/\/analyse.optim.biz\/index.php?rest_route=\/wp\/v2\/posts"}],"about":[{"href":"https:\/\/analyse.optim.biz\/index.php?rest_route=\/wp\/v2\/types\/post"}],"author":[{"embeddable":true,"href":"https:\/\/analyse.optim.biz\/index.php?rest_route=\/wp\/v2\/users\/1"}],"replies":[{"embeddable":true,"href":"https:\/\/analyse.optim.biz\/index.php?rest_route=%2Fwp%2Fv2%2Fcomments&post=1120640"}],"version-history":[{"count":0,"href":"https:\/\/analyse.optim.biz\/index.php?rest_route=\/wp\/v2\/posts\/1120640\/revisions"}],"wp:featuredmedia":[{"embeddable":true,"href":"https:\/\/analyse.optim.biz\/index.php?rest_route=\/wp\/v2\/media\/1120641"}],"wp:attachment":[{"href":"https:\/\/analyse.optim.biz\/index.php?rest_route=%2Fwp%2Fv2%2Fmedia&parent=1120640"}],"wp:term":[{"taxonomy":"category","embeddable":true,"href":"https:\/\/analyse.optim.biz\/index.php?rest_route=%2Fwp%2Fv2%2Fcategories&post=1120640"},{"taxonomy":"post_tag","embeddable":true,"href":"https:\/\/analyse.optim.biz\/index.php?rest_route=%2Fwp%2Fv2%2Ftags&post=1120640"}],"curies":[{"name":"wp","href":"https:\/\/api.w.org\/{rel}","templated":true}]}}