{"id":1120621,"date":"2018-04-11T12:20:44","date_gmt":"2018-04-11T09:20:44","guid":{"rendered":"https:\/\/analyse.optim.biz\/?p=1120621"},"modified":"2018-04-11T12:20:44","modified_gmt":"2018-04-11T09:20:44","slug":"balul-gospodarilor-din-fundu-moldovei-aduna-an-de-an-sute-de-persoane-iubitoare-de-muzica-populara-si-autentic-suceavalive","status":"publish","type":"post","link":"https:\/\/analyse.optim.biz\/?p=1120621","title":{"rendered":"Balul Gospodarilor din Fundu Moldovei adun\u0103 an de an sute de persoane iubitoare de muzic\u0103 popular\u0103 \u0219i autentic &#8211; SuceavaLIVE"},"content":{"rendered":"<article id=\"post-107075\" class=\"clearfix post-107075 post type-post status-publish format-standard has-post-thumbnail hentry category-slide category-emisiuni category-hoinar category-categoria-social\">\n<header id=\"cb-standard-featured\">\n<div class=\"cb-mask\"><img decoding=\"async\" width=\"720\" height=\"400\" src=\"https:\/\/analyse.optim.biz\/wp-content\/uploads\/2025\/12\/olguta-720x400-1.jpg\" class=\"cb-fi-standard wp-post-image\" alt=\"OLGUTA BERBEC LA FUNDU MOLDOVEI\" loading=\"lazy\" title=\"olguta-720x400-1\"><\/div>\n<div id=\"cb-fis-wrap\" class=\"cb-entry-header cb-fis cb-style-standard\"><span class=\"cb-title-fi\"><\/p>\n<h1 class=\"entry-title cb-entry-title cb-single-title\">Balul Gospodarilor din Fundu Moldovei adun\u0103 an de an sute de persoane iubitoare de muzic\u0103 popular\u0103 \u0219i autentic<\/h1>\n<div class=\"cb-byline cb-font-header\">\n<div class=\"cb-date cb-byline-element\"><time datetime=\"2018-04-11\">11 aprilie 2018<\/time><\/div>\n<\/div>\n<p><\/span><\/div>\n<\/header>\n<section class=\"cb-entry-content entry-content clearfix\">\n<iframe loading=\"lazy\" src=\"https:\/\/www.youtube.com\/embed\/Jzx9oUQmUH4\" width=\"560\" height=\"315\" frameborder allowfullscreen=\"allowfullscreen\"><\/iframe>\n<\/section>\n<footer class=\"article-footer\">\n<div class=\"cb-social-sharing cb-post-footer-block cb-beside clearfix\">\n<div class=\"cb-title-subtle\">Share On:<\/div>\n<div class=\"cb-twitter\"><a href=\"https:\/\/twitter.com\/share\" class=\"twitter-share-button\" data-dnt=\"true\" data-count=\"horizontal\">Tweet<\/a><\/div>\n<\/div>\n<div id=\"cb-previous-next-links\" class=\"cb-post-footer-block clearfix\">\n<div id=\"cb-previous-link\"><a href=\"https:\/\/suceavalive.ro\/isu-suceava-reia-activitatea-de-recrutare-pentru-programul-salvator-din-pasiune\/\" rel=\"prev\">ISU Suceava reia activitatea de recrutare pentru programul \u201eSalvator din pasiune\u201d<\/a><\/div>\n<div id=\"cb-next-link\"><a href=\"https:\/\/suceavalive.ro\/in-burdujeni-sat-se-va-construi-o-gradinita-cu-fonduri-europene\/\" rel=\"next\">\u00cen Burdujeni Sat se va construi o gr\u0103dini\u021b\u0103, cu fonduri europene<\/a><\/div>\n<\/div>\n<div id=\"cb-author-box\" class=\"clearfix\">\n<h3 class=\"cb-block-title\">Despre autor<\/h3>\n<div class=\"cb-mask\"><a href=\"https:\/\/suceavalive.ro\/author\/suceavalive\/\"><img decoding=\"async\" src=\"https:\/\/analyse.optim.biz\/wp-content\/uploads\/2025\/12\/d542cd85af72d7d3afad0d26982263c9a64170e87d978956298bfb0122b00b8c-201.jpg\" class=\"avatar avatar-120 photo\" height=\"120\" width=\"120\" loading=\"lazy\" title=\"d542cd85af72d7d3afad0d26982263c9a64170e87d978956298bfb0122b00b8c-201\"><\/a><\/div>\n<div class=\"cb-meta\">\n<div class=\"cb-info\">\n<div class=\"cb-author-title vcard\"><a href=\"https:\/\/suceavalive.ro\/author\/suceavalive\/\"><span class=\"fn\">SuceavaLive<\/span><\/a><\/div>\n<\/div>\n<\/div>\n<\/div>\n<div id=\"cb-related-posts\" class=\"cb-related-posts-block cb-post-end-block clearfix\">\n<h3 class=\"cb-block-title\">Postari asemanatoare<\/h3>\n<ul>\n<li class=\"cb-style-overlay cb-grid-entry cb-related-post no-1\">\n<div class=\"cb-mask\"><a href=\"https:\/\/suceavalive.ro\/uniunea-polonezilor-din-romania-a-adus-bucuria-craciunului-in-randul-copiilor-din-judetul-suceava\/\"><img decoding=\"async\" width=\"360\" height=\"240\" src=\"https:\/\/analyse.optim.biz\/wp-content\/uploads\/2025\/12\/polonezi-cadouri-360x240-9.png\" class=\"attachment-cb-360-240 size-cb-360-240 wp-post-image\" loading=\"lazy\" title=\"polonezi-cadouri-360x240-9\"><\/a><\/div>\n<div class=\"cb-meta cb-article-meta\">\n<h4 class=\"h3 cb-post-title\"><a href=\"https:\/\/suceavalive.ro\/uniunea-polonezilor-din-romania-a-adus-bucuria-craciunului-in-randul-copiilor-din-judetul-suceava\/\">Uniunea Polonezilor din Rom\u00e2nia a adus bucuria Cr\u0103ciunului \u00een r\u00e2ndul copiilor din jude\u021bul Suceava<\/a><\/h4>\n<div class=\"cb-byline cb-font-header\">\n<div class=\"cb-date cb-byline-element\"><time datetime=\"2025-12-17\">17 decembrie 2025<\/time><\/div>\n<\/div>\n<\/div>\n<\/li>\n<li class=\"cb-style-overlay cb-grid-entry cb-related-post no-2\">\n<div class=\"cb-mask\"><a href=\"https:\/\/suceavalive.ro\/presedintele-soldan-aeroportul-suceava-intra-in-liga-marilor-aeroporturi-europene-prin-implementarea-sistemului-ils-cat-iii\/\"><img decoding=\"async\" width=\"360\" height=\"240\" src=\"https:\/\/analyse.optim.biz\/wp-content\/uploads\/2025\/12\/soldan-avioane-360x240-9.png\" class=\"attachment-cb-360-240 size-cb-360-240 wp-post-image\" loading=\"lazy\" title=\"soldan-avioane-360x240-9\"><\/a><\/div>\n<div class=\"cb-meta cb-article-meta\">\n<h4 class=\"h3 cb-post-title\"><a href=\"https:\/\/suceavalive.ro\/presedintele-soldan-aeroportul-suceava-intra-in-liga-marilor-aeroporturi-europene-prin-implementarea-sistemului-ils-cat-iii\/\">Pre\u0219edintele \u0218oldan: \u201eAeroportul\u00a0Suceava intr\u0103 \u00een liga marilor aeroporturi europene prin implementarea sistemului ILS CAT III\u201d<\/a><\/h4>\n<div class=\"cb-byline cb-font-header\">\n<div class=\"cb-date cb-byline-element\"><time datetime=\"2025-12-17\">17 decembrie 2025<\/time><\/div>\n<\/div>\n<\/div>\n<\/li>\n<\/ul>\n<\/div>\n<\/footer>\n<div id=\"respond\" class=\"comment-respond\">\n<h3 id=\"reply-title\" class=\"comment-reply-title\">Lasa un raspuns <small><a rel=\"nofollow\" id=\"cancel-comment-reply-link\" href=\"https:\/\/suceavalive.ro\/balul-gospodarilor-din-fundu-moldovei-aduna-an-de-an-sute-de-persoane-iubitoare-de-muzica-populara-si-autentic\/#respond\">Anuleaza raspunsul<\/a><\/small><\/h3>\n<p class=\"comment-notes\">Adresa ta de email nu va fi publicat\u0103.<\/p>\n<\/div>\n<\/article>\n<p> Source URL: https:\/\/suceavalive.ro\/balul-gospodarilor-din-fundu-moldovei-aduna-an-de-an-sute-de-persoane-iubitoare-de-muzica-populara-si-autentic\/<\/p>\n","protected":false},"excerpt":{"rendered":"<p>Balul Gospodarilor din Fundu Moldovei adun\u0103 an de an sute de persoane iubitoare de muzic\u0103 popular\u0103 \u0219i autentic 11 aprilie 2018 Share On: Tweet ISU Suceava reia activitatea de recrutare pentru programul \u201eSalvator din pasiune\u201d \u00cen Burdujeni Sat se va construi o gr\u0103dini\u021b\u0103, cu fonduri europene Despre autor SuceavaLive Postari asemanatoare Uniunea Polonezilor din Rom\u00e2nia [&hellip;]<\/p>\n","protected":false},"author":1,"featured_media":1120622,"comment_status":"open","ping_status":"","sticky":false,"template":"","format":"standard","meta":{"footnotes":""},"categories":[89],"tags":[173],"class_list":["post-1120621","post","type-post","status-publish","format-standard","has-post-thumbnail","hentry","category-romania","tag-suceavalive-ro"],"_links":{"self":[{"href":"https:\/\/analyse.optim.biz\/index.php?rest_route=\/wp\/v2\/posts\/1120621","targetHints":{"allow":["GET"]}}],"collection":[{"href":"https:\/\/analyse.optim.biz\/index.php?rest_route=\/wp\/v2\/posts"}],"about":[{"href":"https:\/\/analyse.optim.biz\/index.php?rest_route=\/wp\/v2\/types\/post"}],"author":[{"embeddable":true,"href":"https:\/\/analyse.optim.biz\/index.php?rest_route=\/wp\/v2\/users\/1"}],"replies":[{"embeddable":true,"href":"https:\/\/analyse.optim.biz\/index.php?rest_route=%2Fwp%2Fv2%2Fcomments&post=1120621"}],"version-history":[{"count":0,"href":"https:\/\/analyse.optim.biz\/index.php?rest_route=\/wp\/v2\/posts\/1120621\/revisions"}],"wp:featuredmedia":[{"embeddable":true,"href":"https:\/\/analyse.optim.biz\/index.php?rest_route=\/wp\/v2\/media\/1120622"}],"wp:attachment":[{"href":"https:\/\/analyse.optim.biz\/index.php?rest_route=%2Fwp%2Fv2%2Fmedia&parent=1120621"}],"wp:term":[{"taxonomy":"category","embeddable":true,"href":"https:\/\/analyse.optim.biz\/index.php?rest_route=%2Fwp%2Fv2%2Fcategories&post=1120621"},{"taxonomy":"post_tag","embeddable":true,"href":"https:\/\/analyse.optim.biz\/index.php?rest_route=%2Fwp%2Fv2%2Ftags&post=1120621"}],"curies":[{"name":"wp","href":"https:\/\/api.w.org\/{rel}","templated":true}]}}