{"id":1118817,"date":"2025-12-02T16:48:44","date_gmt":"2025-12-02T13:48:44","guid":{"rendered":"https:\/\/analyse.optim.biz\/?p=1118817"},"modified":"2025-12-02T16:48:44","modified_gmt":"2025-12-02T13:48:44","slug":"consilierii-judeteni-au-aprobat-astazi-documentatiile-pentru-lucrarile-de-refacere-a-drumurilor-judetene-afectate-de-calamitati-jurnal-de-vrancea-stiri-din-vrancea-si-focsani","status":"publish","type":"post","link":"https:\/\/analyse.optim.biz\/?p=1118817","title":{"rendered":"Consilierii jude\u021beni au aprobat ast\u0103zi documenta\u021biile pentru lucr\u0103rile de refacere a drumurilor jude\u021bene afectate de calamit\u0103\u021bi | Jurnal de Vrancea &#8211; Stiri din Vrancea si Focsani"},"content":{"rendered":"<article id=\"template-id-121345\" class=\"post-121345 tdb_templates type-tdb_templates status-publish post\">\n<div id=\"tdi_73\" class=\"tdc-zone\">\n<div class=\"tdc_zone tdi_74  wpb_row td-pb-row\">\n<div id=\"tdi_75\" class=\"tdc-row\">\n<div class=\"vc_row tdi_76  wpb_row td-pb-row\">\n<div class=\"vc_column tdi_78  wpb_column vc_column_container tdc-column td-pb-span12\">\n<div class=\"wpb_wrapper\">\n<div class=\"td_block_wrap td-a-rec td-a-rec-id-custom-spot td-a-rec-img tdi_79 td_block_template_1\">\n<div><a href target=\"blank\" class=\"td_spot_img_all\"><img loading=\"lazy\" decoding=\"async\" src=\"https:\/\/analyse.optim.biz\/wp-content\/uploads\/2025\/12\/banner-aurora-multimarket-1200x200px-41-1.jpg\" alt=\"spot_img\" width=\"1200\" height=\"200\" title=\"banner-aurora-multimarket-1200x200px-41-1\"><\/a><a href target=\"blank\" class=\"td_spot_img_mob\"><img loading=\"lazy\" decoding=\"async\" src=\"https:\/\/analyse.optim.biz\/wp-content\/uploads\/2025\/12\/banner-aurora-multimarket-350x350px-45-1.jpg\" alt=\"spot_img\" width=\"300\" height=\"350\" title=\"banner-aurora-multimarket-350x350px-45-1\"><\/a><\/div>\n<\/div>\n<\/div>\n<\/div>\n<\/div>\n<\/div>\n<div id=\"tdi_80\" class=\"tdc-row\">\n<div class=\"vc_row tdi_81  wpb_row td-pb-row\">\n<div class=\"vc_column tdi_83  wpb_column vc_column_container tdc-column td-pb-span12\">\n<div class=\"wpb_wrapper\">\n<div class=\"td_block_wrap tdb_breadcrumbs tdi_84 td-pb-border-top td_block_template_1 tdb-breadcrumbs \" data-td-block-uid=\"tdi_84\">\n<div class=\"tdb-block-inner td-fix-index\"><span><a title class=\"tdb-entry-crumb\" href=\"https:\/\/www.jurnaldevrancea.ro\/\">Acas\u0103<\/a><\/span><span><a title=\"Vede\u021bi toate articolele \u00een Actualitate\" class=\"tdb-entry-crumb\" href=\"https:\/\/www.jurnaldevrancea.ro\/actualitate\/\">Actualitate<\/a><\/span><span class=\"tdb-bred-no-url-last\">Consilierii jude\u021beni au aprobat ast\u0103zi documenta\u021biile pentru lucr\u0103rile de refacere a drumurilor jude\u021bene afectate de calamit\u0103\u021bi<\/span><\/div>\n<\/div>\n<div class=\"td_block_wrap tdb_single_categories tdi_85 td-pb-border-top td_block_template_1 \" data-td-block-uid=\"tdi_85\">\n<div class=\"tdb-category td-fix-index\"><a class=\"tdb-entry-category\" href=\"https:\/\/www.jurnaldevrancea.ro\/actualitate\/\">Actualitate<\/a><a class=\"tdb-entry-category\" href=\"https:\/\/www.jurnaldevrancea.ro\/administratie\/\">Administra\u021bie<\/a><\/div>\n<\/div>\n<div class=\"td_block_wrap tdb_title tdi_86 tdb-single-title td-pb-border-top td_block_template_1\" data-td-block-uid=\"tdi_86\">\n<div class=\"tdb-block-inner td-fix-index\">\n<h2 class=\"tdb-title-text\">Consilierii jude\u021beni au aprobat ast\u0103zi documenta\u021biile pentru lucr\u0103rile de refacere a drumurilor jude\u021bene afectate de calamit\u0103\u021bi<\/h2>\n<\/div>\n<\/div>\n<div class=\"vc_row_inner tdi_88  vc_row vc_inner wpb_row td-pb-row\">\n<div class=\"vc_column_inner tdi_90  wpb_column vc_column_container tdc-inner-column td-pb-span3\">\n<div class=\"vc_column-inner\">\n<div class=\"wpb_wrapper\">\n<div class=\"td_block_wrap tdb_single_author tdi_91 td-pb-border-top td_block_template_1 tdb-post-meta\" data-td-block-uid=\"tdi_91\">\n<div class=\"tdb-block-inner td-fix-index\">\n<div class=\"tdb-author-name-wrap\"><span class=\"tdb-author-by\">DE:<\/span><a class=\"tdb-author-name\" href=\"https:\/\/www.jurnaldevrancea.ro\/author\/editor-online\/\">Editor Online<\/a><\/div>\n<\/div>\n<\/div>\n<\/div>\n<\/div>\n<\/div>\n<div class=\"vc_column_inner tdi_93  wpb_column vc_column_container tdc-inner-column td-pb-span3\">\n<div class=\"vc_column-inner\">\n<div class=\"wpb_wrapper\">\n<div class=\"td_block_wrap tdb_single_date tdi_94 td-pb-border-top td_block_template_1 tdb-post-meta\" data-td-block-uid=\"tdi_94\">\n<div class=\"tdb-block-inner td-fix-index\"><time class=\"entry-date updated td-module-date\" datetime=\"2025-12-02T18:48:44+02:00\">02\/12\/2025<\/time><\/div>\n<\/div>\n<\/div>\n<\/div>\n<\/div>\n<div class=\"vc_column_inner tdi_96  wpb_column vc_column_container tdc-inner-column td-pb-span3\">\n<div class=\"vc_column-inner\">\n<div class=\"wpb_wrapper\">\n<div class=\"td_block_wrap tdb_single_post_views tdi_97 td-pb-border-top td_block_template_1 tdb-post-meta\" data-td-block-uid=\"tdi_97\">\n<div class=\"tdb-block-inner td-fix-index\"><span class=\"td-nr-views-156108\">124<\/span><\/div>\n<\/div>\n<\/div>\n<\/div>\n<\/div>\n<div class=\"vc_column_inner tdi_99  wpb_column vc_column_container tdc-inner-column td-pb-span3\">\n<div class=\"vc_column-inner\">\n<div class=\"wpb_wrapper\">\n<div class=\"td_block_wrap tdb_single_post_share tdi_100  td-pb-border-top td_block_template_1\" data-td-block-uid=\"tdi_100\">\n<div id=\"tdi_100\" class=\"td-post-sharing tdb-block td-ps-bg td-ps-notext td-ps-bar td-post-sharing-style5 \">\n<div class=\"td-post-sharing-visible\"><a class=\"td-social-sharing-button td-social-sharing-button-js td-social-network td-social-facebook\" href=\"https:\/\/www.facebook.com\/sharer.php?u=https%3A%2F%2Fwww.jurnaldevrancea.ro%2Fconsilierii-judeteni-au-aprobat-astazi-documentatiile-pentru-lucrarile-de-refacere-a-drumurilor-judetene-afectate-de-calamitati%2F\" title=\"Facebook\"><\/p>\n<div class=\"td-social-but-text\">Facebook<\/div>\n<p><\/a><a class=\"td-social-sharing-button td-social-sharing-button-js td-social-network td-social-twitter\" href=\"https:\/\/twitter.com\/intent\/tweet?text=Consilierii+jude%C8%9Beni+au+aprobat+ast%C4%83zi+documenta%C8%9Biile+pentru+lucr%C4%83rile+de+refacere+a+drumurilor+jude%C8%9Bene+afectate+de+calamit%C4%83%C8%9Bi&amp;url=https%3A%2F%2Fwww.jurnaldevrancea.ro%2Fconsilierii-judeteni-au-aprobat-astazi-documentatiile-pentru-lucrarile-de-refacere-a-drumurilor-judetene-afectate-de-calamitati%2F&amp;via=Jurnal+de+Vrancea+-+Stiri+din+Vrancea+si+Focsani\" title=\"Twitter\"><\/p>\n<div class=\"td-social-but-text\">Twitter<\/div>\n<p><\/a><a class=\"td-social-sharing-button td-social-sharing-button-js td-social-network td-social-whatsapp\" href=\"https:\/\/api.whatsapp.com\/send?text=Consilierii+jude%C8%9Beni+au+aprobat+ast%C4%83zi+documenta%C8%9Biile+pentru+lucr%C4%83rile+de+refacere+a+drumurilor+jude%C8%9Bene+afectate+de+calamit%C4%83%C8%9Bi%20%0A%0A%20https:\/\/www.jurnaldevrancea.ro\/consilierii-judeteni-au-aprobat-astazi-documentatiile-pentru-lucrarile-de-refacere-a-drumurilor-judetene-afectate-de-calamitati\/\" title=\"WhatsApp\"><\/p>\n<div class=\"td-social-but-text\">WhatsApp<\/div>\n<p><\/a><a class=\"td-social-sharing-button td-social-sharing-button-js td-social-network td-social-print\" href=\"https:\/\/www.jurnaldevrancea.ro\/consilierii-judeteni-au-aprobat-astazi-documentatiile-pentru-lucrarile-de-refacere-a-drumurilor-judetene-afectate-de-calamitati\/\" title=\"Imprimare\"><\/p>\n<div class=\"td-social-but-text\">Imprimare<\/div>\n<p><\/a><\/div>\n<\/div>\n<\/div>\n<\/div>\n<\/div>\n<\/div>\n<\/div>\n<\/div>\n<\/div>\n<\/div>\n<\/div>\n<div id=\"tdi_101\" class=\"tdc-row\">\n<div class=\"vc_row tdi_102  wpb_row td-pb-row\">\n<div class=\"vc_column tdi_104  wpb_column vc_column_container tdc-column td-pb-span8\">\n<div class=\"wpb_wrapper\">\n<div class=\"td_block_wrap tdb_single_featured_image tdi_105 tdb-content-horiz-left td-pb-border-top td_block_template_1\" data-td-block-uid=\"tdi_105\">\n<div class=\"tdb-block-inner td-fix-index\"><img loading=\"lazy\" decoding=\"async\" width=\"696\" height=\"464\" class=\"entry-thumb\" src=\"https:\/\/analyse.optim.biz\/wp-content\/uploads\/2025\/12\/sedinta-cj-696x464-1.jpg\" title=\"sedinta cj\"><\/div>\n<\/div>\n<div class=\"td_block_wrap tdb_single_content tdi_106 td-pb-border-top td_block_template_1 td-post-content tagdiv-type\" data-td-block-uid=\"tdi_106\">\n<div class=\"tdb-block-inner td-fix-index\">\n<p>\u00cen cadrul \u0219edin\u021bei ordinare a Consiliului Jude\u021bean de ast\u0103zi au fost aprobate documenta\u021biile pentru lucr\u0103rile de refacere \u0219i punere \u00een siguran\u021b\u0103 a unor sectoare de drumuri jude\u021bene afectate de calamit\u0103\u021bi \u00een acest an. Este vorba despre interven\u021bii care au asigurat accesul \u00een condi\u021bii de siguran\u021b\u0103 pentru aproape 19.000 de locuitori din 7 localit\u0103\u021bi afectate: Dumitre\u0219ti, Fitione\u0219ti, Gura Cali\u021bei, Chiojdeni, N\u0103ruja, Dumbr\u0103veni \u0219i Negrile\u0219ti. \u00cen urma fenomenelor meteo \u0219i a ploilor abundente din prim\u0103vara \u0219i vara acestui an, au avut de suferit mai multe sectoare de drumuri jude\u021bene de pe raza acestor localit\u0103\u021bi.<\/p>\n<p>Comitetele locale pentru situa\u021bii de urgen\u021b\u0103 ale UAT-urilor afectate au realizat rapoarte operative, care au fost aprobate \u00een Comitetul Jude\u021bean pentru Situa\u021bii de Urgen\u021b\u0103, apoi comisii mixte (SGA, ISC, ISU, CJ, Institu\u021bia Prefectului) au f\u0103cut verific\u0103ri pe teren, \u00een urma c\u0103rora au fost \u00eencheiate procese verbale de constatare \u0219i evaluare a pagubelor, care au stat la baza proiect\u0103rii \u0219i execu\u021biei lucr\u0103rilor \u00een regim de urgen\u021b\u0103 pentru aducerea drumurilor \u00een stare de siguran\u021b\u0103, prin implementarea solu\u021biilor tehnice impuse de speciali\u0219ti. Lucr\u0103rile de punere \u00een siguran\u021b\u0103 a drumurilor au constat \u00een construc\u021bii complexe: ziduri de sprijin, piloni fora\u021bi, lucr\u0103ri de reprofilare a drumului, terasamente, turnare pl\u0103ci de beton, acostamente betonate, turnare staturi de balast \u0219i piatr\u0103 spart\u0103 pentru rezisten\u021b\u0103, amenajare de \u0219an\u021buri \u0219i rigole pentru scurgerea apei \u0219i \u00eenlocuirea pode\u021belor deteriorate.<\/p>\n<p>\u00cen cadrul \u0219edin\u021bei ordinare a Consiliului Jude\u021bean de ast\u0103zi au fost aprobate documenta\u021biile pentru lucr\u0103rile de refacere \u0219i punere \u00een siguran\u021b\u0103 a sectoarelor de drumuri jude\u021bene afectate de calamit\u0103\u021bi:<\/p>\n<ul>\n<li>DJ 205J, punctul podul Florean \u0219i repara\u021bii pe sectorul Fitione\u0219ti \u2013 Schitul Mu\u0219unoaiele, comuna Fitione\u0219ti<\/li>\n<li>DJ 204 P, satele Tinoasa, L\u0103stuni, comuna Dumitre\u0219ti<\/li>\n<li>DJ 204P, satele Gura Cali\u021bei, Coco\u0219ari, Lacu lui Baban, Poienile, Dealu Lung, comuna Gura Cali\u021bei<\/li>\n<li>DJ 204 L, satele C\u0103t\u0103u\u021bi \u0219i Podurile, \u00een comuna Chiojdeni<\/li>\n<li>DJ 205L, punctul Rusu Ion, comuna Negrile\u0219ti<\/li>\n<li>DJ 204 P, punctul Oncioiu, satul Dragosloveni, comuna Dumbr\u0103veni<\/li>\n<li>DJ 205M \u2013 punctul p\u00e2r\u00e2ul Humei, comuna N\u0103ruja<\/li>\n<\/ul>\n<p>\u201dC\u00e2nd exist\u0103 un risc pe un anumit drum \u0219i o comunitate este izolat\u0103 suntem obliga\u021bi s\u0103 intervenim pentru aducerea \u00een stare de siguran\u021b\u0103 a drumului, prin implementarea solu\u021biilor tehnice impuse de speciali\u0219ti. Prioritatea noastr\u0103 este refacerea \u0219i restabilirea siguran\u021bei drumurilor jude\u021bene din comunit\u0103\u021bile afectate de diverse calamit\u0103\u021bi naturale. Inunda\u021biile au produs pagube semnificative, dar cu grij\u0103 pentru oameni am ac\u021bionat prompt, responsabil \u0219i am f\u0103cut tot ceea ce este posibil pentru a reface drumurile \u0219i a reda oamenilor siguran\u021ba de care au nevoie, \u00eentr-un timp c\u00e2t mai scurt. Cred cu t\u0103rie c\u0103 investi\u021biile \u00een infrastructur\u0103 \u0219i \u00een siguran\u021b\u0103 sunt investi\u021bii pentru oameni \u0219i \u00een viitorul comunit\u0103\u021bilor noastre.\u201d \u2013 Nicu\u0219or Halici, pre\u0219edintele Consiliului Jude\u021bean Vrancea.<\/p>\n<p>Consiliul Jude\u021bean Vrancea a \u00eencheiat anul trecut, \u00een timpul fostei conduceri a CJ, acordul cadrul de lucr\u0103ri nr. 3622\/27.02.2024 pentru servicii de proiectare \u0219i execu\u021bie lucr\u0103ri pentru lucr\u0103ri de refacere a unor sectoare de drumuri jude\u021bene \u0219i poduri afectate de fenomene hidro-meteorologice periculoase (inunda\u021bii, alunec\u0103ri de teren, cutremure, etc), acord valabil 4 ani. Acest acord cadru, care cuprinde contractele subsecvente, a fost \u00eencheiat \u00een urma unei achizi\u021bii publice desf\u0103\u0219urat\u0103 \u00een mod transparent, conform legisla\u021biei \u00een vigoare.\u00a0Este regretabil faptul c\u0103 unii politicieni distorsioneaz\u0103 adev\u0103rul cu scopul meschin de a manipula \u0219i a induce \u00een eroare vr\u00e2ncenii \u0219i pun \u00eentr-o lumin\u0103 negativ\u0103 activitatea real\u0103, legal\u0103 desf\u0103\u0219urat\u0103 de conducerea \u0219i aparatul de specialitate al Consiliului Jude\u021bean. \u00cendemn\u0103m la responsabilitate, corectitudine \u0219i echilibru \u00een comunicarea public\u0103 a acestor actori politici locali. \u00cen continuare, Consiliul Jude\u021bean r\u0103m\u00e2ne dedicat comunit\u0103\u021bii, cu transparen\u021b\u0103, \u00een litera \u0219i spiritul legii. (Biroul de Pres\u0103 al Consiliului Jude\u021bean Vrancea)<\/p>\n<\/div>\n<\/div>\n<div class=\"td_block_wrap td-a-rec td-a-rec-id-custom-spot td-a-rec-img tdi_107 td_block_template_1\">\n<div><a href=\"https:\/\/www.tomitatravel.ro\/\" target=\"blank\" class=\"td_spot_img_all\"><img loading=\"lazy\" decoding=\"async\" src=\"https:\/\/analyse.optim.biz\/wp-content\/uploads\/2025\/12\/banner-tomita_travel-focsani-1200x200-1-42.jpg\" alt=\"Tomi\u021b\u0103 Travel - Agen\u021bie de turism Foc\u0219ani\" width=\"1200\" height=\"200\" title=\"banner-tomita_travel-focsani-1200x200-1-42\"><\/a><a href=\"https:\/\/www.tomitatravel.ro\/\" target=\"blank\" class=\"td_spot_img_mob\"><img loading=\"lazy\" decoding=\"async\" src=\"https:\/\/analyse.optim.biz\/wp-content\/uploads\/2025\/12\/banner-tomita_travel-focsani-350x350-1-39.jpg\" alt=\"Tomi\u021b\u0103 Travel - Agen\u021bie de turism Foc\u0219ani\" width=\"300\" height=\"350\" title=\"banner-tomita_travel-focsani-350x350-1-39\"><\/a><\/div>\n<\/div>\n<div class=\"td_block_wrap td-a-rec td-a-rec-id-custom-spot td-a-rec-img tdi_108 td_block_template_1\">\n<div><a href=\"https:\/\/www.dezromania.ro\/categorii\/category\/14-produse.html\" target=\"blank\" class=\"td_spot_img_all\"><img loading=\"lazy\" decoding=\"async\" src=\"https:\/\/analyse.optim.biz\/wp-content\/uploads\/2025\/12\/banner-1200x200-sipotehnokar-auto-avariate-2025-37.jpg\" alt=\"spot_img\" width=\"1200\" height=\"200\" title=\"banner-1200x200-sipotehnokar-auto-avariate-2025-37\"><\/a><a href=\"https:\/\/www.dezromania.ro\/categorii\/category\/14-produse.html\" target=\"blank\" class=\"td_spot_img_mob\"><img loading=\"lazy\" decoding=\"async\" src=\"https:\/\/analyse.optim.biz\/wp-content\/uploads\/2025\/12\/banner-sipotehnokar-300xx220px-2025-36.jpg\" alt=\"spot_img\" width=\"300\" height=\"220\" title=\"banner-sipotehnokar-300xx220px-2025-36\"><\/a><\/div>\n<\/div>\n<div class=\"td_block_wrap td-a-rec td-a-rec-id-custom-spot td-a-rec-img tdi_109 td_block_template_1\">\n<div><a href=\"https:\/\/haipromo.ro\/\" target=\"blank\" class=\"td_spot_img_all\"><img loading=\"lazy\" decoding=\"async\" src=\"https:\/\/analyse.optim.biz\/wp-content\/uploads\/2025\/12\/banner-hai-promo-1200x200px-36.jpg\" alt=\"HAI PROMO\" width=\"1200\" height=\"200\" title=\"banner-hai-promo-1200x200px-36\"><\/a><a href=\"https:\/\/haipromo.ro\/\" target=\"blank\" class=\"td_spot_img_mob\"><img loading=\"lazy\" decoding=\"async\" src=\"https:\/\/analyse.optim.biz\/wp-content\/uploads\/2025\/12\/banner-hai-promo-350x350px-34.jpg\" alt=\"HAI PROMO\" width=\"350\" height=\"350\" title=\"banner-hai-promo-350x350px-34\"><\/a><\/div>\n<\/div>\n<\/div>\n<\/div>\n<div class=\"vc_column tdi_112  wpb_column vc_column_container tdc-column td-pb-span4\">\n<div class=\"wpb_wrapper\">\n<div class=\"wpb_wrapper td_block_wrap vc_widget_sidebar tdi_114 \">\n<aside id=\"custom_html-12\" class=\"widget_text td_block_template_1 widget custom_html-12 widget_custom_html\">\n<h4 class=\"block-title\"><span>\u2013 PUBLICITATE \u2013<\/span><\/h4>\n<div class=\"textwidget custom-html-widget\"><a href=\"https:\/\/www.facebook.com\/TractariAutoVranceaSOS24\"><source srcset=\"https:\/\/www.jurnaldevrancea.ro\/wp\/wp-content\/webp-express\/webp-images\/uploads\/2024\/11\/BANNER-sos-24-2024-300x300-px.jpg.webp\" type=\"image\/webp\" \/><\/a><a href=\"https:\/\/haipromo.ro\/\"><source srcset=\"https:\/\/www.jurnaldevrancea.ro\/wp\/wp-content\/webp-express\/webp-images\/uploads\/2024\/06\/banner-HAI-PROMO-350x350px.jpg.webp\" type=\"image\/webp\" \/><\/a><a href=\"https:\/\/www.facebook.com\/acnasygcons\"><source srcset=\"https:\/\/www.jurnaldevrancea.ro\/wp\/wp-content\/webp-express\/webp-images\/uploads\/2025\/08\/Banner-350x350px-Asyg-Consulting.jpg.webp\" type=\"image\/webp\" \/><\/a><\/div>\n<\/aside>\n<\/div>\n<div class=\"td_block_wrap tdb_single_tags tdi_115 td-pb-border-top td_block_template_1\" data-td-block-uid=\"tdi_115\">\n<div class=\"tdb-block-inner td-fix-index\">\n<ul class=\"tdb-tags\">\n<li><span>Tags<\/span><\/li>\n<li><a href=\"https:\/\/www.jurnaldevrancea.ro\/tag\/consiliul-judetean\/\">consiliul judetean<\/a><\/li>\n<li><a href=\"https:\/\/www.jurnaldevrancea.ro\/tag\/drumuri-judetene\/\">drumuri judetene<\/a><\/li>\n<li><a href=\"https:\/\/www.jurnaldevrancea.ro\/tag\/lucrari-de-refacere\/\">lucrari de refacere<\/a><\/li>\n<\/ul>\n<\/div>\n<\/div>\n<div class=\"tdm_block td_block_wrap tdm_block_column_title tdi_116 tdm-content-horiz-center td-pb-border-top td_block_template_1\" data-td-block-uid=\"tdi_116\">\n<div class=\"td-block-row\">\n<div class=\"td-block-span12 tdm-col\">\n<div class=\"tds-title tds-title1 td-fix-index tdi_117 \">\n<h3 class=\"tdm-title tdm-title-md\">ARTICOLE SIMILARE<\/h3>\n<\/div>\n<\/div>\n<\/div>\n<\/div>\n<div class=\"td_block_wrap td_flex_block_1 tdi_118 td-pb-border-top td_block_template_1 td_flex_block\" data-td-block-uid=\"tdi_118\">\n<div id=\"tdi_118\" class=\"td_block_inner td-mc1-wrap\">\n<div class=\"td_module_flex td_module_flex_1 td_module_wrap td-animation-stack td-cpt-post\">\n<div class=\"td-module-container td-category-pos-above\">\n<div class=\"td-module-meta-info\"><a href=\"https:\/\/www.jurnaldevrancea.ro\/actualitate\/\" class=\"td-post-category\">Actualitate<\/a><\/p>\n<h3 class=\"entry-title td-module-title\"><a href=\"https:\/\/www.jurnaldevrancea.ro\/impozitul-pe-valoarea-de-piata-a-cladirilor-amanat-pana-in-2027\/\" rel=\"bookmark\" title=\"Impozitul pe valoarea de pia\u021b\u0103 a cl\u0103dirilor, am\u00e2nat p\u00e2n\u0103 \u00een 2027\">Impozitul pe valoarea de pia\u021b\u0103 a cl\u0103dirilor, am\u00e2nat p\u00e2n\u0103 \u00een 2027<\/a><\/h3>\n<div class=\"td-excerpt\">Consiliile locale \u015fi Consiliul General al Municipiului Bucure\u015fti (CGMB) vor aproba, p\u00e2n\u0103 la data&#8230;<\/div>\n<\/div>\n<\/div>\n<\/div>\n<div class=\"td_module_flex td_module_flex_1 td_module_wrap td-animation-stack td-cpt-post\">\n<div class=\"td-module-container td-category-pos-above\">\n<div class=\"td-module-meta-info\"><a href=\"https:\/\/www.jurnaldevrancea.ro\/actualitate\/\" class=\"td-post-category\">Actualitate<\/a><\/p>\n<h3 class=\"entry-title td-module-title\"><a href=\"https:\/\/www.jurnaldevrancea.ro\/academicianul-aurel-iancu-a-primit-astazi-titlul-de-cetatean-de-onoare-al-judetului-vrancea\/\" rel=\"bookmark\" title=\"Academicianul Aurel Iancu a primit ast\u0103zi titlul de \u201eCet\u0103\u021bean de Onoare al Jude\u021bului Vrancea\u201d\">Academicianul Aurel Iancu a primit ast\u0103zi titlul de \u201eCet\u0103\u021bean de Onoare al Jude\u021bului Vrancea\u201d<\/a><\/h3>\n<div class=\"td-excerpt\">Consiliul Jude\u021bean Vrancea a tr\u0103it ast\u0103zi un moment cu profund\u0103 \u00eenc\u0103rc\u0103tur\u0103 emo\u021bional\u0103 \u0219i simbolic\u0103&#8230;.<\/div>\n<\/div>\n<\/div>\n<\/div>\n<\/div>\n<\/div>\n<\/div>\n<\/div>\n<\/div>\n<\/div>\n<div id=\"tdi_119\" class=\"tdc-row\">\n<div class=\"vc_row tdi_120  wpb_row td-pb-row\">\n<div class=\"vc_column tdi_122  wpb_column vc_column_container tdc-column td-pb-span12\">\n<div class=\"wpb_wrapper\">\n<div class=\"tdm_block td_block_wrap tdm_block_column_title tdi_123 tdm-content-horiz-center td-pb-border-top td_block_template_1\" data-td-block-uid=\"tdi_123\">\n<div class=\"td-block-row\">\n<div class=\"td-block-span12 tdm-col\">\n<div class=\"tds-title tds-title1 td-fix-index tdi_124 \">\n<h3 class=\"tdm-title tdm-title-md\">ARTICOLE POPULARE<\/h3>\n<\/div>\n<\/div>\n<\/div>\n<\/div>\n<\/div>\n<\/div>\n<\/div>\n<\/div>\n<div id=\"tdi_125\" class=\"tdc-row\">\n<div class=\"vc_row tdi_126  wpb_row td-pb-row\">\n<div class=\"vc_column tdi_128  wpb_column vc_column_container tdc-column td-pb-span12\">\n<div class=\"wpb_wrapper\">\n<div class=\"td_block_wrap td_flex_block_1 tdi_129 td-pb-border-top td_block_template_1 td_flex_block\" data-td-block-uid=\"tdi_129\">\n<div id=\"tdi_129\" class=\"td_block_inner td-mc1-wrap\">\n<div class=\"td_module_flex td_module_flex_1 td_module_wrap td-animation-stack td-cpt-post\">\n<div class=\"td-module-container td-category-pos-above\">\n<div class=\"td-module-meta-info\"><a href=\"https:\/\/www.jurnaldevrancea.ro\/actualitate\/\" class=\"td-post-category\">Actualitate<\/a><\/p>\n<h3 class=\"entry-title td-module-title\"><a href=\"https:\/\/www.jurnaldevrancea.ro\/alerta-epidemiologica-in-vrancea-doua-femei-sunt-internate-in-stare-grava-la-ati-cu-suspiciune-de-botulism\/\" rel=\"bookmark\" title=\"Alert\u0103 epidemiologic\u0103 \u00een Vrancea! Dou\u0103 femei sunt internate \u00een stare grav\u0103 la ATI cu suspiciune de botulism\">Alert\u0103 epidemiologic\u0103 \u00een Vrancea! Dou\u0103 femei sunt internate \u00een stare grav\u0103 la ATI cu suspiciune de botulism<\/a><\/h3>\n<div class=\"td-excerpt\">Dou\u0103 cazuri suspecte de botulism au fost raportate \u00een jude\u021bul Vrancea \u00een intervalul 10\u201311&#8230;<\/div>\n<div class=\"td-editor-date\"><span class=\"td-author-date\"><span class=\"td-post-date\"><time class=\"entry-date updated td-module-date\" datetime=\"2025-12-13T08:18:55+02:00\">13\/12\/2025<\/time><\/span><\/span><\/div>\n<\/div>\n<\/div>\n<\/div>\n<div class=\"td_module_flex td_module_flex_1 td_module_wrap td-animation-stack td-cpt-post\">\n<div class=\"td-module-container td-category-pos-above\">\n<div class=\"td-module-meta-info\"><a href=\"https:\/\/www.jurnaldevrancea.ro\/actualitate\/\" class=\"td-post-category\">Actualitate<\/a><\/p>\n<h3 class=\"entry-title td-module-title\"><a href=\"https:\/\/www.jurnaldevrancea.ro\/doliu-in-comunitatea-din-adjud-a-murit-profesoara-simona-ceamburu\/\" rel=\"bookmark\" title=\"Doliu \u00een comunitatea din Adjud! A murit profesoara Simona Ceamburu!\">Doliu \u00een comunitatea din Adjud! A murit profesoara Simona Ceamburu!<\/a><\/h3>\n<div class=\"td-excerpt\">Colegiul Tehnic \u201eGh. Bal\u0219\u201d din Adjud a anun\u021bat cu mare triste\u021be moartea profesoarei de&#8230;<\/div>\n<div class=\"td-editor-date\"><span class=\"td-author-date\"><span class=\"td-post-date\"><time class=\"entry-date updated td-module-date\" datetime=\"2025-12-11T15:19:24+02:00\">11\/12\/2025<\/time><\/span><\/span><\/div>\n<\/div>\n<\/div>\n<\/div>\n<div class=\"td_module_flex td_module_flex_1 td_module_wrap td-animation-stack td-cpt-post\">\n<div class=\"td-module-container td-category-pos-above\">\n<div class=\"td-module-meta-info\"><a href=\"https:\/\/www.jurnaldevrancea.ro\/actualitate\/\" class=\"td-post-category\">Actualitate<\/a><\/p>\n<h3 class=\"entry-title td-module-title\"><a href=\"https:\/\/www.jurnaldevrancea.ro\/prescriptia-colacul-de-salvare-al-inculpatilor-din-sistem-cazul-revoltator-din-vrancea-primarul-iordache-cazacu-salvat-de-trecerea-timpului-nu-de-nevinovatie\/\" rel=\"bookmark\" title=\"Prescrip\u021bia \u2013 colacul de salvare al inculpa\u021bilor din sistem. Cazul revolt\u0103tor din Vrancea: primarul Iordache Cazacu, salvat de trecerea timpului, nu de nevinov\u0103\u021bie\">Prescrip\u021bia \u2013 colacul de salvare al inculpa\u021bilor din sistem. Cazul revolt\u0103tor din Vrancea: primarul Iordache Cazacu, salvat de trecerea timpului, nu de nevinov\u0103\u021bie<\/a><\/h3>\n<div class=\"td-excerpt\">Scandalul na\u021bional declan\u0219at de investiga\u021bia jurnali\u0219tilor de la Recorder despre \u201einculpa\u021bi salva\u021bi de prescrip\u021bie\u201d&#8230;<\/div>\n<div class=\"td-editor-date\"><span class=\"td-author-date\"><span class=\"td-post-date\"><time class=\"entry-date updated td-module-date\" datetime=\"2025-12-10T21:55:35+02:00\">10\/12\/2025<\/time><\/span><\/span><\/div>\n<\/div>\n<\/div>\n<\/div>\n<\/div>\n<\/div>\n<\/div>\n<\/div>\n<\/div>\n<\/div>\n<\/div>\n<\/div>\n<p><span class=\"td-page-meta\"><\/span><span class=\"td-page-meta\"><span class=\"td-page-meta\"><\/span><\/span><span class=\"td-page-meta\"><\/span><\/article>\n<p> Source URL: https:\/\/www.jurnaldevrancea.ro\/consilierii-judeteni-au-aprobat-astazi-documentatiile-pentru-lucrarile-de-refacere-a-drumurilor-judetene-afectate-de-calamitati\/<\/p>\n","protected":false},"excerpt":{"rendered":"<p>Acas\u0103ActualitateConsilierii jude\u021beni au aprobat ast\u0103zi documenta\u021biile pentru lucr\u0103rile de refacere a drumurilor jude\u021bene afectate de calamit\u0103\u021bi ActualitateAdministra\u021bie Consilierii jude\u021beni au aprobat ast\u0103zi documenta\u021biile pentru lucr\u0103rile de refacere a drumurilor jude\u021bene afectate de calamit\u0103\u021bi DE:Editor Online 02\/12\/2025 124 Facebook Twitter WhatsApp Imprimare \u00cen cadrul \u0219edin\u021bei ordinare a Consiliului Jude\u021bean de ast\u0103zi au fost aprobate documenta\u021biile pentru [&hellip;]<\/p>\n","protected":false},"author":1,"featured_media":1118818,"comment_status":"open","ping_status":"","sticky":false,"template":"","format":"standard","meta":{"footnotes":""},"categories":[89],"tags":[207],"class_list":["post-1118817","post","type-post","status-publish","format-standard","has-post-thumbnail","hentry","category-romania","tag-jurnaldevrancea-ro"],"_links":{"self":[{"href":"https:\/\/analyse.optim.biz\/index.php?rest_route=\/wp\/v2\/posts\/1118817","targetHints":{"allow":["GET"]}}],"collection":[{"href":"https:\/\/analyse.optim.biz\/index.php?rest_route=\/wp\/v2\/posts"}],"about":[{"href":"https:\/\/analyse.optim.biz\/index.php?rest_route=\/wp\/v2\/types\/post"}],"author":[{"embeddable":true,"href":"https:\/\/analyse.optim.biz\/index.php?rest_route=\/wp\/v2\/users\/1"}],"replies":[{"embeddable":true,"href":"https:\/\/analyse.optim.biz\/index.php?rest_route=%2Fwp%2Fv2%2Fcomments&post=1118817"}],"version-history":[{"count":0,"href":"https:\/\/analyse.optim.biz\/index.php?rest_route=\/wp\/v2\/posts\/1118817\/revisions"}],"wp:featuredmedia":[{"embeddable":true,"href":"https:\/\/analyse.optim.biz\/index.php?rest_route=\/wp\/v2\/media\/1118818"}],"wp:attachment":[{"href":"https:\/\/analyse.optim.biz\/index.php?rest_route=%2Fwp%2Fv2%2Fmedia&parent=1118817"}],"wp:term":[{"taxonomy":"category","embeddable":true,"href":"https:\/\/analyse.optim.biz\/index.php?rest_route=%2Fwp%2Fv2%2Fcategories&post=1118817"},{"taxonomy":"post_tag","embeddable":true,"href":"https:\/\/analyse.optim.biz\/index.php?rest_route=%2Fwp%2Fv2%2Ftags&post=1118817"}],"curies":[{"name":"wp","href":"https:\/\/api.w.org\/{rel}","templated":true}]}}