{"id":1118788,"date":"2025-12-03T12:29:27","date_gmt":"2025-12-03T09:29:27","guid":{"rendered":"https:\/\/analyse.optim.biz\/?p=1118788"},"modified":"2025-12-03T12:29:27","modified_gmt":"2025-12-03T09:29:27","slug":"aur-il-salveaza-pe-halici-in-consiliul-judetean-si-gireaza-risipa-banilor-publici-jurnal-de-vrancea-stiri-din-vrancea-si-focsani","status":"publish","type":"post","link":"https:\/\/analyse.optim.biz\/?p=1118788","title":{"rendered":"AUR \u00eel salveaz\u0103 pe Halici \u00een Consiliul Jude\u021bean \u0219i gireaz\u0103 risipa banilor publici! | Jurnal de Vrancea &#8211; Stiri din Vrancea si Focsani"},"content":{"rendered":"<article id=\"template-id-121345\" class=\"post-121345 tdb_templates type-tdb_templates status-publish post\">\n<div id=\"tdi_73\" class=\"tdc-zone\">\n<div class=\"tdc_zone tdi_74  wpb_row td-pb-row\">\n<div id=\"tdi_75\" class=\"tdc-row\">\n<div class=\"vc_row tdi_76  wpb_row td-pb-row\">\n<div class=\"vc_column tdi_78  wpb_column vc_column_container tdc-column td-pb-span12\">\n<div class=\"wpb_wrapper\">\n<div class=\"td_block_wrap td-a-rec td-a-rec-id-custom-spot td-a-rec-img tdi_79 td_block_template_1\">\n<div><a href target=\"blank\" class=\"td_spot_img_all\"><img loading=\"lazy\" decoding=\"async\" src=\"https:\/\/analyse.optim.biz\/wp-content\/uploads\/2025\/12\/banner-aurora-multimarket-1200x200px-41.jpg\" alt=\"spot_img\" width=\"1200\" height=\"200\" title=\"banner-aurora-multimarket-1200x200px-41\"><\/a><a href target=\"blank\" class=\"td_spot_img_mob\"><img loading=\"lazy\" decoding=\"async\" src=\"https:\/\/analyse.optim.biz\/wp-content\/uploads\/2025\/12\/banner-aurora-multimarket-350x350px-45.jpg\" alt=\"spot_img\" width=\"300\" height=\"350\" title=\"banner-aurora-multimarket-350x350px-45\"><\/a><\/div>\n<\/div>\n<\/div>\n<\/div>\n<\/div>\n<\/div>\n<div id=\"tdi_80\" class=\"tdc-row\">\n<div class=\"vc_row tdi_81  wpb_row td-pb-row\">\n<div class=\"vc_column tdi_83  wpb_column vc_column_container tdc-column td-pb-span12\">\n<div class=\"wpb_wrapper\">\n<div class=\"td_block_wrap tdb_breadcrumbs tdi_84 td-pb-border-top td_block_template_1 tdb-breadcrumbs \" data-td-block-uid=\"tdi_84\">\n<div class=\"tdb-block-inner td-fix-index\"><span><a title class=\"tdb-entry-crumb\" href=\"https:\/\/www.jurnaldevrancea.ro\/\">Acas\u0103<\/a><\/span><span><a title=\"Vede\u021bi toate articolele \u00een Actualitate\" class=\"tdb-entry-crumb\" href=\"https:\/\/www.jurnaldevrancea.ro\/actualitate\/\">Actualitate<\/a><\/span><span class=\"tdb-bred-no-url-last\">AUR \u00eel salveaz\u0103 pe Halici \u00een Consiliul Jude\u021bean \u0219i gireaz\u0103 risipa banilor publici!<\/span><\/div>\n<\/div>\n<div class=\"td_block_wrap tdb_single_categories tdi_85 td-pb-border-top td_block_template_1 \" data-td-block-uid=\"tdi_85\">\n<div class=\"tdb-category td-fix-index\"><a class=\"tdb-entry-category\" href=\"https:\/\/www.jurnaldevrancea.ro\/actualitate\/\">Actualitate<\/a><a class=\"tdb-entry-category\" href=\"https:\/\/www.jurnaldevrancea.ro\/administratie\/\">Administra\u021bie<\/a><\/div>\n<\/div>\n<div class=\"td_block_wrap tdb_title tdi_86 tdb-single-title td-pb-border-top td_block_template_1\" data-td-block-uid=\"tdi_86\">\n<div class=\"tdb-block-inner td-fix-index\">\n<h2 class=\"tdb-title-text\">AUR \u00eel salveaz\u0103 pe Halici \u00een Consiliul Jude\u021bean \u0219i gireaz\u0103 risipa banilor publici!<\/h2>\n<\/div>\n<\/div>\n<div class=\"vc_row_inner tdi_88  vc_row vc_inner wpb_row td-pb-row\">\n<div class=\"vc_column_inner tdi_90  wpb_column vc_column_container tdc-inner-column td-pb-span3\">\n<div class=\"vc_column-inner\">\n<div class=\"wpb_wrapper\">\n<div class=\"td_block_wrap tdb_single_author tdi_91 td-pb-border-top td_block_template_1 tdb-post-meta\" data-td-block-uid=\"tdi_91\">\n<div class=\"tdb-block-inner td-fix-index\">\n<div class=\"tdb-author-name-wrap\"><span class=\"tdb-author-by\">DE:<\/span><a class=\"tdb-author-name\" href=\"https:\/\/www.jurnaldevrancea.ro\/author\/alex-moldovan\/\">Alex Moldovan<\/a><\/div>\n<\/div>\n<\/div>\n<\/div>\n<\/div>\n<\/div>\n<div class=\"vc_column_inner tdi_93  wpb_column vc_column_container tdc-inner-column td-pb-span3\">\n<div class=\"vc_column-inner\">\n<div class=\"wpb_wrapper\">\n<div class=\"td_block_wrap tdb_single_date tdi_94 td-pb-border-top td_block_template_1 tdb-post-meta\" data-td-block-uid=\"tdi_94\">\n<div class=\"tdb-block-inner td-fix-index\"><time class=\"entry-date updated td-module-date\" datetime=\"2025-12-03T14:29:27+02:00\">03\/12\/2025<\/time><\/div>\n<\/div>\n<\/div>\n<\/div>\n<\/div>\n<div class=\"vc_column_inner tdi_96  wpb_column vc_column_container tdc-inner-column td-pb-span3\">\n<div class=\"vc_column-inner\">\n<div class=\"wpb_wrapper\">\n<div class=\"td_block_wrap tdb_single_post_views tdi_97 td-pb-border-top td_block_template_1 tdb-post-meta\" data-td-block-uid=\"tdi_97\">\n<div class=\"tdb-block-inner td-fix-index\"><span class=\"td-nr-views-156150\">287<\/span><\/div>\n<\/div>\n<\/div>\n<\/div>\n<\/div>\n<div class=\"vc_column_inner tdi_99  wpb_column vc_column_container tdc-inner-column td-pb-span3\">\n<div class=\"vc_column-inner\">\n<div class=\"wpb_wrapper\">\n<div class=\"td_block_wrap tdb_single_post_share tdi_100  td-pb-border-top td_block_template_1\" data-td-block-uid=\"tdi_100\">\n<div id=\"tdi_100\" class=\"td-post-sharing tdb-block td-ps-bg td-ps-notext td-ps-bar td-post-sharing-style5 \">\n<div class=\"td-post-sharing-visible\"><a class=\"td-social-sharing-button td-social-sharing-button-js td-social-network td-social-facebook\" href=\"https:\/\/www.facebook.com\/sharer.php?u=https%3A%2F%2Fwww.jurnaldevrancea.ro%2Faur-il-salveaza-pe-halici-in-consiliul-judetean-si-gireaza-risipa-banilor-publici%2F\" title=\"Facebook\"><\/p>\n<div class=\"td-social-but-text\">Facebook<\/div>\n<p><\/a><a class=\"td-social-sharing-button td-social-sharing-button-js td-social-network td-social-twitter\" href=\"https:\/\/twitter.com\/intent\/tweet?text=AUR+%C3%AEl+salveaz%C4%83+pe+Halici+%C3%AEn+Consiliul+Jude%C8%9Bean+%C8%99i+gireaz%C4%83+risipa+banilor+publici%21&amp;url=https%3A%2F%2Fwww.jurnaldevrancea.ro%2Faur-il-salveaza-pe-halici-in-consiliul-judetean-si-gireaza-risipa-banilor-publici%2F&amp;via=Jurnal+de+Vrancea+-+Stiri+din+Vrancea+si+Focsani\" title=\"Twitter\"><\/p>\n<div class=\"td-social-but-text\">Twitter<\/div>\n<p><\/a><a class=\"td-social-sharing-button td-social-sharing-button-js td-social-network td-social-whatsapp\" href=\"https:\/\/api.whatsapp.com\/send?text=AUR+%C3%AEl+salveaz%C4%83+pe+Halici+%C3%AEn+Consiliul+Jude%C8%9Bean+%C8%99i+gireaz%C4%83+risipa+banilor+publici%21%20%0A%0A%20https:\/\/www.jurnaldevrancea.ro\/aur-il-salveaza-pe-halici-in-consiliul-judetean-si-gireaza-risipa-banilor-publici\/\" title=\"WhatsApp\"><\/p>\n<div class=\"td-social-but-text\">WhatsApp<\/div>\n<p><\/a><a class=\"td-social-sharing-button td-social-sharing-button-js td-social-network td-social-print\" href=\"https:\/\/www.jurnaldevrancea.ro\/aur-il-salveaza-pe-halici-in-consiliul-judetean-si-gireaza-risipa-banilor-publici\/\" title=\"Imprimare\"><\/p>\n<div class=\"td-social-but-text\">Imprimare<\/div>\n<p><\/a><\/div>\n<\/div>\n<\/div>\n<\/div>\n<\/div>\n<\/div>\n<\/div>\n<\/div>\n<\/div>\n<\/div>\n<\/div>\n<div id=\"tdi_101\" class=\"tdc-row\">\n<div class=\"vc_row tdi_102  wpb_row td-pb-row\">\n<div class=\"vc_column tdi_104  wpb_column vc_column_container tdc-column td-pb-span8\">\n<div class=\"wpb_wrapper\">\n<div class=\"td_block_wrap tdb_single_featured_image tdi_105 tdb-content-horiz-left td-pb-border-top td_block_template_1\" data-td-block-uid=\"tdi_105\">\n<div class=\"tdb-block-inner td-fix-index\"><img loading=\"lazy\" decoding=\"async\" width=\"696\" height=\"392\" class=\"entry-thumb\" src=\"https:\/\/analyse.optim.biz\/wp-content\/uploads\/2025\/12\/aur-psd-696x392-1.png\" title=\"AUR PSD\"><\/div>\n<\/div>\n<div class=\"td_block_wrap tdb_single_content tdi_106 td-pb-border-top td_block_template_1 td-post-content tagdiv-type\" data-td-block-uid=\"tdi_106\">\n<div class=\"tdb-block-inner td-fix-index\">\n<p>Proiectele de hot\u0103r\u00e2re prin care se d\u0103 verde la balast\u0103rile efectuate de Consiliul Jude\u021bean Vrancea au fost aprobate cu sprijinul majorit\u0103\u021bii PSD-AUR din minilegislativul jude\u021bean. Este vorba despre o serie de proiecte de balast\u0103ri de drumuri cu o valoare total\u0103 de 25 de milioane, proiecte \u00eentocmite la umbra calamit\u0103\u021bilor, f\u0103r\u0103 licita\u021bie \u0219i f\u0103r\u0103 transparen\u021b\u0103.<\/p>\n<p>\u00cen \u0219edin\u021ba ordinar\u0103 de mar\u021bi, 2 decembrie 2025, au fost aprobate toate aceste proiecte cu votul consilierilor jude\u021beni AUR \u0219i PSD, \u00een timp ce ale\u0219ii jude\u021beni PNL, USR, FD \u0219i PMP au refuzat s\u0103 voteze aceste cheltuieli considerate inutile \u0219i mult prea scumpe. Practic, prin votul de ieri se adevere\u0219te c\u0103 AUR a devenit brelocul PSD \u0219i \u00eei asigur\u0103 pre\u0219edintelui Consiliului Jude\u021bean Vrancea, Nicu\u0219or Halici, majoritatea confortabil\u0103 de care are nevoie.<\/p>\n<h3><strong>\u00cencepe sa apar\u0103 dezam\u0103girea \u00een r\u00e2ndul votan\u021bilor AUR!<\/strong><\/h3>\n<p>Apropierea vizibil\u0103 \u0219i votul al\u0103turi de PSD creeaz\u0103 o serie de nemul\u021bumiri \u0219i dezam\u0103giri \u00een r\u00e2ndul votan\u021bilor AUR. De altfel, nu este pentru prima oar\u0103 c\u00e2nd votul consilierilor AUR se duce \u00een co\u0219ul PSD, la toate proiectele mai delicate \u0219i asta de mai multe ori \u00een anul 2025. Vorbim aici despre repartizarea sumelor c\u0103tre prim\u0103riile din jude\u021b, atunci c\u00e2nd fondurile au fost direc\u021bionate diferen\u021biat, cele conduse de social-democra\u021bi primind sume aproape duble fa\u021b\u0103 de cele conduse de liberali. Un alt proiect la care s-a v\u0103zut apropierea dintre PSD \u0219i AUR a fost cel prin care a fost \u00eenchis \u0219antierul Campusului Universitar. Atunci PNL a votat \u00eempotriv\u0103, dorind ca lucr\u0103rile s\u0103 continue, \u00een timp ce AUR a asigurat votul majoritar al\u0103turi de PSD pentru oprirea \u0219i conservarea lucr\u0103rilor. Un alt moment \u00een care s-a dovedit apropierea AUR de PSD a fost \u00een Consiliul Local al Municipiului Foc\u0219ani, c\u00e2nd AUR a votat cot la cot cu PSD pentru cre\u0219terea taxelor \u0219i introducerea altora noi, inclusiv a controversatei taxe pe iluminatul public din municipiu.<\/p>\n<p>Revenind la \u0219edin\u021ba de ieri, AUR nu a f\u0103cut altceva dec\u00e2t s\u0103-l salveze pe pre\u0219edintele Halici, cei 3 consilieri jude\u021beni asigur\u00e2ndu-i acestuia votul de majoritate, fiind astfel aprobate cheltuielile pentru balastarea unor drumuri jude\u021bene. Un semnal de alarm\u0103 privind cheltuielile mari a fost tras de ale\u0219ii jude\u021beni PNL, prin vocea vicepre\u0219edintelui CJ, Ciprian Epure.<\/p>\n<p><strong>\u201cLa Gura Cali\u021bei s-au cheltuit 1,83 milioane de lei. Am fost duminic\u0103 \u0219i am v\u0103zut c\u0103 apa a luat cam tot ce era acolo. Au r\u0103mas acele \u0219an\u021buri neprotejate care nu au niciun efect dac\u0103 nu duci lucrarea la bun sf\u00e2r\u0219it. La fel \u0219i la Dumitre\u0219ti: drumul f\u0103cut cu 1,56 milioane lei pe km d\u0103 semne de sl\u0103biciune. \u00cen schimb, la Chiojdeni s-a putut face \u00eentre\u021binerea \u0219i aducerea acelui drum \u00a0la un stadiu practicabil, adic\u0103 2,5 km cu un cost de doar 207.000 lei. Practic, noi cheltuim 25 de milioane de lei \u0219i este posibil ca la anul ace\u0219ti bani s\u0103 fie arunca\u021bi pe fereastr\u0103\u201d, <\/strong>a spus vicepre\u0219edintele CJ, Ciprian Epure. O interven\u021bie a avut \u0219i reprezentantul PMP \u00een consiliul jude\u021bean, Mirela B\u00eezn\u0103, care a remarcat c\u0103 sumele chletuite sunt mari.<\/p>\n<p><strong>\u201cAceast\u0103 metod\u0103 a balast\u0103rii drumurilor din jude\u021bul Vrancea a fost foarte benefic\u0103 pentru unii. Am balastat, a trecut apa, s-a sp\u0103lat \u0219i acum suntem \u00een aceea\u0219i situa\u021bie. (\u2026) Costurile sunt enorme.\u201d<\/strong>, a transmis Mirela B\u00eezn\u0103.<\/p>\n<p>\u0218i ca s\u0103 mimeze opozi\u021bia pentru a da bine \u00een fa\u021ba propriului electorat, AUR Vrancea a \u00eencercat, prin vocea consilierului jude\u021bean Maricel Spulber, s\u0103 pun\u0103 totul \u00een c\u00e2rca celor care guverneaz\u0103 Rom\u00e2nia. <strong>\u201cSunt total de acord cu domnul Cel-Mare. Acele dealuri se duc la vale exact cum se duce Rom\u00e2nia condus\u0103 de dumneavoastr\u0103, domnilor.<\/strong>\u201d, a spus Maricel Spulber. Declara\u021bia acestuia a fost contrazis\u0103 de consilierul jude\u021bean Ionel Carab\u0103 care le-a atras aten\u021bia c\u0103 nu fac dec\u00e2t s\u0103 mimeze opozi\u021bia. <strong>\u201c<\/strong><strong>Dragi colegi de la AUR, (\u2026) ce face\u021bi de fapt? Mima\u021bi opozi\u021bia \u0219i sunte\u021bi la putere. Oamenii trebuie s\u0103 \u021bin\u0103 cont c\u0103 \u00een ace\u0219ti patru ani, AUR este la putere la Consiliul Jude\u021bean. \u0218i ve\u021bi pl\u0103ti pentru asta!<\/strong><strong>\u201d,<\/strong> le-a replicat consilierul jude\u021bean USR, Ionel Carab\u0103.<\/p>\n<p>Strategia adoptat\u0103 de AUR Vrancea ar putea s\u0103 le \u0219ubrezeasc\u0103 imaginea de partid de opozi\u021bie \u00een r\u00e2ndul propriului electorat min\u021bindu-i pe ace\u0219tia \u0219i aplic\u00e2nd standardul dublu, mul\u021bumind astfel PSD-ului pentru func\u021bia de vicepre\u0219edinte CJ oferit\u0103 lui Sorin P\u00eeslaru. Partidul AUR a fost votat de vr\u00e2nceni tocmai pentru c\u0103 s-au s\u0103turat de vechii politicieni, de corup\u021bie, de lipsa de investi\u021bii, de arogan\u021b\u0103 \u0219i de combina\u021bii. Iar ace\u0219tia odat\u0103 ajun\u0219i pe func\u021bii, \u00een loc s\u0103 fac\u0103 ce au promis \u00een campaniile electorale, adic\u0103 s\u0103 apere modul \u00een care se cheltuiesc banii publici, fac fix pe dos fiind cei mai buni paznici la tot ce face PSD \u0219i pre\u0219edintele Halici.<\/p>\n<source srcset=\"https:\/\/www.jurnaldevrancea.ro\/wp\/wp-content\/webp-express\/webp-images\/uploads\/2025\/12\/AUR-CJ-Vrancea.jpg.webp 1024w, https:\/\/www.jurnaldevrancea.ro\/wp\/wp-content\/webp-express\/webp-images\/uploads\/2025\/12\/AUR-CJ-Vrancea-768x453.jpg.webp 768w, https:\/\/www.jurnaldevrancea.ro\/wp\/wp-content\/webp-express\/webp-images\/uploads\/2025\/12\/AUR-CJ-Vrancea-150x88.jpg.webp 150w, https:\/\/www.jurnaldevrancea.ro\/wp\/wp-content\/webp-express\/webp-images\/uploads\/2025\/12\/AUR-CJ-Vrancea-300x177.jpg.webp 300w, https:\/\/www.jurnaldevrancea.ro\/wp\/wp-content\/webp-express\/webp-images\/uploads\/2025\/12\/AUR-CJ-Vrancea-696x411.jpg.webp 696w\" sizes=\"(max-width: 1024px) 100vw, 1024px\" type=\"image\/webp\" \/>\n<p>\u00a0<\/p>\n<\/div>\n<\/div>\n<div class=\"td_block_wrap td-a-rec td-a-rec-id-custom-spot td-a-rec-img tdi_107 td_block_template_1\">\n<div><a href=\"https:\/\/www.tomitatravel.ro\/\" target=\"blank\" class=\"td_spot_img_all\"><img loading=\"lazy\" decoding=\"async\" src=\"https:\/\/analyse.optim.biz\/wp-content\/uploads\/2025\/12\/banner-tomita_travel-focsani-1200x200-1-41.jpg\" alt=\"Tomi\u021b\u0103 Travel - Agen\u021bie de turism Foc\u0219ani\" width=\"1200\" height=\"200\" title=\"banner-tomita_travel-focsani-1200x200-1-41\"><\/a><a href=\"https:\/\/www.tomitatravel.ro\/\" target=\"blank\" class=\"td_spot_img_mob\"><img loading=\"lazy\" decoding=\"async\" src=\"https:\/\/analyse.optim.biz\/wp-content\/uploads\/2025\/12\/banner-tomita_travel-focsani-350x350-1-38.jpg\" alt=\"Tomi\u021b\u0103 Travel - Agen\u021bie de turism Foc\u0219ani\" width=\"300\" height=\"350\" title=\"banner-tomita_travel-focsani-350x350-1-38\"><\/a><\/div>\n<\/div>\n<div class=\"td_block_wrap td-a-rec td-a-rec-id-custom-spot td-a-rec-img tdi_108 td_block_template_1\">\n<div><a href=\"https:\/\/www.dezromania.ro\/categorii\/category\/14-produse.html\" target=\"blank\" class=\"td_spot_img_all\"><img loading=\"lazy\" decoding=\"async\" src=\"https:\/\/analyse.optim.biz\/wp-content\/uploads\/2025\/12\/banner-1200x200-sipotehnokar-auto-avariate-2025-36.jpg\" alt=\"spot_img\" width=\"1200\" height=\"200\" title=\"banner-1200x200-sipotehnokar-auto-avariate-2025-36\"><\/a><a href=\"https:\/\/www.dezromania.ro\/categorii\/category\/14-produse.html\" target=\"blank\" class=\"td_spot_img_mob\"><img loading=\"lazy\" decoding=\"async\" src=\"https:\/\/analyse.optim.biz\/wp-content\/uploads\/2025\/12\/banner-sipotehnokar-300xx220px-2025-35.jpg\" alt=\"spot_img\" width=\"300\" height=\"220\" title=\"banner-sipotehnokar-300xx220px-2025-35\"><\/a><\/div>\n<\/div>\n<div class=\"td_block_wrap td-a-rec td-a-rec-id-custom-spot td-a-rec-img tdi_109 td_block_template_1\">\n<div><a href=\"https:\/\/haipromo.ro\/\" target=\"blank\" class=\"td_spot_img_all\"><img loading=\"lazy\" decoding=\"async\" src=\"https:\/\/analyse.optim.biz\/wp-content\/uploads\/2025\/12\/banner-hai-promo-1200x200px-35.jpg\" alt=\"HAI PROMO\" width=\"1200\" height=\"200\" title=\"banner-hai-promo-1200x200px-35\"><\/a><a href=\"https:\/\/haipromo.ro\/\" target=\"blank\" class=\"td_spot_img_mob\"><img loading=\"lazy\" decoding=\"async\" src=\"https:\/\/analyse.optim.biz\/wp-content\/uploads\/2025\/12\/banner-hai-promo-350x350px-33.jpg\" alt=\"HAI PROMO\" width=\"350\" height=\"350\" title=\"banner-hai-promo-350x350px-33\"><\/a><\/div>\n<\/div>\n<\/div>\n<\/div>\n<div class=\"vc_column tdi_112  wpb_column vc_column_container tdc-column td-pb-span4\">\n<div class=\"wpb_wrapper\">\n<div class=\"wpb_wrapper td_block_wrap vc_widget_sidebar tdi_114 \">\n<aside id=\"custom_html-12\" class=\"widget_text td_block_template_1 widget custom_html-12 widget_custom_html\">\n<h4 class=\"block-title\"><span>\u2013 PUBLICITATE \u2013<\/span><\/h4>\n<div class=\"textwidget custom-html-widget\"><a href=\"https:\/\/www.facebook.com\/TractariAutoVranceaSOS24\"><source srcset=\"https:\/\/www.jurnaldevrancea.ro\/wp\/wp-content\/webp-express\/webp-images\/uploads\/2024\/11\/BANNER-sos-24-2024-300x300-px.jpg.webp\" type=\"image\/webp\" \/><\/a><a href=\"https:\/\/haipromo.ro\/\"><source srcset=\"https:\/\/www.jurnaldevrancea.ro\/wp\/wp-content\/webp-express\/webp-images\/uploads\/2024\/06\/banner-HAI-PROMO-350x350px.jpg.webp\" type=\"image\/webp\" \/><\/a><a href=\"https:\/\/www.facebook.com\/acnasygcons\"><source srcset=\"https:\/\/www.jurnaldevrancea.ro\/wp\/wp-content\/webp-express\/webp-images\/uploads\/2025\/08\/Banner-350x350px-Asyg-Consulting.jpg.webp\" type=\"image\/webp\" \/><\/a><\/div>\n<\/aside>\n<\/div>\n<div class=\"tdm_block td_block_wrap tdm_block_column_title tdi_116 tdm-content-horiz-center td-pb-border-top td_block_template_1\" data-td-block-uid=\"tdi_116\">\n<div class=\"td-block-row\">\n<div class=\"td-block-span12 tdm-col\">\n<div class=\"tds-title tds-title1 td-fix-index tdi_117 \">\n<h3 class=\"tdm-title tdm-title-md\">ARTICOLE SIMILARE<\/h3>\n<\/div>\n<\/div>\n<\/div>\n<\/div>\n<div class=\"td_block_wrap td_flex_block_1 tdi_118 td-pb-border-top td_block_template_1 td_flex_block\" data-td-block-uid=\"tdi_118\">\n<div id=\"tdi_118\" class=\"td_block_inner td-mc1-wrap\">\n<div class=\"td_module_flex td_module_flex_1 td_module_wrap td-animation-stack td-cpt-post\">\n<div class=\"td-module-container td-category-pos-above\">\n<div class=\"td-module-meta-info\"><a href=\"https:\/\/www.jurnaldevrancea.ro\/actualitate\/\" class=\"td-post-category\">Actualitate<\/a><\/p>\n<h3 class=\"entry-title td-module-title\"><a href=\"https:\/\/www.jurnaldevrancea.ro\/impozitul-pe-valoarea-de-piata-a-cladirilor-amanat-pana-in-2027\/\" rel=\"bookmark\" title=\"Impozitul pe valoarea de pia\u021b\u0103 a cl\u0103dirilor, am\u00e2nat p\u00e2n\u0103 \u00een 2027\">Impozitul pe valoarea de pia\u021b\u0103 a cl\u0103dirilor, am\u00e2nat p\u00e2n\u0103 \u00een 2027<\/a><\/h3>\n<div class=\"td-excerpt\">Consiliile locale \u015fi Consiliul General al Municipiului Bucure\u015fti (CGMB) vor aproba, p\u00e2n\u0103 la data&#8230;<\/div>\n<\/div>\n<\/div>\n<\/div>\n<div class=\"td_module_flex td_module_flex_1 td_module_wrap td-animation-stack td-cpt-post\">\n<div class=\"td-module-container td-category-pos-above\">\n<div class=\"td-module-meta-info\"><a href=\"https:\/\/www.jurnaldevrancea.ro\/actualitate\/\" class=\"td-post-category\">Actualitate<\/a><\/p>\n<h3 class=\"entry-title td-module-title\"><a href=\"https:\/\/www.jurnaldevrancea.ro\/academicianul-aurel-iancu-a-primit-astazi-titlul-de-cetatean-de-onoare-al-judetului-vrancea\/\" rel=\"bookmark\" title=\"Academicianul Aurel Iancu a primit ast\u0103zi titlul de \u201eCet\u0103\u021bean de Onoare al Jude\u021bului Vrancea\u201d\">Academicianul Aurel Iancu a primit ast\u0103zi titlul de \u201eCet\u0103\u021bean de Onoare al Jude\u021bului Vrancea\u201d<\/a><\/h3>\n<div class=\"td-excerpt\">Consiliul Jude\u021bean Vrancea a tr\u0103it ast\u0103zi un moment cu profund\u0103 \u00eenc\u0103rc\u0103tur\u0103 emo\u021bional\u0103 \u0219i simbolic\u0103&#8230;.<\/div>\n<\/div>\n<\/div>\n<\/div>\n<\/div>\n<\/div>\n<\/div>\n<\/div>\n<\/div>\n<\/div>\n<div id=\"tdi_119\" class=\"tdc-row\">\n<div class=\"vc_row tdi_120  wpb_row td-pb-row\">\n<div class=\"vc_column tdi_122  wpb_column vc_column_container tdc-column td-pb-span12\">\n<div class=\"wpb_wrapper\">\n<div class=\"tdm_block td_block_wrap tdm_block_column_title tdi_123 tdm-content-horiz-center td-pb-border-top td_block_template_1\" data-td-block-uid=\"tdi_123\">\n<div class=\"td-block-row\">\n<div class=\"td-block-span12 tdm-col\">\n<div class=\"tds-title tds-title1 td-fix-index tdi_124 \">\n<h3 class=\"tdm-title tdm-title-md\">ARTICOLE POPULARE<\/h3>\n<\/div>\n<\/div>\n<\/div>\n<\/div>\n<\/div>\n<\/div>\n<\/div>\n<\/div>\n<div id=\"tdi_125\" class=\"tdc-row\">\n<div class=\"vc_row tdi_126  wpb_row td-pb-row\">\n<div class=\"vc_column tdi_128  wpb_column vc_column_container tdc-column td-pb-span12\">\n<div class=\"wpb_wrapper\">\n<div class=\"td_block_wrap td_flex_block_1 tdi_129 td-pb-border-top td_block_template_1 td_flex_block\" data-td-block-uid=\"tdi_129\">\n<div id=\"tdi_129\" class=\"td_block_inner td-mc1-wrap\">\n<div class=\"td_module_flex td_module_flex_1 td_module_wrap td-animation-stack td-cpt-post\">\n<div class=\"td-module-container td-category-pos-above\">\n<div class=\"td-module-meta-info\"><a href=\"https:\/\/www.jurnaldevrancea.ro\/actualitate\/\" class=\"td-post-category\">Actualitate<\/a><\/p>\n<h3 class=\"entry-title td-module-title\"><a href=\"https:\/\/www.jurnaldevrancea.ro\/alerta-epidemiologica-in-vrancea-doua-femei-sunt-internate-in-stare-grava-la-ati-cu-suspiciune-de-botulism\/\" rel=\"bookmark\" title=\"Alert\u0103 epidemiologic\u0103 \u00een Vrancea! Dou\u0103 femei sunt internate \u00een stare grav\u0103 la ATI cu suspiciune de botulism\">Alert\u0103 epidemiologic\u0103 \u00een Vrancea! Dou\u0103 femei sunt internate \u00een stare grav\u0103 la ATI cu suspiciune de botulism<\/a><\/h3>\n<div class=\"td-excerpt\">Dou\u0103 cazuri suspecte de botulism au fost raportate \u00een jude\u021bul Vrancea \u00een intervalul 10\u201311&#8230;<\/div>\n<div class=\"td-editor-date\"><span class=\"td-author-date\"><span class=\"td-post-date\"><time class=\"entry-date updated td-module-date\" datetime=\"2025-12-13T08:18:55+02:00\">13\/12\/2025<\/time><\/span><\/span><\/div>\n<\/div>\n<\/div>\n<\/div>\n<div class=\"td_module_flex td_module_flex_1 td_module_wrap td-animation-stack td-cpt-post\">\n<div class=\"td-module-container td-category-pos-above\">\n<div class=\"td-module-meta-info\"><a href=\"https:\/\/www.jurnaldevrancea.ro\/actualitate\/\" class=\"td-post-category\">Actualitate<\/a><\/p>\n<h3 class=\"entry-title td-module-title\"><a href=\"https:\/\/www.jurnaldevrancea.ro\/doliu-in-comunitatea-din-adjud-a-murit-profesoara-simona-ceamburu\/\" rel=\"bookmark\" title=\"Doliu \u00een comunitatea din Adjud! A murit profesoara Simona Ceamburu!\">Doliu \u00een comunitatea din Adjud! A murit profesoara Simona Ceamburu!<\/a><\/h3>\n<div class=\"td-excerpt\">Colegiul Tehnic \u201eGh. Bal\u0219\u201d din Adjud a anun\u021bat cu mare triste\u021be moartea profesoarei de&#8230;<\/div>\n<div class=\"td-editor-date\"><span class=\"td-author-date\"><span class=\"td-post-date\"><time class=\"entry-date updated td-module-date\" datetime=\"2025-12-11T15:19:24+02:00\">11\/12\/2025<\/time><\/span><\/span><\/div>\n<\/div>\n<\/div>\n<\/div>\n<div class=\"td_module_flex td_module_flex_1 td_module_wrap td-animation-stack td-cpt-post\">\n<div class=\"td-module-container td-category-pos-above\">\n<div class=\"td-module-meta-info\"><a href=\"https:\/\/www.jurnaldevrancea.ro\/actualitate\/\" class=\"td-post-category\">Actualitate<\/a><\/p>\n<h3 class=\"entry-title td-module-title\"><a href=\"https:\/\/www.jurnaldevrancea.ro\/prescriptia-colacul-de-salvare-al-inculpatilor-din-sistem-cazul-revoltator-din-vrancea-primarul-iordache-cazacu-salvat-de-trecerea-timpului-nu-de-nevinovatie\/\" rel=\"bookmark\" title=\"Prescrip\u021bia \u2013 colacul de salvare al inculpa\u021bilor din sistem. Cazul revolt\u0103tor din Vrancea: primarul Iordache Cazacu, salvat de trecerea timpului, nu de nevinov\u0103\u021bie\">Prescrip\u021bia \u2013 colacul de salvare al inculpa\u021bilor din sistem. Cazul revolt\u0103tor din Vrancea: primarul Iordache Cazacu, salvat de trecerea timpului, nu de nevinov\u0103\u021bie<\/a><\/h3>\n<div class=\"td-excerpt\">Scandalul na\u021bional declan\u0219at de investiga\u021bia jurnali\u0219tilor de la Recorder despre \u201einculpa\u021bi salva\u021bi de prescrip\u021bie\u201d&#8230;<\/div>\n<div class=\"td-editor-date\"><span class=\"td-author-date\"><span class=\"td-post-date\"><time class=\"entry-date updated td-module-date\" datetime=\"2025-12-10T21:55:35+02:00\">10\/12\/2025<\/time><\/span><\/span><\/div>\n<\/div>\n<\/div>\n<\/div>\n<\/div>\n<\/div>\n<\/div>\n<\/div>\n<\/div>\n<\/div>\n<\/div>\n<\/div>\n<p><span class=\"td-page-meta\"><\/span><span class=\"td-page-meta\"><span class=\"td-page-meta\"><\/span><\/span><span class=\"td-page-meta\"><\/span><\/article>\n<p> Source URL: https:\/\/www.jurnaldevrancea.ro\/aur-il-salveaza-pe-halici-in-consiliul-judetean-si-gireaza-risipa-banilor-publici\/<\/p>\n","protected":false},"excerpt":{"rendered":"<p>Acas\u0103ActualitateAUR \u00eel salveaz\u0103 pe Halici \u00een Consiliul Jude\u021bean \u0219i gireaz\u0103 risipa banilor publici! ActualitateAdministra\u021bie AUR \u00eel salveaz\u0103 pe Halici \u00een Consiliul Jude\u021bean \u0219i gireaz\u0103 risipa banilor publici! DE:Alex Moldovan 03\/12\/2025 287 Facebook Twitter WhatsApp Imprimare Proiectele de hot\u0103r\u00e2re prin care se d\u0103 verde la balast\u0103rile efectuate de Consiliul Jude\u021bean Vrancea au fost aprobate cu sprijinul [&hellip;]<\/p>\n","protected":false},"author":1,"featured_media":1118789,"comment_status":"open","ping_status":"","sticky":false,"template":"","format":"standard","meta":{"footnotes":""},"categories":[89],"tags":[207],"class_list":["post-1118788","post","type-post","status-publish","format-standard","has-post-thumbnail","hentry","category-romania","tag-jurnaldevrancea-ro"],"_links":{"self":[{"href":"https:\/\/analyse.optim.biz\/index.php?rest_route=\/wp\/v2\/posts\/1118788","targetHints":{"allow":["GET"]}}],"collection":[{"href":"https:\/\/analyse.optim.biz\/index.php?rest_route=\/wp\/v2\/posts"}],"about":[{"href":"https:\/\/analyse.optim.biz\/index.php?rest_route=\/wp\/v2\/types\/post"}],"author":[{"embeddable":true,"href":"https:\/\/analyse.optim.biz\/index.php?rest_route=\/wp\/v2\/users\/1"}],"replies":[{"embeddable":true,"href":"https:\/\/analyse.optim.biz\/index.php?rest_route=%2Fwp%2Fv2%2Fcomments&post=1118788"}],"version-history":[{"count":0,"href":"https:\/\/analyse.optim.biz\/index.php?rest_route=\/wp\/v2\/posts\/1118788\/revisions"}],"wp:featuredmedia":[{"embeddable":true,"href":"https:\/\/analyse.optim.biz\/index.php?rest_route=\/wp\/v2\/media\/1118789"}],"wp:attachment":[{"href":"https:\/\/analyse.optim.biz\/index.php?rest_route=%2Fwp%2Fv2%2Fmedia&parent=1118788"}],"wp:term":[{"taxonomy":"category","embeddable":true,"href":"https:\/\/analyse.optim.biz\/index.php?rest_route=%2Fwp%2Fv2%2Fcategories&post=1118788"},{"taxonomy":"post_tag","embeddable":true,"href":"https:\/\/analyse.optim.biz\/index.php?rest_route=%2Fwp%2Fv2%2Ftags&post=1118788"}],"curies":[{"name":"wp","href":"https:\/\/api.w.org\/{rel}","templated":true}]}}