{"id":111809,"date":"2018-07-31T01:58:17","date_gmt":"2018-07-30T22:58:17","guid":{"rendered":"https:\/\/analyse.optim.biz\/?p=111809"},"modified":"2018-07-31T01:58:17","modified_gmt":"2018-07-30T22:58:17","slug":"soferul-cu-numere-anti-psd-in-numele-cui-este-vigilenta-politia-analiza-jurnal-de-seara","status":"publish","type":"post","link":"https:\/\/analyse.optim.biz\/?p=111809","title":{"rendered":"\u0218oferul cu numere anti-PSD. \u00cen numele cui este vigilent\u0103 Poli\u021bia? &#8211; analiza \u201eJurnal de Sear\u0103\u201d"},"content":{"rendered":"<div class=\"entry data-app-meta data-app-meta-article\" data-embed-base-url-canonical=\"https:\/\/www.digi24.ro\/embed\/stiri\/actualitate\/evenimente\/soferul-cu-numere-anti-psd-in-numele-cui-este-vigilenta-politia-analiza-jurnal-de-seara-972339\">\n<p data-index=\"1\"><strong>Poli\u021bia Rom\u00e2n\u0103 pic\u0103 unul dintre cele mai importante examene, pe cel al rezisten\u021bei la politic. Ceea ce este \u0219i ar fi trebuit s\u0103 r\u0103m\u00e2n\u0103 un simplu fapt divers s-a transformat \u00een subiectul-test pentru tenacitatea Poli\u021biei, care aten\u021bie, nici m\u0103car acum nu este sigur\u0103 c\u0103 are argumente legale \u00eempotriva unui \u0219ofer care \u0219i-a transformat \u00een protest politic num\u0103rul de \u00eenmatriculare al ma\u0219inii, spune Cosmin Prelipceanu, realizatorul <a href=\"https:\/\/www.digi24.ro\/emisiuni\/jurnalul-de-seara\" target=\"_blank\" rel=\"noopener\" data-skip-linkfix=\"1\">emisiunii \u201eJurnalul de Sear\u0103\u201d de la Digi24<\/a>.<\/strong><\/p>\n<p data-index=\"2\">\u0218ti\u021bi povestea. Este un rom\u00e2n stabilit \u00een Suedia. \u0218i a venit acas\u0103 \u00een vacan\u021b\u0103. Cu un num\u0103r de \u00eenmatriculare format numai din litere, cu o semnifica\u021bie lesne de p\u0103truns \u00een limba rom\u00e2n\u0103. Vorbe de ocar\u0103 la adresa PSD, \u00een formul\u0103 concentrat\u0103, c\u00e2t s\u0103 \u00eencap\u0103 pe pl\u0103cu\u021bele de \u00eenmatriculare ale ma\u0219inii sale din Suedia. De patru ori l-a oprit Poli\u021bia. 13 zile au tot scotocit oamenii legii. P\u00e2n\u0103 luni, c\u00e2nd rom\u00e2nul din Suedia a fost dus la sec\u021bie. I s-a luat carnetul, i s-au luat \u0219i pl\u0103cu\u021bele de \u00eenmatriculare \u0219i i s-a f\u0103cut dosar penal. Agen\u0163ii rutieri spun c\u0103 numerele de \u00eenmatriculare personalizate sunt ilegale pe teritoriul \u0163\u0103rii noastre, de\u015fi p\u00e2n\u0103 acum l-au mai oprit de trei ori pe \u015fofer f\u0103r\u0103 s\u0103-l sanc\u0163ioneze.<\/p>\n<p data-index=\"3\">Citi\u021bi \u0219i:\u00a0\u00a0<a title=\"Avocat: Trei mari gre\u0219eli ale Poli\u021biei \u00een cazul \u0219oferului cu ma\u0219ina anti-PSD\" href=\"https:\/\/www.digi24.ro\/stiri\/actualitate\/justitie\/avocat-trei-mari-greseli-ale-politiei-in-cazul-soferului-cu-masina-anti-psd-972392\" data-skip-linkfix=\"1\"><strong>Avocat: Trei mari gre\u0219eli ale Poli\u021biei \u00een cazul \u0219oferului cu ma\u0219ina anti-PSD<\/strong><\/a><\/p>\n<p data-index=\"4\">Omul a g\u00e2ndit \u00eenmatricularea ma\u015finii ca pe un protest, Poli\u0163ia interpreteaz\u0103 num\u0103rul ca pe o insult\u0103. De\u015fi la momentul intr\u0103rii \u00een \u0163ar\u0103 &#8211; a spus-o chiar \u015feful Poli\u0163iei Rutiere &#8211; nu a fost constatat\u0103 nicio neregul\u0103, institu\u0163ia a f\u0103cut verific\u0103ri extinse \u00een Suedia, iar luni \u015foferul a r\u0103mas f\u0103r\u0103 carnet \u015fi f\u0103r\u0103 pl\u0103cu\u0163ele personalizate de \u00eenmatriculare. Motivul invocat nu are leg\u0103tur\u0103 \u00eens\u0103 cu mesajul num\u0103rului de \u00eenmatriculare, ci cu un aspect tehnic &#8211; absen\u0163a oric\u0103rei cifre de pe pl\u0103cu\u0163e.<\/p>\n<p data-index=\"5\">Citi\u021bi \u0219i:\u00a0<strong><a title=\"title\" href=\"https:\/\/www.digi24.ro\/stiri\/actualitate\/un-roman-se-intoarce-acasa-din-belgia-cu-masina-inmatriculata-cu-numarul-1-jos-psd-mesajul-postat-de-barbat-972149\" data-skip-linkfix=\"1\">Un rom\u00e2n se \u00eentoarce acas\u0103 din Belgia cu ma\u0219ina \u00eenmatriculat\u0103 cu num\u0103rul \u201e1 JOS PSD\u201d. Mesajul postat de b\u0103rbat<\/a><\/strong><\/p>\n<p data-index=\"6\">La r\u00e2ndul lui, \u0219oferul anti-PSD e convins c\u0103 a fost urm\u0103rit de agen\u0163i, astfel \u00eenc\u00e2t s\u0103 poat\u0103 fi oprit \u00een trafic, iar numerele personalizate s\u0103 fie confiscate de poli\u021bi\u0219ti, dup\u0103 ce a refuzat s\u0103 dea curs solicit\u0103rii lor de a le schimba cu cele ini\u021biale. El acuz\u0103 acum autorit\u0103\u0163ile rom\u00e2ne de abuz. Se contrazice cu Poli\u021bia \u0219i \u00een ceea ce prive\u0219te num\u0103rul opririlor: el spune c\u0103 de patru ori a fost oprit, poli\u021bi\u0219tii spun c\u0103 de cinci ori l-au tras pe dreapta. Luni diminea\u021ba, c\u00e2nd se afla \u00een ma\u0219in\u0103 cu fiul s\u0103u de 8 ani, a fost oprit din nou \u0219i i s-a cerut s\u0103 schimbe numerele. Pentru c\u0103 a refuzat, a fost dus la sec\u021bie \u0219i audiat timp de trei ore, \u00een prezen\u021ba fiului s\u0103u, spune <strong>R\u0103zvan \u0218tef\u0103nescu<\/strong>.<\/p>\n<p data-index=\"7\"><strong>Ambasada Suediei \u00een Rom\u00e2nia<\/strong> a decis s\u0103 intervin\u0103 \u00een aceast\u0103 dezbatere public\u0103. A f\u0103cut-o prin ni\u015fte preciz\u0103ri, publicate pe pagina de Facebook a misiunii diplomatice. Ambasada a punctat c\u0103 pl\u0103cu\u0163ele de \u00eenmatriculare preferen\u0163iale emise de autoritatea de transport din Suedia sunt valide oriunde \u00een Uniunea European\u0103. Condi\u0163ia e ca \u015foferul s\u0103 aib\u0103 documente \u015fi pentru pl\u0103cu\u0163ele originale, \u015fi pentru cele preferen\u0163iale. \u0218oferul trebuie s\u0103 aib\u0103 la el \u015fi pl\u0103cu\u0163ele originale, \u00een cazul \u00een care se afl\u0103 \u00eentr-o \u0163ar\u0103 unde numerele preferen\u0163iale nu ar fi acceptate \u015fi trebuie schimbate. \u0162\u0103rile pot decide ce fel de vehicule \u015fi numere pot circula acolo, iar autorit\u0103\u0163ile suedeze nu au un cuv\u00e2nt de spus \u00een aceast\u0103 privin\u0163\u0103, a mai scris Ambasada Suediei \u00een Rom\u00e2nia.<\/p>\n<p data-index=\"8\">B\u0103rbatul sus\u021bine c\u0103 avea avea asupra sa dovezile privind num\u0103rul de \u00eenmatriculare original, care con\u021bine \u0219i cifre, \u0219i le-a ar\u0103tat poli\u021bi\u0219tilor de fiecare dat\u0103, motiv pentru care l-au \u0219i l\u0103sat s\u0103 plece.<\/p>\n<figure class=\"article-thumb\"><img decoding=\"async\" src=\"https:\/\/analyse.optim.biz\/wp-content\/uploads\/2024\/09\/jnpjptemagfzad0zodu0ywe0zdllzdc3njnjyzhkoddhzjniymiwmwvkza-thumb_-1.jpg\" alt=\"razvan stefanescu muie psd inquam 2\" data-skip-htmlfix=\"1\" title=\"jnpjptemagfzad0zodu0ywe0zdllzdc3njnjyzhkoddhzjniymiwmwvkza-thumb_-1\"><figcaption> R\u0103zvan \u0218tef\u0103nescu | Foto: Inquam Photos \/ Octav Ganea <\/figcaption><\/figure>\n<p data-index=\"9\">Ulterior, <strong>un purt\u0103tor de cuv\u00e2nt al Agen\u0163iei Suedeze de Transport a declarat pentru Realitatea TV c\u0103 au decis s\u0103-i interzic\u0103 \u015foferului rom\u00e2n s\u0103 mai circule cu numerele cu mesajul \u00eempotriva PSD. Asta dup\u0103 ce suedezii au fost informa\u0163i de autorit\u0103\u0163ile rom\u00e2ne \u00een leg\u0103tur\u0103 cu semnifica\u0163ia mesajului de pe pl\u0103cu\u0163e.<\/strong><\/p>\n<p data-index=\"10\">O reac\u0163ie la toat\u0103 aceast\u0103 poveste a venit pe Facebook de la celebrul agent devenit scriitor, Marian Godin\u0103. \u201eDac\u0103 a\u015f fi poli\u0163ist de frontier\u0103 sau rutier \u015fi a\u015f fi controlat celebra ma\u015fin\u0103 \u00een trafic, anterior \u00eentocmirii dosarului penal de c\u0103tre al\u0163i colegi, nu m-a\u015f sim\u0163i prea confortabil acum \u015fi m-a\u015f a\u015ftepta la vreo cita\u0163ie. Pentru c\u0103: ori colegii mei gre\u015fesc acum, ori eu am gre\u015fit c\u00e2nd l-am l\u0103sat pe \u015fofer s\u0103 plece. Cert e c\u0103, din p\u0103cate, urm\u0103rile acestui &#8220;r\u0103zboi&#8221; prostesc vor fi acum decontate de Poli\u0163ia Rutier\u0103\u201d, <a href=\"https:\/\/www.digi24.ro\/stiri\/actualitate\/politistul-marian-godina-despre-cazul-soferului-cu-numere-de-inmatriculare-anti-psd-politia-romana-va-deconta-urmarile-acestui-razboi-prostesc-971996\" target=\"_blank\" rel=\"noopener\" data-skip-linkfix=\"1\">consider\u0103 Marian Godin\u0103<\/a>.<\/p>\n<p data-index=\"11\"><span><strong>Controversa Conven\u021biei de la Viena<\/strong><\/span><\/p>\n<p data-index=\"12\">Brigada Rutier\u0103 spune c\u0103 pot circula pe drumurile publice din Rom\u00e2nia ma\u0219ini \u00eenmatriculate \u00een alt stat doar dac\u0103 respect\u0103 prevederile<strong> Conven\u0163iei de la Viena,<\/strong> un document din 1968, ratificat de Rom\u00e2nia \u00een 1980, care prevede<strong> obligativitatea de a avea cel pu\u021bin o cifr\u0103 \u00een identificarea ma\u0219inii<\/strong>. Legea este \u00een vigoare \u0219i ast\u0103zi, doar c\u0103 \u00eentre timp au mai ap\u0103rut amendamente \u0219i modific\u0103ri pe care alte state le-au pus \u00een practic\u0103, mai pu\u021bin Rom\u00e2nia.<\/p>\n<p data-index=\"13\">\u00cen anul 2014, Belgia a amendat aceast\u0103 Conven\u021bie \u0219i a propus ca \u0219oferii s\u0103-\u0219i poate face numerele de \u00eenmatriculare a autoturismelor doar din litere. ONU a fost de acord, iar \u00een 2016 a introdus amendamentul propus de Belgia. Numai c\u0103 <strong>la noi legisla\u021bia nu s-a schimbat pentru a lua \u00een calcul amendamentul care este \u00een vigoare \u00een Conven\u021bie din 2016.<\/strong><\/p>\n<p data-index=\"14\">\u201eDe vreme ce \u00een Conven\u0163ia de circula\u0163ie rutier\u0103 se spune clar c\u0103 o ma\u015fin\u0103 trebuie s\u0103 aib\u0103 o liter\u0103 de identificare, o cifr\u0103 \u015fi ulterior o grupare de litere personalizate, noi ce discut\u0103m \u00een Rom\u00e2nia?! P\u00e2n\u0103 acum, poli\u0163i\u015ftii nu au \u015ftiut \u00een ce condi\u0163ii se circul\u0103 \u00een trafic interna\u0163ional? Nu cred a\u015fa ceva!\u201d, spune Lucian Dini\u021b\u0103, fost director al Direc\u021biei Rutiere. El spune c\u0103 legal, b\u0103rbatul n-ar avea niciun argument pentru a contesta decizia poli\u0163i\u015ftilor.<\/p>\n<p data-index=\"15\">Sindicali\u015ftii din poli\u0163ie spun \u00eens\u0103 c\u0103 documentul \u00een baza c\u0103ruia a fost sanc\u0163ionat \u015foferul are prevederi ce pot fi interpretate.<\/p>\n<p data-index=\"16\"><em><strong>Poli\u021bia e vigilent\u0103, ve\u021bi spune. Haide\u021bi s\u0103 ne \u00eentreb\u0103m \u00eempreun\u0103, \u00eens\u0103, \u00een numele cui este vigilent\u0103 Poli\u021bia? Era aceasta o chestiune de siguran\u021b\u0103 public\u0103? Era aceasta chestiunea care avea nevoie de at\u00e2ta s\u00e2rguin\u021b\u0103 poli\u021bieneasc\u0103? Sau pur \u0219i simplu era chestiunea care \u00eei deranjeaz\u0103 pe politicienii care controleaz\u0103 Poli\u021bia? Este povestea asta \u00een numele legii \u0219i al cet\u0103\u021beanului? Sau, ca multe alte pove\u0219ti din ultima vreme, este despre politicienii care vor s\u0103 controleze toat\u0103 societatea?<\/strong><\/em>\u00a0<\/p>\n<h6><strong>Cristian P\u00eervulescu: E o dovad\u0103 de stat iliberal. F\u0103r\u0103 un impuls politic nu se \u00eent\u00e2mpla ce s-a \u00eent\u00e2mplat luni diminea\u021b\u0103<\/strong><\/h6>\n<p data-index=\"17\">Subiectul a fost comentat la \u201eJurnalul de Sear\u0103\u201d \u0219i cu profesorul <strong>Cristian P\u00eervulescu<\/strong>.<\/p>\n<p data-index=\"18\">\u201eCeva ceea ce, scris \u00een Suedia, nu avea niciun fel de semnifica\u021bie, erau ni\u0219te litere oarecare, dar \u00een Rom\u00e2nia a \u00eenfuriat o parte a clasei politice p\u00e2n\u0103 <strong>a atins penibilul<\/strong>, oblig\u00e2nd poli\u021bia s\u0103 ia m\u0103suri tardive \u0219i contradictorii. Dincolo de mesaj, care nu este cel mai politic corect mesaj, dar care exprim\u0103 <strong>un tip de furie<\/strong> pe care pot s\u0103 \u00eel \u00een\u021beleg, de\u0219i nu sunt de acord cu genul acesta de limbaj, dincolo de mesaj, e o problem\u0103. <strong>E o problem\u0103 de libertate de expresie<\/strong>, care este cel mai bun exemplu pe care \u00eel putem da telespectatorilor de<strong> stat iliberal.<\/strong> Este aceasta dovada c\u0103 Rom\u00e2nia e un stat iliberal \u0219i institutiile, Poli\u021bia \u00een cazul acesta, sunt obligate s\u0103 ac\u021bioneze \u00een acest fel. Pentru c\u0103 <strong>f\u0103r\u0103 un impuls politic nu se \u00eent\u00e2mpla ce s-a \u00eent\u00e2mplat luni diminea\u021b\u0103<\/strong>\u201d, a comentat politologul.\u00a0\u00a0<\/p>\n<p data-index=\"19\">El consider\u0103 c\u0103 e vorba de o \u201eeroare fundamental\u0103\u201d, care atrage aten\u021bia asupra\u00a0unei \u201esuprareac\u021bii\u201d \u0219i a unei \u201enervozit\u0103\u021bi\u201d a PSD-ului.<\/p>\n<p data-index=\"20\">\u201eCel mai simplu era s\u0103 treac\u0103 cu vederea. Nu au putut. Pentru c\u0103 se pare c\u0103 unii dintre comunicatorii \u0219i liderii PSD au considerat c\u0103 acest mesaj d\u0103uneaz\u0103 imaginii \u0219i trebuie s\u0103 arate for\u021b\u0103. (&#8230;) Toate acestea nu fac dec\u00e2t s\u0103 ne \u00eengrijoreze \u0219i s\u0103 dovedeasc\u0103 c\u0103 <strong>Rom\u00e2nia e un stat iliberal \u00een care libert\u0103\u021bile simple nu sunt respectate<\/strong>\u201d, a subliniat Cristian P\u00eervulescu.<\/p>\n<p data-index=\"21\">\u201eE o problem\u0103 legat\u0103 de statul de drept aici. Pentru c\u0103 <strong>statul de drept e format din func\u021bionari care pot s\u0103 le spun\u0103 politicienilor c\u0103 nu se poate<\/strong>, pentru c\u0103 face r\u0103u\u201d, a punctat politologul.<\/p>\n<p> \u201ePentru orice om de bun-sim\u021b este evident: <strong>Rom\u00e2nia este pe o pant\u0103 iliberal\u0103 \u0219i drepturile fundamentale sunt \u00eenc\u0103lcate.<\/strong> Iar poli\u021bi\u0219tii au devenit parte, poate f\u0103r\u0103 voia lor, execut\u00e2nd ordinele, dar nu e normal. De aici p\u00e2n\u0103 la alte situa\u021bii nu poate fi dec\u00e2t un pas. Trebuie s\u0103 avertiz\u0103m \u00een privin\u021ba acestui lucru, \u00een speran\u021ba c\u0103 oamenii vor reac\u021biona, pentru c\u0103 altfel,<strong> lucrurile vor degenera<\/strong>\u201d, a atras aten\u021bia Cristian P\u00eervulescu. Urm\u0103ri\u021bi-i comentariul complet \u00een materialul video de mai sus.<\/p>\n<p data-index=\"22\">Citi\u021bi \u0219i:\u00a0<\/p>\n<p class=\"card-title\" data-index=\"23\"><strong><a title=\"title\" href=\"https:\/\/www.digi24.ro\/stiri\/actualitate\/video-momentul-in-care-politistii-dau-jos-numarul-de-inmatriculare-cu-mesaj-injurios-la-adresa-psd-971983\" data-skip-linkfix=\"1\">VIDEO. Momentul \u00een care poli\u021bi\u0219tii dau jos num\u0103rul de \u00eenmatriculare cu mesaj injurios la adresa PSD<\/a><\/strong><\/p>\n<p class=\"card-title\" data-index=\"24\"><a title=\"title\" href=\"https:\/\/www.digi24.ro\/stiri\/actualitate\/justitie\/dosar-penal-pentru-soferul-cu-numarul-auto-anti-psd-971958\" data-skip-linkfix=\"1\"><strong>Dosar penal pentru num\u0103rul auto anti-PSD. Ce spune \u0219oferul, ce spun poli\u0163i\u015ftii<\/strong><\/a><\/p>\n<p class=\"h2\" data-index=\"25\"><a href=\"https:\/\/www.digi24.ro\/stiri\/actualitate\/evenimente\/soferul-cu-numere-anti-psd-reactia-politiei-e-o-premiera-pentru-tara-noastra-de-ce-a-putut-circula-barbatul-pana-acum-prin-romania-972235\" target=\"_blank\" rel=\"noopener\" data-skip-linkfix=\"1\"><strong>\u0218oferul cu numere anti-PSD. Reac\u021bia poli\u021biei: \u201eE o premier\u0103 pentru \u021bara noastr\u0103\u201d. De ce a putut circula b\u0103rbatul p\u00e2n\u0103 acum prin Rom\u00e2nia<\/strong><\/a><\/p>\n<p class=\"card-title\" data-index=\"26\"><strong><a title=\"title\" href=\"https:\/\/www.digi24.ro\/stiri\/actualitate\/ambasada-suediei-despre-cazul-masinii-cu-numar-controversat-placutele-de-inmatriculare-sunt-valide-pentru-calatoriile-in-ue-971898\" data-skip-linkfix=\"1\">Ambasada Suediei, despre cazul ma\u0219inii cu num\u0103r controversat: Pl\u0103cu\u021bele de \u00eenmatriculare sunt valide pentru c\u0103l\u0103toriile \u00een UE<\/a><\/strong><\/p>\n<p class=\"card-title\" data-index=\"27\"><strong><a title=\"title\" href=\"https:\/\/www.digi24.ro\/stiri\/actualitate\/ce-a-patit-soferul-cu-numar-de-inmatriculare-anti-psd-in-craiova-971506\" data-skip-linkfix=\"1\">UPDATE. Ce a p\u0103\u021bit \u0219oferul cu num\u0103r de \u00eenmatriculare anti-PSD, \u00een Craiova<\/a><\/strong><\/p>\n<p class=\"card-title\" data-index=\"28\"><strong><a title=\"title\" href=\"https:\/\/www.digi24.ro\/stiri\/actualitate\/fost-sef-al-politiei-romane-despre-cazul-soferului-cu-masina-inmatriculata-in-suedia-daca-nu-ar-fi-de-plans-ar-fi-de-ras-972033\" data-skip-linkfix=\"1\">Fost \u0219ef al Poli\u021biei Rutiere, despre cazul \u0219oferului cu ma\u0219ina \u00eenmatriculat\u0103 \u00een Suedia: Dac\u0103 nu ar fi de pl\u00e2ns, ar fi de r\u00e2s<\/a><\/strong><\/p>\n<p class=\"card-title\" data-index=\"29\"><strong><a title=\"title\" href=\"https:\/\/www.digi24.ro\/stiri\/actualitate\/reactia-ambasadei-suediei-dupa-ce-soferul-roman-cu-numere-anti-psd-s-a-ales-cu-dosar-penal-972065\" data-skip-linkfix=\"1\">Reac\u021bia ambasadei Suediei dup\u0103 ce \u0219oferul rom\u00e2n cu numere anti-PSD s-a ales cu dosar penal<\/a><\/strong><\/p>\n<p class=\"card-title\" data-index=\"30\"><strong><a title=\"title\" href=\"https:\/\/www.digi24.ro\/stiri\/actualitate\/purtatorul-de-cuvant-al-agentiei-de-transport-din-suedia-placutele-de-inmatriculare-anti-psd-vor-fi-revocate-de-autoritatile-suedeze-972214\" data-skip-linkfix=\"1\">Purt\u0103torul de cuv\u00e2nt al Agen\u0163iei de Transport din Suedia: Pl\u0103cu\u021bele de \u00eenmatriculare anti-PSD vor fi revocate de autorit\u0103\u021bile suedeze<\/a><\/strong><\/p>\n<p class=\"card-title\" data-index=\"31\"><strong><a title=\"title\" href=\"https:\/\/www.digi24.ro\/stiri\/actualitate\/evenimente\/foto-protest-la-politia-rutiera-dupa-ce-soferul-cu-numere-anti-psd-s-a-ales-cu-dosar-penal-972213\" data-skip-linkfix=\"1\">FOTO | Protest la Poli\u021bia Rutier\u0103 dup\u0103 ce \u0219oferul cu numere anti-PSD s-a ales cu dosar penal<\/a><\/strong><\/p>\n<p class=\"card-title\" data-index=\"32\"><strong><a title=\"title\" href=\"https:\/\/www.digi24.ro\/stiri\/actualitate\/politica\/codrin-stefanescu-soferul-cu-numere-anti-psd-sfideaza-milioane-de-simpatizanti-ai-partidului-972225\" data-skip-linkfix=\"1\">Codrin \u015etef\u0103nescu: \u0218oferul cu numere anti-PSD \u201esfideaz\u0103 milioane de simpatizan\u0163i ai partidului\u201d<\/a><\/strong><\/p>\n<p data-index=\"33\">\u00a0<\/p>\n<p data-index=\"34\">\u00a0<\/p>\n<\/div>\n<p> Source URL: https:\/\/www.digi24.ro\/stiri\/actualitate\/evenimente\/soferul-cu-numere-anti-psd-in-numele-cui-este-vigilenta-politia-analiza-jurnal-de-seara-972339<\/p>\n","protected":false},"excerpt":{"rendered":"<p>Poli\u021bia Rom\u00e2n\u0103 pic\u0103 unul dintre cele mai importante examene, pe cel al rezisten\u021bei la politic. Ceea ce este \u0219i ar fi trebuit s\u0103 r\u0103m\u00e2n\u0103 un simplu fapt divers s-a transformat \u00een subiectul-test pentru tenacitatea Poli\u021biei, care aten\u021bie, nici m\u0103car acum nu este sigur\u0103 c\u0103 are argumente legale \u00eempotriva unui \u0219ofer care \u0219i-a transformat \u00een protest [&hellip;]<\/p>\n","protected":false},"author":1,"featured_media":111810,"comment_status":"open","ping_status":"","sticky":false,"template":"","format":"standard","meta":{"footnotes":""},"categories":[2],"tags":[11],"class_list":["post-111809","post","type-post","status-publish","format-standard","has-post-thumbnail","hentry","category-politics","tag-digi24"],"_links":{"self":[{"href":"https:\/\/analyse.optim.biz\/index.php?rest_route=\/wp\/v2\/posts\/111809","targetHints":{"allow":["GET"]}}],"collection":[{"href":"https:\/\/analyse.optim.biz\/index.php?rest_route=\/wp\/v2\/posts"}],"about":[{"href":"https:\/\/analyse.optim.biz\/index.php?rest_route=\/wp\/v2\/types\/post"}],"author":[{"embeddable":true,"href":"https:\/\/analyse.optim.biz\/index.php?rest_route=\/wp\/v2\/users\/1"}],"replies":[{"embeddable":true,"href":"https:\/\/analyse.optim.biz\/index.php?rest_route=%2Fwp%2Fv2%2Fcomments&post=111809"}],"version-history":[{"count":0,"href":"https:\/\/analyse.optim.biz\/index.php?rest_route=\/wp\/v2\/posts\/111809\/revisions"}],"wp:featuredmedia":[{"embeddable":true,"href":"https:\/\/analyse.optim.biz\/index.php?rest_route=\/wp\/v2\/media\/111810"}],"wp:attachment":[{"href":"https:\/\/analyse.optim.biz\/index.php?rest_route=%2Fwp%2Fv2%2Fmedia&parent=111809"}],"wp:term":[{"taxonomy":"category","embeddable":true,"href":"https:\/\/analyse.optim.biz\/index.php?rest_route=%2Fwp%2Fv2%2Fcategories&post=111809"},{"taxonomy":"post_tag","embeddable":true,"href":"https:\/\/analyse.optim.biz\/index.php?rest_route=%2Fwp%2Fv2%2Ftags&post=111809"}],"curies":[{"name":"wp","href":"https:\/\/api.w.org\/{rel}","templated":true}]}}