{"id":111806,"date":"2018-07-31T03:50:54","date_gmt":"2018-07-31T00:50:54","guid":{"rendered":"https:\/\/analyse.optim.biz\/?p=111806"},"modified":"2018-07-31T03:50:54","modified_gmt":"2018-07-31T00:50:54","slug":"soferul-cu-numere-anti-psd-basescu-slugarnicia-unor-sefi-din-politie-face-din-romania-un-stat-ridicol","status":"publish","type":"post","link":"https:\/\/analyse.optim.biz\/?p=111806","title":{"rendered":"\u0218oferul cu numere anti-PSD. B\u0103sescu: Slug\u0103rnicia unor \u015fefi din poli\u0163ie face din Rom\u00e2nia un stat ridicol"},"content":{"rendered":"<div class=\"entry data-app-meta data-app-meta-article\" data-embed-base-url-canonical=\"https:\/\/www.digi24.ro\/embed\/stiri\/actualitate\/politica\/soferul-cu-numere-anti-psd-basescu-slugarnicia-unor-sefi-din-politie-face-din-romania-un-stat-ridicol-972373\">\n<p data-index=\"1\"><strong>Fostul pre\u015fedinte Traian B\u0103sescu spune, \u00een contextul <a href=\"https:\/\/www.digi24.ro\/cautare?q=inmatriculare\" target=\"_blank\" rel=\"noopener\" data-skip-linkfix=\"1\">scandalului legat de pl\u0103cu\u0163ele de \u00eenmatriculare anti-PSD,<\/a> c\u0103 \u201eslug\u0103rnicia unor \u015fefi din poli\u0163ie face din Rom\u00e2nia un stat ridicol\u201d \u015fi c\u0103 ar vrea s\u0103 \u00eei vad\u0103 ac\u0163ion\u00e2nd ferm, deschiz\u00e2nd dosare penale \u015fi f\u0103c\u00e2nd conferin\u0163e de pres\u0103 c\u00e2nd tricolorul este p\u00e2ng\u0103rit.<\/strong><\/p>\n<figure class=\"article-thumb\"><img decoding=\"async\" src=\"https:\/\/analyse.optim.biz\/wp-content\/uploads\/2024\/09\/mdamemm9mszoyxnopwvhmmqynge2ytu3zdazztg1yjgzyjhlodkwotc0ngm5-thumb_.jpg\" alt=\"traian basescu\" data-skip-htmlfix=\"1\" title=\"mdamemm9mszoyxnopwvhmmqynge2ytu3zdazztg1yjgzyjhlodkwotc0ngm5-thumb_\"><figcaption> Foto: Inquam Photos \/ Octav Ganea <\/figcaption><\/figure>\n<p data-index=\"2\">\u00cen secuime tricolorul a fost arborat al\u0103turi de un drapel negru, atrage aten\u021bia B\u0103sescu, \u015fi, mai spune el, adesea, primarii arboreaz\u0103 steagul secuiesc pe prim\u0103rii si consilii jude\u0163ene \u00een locul drapelului na\u0163ional.<\/p>\n<p data-index=\"3\">\u201eSlug\u0103rnicia unor \u015fefi din poli\u0163ie face din Rom\u00e2nia un stat ridicol, de parc\u0103 nu ne-ar fi fost de ajuns Viorica Vasilica\u201d, scrie Traian B\u0103sescu pe Facebook.<\/p>\n<p data-index=\"4\">El spune c\u0103, zilele trecute, de Ziua Imnului, tricolorul a fost arborat \u00een secuime al\u0103turi de un drapel negru.<\/p>\n<p data-index=\"5\">\u201eTot \u00een secuime, adesea, primarii arboreaz\u0103 steagul secuiesc pe prim\u0103rii si consilii jude\u0163ene \u00een locul drapelului na\u0163ional.\u00a0Nu se \u00eent\u00e2mpl\u0103 nimic, nici poli\u0163i\u015ftii \u015fi nici procurorii nu fac dosare penale, nu fac conferin\u0163e de pres\u0103.\u00a0\u00cen schimb, toat\u0103 poli\u0163ia, \u00een frunte cu comisari, chestori \u015fi omniprezen\u0163i lideri sindicali, sare cu picioarele pe un t\u00e2n\u0103r (ce-i drept nici el foarte inspirat) care a dob\u00e2ndit legal \u00een Suedia un num\u0103r de \u00eenmatriculare, care \u00eei deranjeaz\u0103 pe liderii PSD.\u00a0M\u0103i poli\u0163i\u015ftilor, lua\u0163i-i numerele bucluca\u015fe, da\u0163i-i o amend\u0103 \u015fi l\u0103sa\u0163i-l \u00een plata Domnului. Ce zice\u0163i, n-ar fi ceva mai inteligent dac\u0103 a\u0163i proceda a\u015fa? Sau poate pe voi abord\u0103rile inteligente v\u0103 enerveaz\u0103?\u00a0Mi-a\u015f dori s\u0103 v\u0103 v\u0103d ac\u0163ion\u00e2nd ferm, deschiz\u00e2nd dosare penale \u015fi f\u0103c\u00e2nd conferin\u0163e de pres\u0103 c\u00e2nd tricolorul este p\u00e2ng\u0103rit\u201d, \u00eencheie Traian B\u0103sescu.<\/p>\n<p class=\"gdpr-placeholder gdpr-social-media gdpr-iframe-fix\" data-index=\"7\"> Setarile tale privind cookie-urile nu permit afisarea continutul din aceasta sectiune. Poti actualiza setarile modulelor coookie direct din browser sau de <a class=\"ot-sdk-show-settings\" data-skip-linkfix=\"1\">aici<\/a> \u2013 e nevoie sa accepti cookie-urile social media<\/p>\n<p data-index=\"8\">Autoturismul cu numere de \u00eenmatriculare cu mesaj anti-PSD din Suedia \u00eendeplinea toate condi\u0163iile pentru a circula \u00een momentul \u00een care a intrat \u00een \u0163ar\u0103, iar m\u0103surile pentru sanc\u0163ionarea \u015foferului nu au fost luate imediat pentru c\u0103 au fost a\u015fteptate clarific\u0103ri de la autorit\u0103\u0163ile suedeze, sus\u0163in reprezentan\u0163ii Poli\u0163iei Rom\u00e2ne, preciz\u00e2nd c\u0103 primul r\u0103spuns din Suedia a venit \u00een 20 iulie, la trei zile dup\u0103 intrarea \u00een \u0163ar\u0103 a \u015foferului.<\/p>\n<p data-index=\"9\">Brigada Rutier\u0103 a Capitalei a re\u0163inut, luni, numerele de \u00eenmatriculare cu mesaj anti-PSD, dup\u0103 ce agen\u021bii au oprit \u00een trafic autoturismul \u00eenmatriculat \u00een Suedia. De asemenea, a fost re\u0163inut pemisul de conducere al \u015foferului. Acesta a declarat c\u0103 a \u00eenmatriculat ma\u015fina \u00een luna aprilie \u015fi c\u0103 se afl\u0103 \u00een concediu \u00een Rom\u00e2nia, fiind \u00een drum spre litoral. Poli\u0163ia Rutier\u0103 a deschis dosar penal \u00een acest caz \u015fi sus\u0163ine c\u0103 ma\u015fina cu num\u0103rul de \u00eenmatriculare \u201eM..EPSD\u201d nu are drept de circula\u0163ie \u00een Rom\u00e2nia.<\/p>\n<p data-index=\"10\">Poli\u021bi\u0219tii au invocat o informare transmis\u0103 de Biroul Interpol Stockholm, \u00een timp ce Ambasada Suediei la Bucure\u015fti sus\u0163ine c\u0103 autoturismul are drept de circula\u0163ie \u00een Uniunea European\u0103, dar c\u0103 posesorul trebuie s\u0103 de\u0163in\u0103 documentele oficiale pentru ambele seturi de numere \u2013 personalizate \u015fi oficiale.<\/p>\n<p data-index=\"11\"><a href=\"https:\/\/www.digi24.ro\/stiri\/actualitate\/evenimente\/foto-protest-la-politia-rutiera-dupa-ce-soferul-cu-numere-anti-psd-s-a-ales-cu-dosar-penal-972213\" target=\"_blank\" rel=\"noopener\" data-skip-linkfix=\"1\">C\u00e2teva zeci de persoane au protestat luni<\/a>, timp de aproximativ dou\u0103 ore, \u00een fa\u0163a sediului Brig\u0103zii Rutiere a Capitalei dup\u0103 ce poli\u0163i\u015ftii au re\u0163inut numerele de \u00eenmatriculare cu mesaj anti-PSD, dar \u015fi permisul \u015foferului care conducea un autoturism \u00eenmatriculat \u00een Suedia. Dup\u0103 ora 17.00, c\u00e2nd a \u00eenceput conferin\u0163a de pres\u0103 a reprezentan\u0163ilor Poli\u0163iei Rom\u00e2ne, oamenii au mers s\u0103 protesteze \u00een fa\u0163a sediului IGPR.<\/p>\n<p data-index=\"12\">Citi\u021bi \u0219i:\u00a0\u00a0<a title=\"title\" href=\"https:\/\/www.digi24.ro\/stiri\/actualitate\/evenimente\/soferul-cu-numere-anti-psd-in-numele-cui-este-vigilenta-politia-analiza-jurnal-de-seara-972339\" data-skip-linkfix=\"1\"><strong>\u0218oferul cu numere anti-PSD. \u00cen numele cui este vigilent\u0103 Poli\u021bia?<\/strong><\/a><\/p>\n<\/div>\n<p> Source URL: https:\/\/www.digi24.ro\/stiri\/actualitate\/politica\/soferul-cu-numere-anti-psd-basescu-slugarnicia-unor-sefi-din-politie-face-din-romania-un-stat-ridicol-972373<\/p>\n","protected":false},"excerpt":{"rendered":"<p>Fostul pre\u015fedinte Traian B\u0103sescu spune, \u00een contextul scandalului legat de pl\u0103cu\u0163ele de \u00eenmatriculare anti-PSD, c\u0103 \u201eslug\u0103rnicia unor \u015fefi din poli\u0163ie face din Rom\u00e2nia un stat ridicol\u201d \u015fi c\u0103 ar vrea s\u0103 \u00eei vad\u0103 ac\u0163ion\u00e2nd ferm, deschiz\u00e2nd dosare penale \u015fi f\u0103c\u00e2nd conferin\u0163e de pres\u0103 c\u00e2nd tricolorul este p\u00e2ng\u0103rit. Foto: Inquam Photos \/ Octav Ganea \u00cen secuime [&hellip;]<\/p>\n","protected":false},"author":1,"featured_media":111807,"comment_status":"open","ping_status":"","sticky":false,"template":"","format":"standard","meta":{"footnotes":""},"categories":[2],"tags":[11],"class_list":["post-111806","post","type-post","status-publish","format-standard","has-post-thumbnail","hentry","category-politics","tag-digi24"],"_links":{"self":[{"href":"https:\/\/analyse.optim.biz\/index.php?rest_route=\/wp\/v2\/posts\/111806","targetHints":{"allow":["GET"]}}],"collection":[{"href":"https:\/\/analyse.optim.biz\/index.php?rest_route=\/wp\/v2\/posts"}],"about":[{"href":"https:\/\/analyse.optim.biz\/index.php?rest_route=\/wp\/v2\/types\/post"}],"author":[{"embeddable":true,"href":"https:\/\/analyse.optim.biz\/index.php?rest_route=\/wp\/v2\/users\/1"}],"replies":[{"embeddable":true,"href":"https:\/\/analyse.optim.biz\/index.php?rest_route=%2Fwp%2Fv2%2Fcomments&post=111806"}],"version-history":[{"count":0,"href":"https:\/\/analyse.optim.biz\/index.php?rest_route=\/wp\/v2\/posts\/111806\/revisions"}],"wp:featuredmedia":[{"embeddable":true,"href":"https:\/\/analyse.optim.biz\/index.php?rest_route=\/wp\/v2\/media\/111807"}],"wp:attachment":[{"href":"https:\/\/analyse.optim.biz\/index.php?rest_route=%2Fwp%2Fv2%2Fmedia&parent=111806"}],"wp:term":[{"taxonomy":"category","embeddable":true,"href":"https:\/\/analyse.optim.biz\/index.php?rest_route=%2Fwp%2Fv2%2Fcategories&post=111806"},{"taxonomy":"post_tag","embeddable":true,"href":"https:\/\/analyse.optim.biz\/index.php?rest_route=%2Fwp%2Fv2%2Ftags&post=111806"}],"curies":[{"name":"wp","href":"https:\/\/api.w.org\/{rel}","templated":true}]}}