{"id":111785,"date":"2018-07-31T05:58:17","date_gmt":"2018-07-31T02:58:17","guid":{"rendered":"https:\/\/analyse.optim.biz\/?p=111785"},"modified":"2018-07-31T05:58:17","modified_gmt":"2018-07-31T02:58:17","slug":"avocat-trei-mari-greseli-ale-politiei-in-cazul-soferului-cu-masina-anti-psd","status":"publish","type":"post","link":"https:\/\/analyse.optim.biz\/?p=111785","title":{"rendered":"Avocat: Trei mari gre\u0219eli ale Poli\u021biei \u00een cazul \u0219oferului cu ma\u0219ina anti-PSD"},"content":{"rendered":"<div class=\"entry data-app-meta data-app-meta-article\" data-embed-base-url-canonical=\"https:\/\/www.digi24.ro\/embed\/stiri\/actualitate\/justitie\/avocat-trei-mari-greseli-ale-politiei-in-cazul-soferului-cu-masina-anti-psd-972392\">\n<p data-index=\"1\"><strong><a href=\"https:\/\/www.digi24.ro\/cautare?q=razvan+stefanescu\" target=\"_blank\" rel=\"noopener\" data-skip-linkfix=\"1\">R\u0103zvan \u0218tef\u0103nescu, rom\u00e2nul cu ma\u0219ina anti-PSD<\/a>, s-ar putea adresa justi\u021biei, dup\u0103 ce s-a ales cu dosar penal \u00een Rom\u00e2nia din cauza numerelor personalizate de \u00eenmatriculare din Suedia, sunt de p\u0103rere un avocat, dar \u0219i un reprezentant al unui sindicat al poli\u021bi\u0219tilor.\u00a0Aproape dou\u0103 s\u0103pt\u0103m\u00e2ni b\u0103rbatul a circulat nestigherit \u00een Rom\u00e2nia cu respectiva ma\u0219in\u0103, f\u0103r\u0103 a i se atrage aten\u021bia, iar Poli\u021bia a comis trei mari gre\u0219eli, a ar\u0103tat avocatul Daniel Fenechiu \u00een <a href=\"https:\/\/www.digi24.ro\/emisiuni\/impartial\" target=\"_blank\" rel=\"noopener\" data-skip-linkfix=\"1\">emisiunea \u201eImpar\u021bial\u201d de la Digi24.<\/a><\/strong><\/p>\n<p data-index=\"2\"><strong><em>A \u00eenc\u0103lcat sau nu legea \u0219oferul?<\/em><\/strong> Da \u0219i nu, spune avocatul\u00a0<strong>Daniel Fenechiu<\/strong>, care explic\u0103: \u201eNu a \u00eenc\u0103lcat legea \u00een ceea ce prive\u0219te intrarea \u00een Rom\u00e2nia din perspectiva \u00eenmatricul\u0103rii, dar a \u00eenc\u0103lcat legea \u00een ceea ce prive\u0219te respectarea normelor privind morala public\u0103 \u0219i ordinea public\u0103. Din punctul acesta de vedere, <strong>Poli\u021bia de Frontier\u0103 \u00een mod gre\u0219it l-a l\u0103sat s\u0103 intre \u00een \u021bar\u0103.<\/strong> La momentul intr\u0103rii \u00een \u021bar\u0103, trebuiau s\u0103 sesizeze ce scrie pe pl\u0103cu\u021ba respectiv\u0103, s\u0103 se g\u00e2ndeasc\u0103 c\u0103 acea ma\u0219in\u0103 va fi v\u0103zut\u0103 de copii, de persoane care trebuie protejate de un asemenea stil de comunicare ce sfideaz\u0103 \u0219i atac\u0103 grav morala public\u0103 \u0219i atunci trebuiau s\u0103-i spun\u0103: <em>Cu aceste numere nu intri \u00een Rom\u00e2nia,<\/em> motiv pentru care omul \u0219i-ar fi \u00eenlocuit pl\u0103cu\u021bele preferen\u021biale cu pl\u0103cu\u021bele de baz\u0103 pe care le are.<\/p>\n<p data-index=\"3\"><strong>Citi\u0163i \u015fi: <a href=\"https:\/\/www.digi24.ro\/opinii\/dragnea-are-o-noua-tinta-970408\" data-skip-linkfix=\"1\">Schimbare major\u0103 de tactic\u0103. Dragnea are o nou\u0103 \u021bint\u0103 \u0219i a pus toate tunurile pe ea<\/a><\/strong><\/p>\n<p data-index=\"4\"><strong>A doua gre\u0219eal\u0103<\/strong> pe care a f\u0103cut-o Poli\u021bia Rom\u00e2n\u0103, de data asta m\u0103 refer la poli\u021bia de circula\u021bie \u0219i ceilal\u021bi poli\u021bi\u0219ti, este c\u0103 pe parcursul celor 14 zile n-au constatat acest lucru, oprindu-l de patru ori \u00een trafic.<\/p>\n<p data-index=\"5\">\u00cen fine, <strong>a treia gre\u0219eal\u0103 major\u0103<\/strong> este c\u0103 i-au f\u0103cut un dosar penal \u0219i i-au re\u021binut permisul de conducere \u00een contextul \u00een care abaterea lui nu are leg\u0103tur\u0103 cu pl\u0103cu\u021bele de \u00eenmatriculare \u00een ceea ce prive\u0219te regimul \u00eenmatricul\u0103rii ma\u0219inii. Acele numere preferen\u021biale \u00ee\u021bi dau dreptul s\u0103 circuli prin toat\u0103 Europa sub rezerva opozi\u021biei statului \u00een care p\u0103trunzi. Acesta e \u0219i motivul pentru care trebuie s\u0103 ai \u0219i numerele principale, iar \u00een ipoteza \u00een care statul respectiv are obiec\u021bii la numerele preferen\u021biale, \u00ee\u021bi pui numerele de baz\u0103 \u0219i mergi mai departe. Asta se \u00eent\u00e2mpla, dac\u0103 Poli\u021bia de Frontier\u0103 din Rom\u00e2nia \u00ee\u0219i f\u0103cea datoria. Acestea sunt cele trei mari gre\u0219eli f\u0103cute de Poli\u021bia Rom\u00e2n\u0103. F\u0103r\u0103 \u00eendoial\u0103, cea mai mare este ultima dintre ele\u201d, a explicat avocatul Daniel Fenechiu.<\/p>\n<p data-index=\"6\">Senator PNL, el a acuzat presiuni politice asupra Poli\u021biei. \u201eFac precizarea c\u0103 aceast\u0103 chestiune se \u00eent\u00e2mpl\u0103 cu 10 zile \u00eenainte de marele miting pe care \u00eel anun\u021b\u0103 diaspora \u0219i e de natur\u0103 s\u0103 permit\u0103 tot felul de aser\u021biuni c\u0103 Poli\u021bia este folosit\u0103 \u00een scop politic\u201d, a atras aten\u021bia Daniel Fenechiu.<\/p>\n<p data-index=\"7\">Avocatul a ar\u0103tat cu degetul \u0219i c\u0103tre conferin\u021ba de pres\u0103 \u00een care reprezentan\u021bii Poli\u021biei \u0219i-au expus, luni, punctul de vedere \u00een acest caz. Fenechiu spune\u00a0 c\u0103 aceast\u0103 conferin\u021b\u0103 de pres\u0103 s-a bazat pe \u201eo evident\u0103 ne\u00een\u021belegere a textelor legale\u201d, cu referire la prevederile Conven\u021biei de la Viena. (declara\u021biile complete \u00een materialul video de mai sus).<\/p>\n<p data-index=\"8\">La r\u00e2ndul s\u0103u,<strong> Cosmin Andreica, liderul sindicatului Europol,<\/strong> remarc\u0103 faptul c\u0103 \u00een urma conferin\u021bei de pres\u0103, lucrurile nu sunt nici pe departe clarificate. \u201eDeocamdat\u0103 nu \u0219tim exact dac\u0103 deranjeaz\u0103 acel num\u0103r de \u00eenmatriculare preferen\u021bial sau dac\u0103 acele pl\u0103cu\u021be cu acel mesaj nu corespund Conven\u021biei de la Viena, care totu\u0219i a fost modificat\u0103 \u00een 2016 \u0219i care, \u00een urma unui amendament depus de statul belgian s-a admis \u00een mod tacit inclusiv utilizarea exclusiv\u0103 a literelor \u00een formarea num\u0103rului de \u00eenmatriculare\u201d, a spus Cosmin Andreica.<\/p>\n<p data-index=\"9\">Dac\u0103 ar fi vorba strict de respectarea Conven\u021biei de la Viena, atunci cum se face c\u0103 am v\u0103zut \u00een traficul din Rom\u00e2nia \u0219i alte ma\u0219ini ce con\u021bin exclusiv litere, \u00eenmatriculate \u00een alte state \u0219i care apar\u021bin unor personalit\u0103\u021bi, se \u00eentreab\u0103 Cosmin Andreica, dup\u0103 cum au remarcat \u0219i numero\u0219i utilizatori ai re\u021belelor de socializare, care au f\u0103cut s\u0103 circule o poz\u0103 cu ma\u0219ina cu num\u0103rul \u201eSimona\u201d apar\u021bin\u00e2nd sportivei Simona Halep sau cu ma\u0219inile altor sportivi din Rom\u00e2nia.<\/p>\n<p data-index=\"10\"><img loading=\"lazy\" decoding=\"async\" class=\"alignnone size-full wp-image-972395\" src=\"https:\/\/analyse.optim.biz\/wp-content\/uploads\/2024\/09\/zyz3ptgwmczoyxnopwi5ymi4zwu3ndywmtq5ndg2zmy2yja3njmzodzknjq4-thumb_.jpg\" width=\"480\" height=\"640\" data-skip-htmlfix=\"1\" title=\"zyz3ptgwmczoyxnopwi5ymi4zwu3ndywmtq5ndg2zmy2yja3njmzodzknjq4-thumb_\"><\/p>\n<p data-index=\"11\">De ce alte numere preferen\u021biale nu au deranjat, de\u0219i nici ele nu au cifre \u00een componen\u021b\u0103 sau de ce ne-am adus aminte abia acum de aceast\u0103 Conven\u021bie de la Viena, se \u00eentreab\u0103 Cosmin Andreica.<\/p>\n<p data-index=\"12\">Liderul sindical este de p\u0103rere c\u0103 poli\u021bi\u0219tii care au f\u0103cut verific\u0103rile primare, oprindu-l \u00een trafic pe R\u0103zvan \u0218tef\u0103nescu, nu risc\u0103 nimic, pentru c\u0103 ei sunt agen\u021bi constatatori \u0219i constataser\u0103 c\u0103 \u00eenmatricularea era regulamentar\u0103. Nici cei care i-au deschis dosar penal nu au gre\u0219it, spune, pe de alt\u0103 parte, Cosmin Andreica.<\/p>\n<p data-index=\"13\">\u201eSigur, problema va ap\u0103rea \u00een momentul \u00een care <strong>dosarul va fi clasat,<\/strong> cel mai probabil pentru faptul c\u0103 <strong>lipse\u0219te unul din elementele constitutive ale infrac\u021biunii<\/strong> pentru care acest \u0219ofer este cercetat, iar <strong>acest \u0219ofer va putea s\u0103 \u00eentrebe la un moment dat statul rom\u00e2n, \u00eentr-una dintre instan\u021bele la care va avea acces, de ce a fost nevoit s\u0103 r\u0103m\u00e2n\u0103 f\u0103r\u0103 dreptul de a conduce pe drumurile publice \u00een tot acest timp<\/strong>\u201d, a reliefat Cosmin Andreica, liderul sindicatului Europol. El este una dintre vocile care a cerut ca institu\u021bia poli\u021biei s\u0103 fie \u021binut\u0103 departe de interesele politice.<\/p>\n<p data-index=\"14\">\u201eDin nostru de vedere, \u00een lipsa unei prevederi exprese care s\u0103 interzic\u0103 folosirea acestor numere, acest cet\u0103\u021bean nu a s\u0103v\u00e2r\u0219it niciun fel de abatere de la legisla\u021bia rom\u00e2neasc\u0103. Nu ne dorim ca institu\u021bia poli\u021biei s\u0103 fie folosit\u0103 ca ustensil\u0103 politic\u0103 pentru c\u0103 nu le convine unor oameni o \u00een\u0219iruire de litere pe o pl\u0103cu\u021ba de \u00eenmatriculare\u201d, a declarat Andreica.<\/p>\n<p data-index=\"15\">Citi\u021bi \u0219i:\u00a0<\/p>\n<p class=\"card-title\" data-index=\"16\"><strong><a title=\"title\" href=\"https:\/\/www.digi24.ro\/stiri\/actualitate\/evenimente\/soferul-cu-numere-anti-psd-in-numele-cui-este-vigilenta-politia-analiza-jurnal-de-seara-972339\" data-skip-linkfix=\"1\">\u0218oferul cu numere anti-PSD. \u00cen numele cui este vigilent\u0103 Poli\u021bia? &#8211; analiza \u201eJurnal de Sear\u0103\u201d<\/a><\/strong><\/p>\n<p class=\"card-title\" data-index=\"17\"><strong><a title=\"title\" href=\"https:\/\/www.digi24.ro\/stiri\/actualitate\/politistul-marian-godina-despre-cazul-soferului-cu-numere-de-inmatriculare-anti-psd-politia-romana-va-deconta-urmarile-acestui-razboi-prostesc-971996\" data-skip-linkfix=\"1\">Poli\u021bistul Marian Godin\u0103, despre cazul \u0219oferului cu numere de \u00eenmatriculare anti-PSD: Poli\u021bia Rom\u00e2n\u0103 va deconta urm\u0103rile acestui \u201er\u0103zboi\u201d prostesc<\/a><\/strong><\/p>\n<p data-index=\"18\">\u00a0<\/p>\n<p data-index=\"19\">\u00a0<\/p>\n<\/div>\n<p> Source URL: https:\/\/www.digi24.ro\/stiri\/actualitate\/justitie\/avocat-trei-mari-greseli-ale-politiei-in-cazul-soferului-cu-masina-anti-psd-972392<\/p>\n","protected":false},"excerpt":{"rendered":"<p>R\u0103zvan \u0218tef\u0103nescu, rom\u00e2nul cu ma\u0219ina anti-PSD, s-ar putea adresa justi\u021biei, dup\u0103 ce s-a ales cu dosar penal \u00een Rom\u00e2nia din cauza numerelor personalizate de \u00eenmatriculare din Suedia, sunt de p\u0103rere un avocat, dar \u0219i un reprezentant al unui sindicat al poli\u021bi\u0219tilor.\u00a0Aproape dou\u0103 s\u0103pt\u0103m\u00e2ni b\u0103rbatul a circulat nestigherit \u00een Rom\u00e2nia cu respectiva ma\u0219in\u0103, f\u0103r\u0103 a i [&hellip;]<\/p>\n","protected":false},"author":1,"featured_media":111786,"comment_status":"open","ping_status":"","sticky":false,"template":"","format":"standard","meta":{"footnotes":""},"categories":[2],"tags":[11],"class_list":["post-111785","post","type-post","status-publish","format-standard","has-post-thumbnail","hentry","category-politics","tag-digi24"],"_links":{"self":[{"href":"https:\/\/analyse.optim.biz\/index.php?rest_route=\/wp\/v2\/posts\/111785","targetHints":{"allow":["GET"]}}],"collection":[{"href":"https:\/\/analyse.optim.biz\/index.php?rest_route=\/wp\/v2\/posts"}],"about":[{"href":"https:\/\/analyse.optim.biz\/index.php?rest_route=\/wp\/v2\/types\/post"}],"author":[{"embeddable":true,"href":"https:\/\/analyse.optim.biz\/index.php?rest_route=\/wp\/v2\/users\/1"}],"replies":[{"embeddable":true,"href":"https:\/\/analyse.optim.biz\/index.php?rest_route=%2Fwp%2Fv2%2Fcomments&post=111785"}],"version-history":[{"count":0,"href":"https:\/\/analyse.optim.biz\/index.php?rest_route=\/wp\/v2\/posts\/111785\/revisions"}],"wp:featuredmedia":[{"embeddable":true,"href":"https:\/\/analyse.optim.biz\/index.php?rest_route=\/wp\/v2\/media\/111786"}],"wp:attachment":[{"href":"https:\/\/analyse.optim.biz\/index.php?rest_route=%2Fwp%2Fv2%2Fmedia&parent=111785"}],"wp:term":[{"taxonomy":"category","embeddable":true,"href":"https:\/\/analyse.optim.biz\/index.php?rest_route=%2Fwp%2Fv2%2Fcategories&post=111785"},{"taxonomy":"post_tag","embeddable":true,"href":"https:\/\/analyse.optim.biz\/index.php?rest_route=%2Fwp%2Fv2%2Ftags&post=111785"}],"curies":[{"name":"wp","href":"https:\/\/api.w.org\/{rel}","templated":true}]}}