{"id":111771,"date":"2018-07-31T12:20:06","date_gmt":"2018-07-31T09:20:06","guid":{"rendered":"https:\/\/analyse.optim.biz\/?p=111771"},"modified":"2018-07-31T12:20:06","modified_gmt":"2018-07-31T09:20:06","slug":"ponta-cred-ca-liviu-dragnea-si-a-negociat-ca-la-nevoie-sa-poata-fugi-in-israel-si-sa-nu-fie-extradat","status":"publish","type":"post","link":"https:\/\/analyse.optim.biz\/?p=111771","title":{"rendered":"Ponta: \u201eCred c\u0103 Liviu Dragnea \u0219i-a negociat ca, la nevoie, s\u0103 poat\u0103 fugi \u00een Israel \u0219i s\u0103 nu fie extr\u0103dat\u201d"},"content":{"rendered":"<div class=\"entry data-app-meta data-app-meta-article\" data-embed-base-url-canonical=\"https:\/\/www.digi24.ro\/embed\/stiri\/actualitate\/politica\/ponta-cred-ca-liviu-dragnea-si-a-negociat-ca-la-nevoie-sa-poata-fugi-in-israel-si-sa-nu-fie-extradat-972638\">\n<p data-index=\"1\"><strong>Fostul premier PSD Victor Ponta a sus\u021binut, \u00eentr-o emisiune la TVR 1, c\u0103 pre\u0219edintele social-democra\u021bilor, Liviu Dragnea, \u0219i-ar fi negociat \u201es\u0103 poat\u0103 fugi \u00een Israel\u201d, dar a sugerat c\u0103 \u00een\u021belegerea nu ar fi fost f\u0103cut\u0103 cu statul Israel.<\/strong><\/p>\n<figure class=\"article-thumb\"><img decoding=\"async\" src=\"https:\/\/analyse.optim.biz\/wp-content\/uploads\/2024\/09\/agfzad0wztmzzjcynmjhzgfhnjg1njzjyzc4zmrkmjhlyjq1nw-thumb_.jpg\" alt=\"victor ponta liviu dragnea facebook dragnea 31 07 2015\" data-skip-htmlfix=\"1\" title=\"agfzad0wztmzzjcynmjhzgfhnjg1njzjyzc4zmrkmjhlyjq1nw-thumb_\"><figcaption> Surs\u0103 foto: Facebook <\/figcaption><\/figure>\n<p data-index=\"2\">\u201e<strong>Eu cred c\u0103 Liviu Dragnea \u0219i-a negociat ca, la nevoie, s\u0103 poat\u0103 fugi \u00een Israel \u0219i s\u0103 nu fie extr\u0103dat (&#8230;) Eu nu cred c\u0103 el are o \u00een\u021belegere cu statul Israel<\/strong>, are cu&#8230; apropo, ne-am mutat ambasada la Ierusalim? Nu! Deci le-a dat \u021beap\u0103 \u0219i la \u0103ia. El a zis c\u0103 vrea s\u0103 se vad\u0103 cu Trump, dac\u0103 vine \u00een Israel. C\u00e2nd a aflat c\u0103 nu mai vine Trump, c\u0103 vine fiica, a zis c\u0103 se vede \u0219i cu fiica, s\u0103-i spun\u0103 c\u00e2t de mult \u00eel iube\u0219te pe tati. C\u00e2nd a ajuns acolo i s-a spus c\u0103 nu e pe list\u0103. A \u00eenceput s\u0103 zic\u0103: cum, eu care&#8230; \u0219i apoi s-a \u00eentors\u201d, a declarat Victor Ponta.<\/p>\n<p data-index=\"3\">Fostul premier PSD a mai sugerat c\u0103 negocierile ar fi inclus Fondul Suveran de Dezvoltare \u0219i Investi\u021bii, pe care social-democra\u021bii l-au inclus \u00een programul de guvernare \u0219i pe care \u00eel sus\u021bine \u00een mod deosebit Liviu Dragnea.<\/p>\n<p data-index=\"4\">\u201e<strong>C\u00e2nd vorbim de Romgaz, de Hidroelectrica, de alte companii strategice a \u00eencercat s\u0103 o treac\u0103 prin Parlament, dar CCR i-a dat-o \u00eenapoi. Oricine va semna pentru acel Fond Suveran intr\u0103 la pu\u0219c\u0103rie<\/strong>\u201d, a mai spus Ponta.<\/p>\n<p data-index=\"5\">La \u00eenceputul lunii iunie, ex-premierul social-democrat a mai declarat c\u0103 \u00eenfiin\u021barea Fondului Suveran de Investi\u021bii este o modalitate de a trece importante active economice de\u021binute de stat \u00een m\u00e2ini private, departe de orice control, ulterior aceste active urm\u00e2nd s\u0103 fie v\u00e2ndute \u00een mod netransparent.<\/p>\n<p data-index=\"6\">\u201e<em>Prin \u00eenfiin\u0163area Fondului Suveran (o idee impus\u0103 lui Liviu Dragnea de c\u0103tre un grup de afaceri din Israel-Rusia) tot ceea ce mai de\u0163ine Statul Rom\u00e2n \u00een companiile publice va trece \u00een mod netransparent \u00een m\u00e2ini private din afara \u0163\u0103rii! Tot ceea ce au construit p\u0103rin\u0163ii no\u015ftri \u00een anii 60-70-80 (\u015fi noi am modernizat \u015fi am f\u0103cut profitabil \u00een perioada 2012-2015) va trece \u00een administrarea \u015fi apoi proprietatea unor str\u0103ini care au interese divergente de ale Rom\u00e2niei &#8211; \u00een schimbul unor bani negri da\u0163i \u00een Israel lui Dragnea \u015fi oamenilor lui \u015fi al unei protec\u0163ii politice pentru ace\u015ftia!<\/em><\/p>\n<p data-index=\"7\"><em>Ac\u0163iunile Statului Rom\u00e2n la Hidroelectrica, Nuclearelectrica , Aeroportul Otopeni, Portul Constan\u021ba, Salrom, Transgaz, Romgaz, Transelectrica , Electric\u0103, Oil Terminal, Antibiotice Ia\u015fi etc &#8211; \u00een valoare de peste 10 miliarde de euro sunt scoase de la Guvernul Rom\u00e2niei \u015fi trecute \u00eentr-un Fond administrat total netransparent \u015fi necontrolat timp de 6 ani de c\u0103tre oamenii pu\u015fi de Dragnea (prima propunere de Pre\u015fedinte al Fondului a fost Darius V\u00e2lcov)\/ acest Fond nu mai trebuie s\u0103 respecte legile \u00een vigoare \u00a0privind administrarea societ\u0103\u0163ilor cu capital de stat, nu mai este supus controlului Guvernului sau Cur\u0163ii de Conturi, poate vinde ac\u0163iuni \u015fi active f\u0103r\u0103 s\u0103 respecte Legea Privatiz\u0103rii \u015fi nu va face list\u0103ri la bursa care presupun transparen\u0163\u0103\/practic toate companiile Statului Rom\u00e2n vor fi administrate privat de c\u0103tre ni\u015fte oameni ai lui Dragnea &#8211; p\u00e2n\u0103 c\u00e2nd vor fi v\u00e2ndute bucat\u0103 cu bucat\u0103 c\u0103tre \u201cb\u0103ie\u0163ii de\u015ftep\u0163i\u201d din Israel \u015fi Rusia cu care a vorbit Dragnea<\/em>\u201d, scria Ponta pe Facebook.<\/p>\n<\/div>\n<p> Source URL: https:\/\/www.digi24.ro\/stiri\/actualitate\/politica\/ponta-cred-ca-liviu-dragnea-si-a-negociat-ca-la-nevoie-sa-poata-fugi-in-israel-si-sa-nu-fie-extradat-972638<\/p>\n","protected":false},"excerpt":{"rendered":"<p>Fostul premier PSD Victor Ponta a sus\u021binut, \u00eentr-o emisiune la TVR 1, c\u0103 pre\u0219edintele social-democra\u021bilor, Liviu Dragnea, \u0219i-ar fi negociat \u201es\u0103 poat\u0103 fugi \u00een Israel\u201d, dar a sugerat c\u0103 \u00een\u021belegerea nu ar fi fost f\u0103cut\u0103 cu statul Israel. Surs\u0103 foto: Facebook \u201eEu cred c\u0103 Liviu Dragnea \u0219i-a negociat ca, la nevoie, s\u0103 poat\u0103 fugi \u00een [&hellip;]<\/p>\n","protected":false},"author":1,"featured_media":111772,"comment_status":"open","ping_status":"","sticky":false,"template":"","format":"standard","meta":{"footnotes":""},"categories":[2],"tags":[11],"class_list":["post-111771","post","type-post","status-publish","format-standard","has-post-thumbnail","hentry","category-politics","tag-digi24"],"_links":{"self":[{"href":"https:\/\/analyse.optim.biz\/index.php?rest_route=\/wp\/v2\/posts\/111771","targetHints":{"allow":["GET"]}}],"collection":[{"href":"https:\/\/analyse.optim.biz\/index.php?rest_route=\/wp\/v2\/posts"}],"about":[{"href":"https:\/\/analyse.optim.biz\/index.php?rest_route=\/wp\/v2\/types\/post"}],"author":[{"embeddable":true,"href":"https:\/\/analyse.optim.biz\/index.php?rest_route=\/wp\/v2\/users\/1"}],"replies":[{"embeddable":true,"href":"https:\/\/analyse.optim.biz\/index.php?rest_route=%2Fwp%2Fv2%2Fcomments&post=111771"}],"version-history":[{"count":0,"href":"https:\/\/analyse.optim.biz\/index.php?rest_route=\/wp\/v2\/posts\/111771\/revisions"}],"wp:featuredmedia":[{"embeddable":true,"href":"https:\/\/analyse.optim.biz\/index.php?rest_route=\/wp\/v2\/media\/111772"}],"wp:attachment":[{"href":"https:\/\/analyse.optim.biz\/index.php?rest_route=%2Fwp%2Fv2%2Fmedia&parent=111771"}],"wp:term":[{"taxonomy":"category","embeddable":true,"href":"https:\/\/analyse.optim.biz\/index.php?rest_route=%2Fwp%2Fv2%2Fcategories&post=111771"},{"taxonomy":"post_tag","embeddable":true,"href":"https:\/\/analyse.optim.biz\/index.php?rest_route=%2Fwp%2Fv2%2Ftags&post=111771"}],"curies":[{"name":"wp","href":"https:\/\/api.w.org\/{rel}","templated":true}]}}