{"id":111757,"date":"2018-07-31T12:52:38","date_gmt":"2018-07-31T09:52:38","guid":{"rendered":"https:\/\/analyse.optim.biz\/?p=111757"},"modified":"2018-07-31T12:52:38","modified_gmt":"2018-07-31T09:52:38","slug":"destinul-unui-erou-al-marii-uniri-istoric-era-o-personalitate-de-film-hollywoodian-ar-lua-un-oscar-ca-personaj","status":"publish","type":"post","link":"https:\/\/analyse.optim.biz\/?p=111757","title":{"rendered":"Destinul unui erou al Marii Uniri. Istoric: \u201eEra o personalitate de film hollywoodian, ar lua un Oscar ca personaj\u201d"},"content":{"rendered":"<div class=\"entry data-app-meta data-app-meta-article\" data-embed-base-url-canonical=\"https:\/\/www.digi24.ro\/embed\/fara-categorie\/destinul-unui-erou-al-marii-unirii-istoric-era-o-personalitate-de-film-hollywoodian-ar-lua-un-oscar-ca-personaj-972637\">\n<p data-index=\"1\"><strong><span lang=\"ro-RO\">\u00cen armata austro-ungar\u0103, foarte pu\u0163ini rom\u00e2ni deveneau ofi\u0163eri. Unul dintre ace\u015ftia a fost Iuliu Maniu. C\u0103pitanul de artilerie care a salvat Viena a devenit una dintre cele mai importante figuri ale Marii Uniri \u015fi ale istoriei Rom\u00e2niei \u00een secolul al XX-lea. Al\u0103turi i-a fost, \u00een armat\u0103 \u015fi \u00een preg\u0103tirea Unirii, c\u0103pitanul Florian Medrea.<\/span><\/strong><\/p>\n<p data-index=\"2\">\u00cen 1915, la un an de la izbucnirea primului r\u0103zboi mondial, 90% dintre ofi\u0163erii din armata austro-unar\u0103 proveneau din cele dou\u0103 na\u0163iuni privilegiate \u00een timp ce trupele lor erau alc\u0103tuite din circa 60% na\u0163ionalit\u0103\u0163i supuse. Prin urmare, propor\u0163ia ofi\u0163erilor o dep\u0103\u015fea cu mult pe cea a solda\u0163ilor maghiari sau germani. Unii istorici afirm\u0103 c\u0103 solda\u0163ii rom\u00e2ni erau considera\u0163i pioni de sacrificiu. \u00cenrolarea &#8211; \u00een momentul mobiliz\u0103rii generale &#8211; a celor mai importan\u0163i ap\u0103r\u0103tori politici ai na\u0163iunii rom\u00e2ne din Transilvania a dus la adev\u0103rate calcule tactice.<\/p>\n<p data-index=\"3\">\u201e<span lang=\"ro-RO\">Ce se \u00eent\u00e2mpl\u0103? \u00cen general, partea cea mai expus\u0103 a unei armate este infanteria, iar rom\u00e2nii erau trimi\u015fi cu predilec\u0163ie \u00een unit\u0103\u0163i de infanterie, erau carne de tun. Tributul de s\u00e2nge al rom\u00e2nilor ardeleni a fost mare \u015fi probabil c\u0103 plasarea lui Iuliu Maniu \u00eentr-o unitate de genul \u0103sta ar fi \u00eensemnat pieirea lui pe front. S-a \u00eenrolat voluntar \u00eentr-o unitate de artilerie care mai \u00een spatele frontului \u015fi asta i-a permis s\u0103 supravie\u0163uieasc\u0103 \u00een trecerea r\u0103zboiui. Voluntariatul lui reflecta o situa\u0163ie de risc\u201d, spune Mihai C\u0103st\u0103ian, istoric, Or\u0103\u0219tie.<\/span><\/p>\n<p data-index=\"4\"><span lang=\"ro-RO\">\u00cenrolat de\u015fi dep\u0103\u015fise v\u00e2rsta de mobilizare, prezen\u0163a lui Iuliu Maniu pe frontul rusesc, apoi pe cel la italian, \u015fi \u00een cele din urm\u0103 la Viena, s-a dovedit o surs\u0103 de instruc\u0163ie \u015fi de influen\u0163\u0103 politic\u0103, extrem de utile Unirii. <\/span><\/p>\n<p data-index=\"5\">Gabriel Rustoiu, istoric: \u201eCei care veneau la Alba Iulia \u015fi care conduceau \u015fi au oganizat adunarea erau, mul\u0163i dintre ei \u015fi fo\u015fti ofi\u0163eri ai armatei austriece, s\u0103 nu uit\u0103m c\u0103 Iuliu Maniu era ofi\u0163er al armatei austriece, a fost, s\u0103 zic a\u015fa, dintr-o r\u0103zbunare a prim-ministrului maghiar, a fost trimis pe front chiar dac\u0103 nu mai \u00eendeplinea condi\u0163iile de a fi prezent pe front\u201d.<\/p>\n<p data-index=\"6\">Organizarea de la Alba Iulia s-a bazat \u00eens\u0103 pe mul\u0163i ofi\u0163eri profesioni\u015fti deveni\u0163i membri ai g\u0103rzilor na\u0163ionale supuse Consiliului Na\u0163ional Rom\u00e2n. A\u015fa a fost posibil\u0103 capturarea garnizoanei maghiare \u015fi mai ales a depozitului de armament \u015fi a proviziilor alimentare din cetate. Ofi\u0163eri rom\u00e2ni au preluat \u015fi conducerea Comitetul Reunit al G\u0103rzilor Rom\u00e2ne \u015fi Maghiare. Unul dintre ace\u015fti ofi\u0163eri de carier\u0103 este Florian Medrea.<\/p>\n<p data-index=\"7\"><span lang=\"ro-RO\">Claudiu Seca\u0219iu, istoric, Bucure\u0219ti: \u201eFlorian Medrea era un c\u0103pitan din armata. \u00ce\u015fi f\u0103cuse studiile \u00een Austria, \u015ecoala de Cade\u0163i de la Styria, promo\u0163ia din 1904. \u00cen momentul \u00een care revolu\u0163ia a atins Imperiul a venit acas\u0103 \u015fi-a dat seama c\u0103 are de jucat un rol \u00een \u0163ara lui \u015fi la Alba Iulia \u015fi-a asumat pozi\u0163ia de coordonator al g\u0103rziii na\u0163ionale \u015fi de organizator al siguran\u0163ei Adun\u0103rii de la Alba Iulia. \u00cempreun\u0103 cu colegul s\u0103u Grita, au asigurat lini\u015ftea, paza. \u00cen zon\u0103 erau trupe germane, care la un moment dat, chiar \u00een preajma lui 1 decembrie \u00ee\u015fi anun\u0163aser\u0103 inten\u0163ia de a trece efectiv prin Alba Iulia. Au fost discu\u0163ii \u00een sensul de a ocoli ora\u015ful, tocmai \u00een scopul evit\u0103rii unor incidente. Din fericire nu s-a ajuns la niciun conflict, iar acest lucru se datoreaz\u0103 inclusiv iscusin\u0163ei c\u0103pitanului Medrea, talentului de negociator al s\u0103u \u00een raport cu unit\u0103\u0163ile germane\u201d.<\/span><\/p>\n<p data-index=\"8\"><span lang=\"ro-RO\">Gabriel Rustoiu, istoric: \u201eFlorian Medrea este o personalitate de un film hollywoodian, adic\u0103 ar lua oric\u00e2nd cu un regizor bun, ar lua un Oscar ca \u015fi personaj. A avut un destin deosebit, o via\u0163\u0103 de roman. A luptat desigur \u00een armata austriac\u0103. A fost citat pe ordin de zi din 1905 pentru inova\u0163ia lui de a trece rapid un r\u00e2u. El a organizat Marea Adunare Na\u0163ional\u0103 de la Alba Iulia, el a organizat modul \u00een care cei 100.000 de oameni nu au dus lips\u0103 de nimic. \u00centr-un ora\u015f cu 10.000 de locuitori a reu\u015fit s\u0103 primeasc\u0103 100.000 de rom\u00e2ni din toat\u0103 Transilvania. Au avut unde s\u0103 doarm\u0103, au avut ce s\u0103 m\u0103n\u00e2nce ceea ce pentru acele vremuri era un lucru deosebit\u201d. <\/span><\/p>\n<p data-index=\"9\">El a fost ajutat pe linie civil\u0103 de avocatul Ioan Pop din Alba-Iulia care a str\u00e2ns dona\u0163iile \u00een alimente din zona Alba-Iulia-Or\u0103\u015ftie, dar \u015fi de primarul din Alba Iulia, Camil Velican. Acesta din urm\u0103 \u015fi-a pus casa la dispozi\u0163ie pentru primele \u015fedin\u0163e ale Consiliului Dirigent, condus de Iuliu Maniu, guvernul provizioriu al Transilvaniei creat pe 2 decembrie, cel care va asigura tranzi\u0163ia autorit\u0103\u0163ii c\u0103tre noua capital\u0103, Bucure\u015fti.<\/p>\n<p data-index=\"10\">Ordinea \u00een care s-au desf\u0103\u015furat evenimentele de la Alba-Iulia nu a fost numai rezultatul entuziasmului. G\u0103rzile na\u0163ionale erau alc\u0103tuite din etnici rom\u00e2ni care luptaser\u0103 \u00een primul r\u0103zboi-mondial fie \u00een armata austro-ungar\u0103, fie \u00een cea rom\u00e2n\u0103, \u015fi care se bazau pe sold\u0103. Conducerea rom\u00e2neasc\u0103 &#8211; cea care a preluat puterea dup\u0103 ruperea de Budapesta din toamn\u0103 &#8211; trebuia s\u0103 demonstreze c\u0103 este capabil\u0103 s\u0103 o exercite \u015fi deci s\u0103 \u015fi pl\u0103teasc\u0103 solda\u0163ii. A f\u0103cut-o, dar chiar cu banii personali ai noilor conduc\u0103tori.<\/p>\n<p data-index=\"11\"><span lang=\"ro-RO\">Mihai C\u0103st\u0103ian, istoric: \u201eEi bine revenind la acest suport financiar al organiz\u0103rii militare. Aceste g\u0103rzi na\u0163ionale trebuiau pl\u0103tite. Aveau o sold\u0103. Ofi\u0163erii aveau 20 de coroane, solda\u0163ii simpli aveau 5 coroane pe zi. Ace\u015fti bani trebuiau procura\u0163i. S-a luat \u015fi m\u0103sura la un moment dat s\u0103 nu fie pl\u0103ti\u0163i dec\u00e2t cei din contingentul 1886, care era contingentul Mileniului. Cel care \u00ee\u015fi garanteaz\u0103 cu averea proprie aceast\u0103 aceast\u0103 sum\u0103 mare de bani este Aurel Vlad. Deci Aurel Vlad \u015fi-a pus chez\u0103\u015fie Banca Ardeleana \u015fi bunurile proprii pentru plata acestor g\u0103rzi na\u0163ionale (te \u00eentorci la) 32.52 E bra\u0163ul armat care va asigura posibilitatea unei consult\u0103ri a rom\u00e2nilor transilv\u0103neni, organizarea acelei mari adun\u0103ri na\u0163ionale. Un rol hot\u0103r\u00e2tor \u00eel are fratele lui Aurel Vlad, Alexandru Vlad, maior \u00een armata austro-ungar\u0103 \u015fi unul dintre conduc\u0103torul g\u0103rzilor na\u0163ionale\u201d.<\/span><\/p>\n<p data-index=\"12\">Rezolu\u0163ia de Unire de la Alba-Iulia a dat startul unor opera\u0163iuni militare de anvergur\u0103 at\u00e2t pentru ap\u0103rarea Transilvaniei, c\u00e2t \u015fi pentru blocarea avansului bol\u015fevic spre centrul Europei. Florian Medrea, primit \u00een Armata Rom\u00e2n\u0103 cu gradul de maior, a primit din partea pre\u015fedintelui Consiliului Dirigent, Iuliu Maniu, \u00eens\u0103rcinarea s\u0103 organizeze trupe de voluntari care s\u0103 apere zona Apusenilor de g\u0103rzile maghiare. Armata rom\u00e2n\u0103 intrase \u00een Transilvania, dar nu putea trece Carpa\u0163ii Occidentali din cauza acordului guvernului de la Bucure\u015fti cu Antanta. Ulterior, amenin\u0163area comunist\u0103 a schimbat pozi\u0163ia Fran\u0163ei \u015fi Armata Rom\u00e2n\u0103 a \u00eenaintat spre Vest.<\/p>\n<p data-index=\"13\"><span lang=\"ro-RO\">Gabriel Rustoiu, istoric: \u201eDar armata maghiar\u0103 \u00eencepuse s\u0103 atace deja posturile avansate ale rom\u00e2nilor; \u015fi s-au \u00eenfiin\u0163at aceste deta\u015famente de voluntari \u00een zona mun\u0163ilor Apuseni, \u00een zone din jude\u0163ul Hunedoara. Armata rom\u00e2n\u0103 nu reac\u0163iona, \u00eencercau s\u0103 \u00ee\u015fi respecte \u00een\u0163elegerile interna\u0163ionale. Apoi, cu permisiunea alia\u0163ilor a \u00eenaintat. Prima dat\u0103 a trecut linia de demarca\u0163ie din Mun\u0163ii Apuseni, au intrat \u00een Oradea, au alungat trupele ucrainiene din Sighet, apoi au ajuns pe Tisa \u015fi mai apoi la Budapesta. Dar Florian Medrea este cel care a preluat organizarea acestor trupe de voluntari.\u201d<\/span><\/p>\n<p data-index=\"14\"><span lang=\"ro-RO\">Cu o carier\u0103 administrativ\u0103, avoc\u0103\u0163easc\u0103 \u015fi politic\u0103 \u00een interbelic, decorat cu ordinul Ferdinand \u00een grad de comandor, \u00een prima serie a acestei distinc\u0163ii, Florian Medrea a murit \u00eempu\u015fcat \u00een biroul s\u0103u la 3 septembrie 1947. Func\u0163ia de inspector regional de poli\u0163ie la Cluj de\u0163inut\u0103 \u00eentre 1929 \u015fi 1934, l-a adus \u00een postura de a coordona \u015fi ac\u0163iuni anti-comuniste sau anti-legionare. PCR era interzis prin lege pentru c\u0103 milita pentru dezmembrarea Rom\u00e2niei. Garda de Fier a fost interzis\u0103 \u00een anii &#8217;30 pentru c\u0103 \u00eencuraja asasinatul ca arm\u0103 politic\u0103. <\/span><\/p>\n<p data-index=\"15\"><span lang=\"ro-RO\">Gabriel Rustoiu, istoric: \u201eMai t\u00e2rziu ajunge \u015feful Siguran\u0163ei din Cluj, specializat \u00een a prinde agen\u0163i maghiari \u015fi ai NKVD, apoi ajunge prefect de Orhei \u00een timpul celui de-al doilea r\u0103zboi mondial, se \u00eentoarce acas\u0103, se \u00eentoarce la Sebe\u015f, la cabinetul de avocatur\u0103, iar \u00een (3 septembrie n.r.) 1947 este \u00eempu\u015fcat \u00een birou, autori necunoscu\u0163i. Acum dac\u0103 ne g\u00e2ndim c\u0103 era specialist \u00een prinderea agen\u0163ilor NKVD, puteam s\u0103 avem o pist\u0103. Bine\u00een\u0163eles c\u0103 totul a fost mu\u015famalizat. E greu ca ziua \u00een amiaza mare s\u0103 fii \u00eempu\u015fcat \u015fi nimeni s\u0103 nu vad\u0103 nimic\u201d.<\/span><\/p>\n<p data-index=\"16\">De\u015fi primii suspec\u0163i par sovieticii, moartea lui Florian Medrea a l\u0103sat multe enigme. Exist\u0103 indicii c\u0103 \u00een timpul celui de-al doilea r\u0103zboi mondial, comportamentul s\u0103u nu a fost la fel de luminos ca cel din epoca Unirii. Prefectura Orhei, func\u0163ia de Inspectorul general \u00een Basarabia, politicile anti-semite duse de statul rom\u00e2n \u00een perioada alian\u0163ei cu Hitler au l\u0103sat, se pare, urme \u00een cariera acestui militar profesionist. \u00cen plus, dosarul de Securitate a lui Florian Medrea pare destul de greu de g\u0103sit la CNSAS.<\/p>\n<p data-index=\"17\"><span lang=\"ro-RO\">Moartea lui Iuliu Maniu este \u00eens\u0103 limpede. C\u0103pitanul rom\u00e2n care a salvat Europa Central\u0103 de haos, omul care a spus NU apartenen\u0163ei la o Ungarie federal\u0103 \u015fi a adus Transilvania acas\u0103, a murit \u00een \u00eenchisoarea de la Sighet, \u00een februarie 1953. Se afla acolo din noiembrie 1947, \u00een urma procesului-mascarad\u0103 \u00eenscenat de comuni\u015fti. Iuliu Maniu are un dosar \u00eentocmit de Securitate cu mii \u015fi mii de pagini, publicat online de CNSAS. <\/span><\/p>\n<p data-index=\"18\">Iuliu Maniu nu are \u00eens\u0103 morm\u00e2nt. Se afl\u0103 \u015fi ast\u0103zi \u00een groapa comun\u0103 unde slujba\u015fii extermin\u0103rii elitelor azv\u00e2rleau rezultatele \u201eobliga\u0163iilor de serviciu\u201d. Tot acolo se afl\u0103 \u015fi finan\u0163istul Aurel Vlad, cel care i-a ipotecat averea pentru ca 1 Decembrie 1918 s\u0103 aib\u0103 loc \u00een siguran\u0163\u0103.<\/p>\n<\/div>\n<p> Source URL: https:\/\/www.digi24.ro\/fara-categorie\/destinul-unui-erou-al-marii-unirii-istoric-era-o-personalitate-de-film-hollywoodian-ar-lua-un-oscar-ca-personaj-972637<\/p>\n","protected":false},"excerpt":{"rendered":"<p>\u00cen armata austro-ungar\u0103, foarte pu\u0163ini rom\u00e2ni deveneau ofi\u0163eri. Unul dintre ace\u015ftia a fost Iuliu Maniu. C\u0103pitanul de artilerie care a salvat Viena a devenit una dintre cele mai importante figuri ale Marii Uniri \u015fi ale istoriei Rom\u00e2niei \u00een secolul al XX-lea. Al\u0103turi i-a fost, \u00een armat\u0103 \u015fi \u00een preg\u0103tirea Unirii, c\u0103pitanul Florian Medrea. \u00cen 1915, [&hellip;]<\/p>\n","protected":false},"author":1,"featured_media":111758,"comment_status":"open","ping_status":"","sticky":false,"template":"","format":"standard","meta":{"footnotes":""},"categories":[2],"tags":[11],"class_list":["post-111757","post","type-post","status-publish","format-standard","has-post-thumbnail","hentry","category-politics","tag-digi24"],"_links":{"self":[{"href":"https:\/\/analyse.optim.biz\/index.php?rest_route=\/wp\/v2\/posts\/111757","targetHints":{"allow":["GET"]}}],"collection":[{"href":"https:\/\/analyse.optim.biz\/index.php?rest_route=\/wp\/v2\/posts"}],"about":[{"href":"https:\/\/analyse.optim.biz\/index.php?rest_route=\/wp\/v2\/types\/post"}],"author":[{"embeddable":true,"href":"https:\/\/analyse.optim.biz\/index.php?rest_route=\/wp\/v2\/users\/1"}],"replies":[{"embeddable":true,"href":"https:\/\/analyse.optim.biz\/index.php?rest_route=%2Fwp%2Fv2%2Fcomments&post=111757"}],"version-history":[{"count":0,"href":"https:\/\/analyse.optim.biz\/index.php?rest_route=\/wp\/v2\/posts\/111757\/revisions"}],"wp:featuredmedia":[{"embeddable":true,"href":"https:\/\/analyse.optim.biz\/index.php?rest_route=\/wp\/v2\/media\/111758"}],"wp:attachment":[{"href":"https:\/\/analyse.optim.biz\/index.php?rest_route=%2Fwp%2Fv2%2Fmedia&parent=111757"}],"wp:term":[{"taxonomy":"category","embeddable":true,"href":"https:\/\/analyse.optim.biz\/index.php?rest_route=%2Fwp%2Fv2%2Fcategories&post=111757"},{"taxonomy":"post_tag","embeddable":true,"href":"https:\/\/analyse.optim.biz\/index.php?rest_route=%2Fwp%2Fv2%2Ftags&post=111757"}],"curies":[{"name":"wp","href":"https:\/\/api.w.org\/{rel}","templated":true}]}}