{"id":111754,"date":"2018-07-31T13:12:35","date_gmt":"2018-07-31T10:12:35","guid":{"rendered":"https:\/\/analyse.optim.biz\/?p=111754"},"modified":"2018-07-31T13:12:35","modified_gmt":"2018-07-31T10:12:35","slug":"barna-despre-reactia-politiei-in-cazul-numelor-anti-psd-un-abuz-in-acelasi-spirit-al-punerii-pumnului-in-gura","status":"publish","type":"post","link":"https:\/\/analyse.optim.biz\/?p=111754","title":{"rendered":"Barna, despre reac\u021bia Poli\u021biei \u00een cazul numelor anti-PSD: \u201eUn abuz, \u00een acela\u015fi spirit al punerii pumnului \u00een gur\u0103\u201d"},"content":{"rendered":"<div class=\"entry data-app-meta data-app-meta-article\" data-embed-base-url-canonical=\"https:\/\/www.digi24.ro\/embed\/stiri\/actualitate\/politica\/barna-despre-reactia-politiei-in-cazul-numelor-anti-psd-un-abuz-in-acelasi-spirit-al-punerii-pumnului-in-gura-972686\">\n<p data-index=\"1\"><strong>Pre\u015fedintele USR, Dan Barna, sus\u0163ine c\u0103 ma\u015fina cu num\u0103r de \u00eenmatriculare cu mesaj anti-PSD arat\u0103 c\u00e2t de radicalizat\u0103 \u015fi polarizat\u0103 este societatea rom\u00e2neasc\u0103 \u015fi cum a reu\u015fit PSD s\u0103 \u201erup\u0103 Rom\u00e2nia \u015fi s\u0103 aduc\u0103 at\u00e2t de mult\u0103 revolt\u0103 \u00een spa\u0163iul public\u201d. El a mai spus c\u0103 mesajul acela reprezint\u0103 \u201eun simptom pentru felul \u00een care a ajuns s\u0103 fie condus\u0103 Rom\u00e2nia\u201d, iar felul \u00een care a reac\u0163ionat Poli\u0163ia reprezint\u0103 \u201eun pumn \u00een gur\u0103\u201d libert\u0103\u0163ii de exprimare.<\/strong><\/p>\n<figure class=\"article-thumb\"><img decoding=\"async\" src=\"https:\/\/analyse.optim.biz\/wp-content\/uploads\/2024\/09\/c2g9m2eymdu2owrmnti2zmzmmmyzy2jhzjewztzhztrjngi-thumb_-3.jpg\" alt=\"dan barna agerpres_9869948\" data-skip-htmlfix=\"1\" title=\"c2g9m2eymdu2owrmnti2zmzmmmyzy2jhzjewztzhztrjngi-thumb_-3\"><figcaption> Surs\u0103 foto: Agerpres <\/figcaption><\/figure>\n<p data-index=\"2\">\u201e\u00cen momentul \u00een care ai o clas\u0103 politic\u0103 ce genereaz\u0103 radicalizarea cet\u0103\u0163enilor, pentru c\u0103 acel mesaj este apreciat de o parte a societ\u0103\u0163ii ca fiind haios \u015fi simpatic, este disconsiderat de o alt\u0103 parte a societ\u0103\u0163ii mai conservatoare, dincolo de mesajul \u00een sine, faptul c\u0103 s-a ajuns ca astfel de mesaj s\u0103 devin\u0103 popular arat\u0103 c\u00e2t de radicalizat\u0103 \u015fi de polarizat\u0103 este societatea, cum au reu\u015fit PSD \u015fi Liviu Dragnea ca \u00eentr-un an \u015fi jum\u0103tate s\u0103 rup\u0103 Rom\u00e2nia \u015fi s\u0103 aduc\u0103 at\u00e2t de mult\u0103 revolt\u0103 \u00een spa\u0163iul public\u201d, a spus Dan Barna.<\/p>\n<p data-index=\"3\">Liderul USR spune c\u0103 nici nu sus\u0163ine mesajul, nici nu \u00eel disconsider\u0103, dar el reprezint\u0103 \u00a0\u201eun simptom pentru felul \u00een care a ajuns s\u0103 fie condus\u0103 Rom\u00e2nia\u201d \u015fi un abuz prin folosirea institu\u0163iilor statului pentru a sanc\u0163iona o libertate de exprimare.<\/p>\n<p data-index=\"4\"><strong>Cite\u015fte \u015fi: <a href=\"https:\/\/www.digi24.ro\/opinii\/e-bine-ca-i-au-dat-jos-placutele-972538\" data-skip-linkfix=\"1\">E bine c\u0103 i-au dat jos pl\u0103cu\u0163ele<\/a>\u00a0<\/strong><\/p>\n<p data-index=\"5\">\u201eAcel mesaj, f\u0103r\u0103 s\u0103-l sus\u0163in sau s\u0103-l desconsider, este un mesaj care este, de fapt, un simptom pentru felul \u00een care a ajuns s\u0103 fie condus\u0103 Rom\u00e2nia. Faptul c\u0103 Poli\u0163ia abuzeaz\u0103, \u015fi \u00een\u0163eleg c\u0103 num\u0103rul acela a fost \u00eenregistrat \u00een Suedia perfect legal (&#8230;), \u00a0este evident un abuz, \u00een acela\u015fi spirit al punerii pumnului \u00een gur\u0103. (&#8230;) Libertatea de exprimare presupune exact asta \u2013 s\u0103 accept\u0103m p\u0103rerea celuilalt. PSD ce mesaj transmite? Nu numai c\u0103 \u00eei sanc\u0163ion\u0103m \u015fi reac\u0163ion\u0103m dur, dar iat\u0103 c\u0103 folosim institu\u0163iile statului pentru a sanc\u0163iona un drept la exprimare, pentru c\u0103 ne convine sau nu, \u015fi acea pl\u0103cu\u0163\u0103 este tot o libertate \u015fi un drept la exprimare\u201d, a mai punctat Dan Barna.<\/p>\n<p data-index=\"6\">Brigada Rutier\u0103 a Capitalei a re\u0163inut luni numerele de \u00eenmatriculare cu mesaj anti-PSD, dup\u0103 ce au oprit \u00een trafic autoturismul \u00eenmatriculat \u00een Suedia. De asemenea, a fost re\u0163inut pemisul de conducere al \u015foferului, acesta declar\u00e2nd c\u0103 a \u00eenmatriculat ma\u015fina \u00een luna aprilie \u015fi c\u0103 se afl\u0103 \u00een concediu \u00een Rom\u00e2nia, fiind \u00een drum spre litoral.<\/p>\n<p data-index=\"7\">Poli\u0163ia Rutier\u0103 a deschis dosar penal \u00een acest caz \u015fi sus\u0163ine c\u0103 ma\u015fina nu are drept de circula\u0163ie \u00een Rom\u00e2nia, invoc\u00e2nd o informare transmis\u0103 de Biroul Interpol Stockholm, \u00een timp ce Ambasada Suediei la Bucure\u015fti a precizat c\u0103 autoturismul are drept de circula\u0163ie \u00een Uniunea European\u0103, dar c\u0103 posesorul trebuie s\u0103 de\u0163in\u0103 documentele oficiale pentru ambele seturi de numere \u2013 personalizate \u015fi oficiale.<\/p>\n<p data-index=\"8\"><a href=\"https:\/\/www.digi24.ro\/stiri\/actualitate\/soferul-masinii-cu-numere-anti-psd-a-venit-cu-avocatul-la-brigada-rutiera-sper-sa-se-rezolve-sunt-sofer-e-meseria-mea-972499\" data-skip-linkfix=\"1\">\u0218oferul a precizat, mar\u021bi, c\u0103 va depune pl\u00e2ngere penal\u0103 \u00eempotriva poli\u021bi\u0219tilor<\/a>.<\/p>\n<\/div>\n<p> Source URL: https:\/\/www.digi24.ro\/stiri\/actualitate\/politica\/barna-despre-reactia-politiei-in-cazul-numelor-anti-psd-un-abuz-in-acelasi-spirit-al-punerii-pumnului-in-gura-972686<\/p>\n","protected":false},"excerpt":{"rendered":"<p>Pre\u015fedintele USR, Dan Barna, sus\u0163ine c\u0103 ma\u015fina cu num\u0103r de \u00eenmatriculare cu mesaj anti-PSD arat\u0103 c\u00e2t de radicalizat\u0103 \u015fi polarizat\u0103 este societatea rom\u00e2neasc\u0103 \u015fi cum a reu\u015fit PSD s\u0103 \u201erup\u0103 Rom\u00e2nia \u015fi s\u0103 aduc\u0103 at\u00e2t de mult\u0103 revolt\u0103 \u00een spa\u0163iul public\u201d. El a mai spus c\u0103 mesajul acela reprezint\u0103 \u201eun simptom pentru felul \u00een care [&hellip;]<\/p>\n","protected":false},"author":1,"featured_media":111755,"comment_status":"open","ping_status":"","sticky":false,"template":"","format":"standard","meta":{"footnotes":""},"categories":[2],"tags":[11],"class_list":["post-111754","post","type-post","status-publish","format-standard","has-post-thumbnail","hentry","category-politics","tag-digi24"],"_links":{"self":[{"href":"https:\/\/analyse.optim.biz\/index.php?rest_route=\/wp\/v2\/posts\/111754","targetHints":{"allow":["GET"]}}],"collection":[{"href":"https:\/\/analyse.optim.biz\/index.php?rest_route=\/wp\/v2\/posts"}],"about":[{"href":"https:\/\/analyse.optim.biz\/index.php?rest_route=\/wp\/v2\/types\/post"}],"author":[{"embeddable":true,"href":"https:\/\/analyse.optim.biz\/index.php?rest_route=\/wp\/v2\/users\/1"}],"replies":[{"embeddable":true,"href":"https:\/\/analyse.optim.biz\/index.php?rest_route=%2Fwp%2Fv2%2Fcomments&post=111754"}],"version-history":[{"count":0,"href":"https:\/\/analyse.optim.biz\/index.php?rest_route=\/wp\/v2\/posts\/111754\/revisions"}],"wp:featuredmedia":[{"embeddable":true,"href":"https:\/\/analyse.optim.biz\/index.php?rest_route=\/wp\/v2\/media\/111755"}],"wp:attachment":[{"href":"https:\/\/analyse.optim.biz\/index.php?rest_route=%2Fwp%2Fv2%2Fmedia&parent=111754"}],"wp:term":[{"taxonomy":"category","embeddable":true,"href":"https:\/\/analyse.optim.biz\/index.php?rest_route=%2Fwp%2Fv2%2Fcategories&post=111754"},{"taxonomy":"post_tag","embeddable":true,"href":"https:\/\/analyse.optim.biz\/index.php?rest_route=%2Fwp%2Fv2%2Ftags&post=111754"}],"curies":[{"name":"wp","href":"https:\/\/api.w.org\/{rel}","templated":true}]}}