{"id":111751,"date":"2018-07-31T14:16:20","date_gmt":"2018-07-31T11:16:20","guid":{"rendered":"https:\/\/analyse.optim.biz\/?p=111751"},"modified":"2018-07-31T14:16:20","modified_gmt":"2018-07-31T11:16:20","slug":"prima-reactie-a-sefului-politiei-romane-in-scandalul-placutelor-cu-mesaj-anti-psd","status":"publish","type":"post","link":"https:\/\/analyse.optim.biz\/?p=111751","title":{"rendered":"Prima reac\u0163ie a \u015fefului Poli\u0163iei Rom\u00e2ne \u00een scandalul pl\u0103cu\u0163elor cu mesaj anti-PSD"},"content":{"rendered":"<div class=\"entry data-app-meta data-app-meta-article\" data-embed-base-url-canonical=\"https:\/\/www.digi24.ro\/embed\/stiri\/actualitate\/justitie\/prima-reactie-a-sefului-politiei-romane-in-scandalul-placutelor-cu-mesaj-anti-psd-972706\">\n<p data-index=\"1\"><strong>Chestorul Ioan Buda este \u015feful Poli\u0163iei Rom\u00e2ne de doar o lun\u0103, venind \u00een aceast\u0103 func\u0163ie de pe postul de \u015fef al Poli\u0163iei de Frontier\u0103, iar acum are de gestionat un scandal care risc\u0103 s\u0103 afecteze dramatic imaginea institu\u0163iei pe care o conduce. \u00cen prima sa reac\u0163ie public\u0103, consemnat\u0103 de <a href=\"https:\/\/www.realitatea.net\/ioan-buda-sef-politie-placute-anti-psd_2157663.html?utm_source=Cub-Homepage&amp;utm_medium=Clicks&amp;utm_campaign=trkweb\" data-skip-linkfix=\"1\">Realitatea TV<\/a>, cu privire la dosarul penal deschis rom\u00e2nului care \u015fi-a \u00eenmatriculat ma\u015fina cu pl\u0103cu\u0163e inscrip\u0163ionate cu un mesaj anti-PSD, chestorul Buda nu a reu\u015fit s\u0103 aduc\u0103 mai mult\u0103 lumin\u0103 asupra ac\u0163iunii subordona\u0163ilor s\u0103i.<\/strong><\/p>\n<p data-index=\"2\"><img loading=\"lazy\" decoding=\"async\" class=\"alignnone size-full wp-image-953362\" src=\"https:\/\/analyse.optim.biz\/wp-content\/uploads\/2024\/09\/yxnoptu4odgxmdixmji2ntm5mwninje3yzbmmwyzzwjknjg4-thumb_.jpg\" width=\"640\" height=\"427\" data-skip-htmlfix=\"1\" title=\"yxnoptu4odgxmdixmji2ntm5mwninje3yzbmmwyzzwjknjg4-thumb_\"><\/p>\n<p data-index=\"3\"><strong>Cite\u015fte \u015fi: <a href=\"https:\/\/www.digi24.ro\/opinii\/e-bine-ca-i-au-dat-jos-placutele-972538\" data-skip-linkfix=\"1\">E bine c\u0103 i-au dat jos pl\u0103cu\u0163ele<\/a>\u00a0<\/strong><\/p>\n<p data-index=\"4\">\u00cencep\u00e2nd de luni, mai precis dup\u0103 conferin\u0163a de pres\u0103 a unor oficiali de la Poli\u0163ia Rutier\u0103, nebuloasa \u00een acest caz este cu at\u00e2t mai mare cu c\u00e2t au ap\u0103rut informa\u0163ii c\u0103 <a href=\"https:\/\/www.digi24.ro\/stiri\/actualitate\/evenimente\/soferul-cu-numere-anti-psd-in-numele-cui-este-vigilenta-politia-analiza-jurnal-de-seara-972339\" data-skip-linkfix=\"1\">prevederile \u00een baza c\u0103rora a fost luat\u0103 decizia de c\u0103tre poli\u0163i\u015fti nu mai sunt de doi ani \u00een vigoare<\/a>.<\/p>\n<p data-index=\"5\">Solicitat, mar\u0163i diminea\u0163\u0103, s\u0103 l\u0103mureasc\u0103 situa\u0163ia creat\u0103, \u015feful Poli\u0163iei Rom\u00e2ne, chestorul Ioan Buda, nu a reu\u015fit s\u0103 vin\u0103 cu r\u0103spunsuri conculdente.<\/p>\n<p data-index=\"6\">Mai jos, transcrierea integral\u0103 a dialogului dintre reporterul <strong><a href=\"https:\/\/www.realitatea.net\/ioan-buda-sef-politie-placute-anti-psd_2157663.html?utm_source=Cub-Homepage&amp;utm_medium=Clicks&amp;utm_campaign=trkweb\" data-skip-linkfix=\"1\">Realitatea TV<\/a><\/strong>, Raul Giuglea, \u015fi chestorul Buda:<\/p>\n<p data-index=\"7\"><strong>Reporter:<\/strong> Cum se aplic\u0103? Vechea Conven\u0163ie ONU, cea din 1968 sau cea modificat\u0103 \u015fi intrat\u0103 \u00een vigoare \u00een 2016?<\/p>\n<p data-index=\"8\"><strong>Ioan Buda:<\/strong> Nu putem spune de o modificare a conven\u0163iei, ci de abrogarea unor articole sau, dac\u0103 nu, de o rezerv\u0103 din partea unui stat pentru anumite articole din conven\u0163ie.\u00a0<\/p>\n<p data-index=\"9\"><strong>Rep:<\/strong> Rom\u00e2nia nu era parte \u00een conven\u0163ie, nu putea s\u0103 aib\u0103 dreptul de opozi\u0163ie?<\/p>\n<p data-index=\"10\"><strong>I.B.:\u00a0<\/strong>P\u0103i nu, \u00eentr-o conven\u0163ie nu e vorba de dreptul de opozi\u0163ie, este vorba de un drept de rezervare, dac\u0103&#8230;<\/p>\n<p data-index=\"11\"><strong>Rep:<\/strong> \u00centrebarea care se pune este dac\u0103 a fost sanc\u0163ionat \u015foferul respectiv \u00een baza unei prevederi care a fost sau nu abrogat\u0103.<\/p>\n<p data-index=\"12\"><strong>I.B.:<\/strong> Nu, sub nicio form\u0103, n-a fost sanc\u0163ionat \u00een ved&#8230; (neinteligibil)&#8230; unei prevederi abrogate. Asta&#8230; nu, nu<\/p>\n<p data-index=\"13\"><strong>Rep:<\/strong> Din moment ce-i modificat\u0103 \u00een 2016 conven\u0163ia?<\/p>\n<p data-index=\"14\"><strong>I.B.:<\/strong> P\u0103i&#8230; S-au adus unele modific\u0103ri la conven\u0163ie. S-au abrogat anumite articole. Conven\u0163ia are anumite articole \u015fi alte alineate. Fiecare stat membru, care este notificat, are anumite rezerve cu privire la anumite articole \u015fi anumite alineate. \u00cen func\u0163ie de asta, bine\u00een\u0163eles c\u0103 statele membre, care sunt&#8230; \u015fi-\u015fi men\u00e2in pozi\u0163ia respectiv\u0103, aplic\u0103 conven\u00e2ia. Conven\u0163iile sunt&#8230;<\/p>\n<p data-index=\"15\"><strong>Rep:<\/strong> Dar Rom\u00e2nia nu a avut nicio rezerv\u0103.<\/p>\n<p data-index=\"16\"><strong>I.B.:<\/strong> La?<\/p>\n<p data-index=\"17\">Rep: La aceste modific\u0103ri.<\/p>\n<p data-index=\"18\"><strong>I.B.:<\/strong> Nu.<\/p>\n<p data-index=\"19\"><strong>Rep:<\/strong> La abrog\u0103ri.<\/p>\n<p data-index=\"20\"><strong>I.B.:<\/strong> Nu.<\/p>\n<p data-index=\"21\"><strong>Rep:<\/strong> P\u0103i \u015fi-atunci cum se aplic\u0103?<\/p>\n<p data-index=\"22\"><strong>I.B.:<\/strong> P\u0103i se aplic\u0103 legisla\u0163ia na\u0163ional\u0103 \u015fi ceea ce primim noi prin canalele de&#8230;<\/p>\n<p data-index=\"23\"><strong>Rep:<\/strong> P\u0103i noi \u00een legisla\u0163ia na\u0163ional\u0103 nu avem aceste prevederi.<\/p>\n<p data-index=\"24\"><strong>I.B.:<\/strong> Am spus \u015fi acolo, o spun \u015fi acum o s\u0103 spun \u00eentotdeauna: noi avem trei canale importante de comunicare de cooperare poli\u0163ieneasc\u0103 rpin care ne document\u0103m cu privire la anumite aspecte. \u00cen acest sens: Interpol, EUROPOL, Acordul de la (neinteligibil) de unde primim anumite informa\u0163ii.<\/p>\n<p data-index=\"25\"><strong>Rep:<\/strong> Conven\u0163ia de la Viena &#8211; se aplic\u0103 \u00een Rom\u00e2nia sau nu se aplic\u0103? Se aplic\u0103 cu rezervele pe care Rom\u00e2nia nu le-a avut atunci c\u00e2nd s-a modificat? Aici e discu\u0163ia.<\/p>\n<p data-index=\"26\"><strong>I.B.:<\/strong> Discu\u0163ia este \u00een felul urm\u0103tor, a\u015fa cum am spus de la \u00eenceput: conven\u0163ia se aplic\u0103 cu anumite rezerve pe care fiecare stat membru le are \u00een anumite conven\u0163ii. Belgia, \u00een 2014, a amendat anumite modific\u0103ri, da?<\/p>\n<p data-index=\"27\"><strong>Rep:<\/strong> \u015ei Rom\u00e2nia n-a avut rezervele astea, p\u00e2n\u0103 acum, p\u00e2n\u0103 ieri.<\/p>\n<p data-index=\"28\"><strong>I.B.:<\/strong> Ei, nu le-a avut! Le-a avut \u00eentotdeauna&#8230;<\/p>\n<\/div>\n<p> Source URL: https:\/\/www.digi24.ro\/stiri\/actualitate\/justitie\/prima-reactie-a-sefului-politiei-romane-in-scandalul-placutelor-cu-mesaj-anti-psd-972706<\/p>\n","protected":false},"excerpt":{"rendered":"<p>Chestorul Ioan Buda este \u015feful Poli\u0163iei Rom\u00e2ne de doar o lun\u0103, venind \u00een aceast\u0103 func\u0163ie de pe postul de \u015fef al Poli\u0163iei de Frontier\u0103, iar acum are de gestionat un scandal care risc\u0103 s\u0103 afecteze dramatic imaginea institu\u0163iei pe care o conduce. \u00cen prima sa reac\u0163ie public\u0103, consemnat\u0103 de Realitatea TV, cu privire la dosarul [&hellip;]<\/p>\n","protected":false},"author":1,"featured_media":111752,"comment_status":"open","ping_status":"","sticky":false,"template":"","format":"standard","meta":{"footnotes":""},"categories":[2],"tags":[11],"class_list":["post-111751","post","type-post","status-publish","format-standard","has-post-thumbnail","hentry","category-politics","tag-digi24"],"_links":{"self":[{"href":"https:\/\/analyse.optim.biz\/index.php?rest_route=\/wp\/v2\/posts\/111751","targetHints":{"allow":["GET"]}}],"collection":[{"href":"https:\/\/analyse.optim.biz\/index.php?rest_route=\/wp\/v2\/posts"}],"about":[{"href":"https:\/\/analyse.optim.biz\/index.php?rest_route=\/wp\/v2\/types\/post"}],"author":[{"embeddable":true,"href":"https:\/\/analyse.optim.biz\/index.php?rest_route=\/wp\/v2\/users\/1"}],"replies":[{"embeddable":true,"href":"https:\/\/analyse.optim.biz\/index.php?rest_route=%2Fwp%2Fv2%2Fcomments&post=111751"}],"version-history":[{"count":0,"href":"https:\/\/analyse.optim.biz\/index.php?rest_route=\/wp\/v2\/posts\/111751\/revisions"}],"wp:featuredmedia":[{"embeddable":true,"href":"https:\/\/analyse.optim.biz\/index.php?rest_route=\/wp\/v2\/media\/111752"}],"wp:attachment":[{"href":"https:\/\/analyse.optim.biz\/index.php?rest_route=%2Fwp%2Fv2%2Fmedia&parent=111751"}],"wp:term":[{"taxonomy":"category","embeddable":true,"href":"https:\/\/analyse.optim.biz\/index.php?rest_route=%2Fwp%2Fv2%2Fcategories&post=111751"},{"taxonomy":"post_tag","embeddable":true,"href":"https:\/\/analyse.optim.biz\/index.php?rest_route=%2Fwp%2Fv2%2Ftags&post=111751"}],"curies":[{"name":"wp","href":"https:\/\/api.w.org\/{rel}","templated":true}]}}