{"id":111740,"date":"2018-07-31T16:35:42","date_gmt":"2018-07-31T13:35:42","guid":{"rendered":"https:\/\/analyse.optim.biz\/?p=111740"},"modified":"2018-07-31T16:35:42","modified_gmt":"2018-07-31T13:35:42","slug":"iohannis-contesta-codul-administrativ-la-ccr-cand-va-fi-discutata-sesizarea","status":"publish","type":"post","link":"https:\/\/analyse.optim.biz\/?p=111740","title":{"rendered":"Iohannis contest\u0103 Codul Administrativ la CCR. C\u00e2nd va fi discutat\u0103 sesizarea"},"content":{"rendered":"<div class=\"entry data-app-meta data-app-meta-article\" data-embed-base-url-canonical=\"https:\/\/www.digi24.ro\/embed\/stiri\/actualitate\/politica\/iohannis-contesta-codul-administrativ-la-ccr-972744\">\n<p data-index=\"1\"><strong>\u0218eful statului nu este de acord \u00een special cu pensiile speciale ale ale\u0219ilor locali.<\/strong><\/p>\n<p data-index=\"2\"><span lang=\"ro-RO\"><strong>ACTUALIZARE.<\/strong> CCR urmeaz\u0103 s\u0103 discute pe 20 septembrie sesizarea pre\u015fedintelui Klaus Iohannis asupra Legii privind Codul administrativ, au precizat, pentru Agerpres, oficiali ai Cur\u021bii Constitu\u021bionale.<\/span><\/p>\n<hr>\n<p data-index=\"3\"><a href=\"https:\/\/www.digi24.ro\/stiri\/actualitate\/justitie\/codul-administrativ-contestat-la-curtea-constitutionala-962024\" target=\"_blank\" rel=\"noopener\" data-skip-linkfix=\"1\">Codul a fost deja contestat la CCR<\/a> de parlamentarii USR, al\u0103turi de parlamentari ai PNL, PMP \u015fi neafilia\u0163i<span lang=\"ro-RO\">.<\/span><\/p>\n<p data-index=\"4\"><span lang=\"ro-RO\">Printre argumentele aduse de pre\u0219edinte este \u0219i acela c\u0103 a fost dep\u0103\u0219it termenul pentru dezbatere la prima camer\u0103 sesizat\u0103, de 60 de zile, \u0219i c\u0103 nu a fost \u00eentrunit\u0103 constitu\u021bional sesiunea extraordinar\u0103 a Parlamentului pentru dezbaterea Codului Administrativ, iar aceast\u0103 lege nu a fost pus\u0103 pe ordinea de zi \u00een mod expres. <\/span><\/p>\n<p data-index=\"5\"><span lang=\"ro-RO\">Potrivit Administra\u021biei Preziden\u021biale, o sesiune extraordinar\u0103 trebuie s\u0103 fie convocat\u0103 special pentru anumite legi care trebuie men\u021bionate din start \u0219i nu incluse ulterior pe ordinea de zi.<\/span><\/p>\n<p data-index=\"6\"><span lang=\"ro-RO\">Pe l\u00e2ng\u0103 aceste motive care privesc forma, pre\u0219edintele aduce \u0219i obiec\u021bii \u00een ceea ce prive\u0219te fondul legii.<\/span><\/p>\n<p data-index=\"7\"><span lang=\"ro-RO\">Aceast\u0103 lege prevede pensii pentru ale\u0219ii locali care cer de mai mult\u0103 vreme s\u0103 aib\u0103 \u0219i ei pensii speciale, a\u0219a cum au parlamentarii. Partidele au evitat acest subiect, dar p\u00e2n\u0103 la urm\u0103 toate partidele, cu excep\u021bia USR, au votat acest cod. <\/span><\/p>\n<p data-index=\"8\"><span lang=\"ro-RO\">Pensiile speciale sunt de altfel unul dintre motivele invocate de pre\u0219edinte \u00een sezisarea transmis\u0103 Cur\u021bii Constitu\u021bionale. De asemenea, a fost invocat faptul c\u0103 acest cod le ofer\u0103 o putere foarte mare prefec\u021bilor \u0219i c\u0103 politizeaz\u0103 foarte mult func\u021biile din administra\u021bia local\u0103 \u0219i central\u0103.<\/span><\/p>\n<p data-index=\"9\"><span lang=\"ro-RO\"><a href=\"https:\/\/www.digi24.ro\/stiri\/actualitate\/politica\/deputatii-au-votat-legea-codului-administrativ-proiectul-prevede-si-pensii-speciale-pentru-edili-960894\" target=\"_blank\" rel=\"noopener\" data-skip-linkfix=\"1\">Proiectul de lege privind Codul administrativ<\/a> a fost adoptat la \u00eenceputul acestei luni de Camera Deputa\u0163ilor, cu 175 de voturi &#8220;pentru&#8221;, 33 de voturi &#8220;\u00eempotriv\u0103&#8221; \u015fi 15 ab\u0163ineri, Proiectul prevede, printre altele, ca primarii, viceprimarii, pre\u015fedin\u0163ii \u015fi vicepre\u015fedin\u0163ii consiliilor jude\u0163ene ale\u015fi dup\u0103 anul 1992 s\u0103 primeasc\u0103 o pensie special\u0103 \u00een limita a trei mandate \u015fi, de asemenea, c\u0103 pot avea calitatea de persoan\u0103 fizic\u0103 autorizat\u0103 sau de persoan\u0103 care exploateaz\u0103 o \u00eentreprindere individual\u0103 sau o \u00eentreprindere familial\u0103. Opozi\u0163ia a criticat proiectul legislativ, acuz\u00e2nd \u201cdestructurarea func\u0163iei publice\u201d \u015fi spune c\u0103 \u00eel va ataca la Curtea Constitu\u0163ional\u0103, \u00een timp ce PSD sus\u0163ine c\u0103 proiectul este dorin\u0163a coali\u0163iei de a eficientiza administra\u0163ia.<\/span><\/p>\n<p data-index=\"10\"><span lang=\"ro-RO\">Comisia special\u0103 pentru elaborarea Codului administrativ, condus\u0103 de c\u0103tre deputatul PSD Marcel Ciolacu, a dat, la \u00eenceputul lunii iunie, raport favorabil asupra tuturor modific\u0103rilor aduse. Membrii PSD, PNL, ALDE \u015fi UDMR au votat \u00een favoarea modific\u0103rilor, \u00een timp ce USR s-a ab\u0163inut de la vot.<\/span><\/p>\n<p data-index=\"11\">\u201e<span lang=\"ro-RO\">Persoanele alese \u00eencep\u00e2nd cu anul 1992 de c\u0103tre cet\u0103\u0163eni, prin vot universal, egal, direct, secret, respectiv prin vot secret indirect \u015fi liber exprimat, respectiv primarii, viceprimarii, pre\u015fedin\u0163ii \u015fi vicepre\u015fedin\u0163ii consiliilor jude\u0163ene, care \u00eendeplinesc condi\u0163iile v\u00e2rstei standard de pensionare, ale v\u00e2rstei standard de pensionare redus\u0103 a\u015fa cum sunt prev\u0103zute \u00een Legea nr 263\/2010 privind sistemul unitar de pensii publice, cu modific\u0103rile \u015fi complet\u0103rile ulterioare, sau cele prev\u0103zute de alte legi speciale au dreptul, la \u00eencetarea mandatului, la o indemniza\u0163ie pentru limit\u0103 de v\u00e2rst\u0103 de la data la care li se acor\u0103 drepturile de pensie pentru limit\u0103 de v\u00e2rst\u0103, dar nu mai devreme de data \u00eencet\u0103rii mandatului aflat \u00een derulare\u201d, se arat\u0103 \u00een amendamentul adoptat de Comisie.<\/span><\/p>\n<p data-index=\"12\"><span lang=\"ro-RO\">O alt\u0103 modificare le permite ale\u015filor locali s\u0103 aib\u0103 calitatea de persoan\u0103 fizic\u0103 autorizat\u0103 sau de persoan\u0103 care exploateaz\u0103 o \u00eentreprindere individual\u0103 sau o \u00eentreprindere familial\u0103.<\/span><\/p>\n<p data-index=\"13\"><span lang=\"ro-RO\">De asemenea, potrivit propunerii, cuantumul indemniza\u0163iei pentru limit\u0103 de v\u00e2rst\u0103 prev\u0103zut la al. 1 se acord\u0103 \u00een limita a trei mandate \u015fi se calculeaz\u0103 ca produs al num\u0103rului lunilor de mandat cu 0.40% din indemniza\u0163ia brut\u0103 lunar\u0103 aflat\u0103 \u00een plat\u0103.<\/span><\/p>\n<p data-index=\"14\"><span lang=\"ro-RO\">Totodat\u0103, pentru mandate incomplete, indemniza\u0163ia pentru limit\u0103 de v\u00e2rst\u0103 se calculeaz\u0103 propor\u0163ional cu perioada de mandat efectiv exercitat\u0103, dar nu mai pu\u0163in de un mandat complet de primar, viceprimar, pre\u015fedinte \u015fi vicepre\u015fedinte de consilii jude\u0163ene. Indemniza\u0163ia pentru limit\u0103 de v\u00e2rst\u0103 se cumuleaz\u0103 cu orice tip de pensie stabilit\u0103 \u00een sistemul public de pensii sau \u00een alt sistem de pensii neintegrat sistemului public.<\/span><\/p>\n<\/div>\n<p> Source URL: https:\/\/www.digi24.ro\/stiri\/actualitate\/politica\/iohannis-contesta-codul-administrativ-la-ccr-972744<\/p>\n","protected":false},"excerpt":{"rendered":"<p>\u0218eful statului nu este de acord \u00een special cu pensiile speciale ale ale\u0219ilor locali. ACTUALIZARE. CCR urmeaz\u0103 s\u0103 discute pe 20 septembrie sesizarea pre\u015fedintelui Klaus Iohannis asupra Legii privind Codul administrativ, au precizat, pentru Agerpres, oficiali ai Cur\u021bii Constitu\u021bionale. Codul a fost deja contestat la CCR de parlamentarii USR, al\u0103turi de parlamentari ai PNL, PMP [&hellip;]<\/p>\n","protected":false},"author":1,"featured_media":111741,"comment_status":"open","ping_status":"","sticky":false,"template":"","format":"standard","meta":{"footnotes":""},"categories":[2],"tags":[11],"class_list":["post-111740","post","type-post","status-publish","format-standard","has-post-thumbnail","hentry","category-politics","tag-digi24"],"_links":{"self":[{"href":"https:\/\/analyse.optim.biz\/index.php?rest_route=\/wp\/v2\/posts\/111740","targetHints":{"allow":["GET"]}}],"collection":[{"href":"https:\/\/analyse.optim.biz\/index.php?rest_route=\/wp\/v2\/posts"}],"about":[{"href":"https:\/\/analyse.optim.biz\/index.php?rest_route=\/wp\/v2\/types\/post"}],"author":[{"embeddable":true,"href":"https:\/\/analyse.optim.biz\/index.php?rest_route=\/wp\/v2\/users\/1"}],"replies":[{"embeddable":true,"href":"https:\/\/analyse.optim.biz\/index.php?rest_route=%2Fwp%2Fv2%2Fcomments&post=111740"}],"version-history":[{"count":0,"href":"https:\/\/analyse.optim.biz\/index.php?rest_route=\/wp\/v2\/posts\/111740\/revisions"}],"wp:featuredmedia":[{"embeddable":true,"href":"https:\/\/analyse.optim.biz\/index.php?rest_route=\/wp\/v2\/media\/111741"}],"wp:attachment":[{"href":"https:\/\/analyse.optim.biz\/index.php?rest_route=%2Fwp%2Fv2%2Fmedia&parent=111740"}],"wp:term":[{"taxonomy":"category","embeddable":true,"href":"https:\/\/analyse.optim.biz\/index.php?rest_route=%2Fwp%2Fv2%2Fcategories&post=111740"},{"taxonomy":"post_tag","embeddable":true,"href":"https:\/\/analyse.optim.biz\/index.php?rest_route=%2Fwp%2Fv2%2Ftags&post=111740"}],"curies":[{"name":"wp","href":"https:\/\/api.w.org\/{rel}","templated":true}]}}