{"id":111736,"date":"2018-07-31T17:49:49","date_gmt":"2018-07-31T14:49:49","guid":{"rendered":"https:\/\/analyse.optim.biz\/?p=111736"},"modified":"2018-07-31T17:49:49","modified_gmt":"2018-07-31T14:49:49","slug":"intai-sa-i-dea-ma-sii-mesajul-viceprimarului-din-alexandria-pentru-romanul-cu-numere-anti-psd","status":"publish","type":"post","link":"https:\/\/analyse.optim.biz\/?p=111736","title":{"rendered":"\u201e\u00cent\u00e2i s\u0103-i dea m\u0103-sii\u201d. Mesajul viceprimarului din Alexandria pentru rom\u00e2nul cu numere anti-PSD"},"content":{"rendered":"<div class=\"entry data-app-meta data-app-meta-article\" data-embed-base-url-canonical=\"https:\/\/www.digi24.ro\/embed\/stiri\/actualitate\/intai-sa-i-dea-ma-sii-mesajul-viceprimarului-din-alexandria-pentru-romanul-cu-numere-anti-psd-972876\">\n<p data-index=\"1\"><span><strong>Viceprimarul municipiului Alexandria, Teleorman, se afl\u0103 \u00een centrul unui scandal dup\u0103 ce a postat pe Facebook un mesaj injurios la adresa lui R\u0103zvan \u0218tef\u0103nescu, \u0219oferul cu numere de \u00eenmatriculare anti-PSD.<\/strong><\/span><\/p>\n<p data-index=\"2\"><img loading=\"lazy\" decoding=\"async\" class=\"alignnone size-full wp-image-971914\" src=\"https:\/\/analyse.optim.biz\/wp-content\/uploads\/2024\/09\/zyz3ptgwmczoyxnopti5ztmxmzg1ndbkyza1y2zinmm2m2uxyzbkndazytcx-thumb_.jpg\" width=\"814\" height=\"539\" data-skip-htmlfix=\"1\" title=\"zyz3ptgwmczoyxnopti5ztmxmzg1ndbkyza1y2zinmm2m2uxyzbkndazytcx-thumb_\"><\/p>\n<p data-index=\"3\"><span>Informa\u021bia a fost publicat\u0103 prima dat\u0103 de Realitatea de Teleorman, fiind mai apoi preluat\u0103 de <\/span><a href=\"https:\/\/www.g4media.ro\/viceprimarul-din-alexandria-catre-posesorul-autoturismului-cu-numar-m-epsd-sa-aiba-grija-ca-chinezii-nu-fac-mici-numai-din-caini.html\" data-skip-linkfix=\"1\"><span>g4media.ro<\/span><\/a><span>. <\/span><\/p>\n<p data-index=\"4\"><i><span>\u201eFrustratul \u0103la cu ma\u0219ina din Suedia cu nr. \u2026.PSD, \u00eent\u00e2i s\u0103-i dea m\u0103-sii ..ue c\u0103 i-am crescut salariul sau pensia \u0219i mai ales s\u0103 aib\u0103 grij\u0103 c\u0103 chinezii nu fac mici nu numai din c\u00e2ini\u201d<\/span><\/i><span>, a scris pe Facebook viceprimarul Gic\u0103 Anghel. Un printscreen cu acest mesaj s-a viralizat pe internet fiind preluat de mai multe publica\u021bii din Rom\u00e2nia.<\/span><\/p>\n<figure class=\"article-thumb\"><img decoding=\"async\" src=\"https:\/\/analyse.optim.biz\/wp-content\/uploads\/2024\/09\/ztczzwi4n2q0ntjlnmuzzdewntm2ngi5mmm-thumb_.jpg\" alt=\"mesaj gica anghel\" data-skip-htmlfix=\"1\" title=\"ztczzwi4n2q0ntjlnmuzzdewntm2ngi5mmm-thumb_\"><figcaption> Sursa foto: Realitatea de Teleorman\/g4media.ro <\/figcaption><\/figure>\n<p data-index=\"5\"><span>Jurnalista Carmen Dumitrescu a fost prima care l-a contactat pe Gig\u0103 Anghel pentru un punct de vedere pe marginea acestui subiect. Acesta a declarat c\u0103 <\/span><i><span>\u201enu \u00een\u021belege care e problema \u0219i c\u0103 are libertatea s\u0103 scrie ce vrea, at\u00e2ta vreme c\u00e2t \u0219i ceilal\u021bi fac la fel\u201d<\/span><\/i><span>.<\/span><\/p>\n<p data-index=\"6\"><i><span>\u201eC\u00e2nd i-am atras aten\u021bia c\u0103 e viceprimar \u0219i c\u0103 un astfel de limbaj nu e chiar dezirabil din pozi\u021bia lui, Gic\u0103 Anghel a \u00eentors-o \u0219i a precizat c\u0103 putea posta oricine de pe contul lui, telefonul fiind la dispozi\u021bia familiei \u0219i a cunoscu\u021bilor. De altfel, a \u00eentrebat dac\u0103 nu se poate \u00eent\u00e2mpla oricui s\u0103-\u0219i lase telefonul prin diverse locuri, astfel \u00eenc\u00e2t s\u0103 se trezeasc\u0103 cu diverse post\u0103ri pe Facebook\u201d<\/span><\/i><span>, poveste\u0219te Carmen Dumitrescu.<\/span><\/p>\n<p data-index=\"7\"><span>Anghel a \u0219ters apoi postare, \u00eens\u0103 a fost prea t\u00e2rziu. Viceprimarul a fost contactat din nou, de data aceasta de un reporter de la <\/span><a href=\"https:\/\/adevarul.ro\/locale\/alexandria\/viceprimarulalexandriei-pefacebookfrustratulala-masina-suedia-intai-sa-i-dea-ma-siiue-i-am-crescut-salariul-pensia-1_5b6033a2df52022f75d62f81\/index.html\" data-skip-linkfix=\"1\"><span>Adev\u0103rul<\/span><\/a><span>.<\/span><\/p>\n<p data-index=\"8\"><i><span>\u201eCine e R\u0103zvan \u015etef\u0103nescu? \u00a0(\u2026) Cred c\u0103 da, la c\u00e2te post\u0103ri am mai r\u0103spuns \u015fi eu cu aceea\u015fi moned\u0103, poate am gre\u015fit, poate n-am gre\u015fit. Eu unul m-am s\u0103turat de at\u00e2tea injurii \u015fi de at\u00e2tea amenin\u0163\u0103ri \u00eencep\u00e2nd cu \u00abciuma ro\u015fie\u00bb, \u00abs\u0103 moar\u0103\u00bb, \u00abs\u0103-i \u00eempu\u015fc\u0103m\u00bb, \u00abs\u0103-i \u00eenchidem\u00bb\u201d<\/span><\/i><span>, a spus viceprimarul.<\/span><\/p>\n<p data-index=\"9\"><span>Pentru Adev\u0103rul nu a mai vorbit despre libertatea de exprimare, ci despre faptul c\u0103 <\/span><i><span>\u201etotul are o limit\u0103\u201d<\/span><\/i><span>. C\u00e2t despre limbajul \u00eendoielnic pe care l-a folosit\u2026<\/span><i><span> \u201eprobabil, \u00eentr-un moment de oboseal\u0103, de nervozitate, oi fi r\u0103spuns, dar nu realizez la care din ele \u015fi la ce\u201c<\/span><\/i><span>. \u00cen plus, crede Anghel, s-ar duce o <\/span><i><span>\u00a0\u201ecampanie de denigrare\u201c <\/span><\/i><span>la adresa PSD \u0219i a jude\u021bului Teleorman. <\/span><i><span>\u00a0\u201eCei care jignesc \u2013 (n. r. \u00eentrebat cine sunt cei care jignesc) cel cu pl\u0103cu\u0163ele, cei cu ciuma ro\u015fie, de pe Facebook, cu \u00eenjur\u0103turi, cu amenin\u0163\u0103ri, \u015fi a\u015fa mai departe\u201c<\/span><\/i><span> sunt cei care ar participa activ la aceast\u0103 campanie. \u00cen plus, <\/span><i><span>\u201enimeni nu e perfect\u201d<\/span><\/i><span>, \u021bine s\u0103 precizeze viceprimarul.<\/span><\/p>\n<p data-index=\"10\"><i><span>\u201e\u00cemi pare r\u0103u dac\u0103 am jignit pe cineva chiar dac\u0103 am r\u0103spuns cu aceea\u015fi m\u0103sur\u0103. \u015eti\u0163i cum e: ochi pentru ochi, dinte pentru dinte. \u015etiu c\u0103 nu e normal av\u00e2nd \u00een vedere pozi\u0163ia \u00een care vremelnic m\u0103 aflu acum, dar v\u0103 spun sincer c\u0103 chiar \u00eentrec orice m\u0103sur\u0103 \u015fi chiar incit\u0103 la&#8230;\u201c, <\/span><\/i><span>le-a \u00a0mai declarat Anghel celor de la Adev\u0103rul.<\/span><\/p>\n<p data-index=\"11\"><span>C\u00e2t despre motivul pentru care a \u0219ters \u00een cele din urm\u0103 postarea: <\/span><i><span>\u201eChiar nu realizez ce am f\u0103cut c\u0103 sunt pe teren, aparatul \u0103sta al meu creeaz\u0103 probleme \u015fi a\u015fa mai departe. (\u2026) Ce s\u0103 v\u0103 spun: a fost pe al meu \u00eenseamn\u0103 c\u0103 eu \u015fi\u2026 asta e, \u00eemi asum gre\u015feala sau, m\u0103 rog, gre\u015feala, recunosc c\u0103 am intrat \u00een jocul unor asemeni indivizi \u015fi cu asta basta. Totul se pl\u0103te\u015fte pe lumea asta. (\u2026) Eu, din ce \u00eemi aduc aminte, n-am formulat expresia \u00eentreag\u0103\u201c<\/span><\/i><span>.<\/span><\/p>\n<\/div>\n<p> Source URL: https:\/\/www.digi24.ro\/stiri\/actualitate\/intai-sa-i-dea-ma-sii-mesajul-viceprimarului-din-alexandria-pentru-romanul-cu-numere-anti-psd-972876<\/p>\n","protected":false},"excerpt":{"rendered":"<p>Viceprimarul municipiului Alexandria, Teleorman, se afl\u0103 \u00een centrul unui scandal dup\u0103 ce a postat pe Facebook un mesaj injurios la adresa lui R\u0103zvan \u0218tef\u0103nescu, \u0219oferul cu numere de \u00eenmatriculare anti-PSD. Informa\u021bia a fost publicat\u0103 prima dat\u0103 de Realitatea de Teleorman, fiind mai apoi preluat\u0103 de g4media.ro. \u201eFrustratul \u0103la cu ma\u0219ina din Suedia cu nr. \u2026.PSD, [&hellip;]<\/p>\n","protected":false},"author":1,"featured_media":111737,"comment_status":"open","ping_status":"","sticky":false,"template":"","format":"standard","meta":{"footnotes":""},"categories":[2],"tags":[11],"class_list":["post-111736","post","type-post","status-publish","format-standard","has-post-thumbnail","hentry","category-politics","tag-digi24"],"_links":{"self":[{"href":"https:\/\/analyse.optim.biz\/index.php?rest_route=\/wp\/v2\/posts\/111736","targetHints":{"allow":["GET"]}}],"collection":[{"href":"https:\/\/analyse.optim.biz\/index.php?rest_route=\/wp\/v2\/posts"}],"about":[{"href":"https:\/\/analyse.optim.biz\/index.php?rest_route=\/wp\/v2\/types\/post"}],"author":[{"embeddable":true,"href":"https:\/\/analyse.optim.biz\/index.php?rest_route=\/wp\/v2\/users\/1"}],"replies":[{"embeddable":true,"href":"https:\/\/analyse.optim.biz\/index.php?rest_route=%2Fwp%2Fv2%2Fcomments&post=111736"}],"version-history":[{"count":0,"href":"https:\/\/analyse.optim.biz\/index.php?rest_route=\/wp\/v2\/posts\/111736\/revisions"}],"wp:featuredmedia":[{"embeddable":true,"href":"https:\/\/analyse.optim.biz\/index.php?rest_route=\/wp\/v2\/media\/111737"}],"wp:attachment":[{"href":"https:\/\/analyse.optim.biz\/index.php?rest_route=%2Fwp%2Fv2%2Fmedia&parent=111736"}],"wp:term":[{"taxonomy":"category","embeddable":true,"href":"https:\/\/analyse.optim.biz\/index.php?rest_route=%2Fwp%2Fv2%2Fcategories&post=111736"},{"taxonomy":"post_tag","embeddable":true,"href":"https:\/\/analyse.optim.biz\/index.php?rest_route=%2Fwp%2Fv2%2Ftags&post=111736"}],"curies":[{"name":"wp","href":"https:\/\/api.w.org\/{rel}","templated":true}]}}