{"id":111725,"date":"2018-07-31T20:29:23","date_gmt":"2018-07-31T17:29:23","guid":{"rendered":"https:\/\/analyse.optim.biz\/?p=111725"},"modified":"2018-07-31T20:29:23","modified_gmt":"2018-07-31T17:29:23","slug":"viorica-dancila-in-fata-unor-alegeri-dificile","status":"publish","type":"post","link":"https:\/\/analyse.optim.biz\/?p=111725","title":{"rendered":"Viorica D\u0103ncil\u0103, \u00een fa\u0163a unor alegeri dificile"},"content":{"rendered":"<div class=\"entry data-app-meta data-app-meta-article\" data-embed-base-url-canonical=\"https:\/\/www.digi24.ro\/embed\/stiri\/actualitate\/politica\/viorica-dancila-in-fata-unei-dileme-dificile-972926\">\n<p data-index=\"1\"><strong>\u00cencepe lupta pentru europarlamentare. Liberalii sunt primii care au stabilit un calendar. P\u00e2n\u0103 la 1 noiembrie trebuie validat\u0103 lista de candida\u0163i. Social-democra\u0163ii nu se gr\u0103besc. \u00cencep discu\u0163iile \u00een toamn\u0103, dar lista ar putea fi b\u0103tut\u0103 \u00een cuie abia la \u00eenceputul anului viitor. Partidele mai noi, USR sau Rom\u00e2nia \u00cempreun\u0103, v\u0103d \u00een europarlamentare o miz\u0103 mare, un test pentru alegerile ce vor urma. Pe l\u00e2ng\u0103 scorul pe care \u00eel va ob\u0163ine fiecare partid, se mai duce \u015fi o b\u0103t\u0103lie intern\u0103. Mul\u0163i r\u00e2vnesc un scaun de europarlamentar, inclusiv lideri de partide.<\/strong><\/p>\n<p data-index=\"2\">PSD are doi fo\u015fti europarlamentari a c\u0103ror prezen\u0163\u0103 pe lista viitoare este incert\u0103. Premierul <strong>Viorica D\u0103ncil\u0103<\/strong>, care \u0219i-a petrecut ani buni \u00een Parlamentul European,\u00a0\u015fi ministrul pentru Afaceri Europene, <strong>Victor Negrescu<\/strong>. <strong>Ca s\u0103 poat\u0103 candida din nou, ar trebui s\u0103 pice Guvernul D\u0103ncil\u0103.<\/strong><\/p>\n<p data-index=\"3\">\u201eEste o decizie care se va lua, dar nu v\u0103d ca \u00een perioada urm\u0103toare s\u0103 se pun\u0103 problema \u00eenlocuirii premierului\u201d, a spus <strong>Victor Bo\u0219tinaru<\/strong>, \u0219eful delega\u021biei PSD Rom\u00e2nia \u00een Parlamentul European.<\/p>\n<p data-index=\"4\">\u00cen plus, PSD a pierdut pe drum c\u00e2\u0163iva europarlamentari care nu au fost de acord cu politica partidului: <strong>Sorin Moisa, Daciana S\u00e2rbu \u015fi C\u0103t\u0103lin Ivan.<\/strong><\/p>\n<p data-index=\"5\">Mai e apoi<strong> Corina Cre\u0163u<\/strong>, care a devenit comisar european \u015fi a l\u0103sat locul liber. Iar<strong> Lauren\u0163iu Rebega<\/strong> a trecut la partidul lui Victor Ponta.<\/p>\n<p data-index=\"6\">Deocamdat\u0103, europarlamentarii social-democra\u0163i r\u0103ma\u015fi \u00ee\u015fi fac bilan\u0163ul, \u00een speran\u0163a c\u0103 vor mai prinde un loc pe list\u0103.<\/p>\n<p data-index=\"7\">\u201eDelega\u0163ia a fost extrem de bun\u0103 \u015fi extrem de omogen\u0103 ca performan\u0163\u0103, iar rolul delega\u0163iei noastre este considerat unul dintre cele mai semnificative din cadrul grupului S&amp;D \u015fi vreau s\u0103 cred c\u0103 acest lucru va fi un atu pentru viitorii candida\u0163i\u201d, a declarat Victor Bo\u0219tinaru.<\/p>\n<p data-index=\"8\"><span><strong>Hava, Blaga \u0219i Orban ar putea pleca la Parlamentul European<\/strong><\/span><\/p>\n<p data-index=\"9\">\u00cen PNL, nume grele ar cocheta cu ideea de a fi pe lista pentru Bruxelles. Primarul din Alba Iulia,<strong> Mircea Hava,<\/strong> a confirmat c\u0103 este dispus s\u0103 lase prim\u0103ria, dup\u0103 25 de ani. Din informa\u0163iile Digi24, <strong>Vasile Blaga<\/strong> ar putea fi pe unul dintre locurile eligibile.<\/p>\n<p data-index=\"10\">De asemenea, \u00eenc\u0103 nu e clar dac\u0103 so\u0163ia lui Crin Antonescu,<strong> Adina V\u0103lean<\/strong>, mai prinde un loc. Liderul de la Bucure\u015fti,<strong> Cristian Bu\u015foi<\/strong>, ar putea fi l\u0103sat \u015fi el pe dinafar\u0103.<\/p>\n<p data-index=\"11\">Chiar<strong> Ludovic Orban<\/strong> ar viza s\u0103 fie pe list\u0103. Acesta nici nu a confirmat, nici nu a infirmat posibilitatea.<\/p>\n<p data-index=\"12\">\u201eNu am dat r\u0103spunsul. C\u00e2nd voi lua o decizie, voi informa. Nu am luat nicio decizie. Se va vedea pe 1 septembrie daca voi candida sau nu\u201d, a declarat Ludovic Orban.<\/p>\n<p data-index=\"13\">Ludovic Orban nu \u015fi-a asumat un scor pe care s\u0103 \u00eel ob\u0163in\u0103 partidul. PNL a stabilit doar un calendar de depunere a candidaturilor.<\/p>\n<p data-index=\"14\">Europarlamentarele sunt un test important pentru partidul lui <strong>Dacian Ciolo\u015f,<\/strong> Rom\u00e2nia \u00cempreun\u0103. Sunt primele alegeri, primul mare test pentru fostul premier. Dacian Ciolo\u015f a spus \u00een mai multe r\u00e2nduri c\u0103 va candida, pentru a nu l\u0103sa impresia c\u0103 se teme de competi\u0163ii. Dar \u00een ultimul interviu acesta nu a mai dat asigur\u0103ri la fel de clare.<\/p>\n<p data-index=\"15\"><em>Reporter: Primul test: europarlamentarele. Candida\u0163i?<\/em><\/p>\n<p data-index=\"16\"><em>Dacian Ciolo\u015f: Nu am luat nicio decizie pentru niciun candidat la niciun tip de alegeri.<\/em><\/p>\n<p data-index=\"17\"><em>Reporter: Dac\u0103 ve\u0163i merge singuri sau \u00een alian\u0163\u0103 cu alt partid a\u0163i discutat?<\/em><\/p>\n<p data-index=\"18\"><em>Dacian Ciolo\u015f: Nici asta nu e decis, e un subiect deschis \u00eens\u0103. Evident c\u0103 prima op\u0163iune a unui partid nou este s\u0103 mearg\u0103 la primele alegeri singur, ca s\u0103 se testeze.<\/em> (sursa: ziare.com)<\/p>\n<p data-index=\"19\">\u015ei USR are de dat un examen la europarlamentare. \u00cen partid, preselec\u0163ia va fi la vedere. Pentru candida\u0163i voteaz\u0103 tot partidul.<\/p>\n<p data-index=\"20\">\u201eLa finalul lunii noiembrie, 1 decembrie vom \u015fti cum arat\u0103 lista. Votul va fi electronic, voteaz\u0103 to\u0163i membrii, vor fi criterii de meritocra\u0163ie, \u00een a doua parte a listei vor fi criterii teritoriale pentru avea candida\u0163i din toate zonele\u201d, a declarat liderul USR, Dan Barna.<\/p>\n<p data-index=\"21\">\u00cen privin\u0163a PMP, partidul lui Traian B\u0103sescu l-a pierdut pe <strong>Siegfried Mure\u015fan<\/strong>, un europarlamentar cu rezultate foarte bune. Acesta din urm\u0103 a intrat \u00een PNL \u015fi este de a\u015fteptat s\u0103 primeasc\u0103 un loc pe lista liberalilor.<\/p>\n<p data-index=\"22\"><span lang=\"ro-RO\">Pe lista forma\u0163iunii lui Victor Ponta s-ar putea reg\u0103si cei doi europarlamentari pleca\u0163i de la PSD: so\u0163ia lui Victor Ponta,<strong> Daciana S\u00e2rbu<\/strong>, \u015fi Lauren\u0163iu Rebega.<\/span><\/p>\n<\/div>\n<p> Source URL: https:\/\/www.digi24.ro\/stiri\/actualitate\/politica\/viorica-dancila-in-fata-unei-dileme-dificile-972926<\/p>\n","protected":false},"excerpt":{"rendered":"<p>\u00cencepe lupta pentru europarlamentare. Liberalii sunt primii care au stabilit un calendar. P\u00e2n\u0103 la 1 noiembrie trebuie validat\u0103 lista de candida\u0163i. Social-democra\u0163ii nu se gr\u0103besc. \u00cencep discu\u0163iile \u00een toamn\u0103, dar lista ar putea fi b\u0103tut\u0103 \u00een cuie abia la \u00eenceputul anului viitor. Partidele mai noi, USR sau Rom\u00e2nia \u00cempreun\u0103, v\u0103d \u00een europarlamentare o miz\u0103 mare, [&hellip;]<\/p>\n","protected":false},"author":1,"featured_media":111726,"comment_status":"open","ping_status":"","sticky":false,"template":"","format":"standard","meta":{"footnotes":""},"categories":[2],"tags":[11],"class_list":["post-111725","post","type-post","status-publish","format-standard","has-post-thumbnail","hentry","category-politics","tag-digi24"],"_links":{"self":[{"href":"https:\/\/analyse.optim.biz\/index.php?rest_route=\/wp\/v2\/posts\/111725","targetHints":{"allow":["GET"]}}],"collection":[{"href":"https:\/\/analyse.optim.biz\/index.php?rest_route=\/wp\/v2\/posts"}],"about":[{"href":"https:\/\/analyse.optim.biz\/index.php?rest_route=\/wp\/v2\/types\/post"}],"author":[{"embeddable":true,"href":"https:\/\/analyse.optim.biz\/index.php?rest_route=\/wp\/v2\/users\/1"}],"replies":[{"embeddable":true,"href":"https:\/\/analyse.optim.biz\/index.php?rest_route=%2Fwp%2Fv2%2Fcomments&post=111725"}],"version-history":[{"count":0,"href":"https:\/\/analyse.optim.biz\/index.php?rest_route=\/wp\/v2\/posts\/111725\/revisions"}],"wp:featuredmedia":[{"embeddable":true,"href":"https:\/\/analyse.optim.biz\/index.php?rest_route=\/wp\/v2\/media\/111726"}],"wp:attachment":[{"href":"https:\/\/analyse.optim.biz\/index.php?rest_route=%2Fwp%2Fv2%2Fmedia&parent=111725"}],"wp:term":[{"taxonomy":"category","embeddable":true,"href":"https:\/\/analyse.optim.biz\/index.php?rest_route=%2Fwp%2Fv2%2Fcategories&post=111725"},{"taxonomy":"post_tag","embeddable":true,"href":"https:\/\/analyse.optim.biz\/index.php?rest_route=%2Fwp%2Fv2%2Ftags&post=111725"}],"curies":[{"name":"wp","href":"https:\/\/api.w.org\/{rel}","templated":true}]}}