{"id":111541,"date":"2018-07-31T09:53:57","date_gmt":"2018-07-31T06:53:57","guid":{"rendered":"https:\/\/analyse.optim.biz\/?p=111541"},"modified":"2018-07-31T09:53:57","modified_gmt":"2018-07-31T06:53:57","slug":"c-parvulescu-despre-primarul-psd-care-a-semnat-initiativa-fara-penali-un-semnal-care-arata-slabiciunea-lui-dragnea","status":"publish","type":"post","link":"https:\/\/analyse.optim.biz\/?p=111541","title":{"rendered":"C. P\u00e2rvulescu, despre primarul PSD care a semnat ini\u021biativa \u201eF\u0103r\u0103 Penali\u201d: Un semnal care arat\u0103 sl\u0103biciunea lui Dragnea"},"content":{"rendered":"<div class=\"entry data-app-meta data-app-meta-article\" data-embed-base-url-canonical=\"https:\/\/www.digi24.ro\/embed\/stiri\/actualitate\/politica\/c-parvulescu-despre-primarul-psd-care-a-semnat-initiativa-fara-penali-un-semnal-care-arata-slabiciunea-lui-dragnea-972518\">\n<p data-index=\"1\"><strong>Politologul Cristian P\u00e2rvulescu este de p\u0103rere c\u0103 gestul primarului PSD din Pucioasa de a semna ini\u021biatia \u201eF\u0103r\u0103 penali \u00een func\u021bii publice\u201d, campanie lansat\u0103 de USR, este un semn care arat\u0103 o sl\u0103biciune a lui Liviu Dragnea \u0219i faptul c\u0103 membrii din teritoriu ai partidului \u00eencep s\u0103 capete curaj. Politologul a explicat \u00een emisiunea \u201eJurnalul de sear\u0103\u201d, de la Digi24, semnifica\u021bia acestui gest, \u00een contextul \u00een care este vorba despre un primar din sudul \u021b\u0103rii.\u00a0<\/strong><\/p>\n<p data-index=\"2\"><a href=\"https:\/\/s.iw.ro\/gateway\/g\/ZmlsZVNvdXJjZT1odHRwcyUzQSUyRiUy\/RndlYmFkbWRpZ2kyNC5yY3MtcmRzLnJv\/JTJGd3AtY29udGVudCUyRnVwbG9hZHMl\/MkYyMDE4JTJGMDclMkZwcmltYXItcHVj\/aW9hc2EuanBnJmhhc2g9MDg2MDg0ODk5N2Y3OWUxMmNkNGUyYWZmNDQ4N2IyYjY=.jpg\" data-skip-linkfix=\"1\" target=\"_blank\" rel=\"noopener\"><img loading=\"lazy\" decoding=\"async\" class=\"alignnone size-full wp-image-972307\" src=\"https:\/\/analyse.optim.biz\/wp-content\/uploads\/2024\/09\/zjg2mmrlytg5ogq5nznjnjbiyzuwmzczowjlzdu-thumb_.jpg\" width=\"693\" height=\"403\" data-skip-htmlfix=\"1\" title=\"zjg2mmrlytg5ogq5nznjnjbiyzuwmzczowjlzdu-thumb_\"><\/a><\/p>\n<p data-index=\"3\"><em>\u201eEste important c\u0103 este un primar din sud, \u0219i nu din Transilvania. Sudul, vechiul regat, vota mai degrab\u0103 PSD \u0219i exista o spiral\u0103 a t\u0103cerii \u00een favoarea PSD.\u00a0Este important c\u0103 este un primar din sud, \u0219i nu din Transilvania. Sudul, vechiul regat, vota mai degrab\u0103 PSD \u0219i exista o spiral\u0103 a t\u0103cerii \u00een favoarea PSD.\u00a0<\/em><\/p>\n<p data-index=\"4\"><em>De exemplu, pesedi\u0219tii nu mai au curajul s\u0103 spun\u0103 c\u0103 nu sunt de acord cu penalii, pentru c\u0103 risc\u0103. Numai c\u0103 un primar risc\u0103 foarte pu\u021bin, pentru c\u0103 are leg\u0103tur\u0103 direct\u0103 cu cet\u0103\u021benii s\u0103i \u0219i nu exist\u0103 alternative, r\u0103m\u00e2ne primar chiar dac\u0103 \u00eel elimin\u0103 din partid, a fost ales.\u00a0<\/em><\/p>\n<p data-index=\"5\"><em>Dar ceea ce risc\u0103 partidul este s\u0103 piard\u0103 o organiza\u021bie important\u0103, pentru c\u0103 primarul e cel care face jocurile politice \u00eentr-o localitate. Pucioasa e un ora\u0219, cu siguran\u021b\u0103 influen\u021ba primarului este important\u0103. E un semnal care arat\u0103 sl\u0103biciunea lui Dragnea. \u00cencet, \u00eencet, sunt oameni care \u00eencep s\u0103 aib\u0103 curajul s\u0103 se exprime\u201d,<\/em> a declarat Cristian P\u00e2rvulescu.\u00a0<\/p>\n<\/div>\n<p> Source URL: https:\/\/www.digi24.ro\/stiri\/actualitate\/politica\/c-parvulescu-despre-primarul-psd-care-a-semnat-initiativa-fara-penali-un-semnal-care-arata-slabiciunea-lui-dragnea-972518<\/p>\n","protected":false},"excerpt":{"rendered":"<p>Politologul Cristian P\u00e2rvulescu este de p\u0103rere c\u0103 gestul primarului PSD din Pucioasa de a semna ini\u021biatia \u201eF\u0103r\u0103 penali \u00een func\u021bii publice\u201d, campanie lansat\u0103 de USR, este un semn care arat\u0103 o sl\u0103biciune a lui Liviu Dragnea \u0219i faptul c\u0103 membrii din teritoriu ai partidului \u00eencep s\u0103 capete curaj. Politologul a explicat \u00een emisiunea \u201eJurnalul de [&hellip;]<\/p>\n","protected":false},"author":1,"featured_media":111542,"comment_status":"open","ping_status":"","sticky":false,"template":"","format":"standard","meta":{"footnotes":""},"categories":[2],"tags":[11],"class_list":["post-111541","post","type-post","status-publish","format-standard","has-post-thumbnail","hentry","category-politics","tag-digi24"],"_links":{"self":[{"href":"https:\/\/analyse.optim.biz\/index.php?rest_route=\/wp\/v2\/posts\/111541","targetHints":{"allow":["GET"]}}],"collection":[{"href":"https:\/\/analyse.optim.biz\/index.php?rest_route=\/wp\/v2\/posts"}],"about":[{"href":"https:\/\/analyse.optim.biz\/index.php?rest_route=\/wp\/v2\/types\/post"}],"author":[{"embeddable":true,"href":"https:\/\/analyse.optim.biz\/index.php?rest_route=\/wp\/v2\/users\/1"}],"replies":[{"embeddable":true,"href":"https:\/\/analyse.optim.biz\/index.php?rest_route=%2Fwp%2Fv2%2Fcomments&post=111541"}],"version-history":[{"count":0,"href":"https:\/\/analyse.optim.biz\/index.php?rest_route=\/wp\/v2\/posts\/111541\/revisions"}],"wp:featuredmedia":[{"embeddable":true,"href":"https:\/\/analyse.optim.biz\/index.php?rest_route=\/wp\/v2\/media\/111542"}],"wp:attachment":[{"href":"https:\/\/analyse.optim.biz\/index.php?rest_route=%2Fwp%2Fv2%2Fmedia&parent=111541"}],"wp:term":[{"taxonomy":"category","embeddable":true,"href":"https:\/\/analyse.optim.biz\/index.php?rest_route=%2Fwp%2Fv2%2Fcategories&post=111541"},{"taxonomy":"post_tag","embeddable":true,"href":"https:\/\/analyse.optim.biz\/index.php?rest_route=%2Fwp%2Fv2%2Ftags&post=111541"}],"curies":[{"name":"wp","href":"https:\/\/api.w.org\/{rel}","templated":true}]}}