{"id":111530,"date":"2018-07-31T10:31:43","date_gmt":"2018-07-31T07:31:43","guid":{"rendered":"https:\/\/analyse.optim.biz\/?p=111530"},"modified":"2018-07-31T10:31:43","modified_gmt":"2018-07-31T07:31:43","slug":"valcov-ar-fi-condus-sedinta-de-guvern-in-absenta-lui-dancila-politolog-am-putea-vorbi-si-de-o-tradare","status":"publish","type":"post","link":"https:\/\/analyse.optim.biz\/?p=111530","title":{"rendered":"V\u00e2lcov ar fi condus \u0219edin\u021ba de guvern \u00een absen\u021ba lui D\u0103ncil\u0103. Politolog: Am putea vorbi \u0219i de o tr\u0103dare"},"content":{"rendered":"<div class=\"entry data-app-meta data-app-meta-article\" data-embed-base-url-canonical=\"https:\/\/www.digi24.ro\/embed\/stiri\/actualitate\/politica\/valcov-ar-fi-condus-sedinta-de-guvern-in-absenta-lui-dancila-politolog-am-putea-vorbi-si-de-o-tradare-972527\">\n<p data-index=\"1\"><strong>Politologul Cristian P\u00e2rvulescu a vorbit despre informa\u021biile ap\u0103rute \u00een pres\u0103 luni, potrivit c\u0103rora Darius V\u00e2lcov, consilierul premierului Viorica D\u0103ncil\u0103, a condus \u0219edin\u021ba de guvern \u00een care s-a discutat despre rectificarea bugetar\u0103 \u0219i i-a certat pe mini\u0219tri pentru c\u0103\u00a0nu au demarat sau au demarat cu \u00eent\u00e2rziere procedurile de achizi\u021bii pentru proiectele de dezvoltare. Potrivit legii \u00eens\u0103, V\u00e2lcov nu are dreptul de a conduce o \u0219edin\u021b\u0103 de guvern \u0219i nici nu exercit\u0103 niciun fel de autoritate \u00een fa\u021ba mini\u0219trilor, cel pu\u021bin nu din func\u021bia de consilier. P\u00e2rvulescu este de p\u0103rere c\u0103, dac\u0103 acest lucru chiar s-a \u00eent\u00e2mplat, se poate vorbi \u0219i de o tr\u0103dare.\u00a0<\/strong><\/p>\n<p data-index=\"2\"><em>\u201ePresta\u021bia politic\u0103 a doamnei D\u0103ncil\u0103 conteaz\u0103. \u0218i a domnului V\u00e2lcov, consilierul domniei sale, despre care unii, gurile rele, sus\u021bin c\u0103 ar conduce \u0219edin\u021ba de guvern dup\u0103 ce D\u0103ncil\u0103 ar renun\u021ba. C\u0103 e cel care exercit\u0103 acest drept. Dac\u0103 se \u00eent\u00e2mpl\u0103 acest lucru, cum se poate? Pentru c\u0103 nu are niciun fel de autoritate. Un consilier al premierului&#8230;care este articolul din Constitu\u021bie care \u00eei d\u0103 dreptul s\u0103 conduc\u0103 o \u0219edin\u021b\u0103 de guvern? De aceea cred c\u0103 e o insinuare a adversarilor PSD. Nu \u00eemi pot imagina c\u0103 s-ar putea \u00eent\u00e2mpla\u201d<\/em>, a declarat Cristian P\u00e2rvulescu \u00een emisiunea \u201e<a href=\"https:\/\/www.digi24.ro\/emisiuni\/jurnalul-de-seara\" data-skip-linkfix=\"1\">Jurnalul de Sear\u0103<\/a>\u201d, la Digi24.\u00a0<\/p>\n<p data-index=\"3\"><strong>Citi\u0163i \u015fi: <a href=\"https:\/\/www.digi24.ro\/opinii\/dragnea-are-o-noua-tinta-970408\" data-skip-linkfix=\"1\">Schimbare major\u0103 de tactic\u0103. Dragnea are o nou\u0103 \u021bint\u0103 \u0219i a pus toate tunurile pe ea<\/a><\/strong><\/p>\n<p data-index=\"4\"><strong>Cosmin Prelipceanu:<\/strong> Reporterii no\u0219tri de la guvern spun c\u0103 s-a \u00eent\u00e2mplat \u00een felul urm\u0103tor: pe agend\u0103 era rectificarea bugetar\u0103, doamna D\u0103ncil\u0103 era \u00een \u00eenc\u0103pere c\u00e2nd a \u00eenceput \u0219edin\u021ba, s-a retras \u0219i \u00een absen\u021ba doamnei D\u0103ncil\u0103 V\u00e2lcov a discutat unul la unul cu to\u021bi mini\u0219trii.<\/p>\n<p data-index=\"5\"><strong>Cristian P\u00e2rvulescu:<\/strong> A certat mini\u0219trii pentru nerealiz\u0103ri. Dar \u00een continuare nu cred. Nu mi se pare posibil.<\/p>\n<p data-index=\"6\"><strong>Cosmin Prelipceanu:<\/strong> Pentru c\u0103 este ilegal.<\/p>\n<p data-index=\"7\"><strong>Cristian P\u00e2rvulescu:<\/strong>\u00a0 Da, am putea vorbi \u0219i de o tr\u0103dare. \u00cen orice caz, lucrurile evolueaz\u0103 \u00eentr-o manier\u0103 spectaculoas\u0103. Viorica D\u0103ncil\u0103 nu este singura care poate exercita func\u021bia de premier. O poate delega unui alt ministru. Domnul V\u00e2lcov nu e ministru, e consilier. Poate s\u0103 vorbeasc\u0103 dac\u0103 \u00eel invit\u0103 premierul sau cel delegat \u00een locul premierului. Domnul V\u00e2lcov nu r\u0103spunde \u00een fa\u021ba nim\u0103nui. Consiliaz\u0103, dar nu poate lua decizii \u0219i nu poate conduce o \u0219edin\u021b\u0103 de guvern. Dac\u0103 s-a \u00eent\u00e2mplat a\u0219a, dac\u0103 ar fi existat un alt DNA, dar nu exist\u0103, poate ar fi f\u0103cut o anchet\u0103. Nu m\u0103 a\u0219tept ca Parlamentul s\u0103 fac\u0103 o anchet\u0103.<\/p>\n<p data-index=\"8\">\u00a0<\/p>\n<\/div>\n<p> Source URL: https:\/\/www.digi24.ro\/stiri\/actualitate\/politica\/valcov-ar-fi-condus-sedinta-de-guvern-in-absenta-lui-dancila-politolog-am-putea-vorbi-si-de-o-tradare-972527<\/p>\n","protected":false},"excerpt":{"rendered":"<p>Politologul Cristian P\u00e2rvulescu a vorbit despre informa\u021biile ap\u0103rute \u00een pres\u0103 luni, potrivit c\u0103rora Darius V\u00e2lcov, consilierul premierului Viorica D\u0103ncil\u0103, a condus \u0219edin\u021ba de guvern \u00een care s-a discutat despre rectificarea bugetar\u0103 \u0219i i-a certat pe mini\u0219tri pentru c\u0103\u00a0nu au demarat sau au demarat cu \u00eent\u00e2rziere procedurile de achizi\u021bii pentru proiectele de dezvoltare. Potrivit legii \u00eens\u0103, [&hellip;]<\/p>\n","protected":false},"author":1,"featured_media":111531,"comment_status":"open","ping_status":"","sticky":false,"template":"","format":"standard","meta":{"footnotes":""},"categories":[2],"tags":[11],"class_list":["post-111530","post","type-post","status-publish","format-standard","has-post-thumbnail","hentry","category-politics","tag-digi24"],"_links":{"self":[{"href":"https:\/\/analyse.optim.biz\/index.php?rest_route=\/wp\/v2\/posts\/111530","targetHints":{"allow":["GET"]}}],"collection":[{"href":"https:\/\/analyse.optim.biz\/index.php?rest_route=\/wp\/v2\/posts"}],"about":[{"href":"https:\/\/analyse.optim.biz\/index.php?rest_route=\/wp\/v2\/types\/post"}],"author":[{"embeddable":true,"href":"https:\/\/analyse.optim.biz\/index.php?rest_route=\/wp\/v2\/users\/1"}],"replies":[{"embeddable":true,"href":"https:\/\/analyse.optim.biz\/index.php?rest_route=%2Fwp%2Fv2%2Fcomments&post=111530"}],"version-history":[{"count":0,"href":"https:\/\/analyse.optim.biz\/index.php?rest_route=\/wp\/v2\/posts\/111530\/revisions"}],"wp:featuredmedia":[{"embeddable":true,"href":"https:\/\/analyse.optim.biz\/index.php?rest_route=\/wp\/v2\/media\/111531"}],"wp:attachment":[{"href":"https:\/\/analyse.optim.biz\/index.php?rest_route=%2Fwp%2Fv2%2Fmedia&parent=111530"}],"wp:term":[{"taxonomy":"category","embeddable":true,"href":"https:\/\/analyse.optim.biz\/index.php?rest_route=%2Fwp%2Fv2%2Fcategories&post=111530"},{"taxonomy":"post_tag","embeddable":true,"href":"https:\/\/analyse.optim.biz\/index.php?rest_route=%2Fwp%2Fv2%2Ftags&post=111530"}],"curies":[{"name":"wp","href":"https:\/\/api.w.org\/{rel}","templated":true}]}}