{"id":111519,"date":"2018-07-31T10:47:43","date_gmt":"2018-07-31T07:47:43","guid":{"rendered":"https:\/\/analyse.optim.biz\/?p=111519"},"modified":"2018-07-31T10:47:43","modified_gmt":"2018-07-31T07:47:43","slug":"c-parvulescu-despre-gafele-lui-dancila-premierul-devine-un-personaj-de-desene-animate","status":"publish","type":"post","link":"https:\/\/analyse.optim.biz\/?p=111519","title":{"rendered":"C. P\u00e2rvulescu, despre gafele lui D\u0103ncil\u0103: \u201ePremierul devine un personaj de desene animate\u201d"},"content":{"rendered":"<div class=\"entry data-app-meta data-app-meta-article\" data-embed-base-url-canonical=\"https:\/\/www.digi24.ro\/embed\/stiri\/actualitate\/politica\/c-parvulescu-despre-gafele-lui-dancila-premierul-devine-un-personaj-de-desene-animate-972546\">\n<p data-index=\"1\"><strong>Politologul Cristian P\u00e2rvulescu consider\u0103 c\u0103 \u0219irul lung de gafe f\u0103cute de premierul Vioric\u0103 D\u0103ncil\u0103 risc\u0103 s\u0103 sl\u0103beasc\u0103 \u00eencrederea partenerilor str\u0103ini \u00een Rom\u00e2nia, dar nu crede c\u0103 erorile comise de premier ar putea atrage o retragere a sprijinului oferit de Liviu Dragnea sau de ALDE.\u00a0<\/strong><\/p>\n<p data-index=\"2\"><em>\u201ePentru un politician care a avut o carier\u0103 european\u0103 \u0219i dore\u0219te s\u0103 o aib\u0103, diferen\u021ba \u00eentre Kosovo \u0219i Muntenegru este important\u0103. Poate mul\u021bi dintre cei care ne privesc azi nu puteau s\u0103 fac\u0103 diferen\u021ba \u00eentre Pri\u0219tina \u0219i Podgori\u021ba, dar nu e vorba de un premier. E un politician de profesie, nu poate s\u0103 fac\u0103 aceast\u0103 confuzie, mai ales un premier aflat \u00een vizit\u0103 oficial\u0103 \u00eentr-un stat\u201d,<\/em> a declarat politologul \u00een emisiunea \u201e<a href=\"https:\/\/www.digi24.ro\/emisiuni\/jurnalul-de-seara\" data-skip-linkfix=\"1\">Jurnalul de Sear\u0103<\/a>\u201d, la Digi24.\u00a0<\/p>\n<p data-index=\"3\"><strong>Cosmin Prelipceanu:<\/strong> \u0218i atunci ce s-a \u00eent\u00e2mplat acolo?<\/p>\n<p data-index=\"4\"><strong>Cristian P\u00e2rvulescu:<\/strong>\u00a0<em>\u201eVor spune c\u0103 emo\u021biile sunt de vin\u0103. Dar un politician care e prad\u0103 permanent emo\u021biilor e o problem\u0103. \u0218i deciziile pe care le ia s-ar putea s\u0103 fie sub imperiul emo\u021biilor. \u0218i mai grav este c\u0103 urmeaz\u0103 gre\u0219eala de Ziua Drapelului. Acea gre\u0219eal\u0103 nu \u0219tiu dac\u0103 i se datoreaz\u0103 doamnei D\u0103ncil\u0103, pentru c\u0103 a fost f\u0103cut\u0103 pe site. <\/em><\/p>\n<p data-index=\"5\"><em>Deci \u0219i echipa cu care lucreaz\u0103 pare predispus\u0103 la astfel de erori, confunzii, care nu fac dec\u00e2t s\u0103 ad\u00e2nceasc\u0103 impresia c\u0103 doamna D\u0103ncil\u0103 are mari probleme de exprimare, face erori, gafe politice \u0219i mul\u021bi se \u00eentreab\u0103 dac\u0103 nu dovede\u0219te o lips\u0103 de competen\u021b\u0103 \u00een ceea ce prive\u0219te conducerea guvernului. Cea mai puternic\u0103 func\u021bie formal\u0103 din aceast\u0103 \u021bar\u0103 este cea de premier, exercitat\u0103 de doamna D\u0103ncil\u0103. C\u0103 informal e domnul Dragnea cel care conduce e alt\u0103 problem\u0103.<\/em><\/p>\n<p data-index=\"6\"><em>Evident, domnul Dragnea va atrage consecin\u021be politice din acest lucru. Deja avea o pozi\u021bie fragil\u0103 dup\u0103 sentin\u021ba dat\u0103 de \u00cenalta Curte, iar acum lumea va vedea \u0219i lipsa de capacitate a guvernului D\u0103ncil\u0103, un semn de sl\u0103biciune a lui Dragnea. \u00ce\u0219i mai permite Dragnea s\u0103 renun\u021be la doamna D\u0103ncil\u0103 dup\u0103 toate aceste erori? Nu.<\/em><\/p>\n<p data-index=\"7\"><em>Nu \u00een acest context. Ne putem \u00eentreba dac\u0103 ALDE \u00ee\u0219i va retrage sprijinul constat\u00e2nd c\u0103 imaginea Rom\u00e2niei este afectat\u0103? \u00cen orice caz, premierul Rom\u00e2niei devine un personaj de desene animate, ca Donald Trump. \u0218i nu e o compara\u021bie fericit\u0103. ALDE nu \u00ee\u0219i permite s\u0103 retrag\u0103 sprijinul \u00een acest moment. \u00cenc\u0103 nu au terminat lupta cu justi\u021bia. Nu au trecut toate legile.\u201d<\/em><\/p>\n<p data-index=\"8\"><strong>Politologul mai spune c\u0103 toate ambasadele vor comunica mai departe gafa comis\u0103 de premierul D\u0103ncil\u0103 \u00een vizita din Muntenegru, iar acest lucru risc\u0103 s\u0103 afecteze percep\u021bia partenerilor str\u0103ini despre Rom\u00e2nia. \u201eVor ajunge la concluzia c\u0103 Rom\u00e2nia nu este condus\u0103 de persoana cea mai competent\u0103\u201d, avertizeaz\u0103 P\u00e2rvulescu.\u00a0<\/strong><\/p>\n<p data-index=\"9\"><em><strong>Cristian P\u00e2rvulescu:<\/strong>\u00a0\u201eRela\u021biile dintre Macedonia \u0219i Kosovo nu sunt ca cele dintre Serbia \u0219i Kosovo. Dac\u0103 spunea la Belgrad c\u0103 e Pri\u0219tina, probabil ar fi fost manifesta\u021bii de strad\u0103. Niciun politician rom\u00e2n nu ar fi ajuns la Pri\u0219tina. Rom\u00e2nia nu recunoa\u0219te Kosovo.<\/em><\/p>\n<p data-index=\"10\"><em>Exist\u0103 doar c\u00e2\u021biva parteneri care au probleme asem\u0103n\u0103toare Rom\u00e2niei. De exemplu, Spania. Dar majoritatea statelor europene recunosc. Deci numai state care au oarecare probleme nu recunosc Kosovo. Are mai pu\u021bin\u0103 importan\u021b\u0103 acest lucru.<\/em><\/p>\n<p data-index=\"11\"><em>Problema e c\u0103 mecanismul de selec\u021bie din interiorul PSD pentru ocuparea func\u021biilor nu mai func\u021bioneaz\u0103. PSD a dat \u0219i premieri capabili. Doamna D\u0103ncil\u0103 este de departe figura cea mai \u0219tears\u0103, de\u0219i dup\u0103 ce i-am v\u0103zut pe Grindeanu \u0219i Tudose nu credeam c\u0103 se poate mai r\u0103u.<\/em><\/p>\n<p data-index=\"12\"><em>\u00cen cazul cu capitalele, situa\u021bia este greu de acceptat. Cu diploma\u021bie \u0219i delicate\u021be, autorit\u0103\u021bile macedonene au \u00eencercat s\u0103 treac\u0103 peste. \u00cens\u0103 toate cancelariile din lume vor afla. Ambasadele lor vor comunica aceast\u0103 eroare. Dincolo de z\u00e2mbet, vor ajunge la concluzia c\u0103 Rom\u00e2nia nu este guvernat\u0103 de persoana cea mai competent\u0103.<\/em><\/p>\n<p data-index=\"13\"><em>Nu vorbim despre o mare vorbitoare. Nici Theresa May, nici Angela Merkel nu sunt. Dar nu fac parte din aceea\u0219i categorie. Rom\u00e2nia nu se \u00eent\u0103re\u0219te. Partenerii str\u0103ini vor spune: cu cine discut\u0103m? Are sens s\u0103 mergem \u00een vizit\u0103 la Bucure\u0219ti?\u201d<\/em><\/p>\n<p data-index=\"14\">\u00a0<\/p>\n<p data-index=\"15\">\u00a0<\/p>\n<p data-index=\"16\">\u00a0<\/p>\n<p data-index=\"17\">\u00a0<\/p>\n<p data-index=\"18\">\u00a0<\/p>\n<p data-index=\"19\">\u00a0<\/p>\n<p data-index=\"20\">\u00a0<\/p>\n<p data-index=\"21\">\u00a0<\/p>\n<p data-index=\"22\">\u00a0<\/p>\n<p data-index=\"23\">\u00a0<\/p>\n<p data-index=\"24\">\u00a0<\/p>\n<p data-index=\"25\">\u00a0<\/p>\n<\/div>\n<p> Source URL: https:\/\/www.digi24.ro\/stiri\/actualitate\/politica\/c-parvulescu-despre-gafele-lui-dancila-premierul-devine-un-personaj-de-desene-animate-972546<\/p>\n","protected":false},"excerpt":{"rendered":"<p>Politologul Cristian P\u00e2rvulescu consider\u0103 c\u0103 \u0219irul lung de gafe f\u0103cute de premierul Vioric\u0103 D\u0103ncil\u0103 risc\u0103 s\u0103 sl\u0103beasc\u0103 \u00eencrederea partenerilor str\u0103ini \u00een Rom\u00e2nia, dar nu crede c\u0103 erorile comise de premier ar putea atrage o retragere a sprijinului oferit de Liviu Dragnea sau de ALDE.\u00a0 \u201ePentru un politician care a avut o carier\u0103 european\u0103 \u0219i dore\u0219te [&hellip;]<\/p>\n","protected":false},"author":1,"featured_media":111520,"comment_status":"open","ping_status":"","sticky":false,"template":"","format":"standard","meta":{"footnotes":""},"categories":[2],"tags":[11],"class_list":["post-111519","post","type-post","status-publish","format-standard","has-post-thumbnail","hentry","category-politics","tag-digi24"],"_links":{"self":[{"href":"https:\/\/analyse.optim.biz\/index.php?rest_route=\/wp\/v2\/posts\/111519","targetHints":{"allow":["GET"]}}],"collection":[{"href":"https:\/\/analyse.optim.biz\/index.php?rest_route=\/wp\/v2\/posts"}],"about":[{"href":"https:\/\/analyse.optim.biz\/index.php?rest_route=\/wp\/v2\/types\/post"}],"author":[{"embeddable":true,"href":"https:\/\/analyse.optim.biz\/index.php?rest_route=\/wp\/v2\/users\/1"}],"replies":[{"embeddable":true,"href":"https:\/\/analyse.optim.biz\/index.php?rest_route=%2Fwp%2Fv2%2Fcomments&post=111519"}],"version-history":[{"count":0,"href":"https:\/\/analyse.optim.biz\/index.php?rest_route=\/wp\/v2\/posts\/111519\/revisions"}],"wp:featuredmedia":[{"embeddable":true,"href":"https:\/\/analyse.optim.biz\/index.php?rest_route=\/wp\/v2\/media\/111520"}],"wp:attachment":[{"href":"https:\/\/analyse.optim.biz\/index.php?rest_route=%2Fwp%2Fv2%2Fmedia&parent=111519"}],"wp:term":[{"taxonomy":"category","embeddable":true,"href":"https:\/\/analyse.optim.biz\/index.php?rest_route=%2Fwp%2Fv2%2Fcategories&post=111519"},{"taxonomy":"post_tag","embeddable":true,"href":"https:\/\/analyse.optim.biz\/index.php?rest_route=%2Fwp%2Fv2%2Ftags&post=111519"}],"curies":[{"name":"wp","href":"https:\/\/api.w.org\/{rel}","templated":true}]}}