{"id":111225,"date":"2018-08-09T10:36:41","date_gmt":"2018-08-09T07:36:41","guid":{"rendered":"https:\/\/analyse.optim.biz\/?p=111225"},"modified":"2018-08-09T10:36:41","modified_gmt":"2018-08-09T07:36:41","slug":"mesajul-jandarmeriei-inaintea-protestului-de-maine-nu-suntem-serviciul-discretionar-al-nimanui","status":"publish","type":"post","link":"https:\/\/analyse.optim.biz\/?p=111225","title":{"rendered":"Mesajul Jandarmeriei \u00eenaintea protestului de m\u00e2ine: \u201eNu suntem serviciul discre\u021bionar al nim\u0103nui\u201d"},"content":{"rendered":"<div class=\"entry data-app-meta data-app-meta-article\" data-embed-base-url-canonical=\"https:\/\/www.digi24.ro\/embed\/stiri\/actualitate\/evenimente\/mesajul-jandarmeriei-inaintea-protestului-de-maine-977404\">\n<p data-index=\"1\"><strong><span lang=\"ro-RO\">Autorit\u0103\u021bile nu vor tolera comportamentele violente \u0219i nu vor sta impasibile \u00een fa\u021ba manifest\u0103rilor care sunt \u00een afara cadrului legal, a declarat, joi, \u0219eful serviciului de comunicare al Jandarmeriei Rom\u00e2ne, Marius Militaru, cu o zi \u00eenaintea mitingului diasporei. Pe de alt\u0103 parte, el a subliniat c\u0103 Jandarmeria nu este serviciul discre\u021bionar al nim\u0103nui.\u00a0<\/span><\/strong><\/p>\n<p data-index=\"2\">\u201e<span lang=\"ro-RO\">De asemenea, <em><strong>nu vom accepta niciun fel de insubordonare civic\u0103 sau de ac\u021biuni violente care urm\u0103resc destabilizarea social\u0103 sau destabilizarea ordinii de drept \u0219i a ordinii constitu\u021bionale<\/strong><\/em>\u201d, a ad\u0103ugat Marius Militaru.<\/span><\/p>\n<p data-index=\"3\"><span lang=\"ro-RO\">El a \u00eendemnat participan\u0163ii la protestul din 10 august s\u0103 se delimiteze de incit\u0103rile la violen\u0163\u0103 care au ap\u0103rut \u00een ultimele zile \u00een spa\u0163iul public. \u201eRecomand\u0103m tuturor s\u0103 se delimiteze cu fermitate de acest tip de afirma\u0163ii care nu fac dec\u00e2t s\u0103 creasc\u0103 riscul radicaliz\u0103rii la adresa for\u0163elor de ordine, cu scopul de a ob\u0163ine o reac\u0163ie\u201d, a spus Militaru, \u00eentr-o conferin\u0163\u0103 de pres\u0103, la sediul Jandarmeriei Rom\u00e2ne, potrivit Agerpres.<\/span><\/p>\n<p data-index=\"4\">\u201eDe asemenea, este foarte important s\u0103 \u00een\u021belegem c\u0103 Jandarmeria nu se confrunt\u0103 cu cet\u0103\u021benii sau cu participan\u021bii la o adunare public\u0103. Rolul nostru este de asigura ordinea de drept, siguran\u021ba participan\u021bilor , dar \u0219i a celorlal\u021bi care nu au leg\u0103tur\u0103 cu protestul. S\u0103 ne exprim\u0103m cu to\u021bii \u00eentr-un mod pa\u0219nic. <em><strong>Jandarmeria Rom\u00e2n\u0103 este echidistant\u0103 politic. Nu suntem trupe pretoriene, nu suntem serviciul discre\u021bionar al nim\u0103nui, suntem \u00een sprijinul cet\u0103\u021beanului \u0219i furniz\u0103m un serviciu public<\/strong><\/em>\u201d, a ad\u0103ugat\u00a0<span lang=\"ro-RO\">\u0219eful serviciului de comunicare al Jandarmeriei Rom\u00e2ne.\u00a0<\/span> \u00a0<\/p>\n<p data-index=\"5\">Pe de alt\u0103 parte, Militaru a \u021binut s\u0103 precizeze c\u0103 <em><strong>Jandarmeria nu va face preciz\u0103ri \u00een leg\u0103tur\u0103 cu num\u0103rul participan\u021bilor la protestul diasporei.\u00a0<\/strong><\/em><\/p>\n<p data-index=\"6\">\u201e<span lang=\"ro-RO\">Dispozitivul nostru va fi dimensionat \u00een mod gradual \u00een func\u021bie de num\u0103rul de participan\u021bi prezen\u021bi \u00een spa\u021biul public. Dac\u0103 va fi nevoie de suplimentare, vom face asta\u201d, a declarat, la r\u00e2ndul s\u0103u, Georgian Enache, purtatorul de cuv\u00e2nt al Jandarmeriei Bucure\u0219ti.<\/span><\/p>\n<p data-index=\"7\"><strong>Citi\u021bi \u0219i: <a href=\"https:\/\/www.digi24.ro\/opinii\/mai-sperie-pe-cineva-scenariul-suspendarii-lui-iohannis-976840\" data-skip-linkfix=\"1\">Mai sperie pe cineva scenariul suspend\u0103rii lui Iohannis?<\/a><\/strong><\/p>\n<p data-index=\"8\"><span lang=\"ro-RO\">Ovidiu Grosu, cel care s-a autointitulat \u201eadev\u0103ratul organizator al protestului diasporei din 10 august\u201d \u015fi i-a \u00eendemnat pe protestatari s\u0103 recurg\u0103 la acte de violen\u0163\u0103 \u00eempotriva for\u0163elor de ordine,\u00a0<a href=\"https:\/\/www.digi24.ro\/stiri\/actualitate\/justitie\/autointitulat-organizator-al-protestului-din-10-august-pus-sub-control-judiciar-de-diicot-976891\" data-skip-linkfix=\"1\"><strong>a fost pus sub acuzare miercuri de procurorii DIICOT<\/strong><\/a> pentru s\u0103v\u00e2r\u015firea infrac\u0163iunii de instigare public\u0103.<\/p>\n<p> Grosu a fost pus sub control judiciar pe o perioad\u0103 de 60 de zile, el av\u00e2nd mai multe obliga\u0163ii: s\u0103 nu foloseasc\u0103 sisteme informatice ce au conexiunea de date activ\u0103 (s\u0103 nu utilizeze Internetul); s\u0103 nu dep\u0103\u015feasc\u0103 limita teritorial\u0103 a jude\u0163ului de re\u015fedin\u0163\u0103 dec\u00e2t cu \u00eencuviin\u0163area prealabil\u0103 a DIICOT; s\u0103 nu acorde interviuri; s\u0103 nu participe la adun\u0103ri publice; s\u0103 nu de\u0163in\u0103, s\u0103 nu foloseasc\u0103 \u015fi s\u0103 nu poarte arme.<\/p>\n<p> Procurorii DIICOT au dispus punerea \u00een mi\u015fcare a ac\u0163iunii penale fa\u0163\u0103 de Ovidiu Grosu pentru s\u0103v\u00e2r\u015firea infrac\u0163iunii de instigare public\u0103, prev.de art. 332 alin.1 din Legea nr. 535\/2004, cu referire la art. 32 alin.1 lit.a) \u015fi c) din Legea nr. 535\/2004.<\/p>\n<p> Cauza este instrumentat\u0103 \u00eempreun\u0103 cu ofi\u0163eri de poli\u0163ie judiciar\u0103 din cadrul Direc\u0163iei de Combatere a Criminalit\u0103\u0163ii Organizate &#8211; Serviciul de Investigare a Infrac\u0163iunilor de Terorism. <\/span><\/p>\n<p data-index=\"9\"><span lang=\"ro-RO\">Sute de rom\u00e2ni care muncesc \u015fi tr\u0103iesc \u00een str\u0103in\u0103tate <a href=\"https:\/\/www.digi24.ro\/stiri\/actualitate\/politica\/sute-de-romani-se-intorc-in-tara-pentru-mitingul-diasporei-977349\" data-skip-linkfix=\"1\"><strong>se \u00eentorc acas\u0103, \u00een aceste zile<\/strong><\/a>. V\u0103mile sunt pline, mai ales \u00een vestul \u0163\u0103rii. Mul\u0163i dintre ei spun c\u0103 vor participa la protestul de m\u00e2ine fa\u021b\u0103 de actuala guvernare. La vama Bor\u015f, rom\u00e2nii din Diaspora au fost \u00eent\u00e2mpina\u0163i cu steaguri, iar \u00een mai multe ora\u015fe din \u0163ar\u0103 oamenii au ie\u015fit \u00een strad\u0103, au strigat lozinci anti-PSD \u015fi au pus la punct detaliile plec\u0103rii pentru marele protest din Bucure\u015fti. <\/span><\/p>\n<\/div>\n<p> Source URL: https:\/\/www.digi24.ro\/stiri\/actualitate\/evenimente\/mesajul-jandarmeriei-inaintea-protestului-de-maine-977404<\/p>\n","protected":false},"excerpt":{"rendered":"<p>Autorit\u0103\u021bile nu vor tolera comportamentele violente \u0219i nu vor sta impasibile \u00een fa\u021ba manifest\u0103rilor care sunt \u00een afara cadrului legal, a declarat, joi, \u0219eful serviciului de comunicare al Jandarmeriei Rom\u00e2ne, Marius Militaru, cu o zi \u00eenaintea mitingului diasporei. Pe de alt\u0103 parte, el a subliniat c\u0103 Jandarmeria nu este serviciul discre\u021bionar al nim\u0103nui.\u00a0 \u201eDe asemenea, [&hellip;]<\/p>\n","protected":false},"author":1,"featured_media":111226,"comment_status":"open","ping_status":"","sticky":false,"template":"","format":"standard","meta":{"footnotes":""},"categories":[2],"tags":[11],"class_list":["post-111225","post","type-post","status-publish","format-standard","has-post-thumbnail","hentry","category-politics","tag-digi24"],"_links":{"self":[{"href":"https:\/\/analyse.optim.biz\/index.php?rest_route=\/wp\/v2\/posts\/111225","targetHints":{"allow":["GET"]}}],"collection":[{"href":"https:\/\/analyse.optim.biz\/index.php?rest_route=\/wp\/v2\/posts"}],"about":[{"href":"https:\/\/analyse.optim.biz\/index.php?rest_route=\/wp\/v2\/types\/post"}],"author":[{"embeddable":true,"href":"https:\/\/analyse.optim.biz\/index.php?rest_route=\/wp\/v2\/users\/1"}],"replies":[{"embeddable":true,"href":"https:\/\/analyse.optim.biz\/index.php?rest_route=%2Fwp%2Fv2%2Fcomments&post=111225"}],"version-history":[{"count":0,"href":"https:\/\/analyse.optim.biz\/index.php?rest_route=\/wp\/v2\/posts\/111225\/revisions"}],"wp:featuredmedia":[{"embeddable":true,"href":"https:\/\/analyse.optim.biz\/index.php?rest_route=\/wp\/v2\/media\/111226"}],"wp:attachment":[{"href":"https:\/\/analyse.optim.biz\/index.php?rest_route=%2Fwp%2Fv2%2Fmedia&parent=111225"}],"wp:term":[{"taxonomy":"category","embeddable":true,"href":"https:\/\/analyse.optim.biz\/index.php?rest_route=%2Fwp%2Fv2%2Fcategories&post=111225"},{"taxonomy":"post_tag","embeddable":true,"href":"https:\/\/analyse.optim.biz\/index.php?rest_route=%2Fwp%2Fv2%2Ftags&post=111225"}],"curies":[{"name":"wp","href":"https:\/\/api.w.org\/{rel}","templated":true}]}}