{"id":111222,"date":"2018-08-09T11:10:33","date_gmt":"2018-08-09T08:10:33","guid":{"rendered":"https:\/\/analyse.optim.biz\/?p=111222"},"modified":"2018-08-09T11:10:33","modified_gmt":"2018-08-09T08:10:33","slug":"psd-prezinta-azi-noua-lege-a-pensiilor-ce-au-discutat-liviu-dragnea-si-olguta-vasilescu-la-parlament","status":"publish","type":"post","link":"https:\/\/analyse.optim.biz\/?p=111222","title":{"rendered":"PSD prezint\u0103 azi noua lege a pensiilor. Ce au discutat Liviu Dragnea \u0219i Olgu\u021ba Vasilescu la Parlament"},"content":{"rendered":"<div class=\"entry data-app-meta data-app-meta-article\" data-embed-base-url-canonical=\"https:\/\/www.digi24.ro\/embed\/stiri\/actualitate\/social\/legea-pensiilor\/psd-prezinta-azi-noua-lege-a-pensiilor-ce-au-discutat-liviu-dragnea-si-olguta-vasilescu-la-parlament-977437\">\n<p data-index=\"1\"><strong>Proiectul Legii pensiilor, asupra c\u0103ruia au existat inclusiv miercuri discu\u0163ii \u00eentre liderul PSD Liviu Dragnea \u015fi ministrul Muncii, Lia Olgu\u0163a Vasilescu, urmeaz\u0103 s\u0103 fie pus\u0103 ast\u0103zi \u00een dezbatere public\u0103, scrie News.ro.\u00a0<\/strong><\/p>\n<p data-index=\"2\"><a href=\"https:\/\/s.iw.ro\/gateway\/g\/ZmlsZVNvdXJjZT1odHRwcyUzQSUyRiUy\/RndlYmFkbWRpZ2kyNC5yY3MtcmRzLnJv\/JTJGd3AtY29udGVudCUyRnVwbG9hZHMl\/MkYyMDE4JTJGMDUlMkZEcmFnbmVhLU9s\/Z3V0YS1WYXNpbGVzY3UtYWdlcnByZXNf\/OTU0Njk1OS5qcGVnJmhhc2g9NzNlMzc0\/OGNkNjU1ZDI0YmU3YWZmNjk1ODI4YTdjNDg=.jpeg\" data-skip-linkfix=\"1\" target=\"_blank\" rel=\"noopener\"><img loading=\"lazy\" decoding=\"async\" class=\"alignnone size-full wp-image-934593\" src=\"https:\/\/analyse.optim.biz\/wp-content\/uploads\/2024\/09\/otgznjaxyzzmmtflm2i3ote3njvmzjg4otvkogzjmjg-thumb_.jpg\" width=\"3620\" height=\"2872\" data-skip-htmlfix=\"1\" title=\"otgznjaxyzzmmtflm2i3ote3njvmzjg4otvkogzjmjg-thumb_\"><\/a><\/p>\n<p data-index=\"3\">Cite\u0219te \u0219i: <a href=\"https:\/\/www.digi24.ro\/stiri\/actualitate\/social\/dublarea-pensiilor-inseamna-un-efort-bugetar-de-peste-o-suta-de-miliarde-de-lei-977146\" data-skip-linkfix=\"1\"><strong>Dublarea pensiilor ar avea o consecin\u021b\u0103 periculoas\u0103 pentru economia Rom\u00e2niei. Explica\u021bia unui analist<\/strong><\/a><\/p>\n<p data-index=\"4\">Pre\u015fedintele PSD, Liviu Dragnea, \u015fi ministrul Muncii, Lia Olgu\u0163a Vasilescu, au discutat miercuri, la Parlament, despre forma final\u0103 a legii pensiilor, care ar urma s\u0103 fie prezentat\u0103 joi. Dragnea spunea c\u0103 aceast\u0103 lege ar urma s\u0103 \u201crea\u015feze un sistem uria\u015f \u015fi care a tot fost complicat de-a lungul anilor\u201d, \u00een timp ce Vasilescu anun\u0163a c\u0103 aceia care vor s\u0103 \u00ee\u015fi spun\u0103 punctul de vedere referitor la proiect vor putea s\u0103 trimit\u0103 mesaje la minister.<\/p>\n<p data-index=\"5\">Potrivit unor surse politice, \u00een ultima perioad\u0103 Liviu Dragnea \u015fi Olgu\u0163a Vasilescu s-au \u00eent\u00e2lnit zilnic pentru a discuta o form\u0103 final\u0103 a noii legi a pensiilor, iar miercuri au discutat forma final\u0103 a proiectului, care ast\u0103zi ar urma s\u0103 fie f\u0103cut public.<\/p>\n<p data-index=\"6\">Liviu Dragnea \u015fi Olgu\u0163a Vasilescu au anun\u0163at c\u0103 proiectul de lege va fi prezentat joi, urm\u00e2nd s\u0103 fie pus \u00een dezbatere public\u0103 p\u00e2n\u0103 \u00een 8 septembrie, iar apoi va intra \u00een procedur\u0103 parlamentar\u0103. Ministrul Muncii spunea c\u0103 toat\u0103 lumea poate s\u0103-\u015fi spun\u0103 punctul de vedere pe lege, poate trimite mesaje la minister cu ce i se pare \u00een neregul\u0103 sau s\u0103 cear\u0103 anumite modific\u0103ri.<\/p>\n<p data-index=\"7\">Lia Olgu\u0163a Vasilescu a dat asigur\u0103ri, mar\u0163i sear\u0103, la TVR, c\u0103 nicio pensie nu va sc\u0103dea, iar v\u00e2rsta de pensionare nu se va modifica.<\/p>\n<p data-index=\"8\">Proiectul prevede c\u0103 pensionarii care nu pot aduce acte pentru sporurile primite din 1975 p\u00e2n\u0103 \u00een 2001 vor primi din oficiu un procent de m\u0103rire de 10%. Totodat\u0103, cei care vor s\u0103 \u00ee\u015fi cumpere vechimea vor putea pl\u0103ti \u015fi pentru o vechime mai mic\u0103 de 5 ani.<\/p>\n<p data-index=\"9\"><em>&#8220;Dup\u0103 ce am decis asupra formulei de calcul, cea care o s\u0103 elimine toate inechit\u0103\u0163ile care erau \u00een legea pensiilor, automat a trebuit s\u0103 facem simul\u0103ri pe foarte multe dosare. Am f\u0103cut pe toate dosarele pe care le aveam la Casa Na\u0163ional\u0103 de Pensii, pierdute sau c\u00e2\u015ftigate \u00een instan\u0163\u0103&#8221;,<\/em> a explicat ministrul Muncii.<\/p>\n<p data-index=\"10\">Ini\u0163ial, au existat trei formule de calcul, iar \u00een urma simul\u0103rilor a fost aleas\u0103 una.<\/p>\n<p data-index=\"11\"><em>&#8220;Pensia va fi egal\u0103 cu num\u0103rul de puncte X VPR, VPR-ul este valoarea punctului de pensie, valoarea punctului de referin\u0163\u0103, \u00eemp\u0103r\u0163it la 25, 25 care este un parametru determinat de vechimea medie din ultimele 4 legi ale pensiilor. Ei bine, VPR-ul va fi 1.875 la nivelul anului 2021, c\u00e2t va \u00eensemna punctul de pensie atunci, \u00eemp\u0103r\u0163it la 25, deci d\u0103 cifra de 75, care va fi 75 de lei. Apoi, num\u0103rul de puncte \u00eenseamn\u0103 suma punctajelor anuale. Deci se \u00eenmul\u0163esc acestea &#8211; nr. de puncte \u015fi cu valoarea punctului de referin\u0163\u0103. \u015ei am luat \u015fi un exemplu, ca s\u0103 fie \u015fi mai u\u015for de priceput pentru toat\u0103 lumea &#8211; 40 de puncte, s\u0103 zicem, ori 75, care este VPR-ul, exist\u0103 o pensie de 3.000 de lei. Din toate calculele pe care le-am f\u0103cut p\u00e2n\u0103 acum, pensiile se dubleaz\u0103 \u00een cei 4 ani&#8221;,<\/em> a spus ministrul Muncii.<\/p>\n<p data-index=\"12\">Potrivit acesteia, \u00een anul 2019, la o dat\u0103 care urmeaz\u0103 s\u0103 fie comunicat\u0103 de Finan\u0163e, se va ajunge la un punct de pensie de 1.265 de lei. Cre\u015fterea se va face \u00eentr-o singur\u0103 etap\u0103, cel mai probabil \u00een luna iulie, cum s-a procedat p\u00e2n\u0103 acum. \u00cen 2020, se va ajunge la 1.775 de lei, \u00een condi\u0163iile \u00een care s-a pornit de la un punct de pensie de la 871 de lei, c\u00e2t a fost \u00een 2016. A ajuns la 917 \u00een luna ianuarie, apoi din iulie, anul trecut, a ajuns la 1.000 de lei \u015fi din iulie anul acesta la 1.100 de lei.<\/p>\n<p data-index=\"13\">La r\u00e2ndul s\u0103u, Liviu Dragnea spunea c\u0103 noua lege a pensiilor va \u00eendrepta &#8220;o uria\u015f\u0103 nedreptate care exist\u0103 \u00een Rom\u00e2nia de ani buni&#8221;, va &#8220;rea\u015feaza un sistem uria\u015f&#8221; care a fost complicat \u015fi va rezolva problema celor care pentru aceea\u015fi durat\u0103 de munc\u0103 \u015fi acelea\u015fi condi\u0163ii au pensii diferite.<\/p>\n<p data-index=\"14\"><em>&#8220;Este o lege complex\u0103, este vorba despre rea\u015fezarea unui sistem uria\u015f \u015fi care a tot fost complicat de-a lungul anilor, \u00eenc\u00e2lcit, o nebunie. Sunt rom\u00e2ni care pe aceea\u015fi durat\u0103 de munc\u0103, pe acelea\u015fi condi\u0163ii de munc\u0103 au pensii diferite. De ce? Pentru c\u0103 unii au ie\u015fit la pensie pe o anumit\u0103 prevedere legislativ\u0103 care stabilea un cuantum al pensiei \u00een func\u0163ie de num\u0103rul de ani de munc\u0103, al\u0163ii pe alt\u0103 prevedere. (&#8230;) Sigur, toate celelalte reglaje pentru ca legea pensiilor s\u0103 fie o lege onest\u0103 \u015fi rom\u00e2nul care ast\u0103zi este activ, t\u00e2n\u0103r, care \u00eencepe s\u0103 munceasc\u0103, student, s\u0103 \u015ftie c\u0103, atunci c\u00e2nd va ajunge la pensie, statul rom\u00e2n are un sistem de pensii corect \u015fi onest \u015fi pensia lui va reflecta \u015fi calitatea muncii \u015fi riscurile \u015fi durata de via\u0163\u0103 \u00een care a muncit (&#8230;) Avem curajul s\u0103 o facem, a\u015fa cum am spus \u015fi cu legea salariz\u0103ri<\/em>i&#8221;, sus\u0163inea Liviu Dragnea.<\/p>\n<\/div>\n<p> Source URL: https:\/\/www.digi24.ro\/stiri\/actualitate\/social\/legea-pensiilor\/psd-prezinta-azi-noua-lege-a-pensiilor-ce-au-discutat-liviu-dragnea-si-olguta-vasilescu-la-parlament-977437<\/p>\n","protected":false},"excerpt":{"rendered":"<p>Proiectul Legii pensiilor, asupra c\u0103ruia au existat inclusiv miercuri discu\u0163ii \u00eentre liderul PSD Liviu Dragnea \u015fi ministrul Muncii, Lia Olgu\u0163a Vasilescu, urmeaz\u0103 s\u0103 fie pus\u0103 ast\u0103zi \u00een dezbatere public\u0103, scrie News.ro.\u00a0 Cite\u0219te \u0219i: Dublarea pensiilor ar avea o consecin\u021b\u0103 periculoas\u0103 pentru economia Rom\u00e2niei. Explica\u021bia unui analist Pre\u015fedintele PSD, Liviu Dragnea, \u015fi ministrul Muncii, Lia Olgu\u0163a [&hellip;]<\/p>\n","protected":false},"author":1,"featured_media":111223,"comment_status":"open","ping_status":"","sticky":false,"template":"","format":"standard","meta":{"footnotes":""},"categories":[2],"tags":[11],"class_list":["post-111222","post","type-post","status-publish","format-standard","has-post-thumbnail","hentry","category-politics","tag-digi24"],"_links":{"self":[{"href":"https:\/\/analyse.optim.biz\/index.php?rest_route=\/wp\/v2\/posts\/111222","targetHints":{"allow":["GET"]}}],"collection":[{"href":"https:\/\/analyse.optim.biz\/index.php?rest_route=\/wp\/v2\/posts"}],"about":[{"href":"https:\/\/analyse.optim.biz\/index.php?rest_route=\/wp\/v2\/types\/post"}],"author":[{"embeddable":true,"href":"https:\/\/analyse.optim.biz\/index.php?rest_route=\/wp\/v2\/users\/1"}],"replies":[{"embeddable":true,"href":"https:\/\/analyse.optim.biz\/index.php?rest_route=%2Fwp%2Fv2%2Fcomments&post=111222"}],"version-history":[{"count":0,"href":"https:\/\/analyse.optim.biz\/index.php?rest_route=\/wp\/v2\/posts\/111222\/revisions"}],"wp:featuredmedia":[{"embeddable":true,"href":"https:\/\/analyse.optim.biz\/index.php?rest_route=\/wp\/v2\/media\/111223"}],"wp:attachment":[{"href":"https:\/\/analyse.optim.biz\/index.php?rest_route=%2Fwp%2Fv2%2Fmedia&parent=111222"}],"wp:term":[{"taxonomy":"category","embeddable":true,"href":"https:\/\/analyse.optim.biz\/index.php?rest_route=%2Fwp%2Fv2%2Fcategories&post=111222"},{"taxonomy":"post_tag","embeddable":true,"href":"https:\/\/analyse.optim.biz\/index.php?rest_route=%2Fwp%2Fv2%2Ftags&post=111222"}],"curies":[{"name":"wp","href":"https:\/\/api.w.org\/{rel}","templated":true}]}}