{"id":111213,"date":"2018-08-09T13:28:21","date_gmt":"2018-08-09T10:28:21","guid":{"rendered":"https:\/\/analyse.optim.biz\/?p=111213"},"modified":"2018-08-09T13:28:21","modified_gmt":"2018-08-09T10:28:21","slug":"o-noua-reactie-a-israelului-la-declaratia-lui-daea-despre-auschwitz","status":"publish","type":"post","link":"https:\/\/analyse.optim.biz\/?p=111213","title":{"rendered":"O nou\u0103 reac\u021bie a Israelului la declara\u021bia lui Daea despre Auschwitz"},"content":{"rendered":"<div class=\"entry data-app-meta data-app-meta-article\" data-embed-base-url-canonical=\"https:\/\/www.digi24.ro\/embed\/stiri\/actualitate\/politica\/o-noua-reactie-a-israelului-la-declaratia-lui-daea-despre-auschwitz-977542\">\n<p data-index=\"1\"><span lang=\"ro-RO\"><strong>Ambasadorul Israelului la Bucure\u015fti, Tamar Samash, consider\u0103 &#8220;\u00eenchis&#8221; cazul referitor la declara\u0163ia ministrului Agriculturii, Petre Daea, care a f\u0103cut o asociere \u00eentre sacrificarea porcilor bolnavi de pest\u0103 porcin\u0103 \u015fi uciderea evreilor \u00een lag\u0103rul de la Auschwitz.<\/strong><\/span><\/p>\n<p data-index=\"2\"><span lang=\"ro-RO\"><img loading=\"lazy\" decoding=\"async\" class=\"alignnone size-full wp-image-977550\" src=\"https:\/\/analyse.optim.biz\/wp-content\/uploads\/2024\/09\/ptgwmczoyxnoptnhztdinge1nze2zjyxntm1yjc4mtfjnzm4ogrkmtgz-thumb_.jpg\" width=\"2000\" height=\"1334\" data-skip-htmlfix=\"1\" title=\"ptgwmczoyxnoptnhztdinge1nze2zjyxntm1yjc4mtfjnzm4ogrkmtgz-thumb_\"><\/p>\n<p> Aflat\u0103 la Ia\u015fi pentru a lua parte la seminarul &#8220;Israel, mai mult dec\u00e2t inova\u0163ie \u00een iriga\u0163ii&#8221;, reprezentanta statului Israelul a apreciat c\u0103 exprimarea ministrului Agriculturii a fost una &#8220;nefericit\u0103&#8221;.<\/p>\n<p> &#8220;Cred c\u0103 utilizarea terminologiei legate de Holocaust, \u00een general, \u015fi de Auschwitz, \u00een particular, este dezastruoas\u0103, pentru c\u0103 minimalizeaz\u0103 atrocit\u0103\u0163ile Holocaustului. Pot \u00een\u0163elege aceast\u0103 sc\u0103pare a ministrului, care a \u00eencercat s\u0103 exprime ceva oribil despre ce se \u00eent\u00e2mpla, dar nu trebuia s\u0103 foloseasc\u0103 aceast\u0103 metafor\u0103. Ne-a rugat s\u0103 \u00een\u0163elegem, iar cazul este \u00eenchis&#8221;, a declarat Tamar Samash.<\/p>\n<p> Ministrul Agriculturii, Petre Daea, a declarat pe 24 iulie la un post de televiziune, explic\u00e2nd m\u0103surile care se iau pentru a izola focarul de pest\u0103 porcin\u0103 african\u0103 de la Carniprod Tulcea, unde trebuieau sacrificate 45.000 de animale: &#8220;Singura metod\u0103 este sacrificarea. Porcii to\u0163i se incinereaz\u0103 (&#8230;), e o munc\u0103 extraordinar\u0103, acolo este ca la Auschwitz&#8221;.<\/p>\n<p> Ambasada Statului Israel a transmis ulterior, printr-un comunicat de pres\u0103, c\u0103 \u00ee\u015fi exprim\u0103 &#8220;consternarea&#8221; \u015fi &#8220;dezam\u0103girea&#8221; fa\u0163\u0103 de afirma\u0163iile ministrului Agriculturii, &#8220;care a comparat sacrificarea porcilor bolnavi cu uciderea evreilor nevinova\u0163i \u00een lag\u0103rul de la Auschwitz&#8221;.<\/p>\n<p> &#8220;Sper\u0103m, totu\u015fi, c\u0103 o astfel de asociere a fost f\u0103cut\u0103 de ministrul Daea din pricina lipsei de informare aprofundat\u0103 asupra a ceea ce \u00eenseamn\u0103 Holocaustul \u015fi Auschwitz, f\u0103r\u0103 inten\u0163ia de a dezonora memoria milioanelor de victime. Holocaustul, o tragedie condamnat\u0103 de Rom\u00e2nia, care s-a soldat cu moartea a \u015fase milioane de evrei, nu trebuie niciodat\u0103 uitat, trivializat sau minimalizat&#8221;, subliniaz\u0103 reprezentan\u0163a diplomatic\u0103 \u00een comunicat. <\/span><\/p>\n<p data-index=\"3\"><span lang=\"ro-RO\">Sursa: Agerpres<\/span><\/p>\n<\/div>\n<p> Source URL: https:\/\/www.digi24.ro\/stiri\/actualitate\/politica\/o-noua-reactie-a-israelului-la-declaratia-lui-daea-despre-auschwitz-977542<\/p>\n","protected":false},"excerpt":{"rendered":"<p>Ambasadorul Israelului la Bucure\u015fti, Tamar Samash, consider\u0103 &#8220;\u00eenchis&#8221; cazul referitor la declara\u0163ia ministrului Agriculturii, Petre Daea, care a f\u0103cut o asociere \u00eentre sacrificarea porcilor bolnavi de pest\u0103 porcin\u0103 \u015fi uciderea evreilor \u00een lag\u0103rul de la Auschwitz. Aflat\u0103 la Ia\u015fi pentru a lua parte la seminarul &#8220;Israel, mai mult dec\u00e2t inova\u0163ie \u00een iriga\u0163ii&#8221;, reprezentanta statului Israelul [&hellip;]<\/p>\n","protected":false},"author":1,"featured_media":111214,"comment_status":"open","ping_status":"","sticky":false,"template":"","format":"standard","meta":{"footnotes":""},"categories":[2],"tags":[11],"class_list":["post-111213","post","type-post","status-publish","format-standard","has-post-thumbnail","hentry","category-politics","tag-digi24"],"_links":{"self":[{"href":"https:\/\/analyse.optim.biz\/index.php?rest_route=\/wp\/v2\/posts\/111213","targetHints":{"allow":["GET"]}}],"collection":[{"href":"https:\/\/analyse.optim.biz\/index.php?rest_route=\/wp\/v2\/posts"}],"about":[{"href":"https:\/\/analyse.optim.biz\/index.php?rest_route=\/wp\/v2\/types\/post"}],"author":[{"embeddable":true,"href":"https:\/\/analyse.optim.biz\/index.php?rest_route=\/wp\/v2\/users\/1"}],"replies":[{"embeddable":true,"href":"https:\/\/analyse.optim.biz\/index.php?rest_route=%2Fwp%2Fv2%2Fcomments&post=111213"}],"version-history":[{"count":0,"href":"https:\/\/analyse.optim.biz\/index.php?rest_route=\/wp\/v2\/posts\/111213\/revisions"}],"wp:featuredmedia":[{"embeddable":true,"href":"https:\/\/analyse.optim.biz\/index.php?rest_route=\/wp\/v2\/media\/111214"}],"wp:attachment":[{"href":"https:\/\/analyse.optim.biz\/index.php?rest_route=%2Fwp%2Fv2%2Fmedia&parent=111213"}],"wp:term":[{"taxonomy":"category","embeddable":true,"href":"https:\/\/analyse.optim.biz\/index.php?rest_route=%2Fwp%2Fv2%2Fcategories&post=111213"},{"taxonomy":"post_tag","embeddable":true,"href":"https:\/\/analyse.optim.biz\/index.php?rest_route=%2Fwp%2Fv2%2Ftags&post=111213"}],"curies":[{"name":"wp","href":"https:\/\/api.w.org\/{rel}","templated":true}]}}