{"id":1111138,"date":"2025-12-08T03:54:15","date_gmt":"2025-12-08T00:54:15","guid":{"rendered":"https:\/\/analyse.optim.biz\/?p=1111138"},"modified":"2025-12-08T03:54:15","modified_gmt":"2025-12-08T00:54:15","slug":"ciprian-ciucu-este-noul-primar-al-capitalei-a-castigat-alegerile-cu-peste-36-dintre-voturile-bucurestenilor-jurnal-de-vrancea-stiri-din-vrancea-si-focsani","status":"publish","type":"post","link":"https:\/\/analyse.optim.biz\/?p=1111138","title":{"rendered":"Ciprian Ciucu este noul primar al Capitalei | A c\u00e2\u0219tigat alegerile cu peste 36% dintre voturile bucure\u0219tenilor | Jurnal de Vrancea &#8211; Stiri din Vrancea si Focsani"},"content":{"rendered":"<article id=\"template-id-121345\" class=\"post-121345 tdb_templates type-tdb_templates status-publish post\">\n<div id=\"tdi_73\" class=\"tdc-zone\">\n<div class=\"tdc_zone tdi_74  wpb_row td-pb-row\">\n<div id=\"tdi_75\" class=\"tdc-row\">\n<div class=\"vc_row tdi_76  wpb_row td-pb-row\">\n<div class=\"vc_column tdi_78  wpb_column vc_column_container tdc-column td-pb-span12\">\n<div class=\"wpb_wrapper\">\n<div class=\"td_block_wrap td-a-rec td-a-rec-id-custom-spot td-a-rec-img tdi_79 td_block_template_1\">\n<div><a href target=\"blank\" class=\"td_spot_img_all\"><img loading=\"lazy\" decoding=\"async\" src=\"https:\/\/analyse.optim.biz\/wp-content\/uploads\/2025\/12\/banner-aurora-multimarket-1200x200px-38.jpg\" alt=\"spot_img\" width=\"1200\" height=\"200\" title=\"banner-aurora-multimarket-1200x200px-38\"><\/a><a href target=\"blank\" class=\"td_spot_img_mob\"><img loading=\"lazy\" decoding=\"async\" src=\"https:\/\/analyse.optim.biz\/wp-content\/uploads\/2025\/12\/banner-aurora-multimarket-350x350px-42.jpg\" alt=\"spot_img\" width=\"300\" height=\"350\" title=\"banner-aurora-multimarket-350x350px-42\"><\/a><\/div>\n<\/div>\n<\/div>\n<\/div>\n<\/div>\n<\/div>\n<div id=\"tdi_80\" class=\"tdc-row\">\n<div class=\"vc_row tdi_81  wpb_row td-pb-row\">\n<div class=\"vc_column tdi_83  wpb_column vc_column_container tdc-column td-pb-span12\">\n<div class=\"wpb_wrapper\">\n<div class=\"td_block_wrap tdb_breadcrumbs tdi_84 td-pb-border-top td_block_template_1 tdb-breadcrumbs \" data-td-block-uid=\"tdi_84\">\n<div class=\"tdb-block-inner td-fix-index\"><span><a title class=\"tdb-entry-crumb\" href=\"https:\/\/www.jurnaldevrancea.ro\/\">Acas\u0103<\/a><\/span><span><a title=\"Vede\u021bi toate articolele \u00een Actualitate\" class=\"tdb-entry-crumb\" href=\"https:\/\/www.jurnaldevrancea.ro\/actualitate\/\">Actualitate<\/a><\/span><span class=\"tdb-bred-no-url-last\">Ciprian Ciucu este noul primar al Capitalei | A c\u00e2\u0219tigat alegerile cu peste 36% dintre voturile&#8230;<\/span><\/div>\n<\/div>\n<div class=\"td_block_wrap tdb_single_categories tdi_85 td-pb-border-top td_block_template_1 \" data-td-block-uid=\"tdi_85\">\n<div class=\"tdb-category td-fix-index\"><a class=\"tdb-entry-category\" href=\"https:\/\/www.jurnaldevrancea.ro\/actualitate\/\">Actualitate<\/a><a class=\"tdb-entry-category\" href=\"https:\/\/www.jurnaldevrancea.ro\/administratie\/\">Administra\u021bie<\/a><a class=\"tdb-entry-category\" href=\"https:\/\/www.jurnaldevrancea.ro\/national\/\">Na\u021bional<\/a><\/div>\n<\/div>\n<div class=\"td_block_wrap tdb_title tdi_86 tdb-single-title td-pb-border-top td_block_template_1\" data-td-block-uid=\"tdi_86\">\n<div class=\"tdb-block-inner td-fix-index\">\n<h2 class=\"tdb-title-text\">Ciprian Ciucu este noul primar al Capitalei | A c\u00e2\u0219tigat alegerile cu peste 36% dintre voturile bucure\u0219tenilor<\/h2>\n<\/div>\n<\/div>\n<div class=\"vc_row_inner tdi_88  vc_row vc_inner wpb_row td-pb-row\">\n<div class=\"vc_column_inner tdi_90  wpb_column vc_column_container tdc-inner-column td-pb-span3\">\n<div class=\"vc_column-inner\">\n<div class=\"wpb_wrapper\">\n<div class=\"td_block_wrap tdb_single_author tdi_91 td-pb-border-top td_block_template_1 tdb-post-meta\" data-td-block-uid=\"tdi_91\">\n<div class=\"tdb-block-inner td-fix-index\">\n<div class=\"tdb-author-name-wrap\"><span class=\"tdb-author-by\">DE:<\/span><a class=\"tdb-author-name\" href=\"https:\/\/www.jurnaldevrancea.ro\/author\/alex-moldovan\/\">Alex Moldovan<\/a><\/div>\n<\/div>\n<\/div>\n<\/div>\n<\/div>\n<\/div>\n<div class=\"vc_column_inner tdi_93  wpb_column vc_column_container tdc-inner-column td-pb-span3\">\n<div class=\"vc_column-inner\">\n<div class=\"wpb_wrapper\">\n<div class=\"td_block_wrap tdb_single_date tdi_94 td-pb-border-top td_block_template_1 tdb-post-meta\" data-td-block-uid=\"tdi_94\">\n<div class=\"tdb-block-inner td-fix-index\"><time class=\"entry-date updated td-module-date\" datetime=\"2025-12-08T05:54:15+02:00\">08\/12\/2025<\/time><\/div>\n<\/div>\n<\/div>\n<\/div>\n<\/div>\n<div class=\"vc_column_inner tdi_96  wpb_column vc_column_container tdc-inner-column td-pb-span3\">\n<div class=\"vc_column-inner\">\n<div class=\"wpb_wrapper\">\n<div class=\"td_block_wrap tdb_single_post_views tdi_97 td-pb-border-top td_block_template_1 tdb-post-meta\" data-td-block-uid=\"tdi_97\">\n<div class=\"tdb-block-inner td-fix-index\"><span class=\"td-nr-views-156271\">257<\/span><\/div>\n<\/div>\n<\/div>\n<\/div>\n<\/div>\n<div class=\"vc_column_inner tdi_99  wpb_column vc_column_container tdc-inner-column td-pb-span3\">\n<div class=\"vc_column-inner\">\n<div class=\"wpb_wrapper\">\n<div class=\"td_block_wrap tdb_single_post_share tdi_100  td-pb-border-top td_block_template_1\" data-td-block-uid=\"tdi_100\">\n<div id=\"tdi_100\" class=\"td-post-sharing tdb-block td-ps-bg td-ps-notext td-ps-bar td-post-sharing-style5 \">\n<div class=\"td-post-sharing-visible\"><a class=\"td-social-sharing-button td-social-sharing-button-js td-social-network td-social-facebook\" href=\"https:\/\/www.facebook.com\/sharer.php?u=https%3A%2F%2Fwww.jurnaldevrancea.ro%2Fciprian-ciucu-este-noul-primar-al-capitalei-a-castigat-alegerile-cu-peste-36-dintre-voturile-bucurestenilor%2F\" title=\"Facebook\"><\/p>\n<div class=\"td-social-but-text\">Facebook<\/div>\n<p><\/a><a class=\"td-social-sharing-button td-social-sharing-button-js td-social-network td-social-twitter\" href=\"https:\/\/twitter.com\/intent\/tweet?text=Ciprian+Ciucu+este+noul+primar+al+Capitalei+%7C+A+c%C3%A2%C8%99tigat+alegerile+cu+peste+36%25+dintre+voturile+bucure%C8%99tenilor&amp;url=https%3A%2F%2Fwww.jurnaldevrancea.ro%2Fciprian-ciucu-este-noul-primar-al-capitalei-a-castigat-alegerile-cu-peste-36-dintre-voturile-bucurestenilor%2F&amp;via=Jurnal+de+Vrancea+-+Stiri+din+Vrancea+si+Focsani\" title=\"Twitter\"><\/p>\n<div class=\"td-social-but-text\">Twitter<\/div>\n<p><\/a><a class=\"td-social-sharing-button td-social-sharing-button-js td-social-network td-social-whatsapp\" href=\"https:\/\/api.whatsapp.com\/send?text=Ciprian+Ciucu+este+noul+primar+al+Capitalei+%7C+A+c%C3%A2%C8%99tigat+alegerile+cu+peste+36%25+dintre+voturile+bucure%C8%99tenilor%20%0A%0A%20https:\/\/www.jurnaldevrancea.ro\/ciprian-ciucu-este-noul-primar-al-capitalei-a-castigat-alegerile-cu-peste-36-dintre-voturile-bucurestenilor\/\" title=\"WhatsApp\"><\/p>\n<div class=\"td-social-but-text\">WhatsApp<\/div>\n<p><\/a><a class=\"td-social-sharing-button td-social-sharing-button-js td-social-network td-social-print\" href=\"https:\/\/www.jurnaldevrancea.ro\/ciprian-ciucu-este-noul-primar-al-capitalei-a-castigat-alegerile-cu-peste-36-dintre-voturile-bucurestenilor\/\" title=\"Imprimare\"><\/p>\n<div class=\"td-social-but-text\">Imprimare<\/div>\n<p><\/a><\/div>\n<\/div>\n<\/div>\n<\/div>\n<\/div>\n<\/div>\n<\/div>\n<\/div>\n<\/div>\n<\/div>\n<\/div>\n<div id=\"tdi_101\" class=\"tdc-row\">\n<div class=\"vc_row tdi_102  wpb_row td-pb-row\">\n<div class=\"vc_column tdi_104  wpb_column vc_column_container tdc-column td-pb-span8\">\n<div class=\"wpb_wrapper\">\n<div class=\"td_block_wrap tdb_single_featured_image tdi_105 tdb-content-horiz-left td-pb-border-top td_block_template_1\" data-td-block-uid=\"tdi_105\">\n<div class=\"tdb-block-inner td-fix-index\">\n<figure><img loading=\"lazy\" decoding=\"async\" width=\"696\" height=\"464\" class=\"entry-thumb\" src=\"https:\/\/analyse.optim.biz\/wp-content\/uploads\/2025\/12\/ciprian-ciucu-696x464-1.jpg\" title=\"ciprian ciucu\"><figcaption class=\"tdb-caption-text\">SURSA FOTO: Inquam Photos &#8211; Codrin Unici<\/figcaption><\/figure>\n<\/div>\n<\/div>\n<div class=\"td_block_wrap tdb_single_content tdi_106 td-pb-border-top td_block_template_1 td-post-content tagdiv-type\" data-td-block-uid=\"tdi_106\">\n<div class=\"tdb-block-inner td-fix-index\">\n<p><strong>O victorie categoric\u0103 pentru Ciprian Ciucu \u0219i Ilie Bolojan, o \u00eenfr\u00e2ngere pentru C\u0103t\u0103lin Drul\u0103 \u0219i Nicu\u0219or Dan \u0219i o nou\u0103 \u00eenfr\u00e2ngere pentru Daniel B\u0103lu\u021b\u0103 \u0219i Sorin Grindeanu. Aceasta poate fi, pe scurt, defini\u021bia alegerilor din Bucure\u0219ti din 7 decembrie 2025.<\/strong><\/p>\n<p>Pe listele de vot au fost \u00eenscri\u0219i 17 candida\u021bi valida\u021bi oficial<strong>. <\/strong>Prezen\u021ba la vot \u00een Bucure\u0219ti a fost de 31,77% (704.941 voturi), mai pu\u021bin fa\u021b\u0103 de ultimele alegeri locale din 2024. Dup\u0103 num\u0103rare voturilor, <strong>Ciprian Ciucu<\/strong> este, deta\u0219at, primarul Capitalei, cu <strong>211.562 de voturi,<\/strong> fiind urmat de candidata <strong>Anca Alexandrescu<\/strong>, candidat\u0103 sprijinit\u0103 de AUR, cu <strong>128.405 de voturi<\/strong> \u0219i de <strong>Daniel B\u0103lu\u021b\u0103,<\/strong> candidatul PSD, primar \u00een sectorul 4 al Capitalei, cu <strong>120.001 de voturi.\u00a0<\/strong><\/p>\n<p>Actualul primar al Sectorului 6, Ciprian Ciucu, a fost candidatul sus\u021binut de PNL pentru func\u021bia de primar general al Bucure\u0219tiului, la alegerile pentru Prim\u0103ria Capitalei din 7 decembrie 2025. A avut pozi\u021bia a patra pe buletinul de vot.<\/p>\n<p><strong><em>\u201dO s\u0103 avem mult de munc\u0103 \u00eempreun\u0103 la Prim\u0103ria Municipiului Bucure\u0219ti. O s\u0103 avem multe proiecte de trecut \u0219i, a\u0219a cum am spus \u0219i \u00een aceast\u0103 campanie, vreau s\u0103 fac din Bucure\u0219ti proiectul vie\u021bii mele. \u0218i asta nu pentru termen scurt, ci pentru termen lung, pentru c\u0103 ora\u0219ele care se schimb\u0103 cu adev\u0103rat au nevoie de primari care s\u0103 stea pe termen lung primari \u0219i s\u0103-\u0219i poat\u0103 pune \u00een aplicare viziunea\u201d<\/em>,<\/strong> a fost prima reac\u021bie a lui Ciprian Ciucu dup\u0103 afi\u0219area exit-poll-urilor.<\/p>\n<h2>Clasamentul final la Prim\u0103ria Capitalei:<\/h2>\n<ul>\n<li><span><strong>Ciprian Ciucu \u2013 36,16%<\/strong><\/span><\/li>\n<li><span><strong>Anca Alexandrescu \u2013 21,94%<\/strong><\/span><\/li>\n<li><span><strong>Daniel B\u0103lu\u021b\u0103 \u2013 20,51%<\/strong><\/span><\/li>\n<li><span><strong>C\u0103t\u0103lin Drul\u0103 \u2013 13,90%<\/strong><\/span><\/li>\n<li><span><strong>Ana Ciceal\u0103 \u2013 5,85%<\/strong><\/span><\/li>\n<\/ul>\n<h2>Cine este Ciprian Ciucu, noul primar ales al Capitalei<\/h2>\n<p>Ciprian Ciucu, \u00een v\u00e2rst\u0103 de 47 de ani, s-a n\u0103scut \u00een 16 martie \u00een Pite\u0219ti \u0219i este de profesie <em>\u201danalist politic<\/em>\u201d \u2026 sau cel pu\u021bin a\u0219a a fost trecut de c\u0103tre colegii s\u0103i din PNL pe lista de candida\u021bi din 2019, c\u00e2nd a candidat f\u0103r\u0103 succes la alegerile pentru Parlamentului European.<\/p>\n<p>El este c\u0103s\u0103torit cu Cristina Simona Ciucu, dup\u0103 cum rezult\u0103 din declara\u021bia sa de avere din 2024, iar so\u021bia sa se ocup\u0103 de \u201dmanagement financiar\u201d la Centrul Rom\u00e2n pentru Politici Europene, unul dintre principalele think-tank-uri rom\u00e2ne\u0219ti specializate \u00een afaceri europene.<\/p>\n<p>Ciprian Ciucu a fost comentator politic al s\u0103pt\u0103m\u00e2nalului Observator Cultural, unde a avut o rubric\u0103 permanent\u0103, \u0219i a publicat \u00een Dilema Veche \u0219i Rom\u00e2nia Liber\u0103. De asemenea, \u00een Cotidianul a avut o rubric\u0103 permanent\u0103 pe teme de educa\u021bie.<\/p>\n<p>Dup\u0103 ce a absolvit, \u00een anul 2000, \u0218coala Na\u021bional\u0103 de Studii Politice \u0219i Administrative, Facultatea de \u0218tiin\u021be Politice, Ciprian Ciucu a intrat \u00een diverse ONG-uri, precum Asocia\u021bia Rom\u00e2n\u0103 pentru Libertate \u0219i Dezvoltare, unde se ocupa de rela\u021bia cu presa.<\/p>\n<p>Apoi, a ajuns la <strong>Pre\u0219edin\u021bia Rom\u00e2niei,<\/strong> \u00een calitate de \u201d<em>specialist rela\u021bii publice<\/em>\u201d, unde a stat aproximativ un an \u00een perioada 2000-2001, \u0219i s-a mutat apoi la Oficiul Na\u021bional de Cadastru Geodezie \u0219i Cartografie, unde principala sa sarcin\u0103 a fost tot de <em>\u201dresponsabil rela\u021bii cu presa<\/em>\u201d, dup\u0103 cum a scris chiar el \u00een CV-ul publicat pe site-ul Prim\u0103riei Sectorului 6, pe care o conduce.<\/p>\n<p>\u0218i la cadastru a stat tot aproximativ un an, dup\u0103 care s-a mutat la <strong>Consiliul Economic \u0219i Social<\/strong>, unde a fost angajat ca \u201dreferent de specialitate (expert integrare european\u0103)\u201d. Iar dup\u0103 aproximativ un an a plecat la un alt ONG, Centrul Educa\u021bia 2000+, unde s-a angajat ca manager de rela\u0163ii publice \u015fi marketing, timp de 4 ani, p\u00e2n\u0103 \u00een 2007.<\/p>\n<p>\u00cen februarie 2015, organiza\u021bia APADOR-CH anun\u021ba c\u0103 a avut loc \u201do premier\u0103\u201d, prin alegerea lui Ciprian Ciucu \u00een func\u021bia de pre\u0219edinte al noului Consiliu Na\u021bional de Integritate, deoarece el provenea din \u201dsocietatea civil\u0103\u201d.<\/p>\n<p>\u00cen 2019, Ciucu a anun\u021bat, \u00eentr-o postare pe Facebook, c\u0103 a fost numit pre\u0219edinte al Agen\u021biei Func\u021bionarilor Publici \u0219i c\u0103 <strong>a demisionat din func\u021bia de consilier \u00een CGMB<\/strong>, fiind o pozi\u021bie executiv\u0103 la rang de secretar de stat incompatibil\u0103 cu alt\u0103 func\u021bie public\u0103.<\/p>\n<p>\u00cen decembrie 2019 a fost numit <strong>pre\u0219edintele Agen\u021biei Na\u021bionale a Func\u021bionarilor Publici.<\/strong> Tot \u00een 2019 a candidat f\u0103r\u0103 succes din partea PNL la alegerile <strong>europarlamentare<\/strong>, pe pozi\u021bia 18.<\/p>\n<p>Iar la alegerile locale din 2020 a fost desemnat candidat pentru prim\u0103ria Sectorului 6 al Bucure\u0219tiului din partea PNL, sus\u021binut \u0219i de Alian\u021ba USR-PLUS, c\u00e2\u0219tig\u00e2nd postul de primar. \u00cen 2024, Ciprian Ciucu a c\u00e2\u0219tigat un nou mandat, cu peste 60% din voturile exprimate.<\/p>\n<\/div>\n<\/div>\n<div class=\"td_block_wrap td-a-rec td-a-rec-id-custom-spot td-a-rec-img tdi_107 td_block_template_1\">\n<div><a href=\"https:\/\/www.tomitatravel.ro\/\" target=\"blank\" class=\"td_spot_img_all\"><img loading=\"lazy\" decoding=\"async\" src=\"https:\/\/analyse.optim.biz\/wp-content\/uploads\/2025\/12\/banner-tomita_travel-focsani-1200x200-1-39.jpg\" alt=\"Tomi\u021b\u0103 Travel - Agen\u021bie de turism Foc\u0219ani\" width=\"1200\" height=\"200\" title=\"banner-tomita_travel-focsani-1200x200-1-39\"><\/a><a href=\"https:\/\/www.tomitatravel.ro\/\" target=\"blank\" class=\"td_spot_img_mob\"><img loading=\"lazy\" decoding=\"async\" src=\"https:\/\/analyse.optim.biz\/wp-content\/uploads\/2025\/12\/banner-tomita_travel-focsani-350x350-1-37-1.jpg\" alt=\"Tomi\u021b\u0103 Travel - Agen\u021bie de turism Foc\u0219ani\" width=\"300\" height=\"350\" title=\"banner-tomita_travel-focsani-350x350-1-37-1\"><\/a><\/div>\n<\/div>\n<div class=\"td_block_wrap td-a-rec td-a-rec-id-custom-spot td-a-rec-img tdi_108 td_block_template_1\">\n<div><a href=\"https:\/\/www.dezromania.ro\/categorii\/category\/14-produse.html\" target=\"blank\" class=\"td_spot_img_all\"><img loading=\"lazy\" decoding=\"async\" src=\"https:\/\/analyse.optim.biz\/wp-content\/uploads\/2025\/12\/banner-1200x200-sipotehnokar-auto-avariate-2025-35.jpg\" alt=\"spot_img\" width=\"1200\" height=\"200\" title=\"banner-1200x200-sipotehnokar-auto-avariate-2025-35\"><\/a><a href=\"https:\/\/www.dezromania.ro\/categorii\/category\/14-produse.html\" target=\"blank\" class=\"td_spot_img_mob\"><img loading=\"lazy\" decoding=\"async\" src=\"https:\/\/analyse.optim.biz\/wp-content\/uploads\/2025\/12\/banner-sipotehnokar-300xx220px-2025-34.jpg\" alt=\"spot_img\" width=\"300\" height=\"220\" title=\"banner-sipotehnokar-300xx220px-2025-34\"><\/a><\/div>\n<\/div>\n<div class=\"td_block_wrap td-a-rec td-a-rec-id-custom-spot td-a-rec-img tdi_109 td_block_template_1\">\n<div><a href=\"https:\/\/haipromo.ro\/\" target=\"blank\" class=\"td_spot_img_all\"><img loading=\"lazy\" decoding=\"async\" src=\"https:\/\/analyse.optim.biz\/wp-content\/uploads\/2025\/12\/banner-hai-promo-1200x200px-34.jpg\" alt=\"HAI PROMO\" width=\"1200\" height=\"200\" title=\"banner-hai-promo-1200x200px-34\"><\/a><a href=\"https:\/\/haipromo.ro\/\" target=\"blank\" class=\"td_spot_img_mob\"><img loading=\"lazy\" decoding=\"async\" src=\"https:\/\/analyse.optim.biz\/wp-content\/uploads\/2025\/12\/banner-hai-promo-350x350px-32.jpg\" alt=\"HAI PROMO\" width=\"350\" height=\"350\" title=\"banner-hai-promo-350x350px-32\"><\/a><\/div>\n<\/div>\n<\/div>\n<\/div>\n<div class=\"vc_column tdi_112  wpb_column vc_column_container tdc-column td-pb-span4\">\n<div class=\"wpb_wrapper\">\n<div class=\"wpb_wrapper td_block_wrap vc_widget_sidebar tdi_114 \">\n<aside id=\"custom_html-12\" class=\"widget_text td_block_template_1 widget custom_html-12 widget_custom_html\">\n<h4 class=\"block-title\"><span>\u2013 PUBLICITATE \u2013<\/span><\/h4>\n<div class=\"textwidget custom-html-widget\"><a href=\"https:\/\/www.facebook.com\/TractariAutoVranceaSOS24\"><source srcset=\"https:\/\/www.jurnaldevrancea.ro\/wp\/wp-content\/webp-express\/webp-images\/uploads\/2024\/11\/BANNER-sos-24-2024-300x300-px.jpg.webp\" type=\"image\/webp\" \/><\/a><a href=\"https:\/\/haipromo.ro\/\"><source srcset=\"https:\/\/www.jurnaldevrancea.ro\/wp\/wp-content\/webp-express\/webp-images\/uploads\/2024\/06\/banner-HAI-PROMO-350x350px.jpg.webp\" type=\"image\/webp\" \/><\/a><a href=\"https:\/\/www.facebook.com\/acnasygcons\"><source srcset=\"https:\/\/www.jurnaldevrancea.ro\/wp\/wp-content\/webp-express\/webp-images\/uploads\/2025\/08\/Banner-350x350px-Asyg-Consulting.jpg.webp\" type=\"image\/webp\" \/><\/a><\/div>\n<\/aside>\n<\/div>\n<div class=\"tdm_block td_block_wrap tdm_block_column_title tdi_116 tdm-content-horiz-center td-pb-border-top td_block_template_1\" data-td-block-uid=\"tdi_116\">\n<div class=\"td-block-row\">\n<div class=\"td-block-span12 tdm-col\">\n<div class=\"tds-title tds-title1 td-fix-index tdi_117 \">\n<h3 class=\"tdm-title tdm-title-md\">ARTICOLE SIMILARE<\/h3>\n<\/div>\n<\/div>\n<\/div>\n<\/div>\n<div class=\"td_block_wrap td_flex_block_1 tdi_118 td-pb-border-top td_block_template_1 td_flex_block\" data-td-block-uid=\"tdi_118\">\n<div id=\"tdi_118\" class=\"td_block_inner td-mc1-wrap\">\n<div class=\"td_module_flex td_module_flex_1 td_module_wrap td-animation-stack td-cpt-post\">\n<div class=\"td-module-container td-category-pos-above\">\n<div class=\"td-module-meta-info\"><a href=\"https:\/\/www.jurnaldevrancea.ro\/actualitate\/\" class=\"td-post-category\">Actualitate<\/a><\/p>\n<h3 class=\"entry-title td-module-title\"><a href=\"https:\/\/www.jurnaldevrancea.ro\/retinut-de-politie-dupa-ce-a-agresat-sexual-copii-de-10-ani-intr-un-parc\/\" rel=\"bookmark\" title=\"Re\u021binut de poli\u021bie dup\u0103 ce a agresat sexual copii de 10 ani \u00eentr-un parc\">Re\u021binut de poli\u021bie dup\u0103 ce a agresat sexual copii de 10 ani \u00eentr-un parc<\/a><\/h3>\n<div class=\"td-excerpt\">Un b\u0103rbat de 44 de ani a ajuns dup\u0103 gratii pentru 30 de zile&#8230;<\/div>\n<\/div>\n<\/div>\n<\/div>\n<div class=\"td_module_flex td_module_flex_1 td_module_wrap td-animation-stack td-cpt-post\">\n<div class=\"td-module-container td-category-pos-above\">\n<div class=\"td-module-meta-info\"><a href=\"https:\/\/www.jurnaldevrancea.ro\/actualitate\/\" class=\"td-post-category\">Actualitate<\/a><\/p>\n<h3 class=\"entry-title td-module-title\"><a href=\"https:\/\/www.jurnaldevrancea.ro\/expozitie-de-arta-vizuala-organizata-de-centrul-cultural-vrancea\/\" rel=\"bookmark\" title=\"Expozi\u021bie de art\u0103 vizual\u0103 organizat\u0103 de Centrul Cultural Vrancea\">Expozi\u021bie de art\u0103 vizual\u0103 organizat\u0103 de Centrul Cultural Vrancea<\/a><\/h3>\n<div class=\"td-excerpt\">Cu prilejul s\u0103rb\u0103torilor de iarn\u0103, Centrul Cultural Vrancea organizeaz\u0103 la sediul institu\u021biei din strada&#8230;<\/div>\n<\/div>\n<\/div>\n<\/div>\n<\/div>\n<\/div>\n<\/div>\n<\/div>\n<\/div>\n<\/div>\n<div id=\"tdi_119\" class=\"tdc-row\">\n<div class=\"vc_row tdi_120  wpb_row td-pb-row\">\n<div class=\"vc_column tdi_122  wpb_column vc_column_container tdc-column td-pb-span12\">\n<div class=\"wpb_wrapper\">\n<div class=\"tdm_block td_block_wrap tdm_block_column_title tdi_123 tdm-content-horiz-center td-pb-border-top td_block_template_1\" data-td-block-uid=\"tdi_123\">\n<div class=\"td-block-row\">\n<div class=\"td-block-span12 tdm-col\">\n<div class=\"tds-title tds-title1 td-fix-index tdi_124 \">\n<h3 class=\"tdm-title tdm-title-md\">ARTICOLE POPULARE<\/h3>\n<\/div>\n<\/div>\n<\/div>\n<\/div>\n<\/div>\n<\/div>\n<\/div>\n<\/div>\n<div id=\"tdi_125\" class=\"tdc-row\">\n<div class=\"vc_row tdi_126  wpb_row td-pb-row\">\n<div class=\"vc_column tdi_128  wpb_column vc_column_container tdc-column td-pb-span12\">\n<div class=\"wpb_wrapper\">\n<div class=\"td_block_wrap td_flex_block_1 tdi_129 td-pb-border-top td_block_template_1 td_flex_block\" data-td-block-uid=\"tdi_129\">\n<div id=\"tdi_129\" class=\"td_block_inner td-mc1-wrap\">\n<div class=\"td_module_flex td_module_flex_1 td_module_wrap td-animation-stack td-cpt-post\">\n<div class=\"td-module-container td-category-pos-above\">\n<div class=\"td-module-meta-info\"><a href=\"https:\/\/www.jurnaldevrancea.ro\/actualitate\/\" class=\"td-post-category\">Actualitate<\/a><\/p>\n<h3 class=\"entry-title td-module-title\"><a href=\"https:\/\/www.jurnaldevrancea.ro\/alerta-epidemiologica-in-vrancea-doua-femei-sunt-internate-in-stare-grava-la-ati-cu-suspiciune-de-botulism\/\" rel=\"bookmark\" title=\"Alert\u0103 epidemiologic\u0103 \u00een Vrancea! Dou\u0103 femei sunt internate \u00een stare grav\u0103 la ATI cu suspiciune de botulism\">Alert\u0103 epidemiologic\u0103 \u00een Vrancea! Dou\u0103 femei sunt internate \u00een stare grav\u0103 la ATI cu suspiciune de botulism<\/a><\/h3>\n<div class=\"td-excerpt\">Dou\u0103 cazuri suspecte de botulism au fost raportate \u00een jude\u021bul Vrancea \u00een intervalul 10\u201311&#8230;<\/div>\n<div class=\"td-editor-date\"><span class=\"td-author-date\"><span class=\"td-post-date\"><time class=\"entry-date updated td-module-date\" datetime=\"2025-12-13T08:18:55+02:00\">13\/12\/2025<\/time><\/span><\/span><\/div>\n<\/div>\n<\/div>\n<\/div>\n<div class=\"td_module_flex td_module_flex_1 td_module_wrap td-animation-stack td-cpt-post\">\n<div class=\"td-module-container td-category-pos-above\">\n<div class=\"td-module-meta-info\"><a href=\"https:\/\/www.jurnaldevrancea.ro\/actualitate\/\" class=\"td-post-category\">Actualitate<\/a><\/p>\n<h3 class=\"entry-title td-module-title\"><a href=\"https:\/\/www.jurnaldevrancea.ro\/doliu-in-comunitatea-din-adjud-a-murit-profesoara-simona-ceamburu\/\" rel=\"bookmark\" title=\"Doliu \u00een comunitatea din Adjud! A murit profesoara Simona Ceamburu!\">Doliu \u00een comunitatea din Adjud! A murit profesoara Simona Ceamburu!<\/a><\/h3>\n<div class=\"td-excerpt\">Colegiul Tehnic \u201eGh. Bal\u0219\u201d din Adjud a anun\u021bat cu mare triste\u021be moartea profesoarei de&#8230;<\/div>\n<div class=\"td-editor-date\"><span class=\"td-author-date\"><span class=\"td-post-date\"><time class=\"entry-date updated td-module-date\" datetime=\"2025-12-11T15:19:24+02:00\">11\/12\/2025<\/time><\/span><\/span><\/div>\n<\/div>\n<\/div>\n<\/div>\n<div class=\"td_module_flex td_module_flex_1 td_module_wrap td-animation-stack td-cpt-post\">\n<div class=\"td-module-container td-category-pos-above\">\n<div class=\"td-module-meta-info\"><a href=\"https:\/\/www.jurnaldevrancea.ro\/actualitate\/\" class=\"td-post-category\">Actualitate<\/a><\/p>\n<h3 class=\"entry-title td-module-title\"><a href=\"https:\/\/www.jurnaldevrancea.ro\/prescriptia-colacul-de-salvare-al-inculpatilor-din-sistem-cazul-revoltator-din-vrancea-primarul-iordache-cazacu-salvat-de-trecerea-timpului-nu-de-nevinovatie\/\" rel=\"bookmark\" title=\"Prescrip\u021bia \u2013 colacul de salvare al inculpa\u021bilor din sistem. Cazul revolt\u0103tor din Vrancea: primarul Iordache Cazacu, salvat de trecerea timpului, nu de nevinov\u0103\u021bie\">Prescrip\u021bia \u2013 colacul de salvare al inculpa\u021bilor din sistem. Cazul revolt\u0103tor din Vrancea: primarul Iordache Cazacu, salvat de trecerea timpului, nu de nevinov\u0103\u021bie<\/a><\/h3>\n<div class=\"td-excerpt\">Scandalul na\u021bional declan\u0219at de investiga\u021bia jurnali\u0219tilor de la Recorder despre \u201einculpa\u021bi salva\u021bi de prescrip\u021bie\u201d&#8230;<\/div>\n<div class=\"td-editor-date\"><span class=\"td-author-date\"><span class=\"td-post-date\"><time class=\"entry-date updated td-module-date\" datetime=\"2025-12-10T21:55:35+02:00\">10\/12\/2025<\/time><\/span><\/span><\/div>\n<\/div>\n<\/div>\n<\/div>\n<\/div>\n<\/div>\n<\/div>\n<\/div>\n<\/div>\n<\/div>\n<\/div>\n<\/div>\n<p><span class=\"td-page-meta\"><\/span><span class=\"td-page-meta\"><span class=\"td-page-meta\"><\/span><\/span><span class=\"td-page-meta\"><\/span><\/article>\n<p> Source URL: https:\/\/www.jurnaldevrancea.ro\/ciprian-ciucu-este-noul-primar-al-capitalei-a-castigat-alegerile-cu-peste-36-dintre-voturile-bucurestenilor\/<\/p>\n","protected":false},"excerpt":{"rendered":"<p>Acas\u0103ActualitateCiprian Ciucu este noul primar al Capitalei | A c\u00e2\u0219tigat alegerile cu peste 36% dintre voturile&#8230; ActualitateAdministra\u021bieNa\u021bional Ciprian Ciucu este noul primar al Capitalei | A c\u00e2\u0219tigat alegerile cu peste 36% dintre voturile bucure\u0219tenilor DE:Alex Moldovan 08\/12\/2025 257 Facebook Twitter WhatsApp Imprimare SURSA FOTO: Inquam Photos &#8211; Codrin Unici O victorie categoric\u0103 pentru Ciprian Ciucu [&hellip;]<\/p>\n","protected":false},"author":1,"featured_media":1111139,"comment_status":"open","ping_status":"","sticky":false,"template":"","format":"standard","meta":{"footnotes":""},"categories":[89],"tags":[207],"class_list":["post-1111138","post","type-post","status-publish","format-standard","has-post-thumbnail","hentry","category-romania","tag-jurnaldevrancea-ro"],"_links":{"self":[{"href":"https:\/\/analyse.optim.biz\/index.php?rest_route=\/wp\/v2\/posts\/1111138","targetHints":{"allow":["GET"]}}],"collection":[{"href":"https:\/\/analyse.optim.biz\/index.php?rest_route=\/wp\/v2\/posts"}],"about":[{"href":"https:\/\/analyse.optim.biz\/index.php?rest_route=\/wp\/v2\/types\/post"}],"author":[{"embeddable":true,"href":"https:\/\/analyse.optim.biz\/index.php?rest_route=\/wp\/v2\/users\/1"}],"replies":[{"embeddable":true,"href":"https:\/\/analyse.optim.biz\/index.php?rest_route=%2Fwp%2Fv2%2Fcomments&post=1111138"}],"version-history":[{"count":0,"href":"https:\/\/analyse.optim.biz\/index.php?rest_route=\/wp\/v2\/posts\/1111138\/revisions"}],"wp:featuredmedia":[{"embeddable":true,"href":"https:\/\/analyse.optim.biz\/index.php?rest_route=\/wp\/v2\/media\/1111139"}],"wp:attachment":[{"href":"https:\/\/analyse.optim.biz\/index.php?rest_route=%2Fwp%2Fv2%2Fmedia&parent=1111138"}],"wp:term":[{"taxonomy":"category","embeddable":true,"href":"https:\/\/analyse.optim.biz\/index.php?rest_route=%2Fwp%2Fv2%2Fcategories&post=1111138"},{"taxonomy":"post_tag","embeddable":true,"href":"https:\/\/analyse.optim.biz\/index.php?rest_route=%2Fwp%2Fv2%2Ftags&post=1111138"}],"curies":[{"name":"wp","href":"https:\/\/api.w.org\/{rel}","templated":true}]}}