{"id":110529,"date":"2018-08-18T19:13:49","date_gmt":"2018-08-18T16:13:49","guid":{"rendered":"https:\/\/analyse.optim.biz\/?p=110529"},"modified":"2018-08-18T19:13:49","modified_gmt":"2018-08-18T16:13:49","slug":"ce-spune-inlocuitoarea-vioricai-dancila-in-pe-despre-posibilitatea-excluderii-psd-din-grupul-socialistilor","status":"publish","type":"post","link":"https:\/\/analyse.optim.biz\/?p=110529","title":{"rendered":"Ce spune \u00eenlocuitoarea Vioric\u0103i D\u0103ncil\u0103 \u00een PE despre posibilitatea excluderii PSD din grupul sociali\u0219tilor"},"content":{"rendered":"<div class=\"entry data-app-meta data-app-meta-article\" data-embed-base-url-canonical=\"https:\/\/www.digi24.ro\/embed\/stiri\/actualitate\/politica\/ce-spune-inlocuitoarea-vioricai-dancila-in-pe-despre-posibilitatea-excluderii-psd-din-grupul-socialistilor-982768\">\n<p data-index=\"1\"><strong>\u00cen istoria Parlamentului European nu exist\u0103 situa\u0163ii prin care o alian\u0163\u0103 s\u0103 fi exclus formal o anumit\u0103 forma\u0163iune \u015fi, de asemenea, nu exist\u0103 situa\u0163ii \u00een care o \u0163ar\u0103 \u201es\u0103 fie s\u0103rit\u0103\u201d de la asigurarea mandatului Pre\u015fedin\u0163iei Consiliului Uniunii Europene, a afirmat, s\u00e2mb\u0103t\u0103, europarlamentarul PSD Gabriela Zoan\u0103, cea care a \u00eenlocuit-o pe Viorica D\u0103ncil\u0103 \u00een legislativul european dup\u0103 ce aceasta a devenit premier.<\/strong><\/p>\n<p data-index=\"2\"><img loading=\"lazy\" decoding=\"async\" class=\"alignnone size-full wp-image-982773\" src=\"https:\/\/analyse.optim.biz\/wp-content\/uploads\/2024\/09\/mdamagfzad1iyzi1mtbkmjvlognkytg3m2yyotgwowm2ymmwnzjinq-thumb_.jpg\" width=\"1012\" height=\"562\" data-skip-htmlfix=\"1\" title=\"mdamagfzad1iyzi1mtbkmjvlognkytg3m2yyotgwowm2ymmwnzjinq-thumb_\"><\/p>\n<p> Declara\u0163ia sa vine \u00een contextul \u00een care europarlamentarul<a href=\"https:\/\/www.digi24.ro\/stiri\/actualitate\/politica\/un-europarlamentar-roman-va-cere-excluderea-psd-din-grupul-socialistilor-europeni-980693\" target=\"_blank\" rel=\"noopener\" data-skip-linkfix=\"1\"> C\u0103t\u0103lin Ivan a anun\u0163at c\u0103 va depune la \u00eenceputul sesiunii de toamn\u0103 o solicitare de excludere a PSD din Grupul Alian\u0163ei Progresiste a Sociali\u015ftilor \u015fi Democra\u0163ilor<\/a> din Parlamentul European.<\/p>\n<p> \u201e\u00cen istoria Parlamentului European nu exist\u0103 situa\u0163ii prin care o alian\u0163\u0103 s\u0103 fi exclus formal o anumit\u0103 forma\u0163iune, dar exist\u0103 situa\u0163ii \u00een care anumite forma\u0163iuni s-au retras voluntar din cadrul alian\u0163elor din care f\u0103ceau parte, \u00een cazul \u00een care nu se mai reg\u0103seau \u00een valorile respectivei alian\u0163e. De asemenea, nu exist\u0103 situa\u0163ii \u00een care o \u0163ar\u0103 s\u0103 fi fost &#8220;s\u0103rit\u0103&#8221; de la asigurarea mandatului Pre\u015fedin\u0163iei Consiliului Uniunii Europene, iar Rom\u00e2nia nu este \u00eentr-o asemenea situa\u0163ie, indiferent de absurditatea scenariilor pe care le concept unii \u015fi al\u0163ii\u201d, sus\u021bine Gabriela Zoan\u0103, potrivit unui comunicat transmis de PSD, citat de <a href=\"https:\/\/www.agerpres.ro\/politica\/2018\/08\/18\/zoana-psd-in-istoria-parlamentului-european-nu-exista-situatii-prin-care-o-alianta-sa-fi-exclus-formal-o-anumita-formatiune--162174\" target=\"_blank\" rel=\"noopener\" data-skip-linkfix=\"1\">Agerpres<\/a>.<\/p>\n<p> Potrivit acesteia, dincolo de declara\u0163iile ridicole f\u0103cute din dorin\u0163a de afirmare a unor politicieni, excluderea PSD din S&amp;D este la fel de fantezist\u0103 precum ipoteza c\u0103 Rom\u00e2niei nu \u00eei va fi acordat\u0103 Pre\u015fedin\u0163ia prin rota\u0163ie a Consiliului Uniunii Europene.<\/p>\n<p> \u201eIndiferent c\u00e2t s-ar str\u0103dui unii anali\u015fti sau politicieni s\u0103 creeze subiecte artificiale cu care s\u0103 atrag\u0103 aten\u0163ia publicului \u00een aceste luni de vacan\u0163\u0103, nu vor reu\u015fi prin tehnici de dezinformare prost documentate. A presupune c\u0103 Alian\u0163a Progresist\u0103 a Sociali\u015ftilor \u015fi Democra\u0163ilor din Parlamentul European (S&amp;D) va exclude PSD doar pentru c\u0103 un coleg de la Bruxelles dore\u015fte s\u0103 loveasc\u0103 \u00een partidul pe listele c\u0103ruia nu mai poate candida <strong>este la fel de fantezist cu a presupune c\u0103 Rom\u00e2niei \u00eei va fi retras\u0103 Pre\u015fedin\u0163ia Consiliului Uniunii Europene doar pentru c\u0103 jandarmii au intervenit \u00een for\u0163\u0103 \u00eempotriva celor care tulburau ordinea \u015fi lini\u015ftea public\u0103<\/strong> \u00een cadrul manifesta\u0163iilor din Pia\u0163a Victoriei. Putem \u00een\u0163elege c\u0103 e var\u0103 \u015fi e cald, putem \u00een\u0163elege \u015fi faptul c\u0103 unii \u00eenc\u0103 au min\u0163ile \u00eencinse de la at\u00e2tea strategii despre cum s\u0103 d\u0103r\u00e2me Guvernul, dar nu putem \u00een\u0163elege introducerea pe agenda zilnic\u0103 a unor ipoteze absurde, n\u0103scocite de min\u0163ile celor care au realizat c\u0103 prin activitatea lor politic\u0103 invizibil\u0103 nu vor putea ajunge cur\u00e2nd la guvernare\u201d, a ad\u0103ugat europarlamentarul PSD.\u00a0<\/p>\n<p data-index=\"3\">Citi\u021bi \u0219i:\u00a0<a href=\"https:\/\/www.digi24.ro\/stiri\/actualitate\/politica\/rovana-plumb-presedintele-iohannis-si-opozitia-instiga-la-revolta-982758\" target=\"_blank\" rel=\"noopener\" data-skip-linkfix=\"1\"><strong>Europarlamentar PSD: M\u0103 \u00eensp\u0103im\u00e2nt\u0103 c\u0103 nimeni nu mai vrea s\u0103-\u015fi asume responsabilitatea consecin\u0163elor \u00een cazul unor violen\u0163e la miting<\/strong><\/a><\/p>\n<\/div>\n<p> Source URL: https:\/\/www.digi24.ro\/stiri\/actualitate\/politica\/ce-spune-inlocuitoarea-vioricai-dancila-in-pe-despre-posibilitatea-excluderii-psd-din-grupul-socialistilor-982768<\/p>\n","protected":false},"excerpt":{"rendered":"<p>\u00cen istoria Parlamentului European nu exist\u0103 situa\u0163ii prin care o alian\u0163\u0103 s\u0103 fi exclus formal o anumit\u0103 forma\u0163iune \u015fi, de asemenea, nu exist\u0103 situa\u0163ii \u00een care o \u0163ar\u0103 \u201es\u0103 fie s\u0103rit\u0103\u201d de la asigurarea mandatului Pre\u015fedin\u0163iei Consiliului Uniunii Europene, a afirmat, s\u00e2mb\u0103t\u0103, europarlamentarul PSD Gabriela Zoan\u0103, cea care a \u00eenlocuit-o pe Viorica D\u0103ncil\u0103 \u00een legislativul [&hellip;]<\/p>\n","protected":false},"author":1,"featured_media":110530,"comment_status":"open","ping_status":"","sticky":false,"template":"","format":"standard","meta":{"footnotes":""},"categories":[2],"tags":[11],"class_list":["post-110529","post","type-post","status-publish","format-standard","has-post-thumbnail","hentry","category-politics","tag-digi24"],"_links":{"self":[{"href":"https:\/\/analyse.optim.biz\/index.php?rest_route=\/wp\/v2\/posts\/110529","targetHints":{"allow":["GET"]}}],"collection":[{"href":"https:\/\/analyse.optim.biz\/index.php?rest_route=\/wp\/v2\/posts"}],"about":[{"href":"https:\/\/analyse.optim.biz\/index.php?rest_route=\/wp\/v2\/types\/post"}],"author":[{"embeddable":true,"href":"https:\/\/analyse.optim.biz\/index.php?rest_route=\/wp\/v2\/users\/1"}],"replies":[{"embeddable":true,"href":"https:\/\/analyse.optim.biz\/index.php?rest_route=%2Fwp%2Fv2%2Fcomments&post=110529"}],"version-history":[{"count":0,"href":"https:\/\/analyse.optim.biz\/index.php?rest_route=\/wp\/v2\/posts\/110529\/revisions"}],"wp:featuredmedia":[{"embeddable":true,"href":"https:\/\/analyse.optim.biz\/index.php?rest_route=\/wp\/v2\/media\/110530"}],"wp:attachment":[{"href":"https:\/\/analyse.optim.biz\/index.php?rest_route=%2Fwp%2Fv2%2Fmedia&parent=110529"}],"wp:term":[{"taxonomy":"category","embeddable":true,"href":"https:\/\/analyse.optim.biz\/index.php?rest_route=%2Fwp%2Fv2%2Fcategories&post=110529"},{"taxonomy":"post_tag","embeddable":true,"href":"https:\/\/analyse.optim.biz\/index.php?rest_route=%2Fwp%2Fv2%2Ftags&post=110529"}],"curies":[{"name":"wp","href":"https:\/\/api.w.org\/{rel}","templated":true}]}}