{"id":110523,"date":"2018-08-19T11:49:45","date_gmt":"2018-08-19T08:49:45","guid":{"rendered":"https:\/\/analyse.optim.biz\/?p=110523"},"modified":"2018-08-19T11:49:45","modified_gmt":"2018-08-19T08:49:45","slug":"mihai-fifor-sustine-infiintarea-unei-comisii-parlamentare-de-ancheta-a-evenimentelor-din-10-august","status":"publish","type":"post","link":"https:\/\/analyse.optim.biz\/?p=110523","title":{"rendered":"Mihai Fifor sus\u021bine \u00eenfiin\u0163area unei comisii parlamentare de anchet\u0103 a evenimentelor din 10 august"},"content":{"rendered":"<div class=\"entry data-app-meta data-app-meta-article\" data-embed-base-url-canonical=\"https:\/\/www.digi24.ro\/embed\/stiri\/actualitate\/politica\/mihai-fifor-denunta-fake-news-ul-de-dupa-proteste-si-intreaba-cui-foloseste-destabilizarea-tarii-983039\">\n<p data-index=\"1\"><span lang=\"ro-RO\"><strong>Ministrul Ap\u0103r\u0103rii Mihai Fifor sus\u0163ine propunerea europarlamentarului Dan Nica de \u00eenfiin\u0163are a unei comisii parlamentare de anchet\u0103 privind evenimentele din 10 august \u015fi declara\u0163iile pre\u015fedintelui Iohannis referitoare la proteste \u015fi <a href=\"https:\/\/www.digi24.ro\/stiri\/actualitate\/politica\/mihai-fifor-europarlamentar-psd-amenintat-cu-moartea-983029\" target=\"_blank\" rel=\"noopener\" data-skip-linkfix=\"1\">afirm\u0103 c\u0103 Nica a fost amenin\u0163at cu moartea dup\u0103 ce a lansat aceast\u0103 propunere<\/a>, el \u00eentreb\u00e2ndu-se cui folose\u015fte ceea ce s-a \u00eent\u00e2mplat. El vorbe\u015fte despre fake news \u015fi despre inten\u0163ii de destabilizare a \u0163\u0103rii \u00eenaintea prelu\u0103rii pre\u015fedin\u0163iei Consiliului UE.<\/strong><\/span><\/p>\n<figure class=\"article-thumb\"><img decoding=\"async\" src=\"https:\/\/analyse.optim.biz\/wp-content\/uploads\/2024\/09\/mcz6yz0xjmhhc2g9mjdknzi0mduyytywzduzzji0nmy1zdexngmyndlinjk-thumb_-1.jpg\" alt=\"170912_mihai fifor_MINISTRII_PSD_02_INQUAM_Photos_Octav_Ganea\" data-skip-htmlfix=\"1\" title=\"mcz6yz0xjmhhc2g9mjdknzi0mduyytywzduzzji0nmy1zdexngmyndlinjk-thumb_-1\"><figcaption> Foto: InquamPhotos\/Octav Ganea <\/figcaption><\/figure>\n<p data-index=\"2\"><span lang=\"ro-RO\">\u201eIeri, \u015fi sus\u0163in cu t\u0103rie aceast\u0103 propunere, colegul nostru, europarlamentarul Dan Nica, a solicitat constituirea unei comisii parlamentare de anchet\u0103 pentru analizarea evenimentelor din 10 august. Pentru asta a fost amenin\u0163at cu moartea. Nu este singurul membru PSD care prime\u015fte astfel de amenin\u0163\u0103ri \u015fi nu putem permite perpetuarea \u015fi accentuarea politicii iresponsabile de fracturare a societ\u0103\u0163ii rom\u00e2ne\u015fti. De aceea aceast\u0103 comisie trebuie constituit\u0103 de \u00eendat\u0103. Guvernele se schimb\u0103 de c\u0103tre majorit\u0103\u0163i parlamentare rezultate \u00een urma votului democratic \u015fi nu prin violen\u0163e puse la cale \u00een strad\u0103\u201d, afirm\u0103 Fifot, care se \u00eentreab\u0103 cui folose\u015fte tot ceea ce s-a \u00eent\u00e2mplat la mitingul din 10 august, din Pia\u0163a Victoriei, \u015fi dup\u0103 aceea.<\/span><\/p>\n<p data-index=\"3\">De altfel, postarea pe Facebook a ministrului \u00eencepe tocmai cu \u00eentrebarea &#8220;Qui prodest?&#8221;.<\/p>\n<p data-index=\"4\">\u201eAceast\u0103 este prima \u00eentrebare care se impune atunci c\u00e2nd cau\u0163i s\u0103 afli adev\u0103rul despre o \u00eent\u00e2mplare sau alt\u0103. Cui folose\u015fte ce s-a \u00eent\u00e2mplat? A\u015fa trebuie s\u0103 \u00eenceap\u0103 \u015fi orice discu\u0163ie despre ziua de 10 august\u201d, scrie ministrul, care reia derularea evenimentelor, prezent\u00e2ndu-\u015fi opinia \u00een leg\u0103tur\u0103 cu ceea ce s-a \u00eent\u00e2mplat.<\/p>\n<p data-index=\"5\">El afirm\u0103 c\u0103 de\u015fi protestul din 10 august a fost anun\u0163at ca fiind unul al diasporei, nimeni nu \u015fi-a asumat organizarea lui, \u00een opinia sa motivul fiind acela \u201ec\u0103 el urma s\u0103 se termine \u00een violen\u0163e\u201d.<\/p>\n<p data-index=\"6\">\u201eDespre aceast\u0103 evolu\u0163ie a lucrurilor au vorbit mai mul\u0163i sus\u0163in\u0103tori ai Opozi\u0163iei politice, dar \u015fi reprezentan\u0163i ai\u00a0#Rezist. Nu are rost s\u0103 aducem dovezi, este plin internetul de aten\u0163ion\u0103ri prin care participan\u0163ii la miting erau sf\u0103tui\u0163i s\u0103 nu vin\u0103 cu copiii \u00een Pia\u0163\u0103, dar \u015fi de chem\u0103ri la violen\u0163e, respectiv la r\u0103sturnarea puterii politice legitime\u201d, afirm\u0103 Fifor.<\/p>\n<p data-index=\"7\">El spune c\u0103 \u00een ziua mitingului au fost semnalate mai multe acte de violen\u0163\u0103 din partea unor grupuri r\u0103zle\u0163e de huligani care \u201es-au aflat mereu \u00een spatele protestatarilor pa\u015fnici \u015fi au \u00eencercat s\u0103 determine masa de oameni s\u0103 for\u0163eze dispozitivele jandarmilor\u201d.<\/p>\n<p data-index=\"8\">\u201e\u00centr-un final, jandarmii au intervenit \u00een jurul orei 23 pentru a dispersa mul\u0163imea \u015fi pentru a nu permite escaladarea violen\u0163elor. Dac\u0103 jandarmii nu ar fi intervenit, putem admite faptul c\u0103 lucrurile s-ar fi putut termina mult mai grav\u201d, relateaz\u0103 ministrul, ad\u0103ug\u00e2nd c\u0103 \u201ea doua zi, un \u00eentreg aparat de propagand\u0103, finan\u0163at pe c\u0103i ocolite, a fost pus \u00een mi\u015fcare pentru a ataca statul de drept\u201d.<\/p>\n<p data-index=\"9\">El sus\u0163ine c\u0103 tot \u00eencep\u00e2nd cu 11 august, \u201ea fost declan\u015fat\u0103 o adev\u0103rat\u0103 campanie de fake news, inclusiv \u00een presa interna\u0163ional\u0103\u201d.<\/p>\n<p data-index=\"10\">\u201eS-au folosit diverse declara\u0163ii ale unor reprezentan\u0163i ai partidelor social-democrate europene pentru a construi argumentul c\u0103 aceste partide condamn\u0103 autorit\u0103\u0163ile din Rom\u00e2nia. \u00cen realitate, aceste pozi\u0163ii nu au fost si nu sunt unele oficiale\u201d, sus\u0163ine Mihai Fifor.<\/p>\n<p data-index=\"11\">El se \u00eentreab\u0103 care este miza, cui foloses\u015fte d\u0103r\u00e2marea prin violen\u0163\u0103 a unui Guvern legitim \u015fi destabilizarea \u0163\u0103rii \u00eenaintea prelu\u0103rii pre\u015fedin\u0163iei Consiliului UE.<\/p>\n<p data-index=\"12\">\u201eSi ne \u00eentreb\u0103m din nou, care este miza? Cui foloseste d\u0103r\u00e2marea prin violen\u0163\u0103 a guvernului legitim al Rom\u00e2niei? Cui folose\u015fte destabilizarea \u0163\u0103rii \u00eentr-un moment at\u00e2t de important cum este cel al preg\u0103tirii prelu\u0103rii Pre\u015fedin\u0163iei Consiliului UE?\u201d, scrie ministrul.<\/p>\n<p data-index=\"13\">El relateaz\u0103 c\u0103, \u00een luna iulie, la Bruxelles, a avut loc Summit-ul NATO, iar \u201eRom\u00e2nia a fost nominalizat\u0103 ca stat care, prin vointa Parlamentului si a Guvernului, \u00ee\u015fi \u00eendepline\u015fte toate obliga\u0163iile si condi\u0163ionalit\u0103\u0163ile asumate \u00een cadrul Alian\u0163ei NATO\u201d.<\/p>\n<p data-index=\"14\">De asemenea, a fost eviden\u0163iat\u0103 din nou, \u00een cadrul Summit-ului, ca pol de stabilitate \u015fi, totodat\u0103, drept cel mai important furnizor de securitate la Marea Neagr\u0103 \u015fi \u00een Balcanii de Vest.<\/p>\n<p data-index=\"15\">\u201eCui folose\u015fte, \u00een aceste condi\u0163ii, proiectarea iresponsabil\u0103 a unei imagini de \u0163ar\u0103 instabil\u0103, cuprins\u0103 de haos, cu &#8220;fl\u0103c\u0103ri \u015fi s\u00e2nge&#8221; pe str\u0103zile Bucure\u015ftiului? Rom\u00e2nia, prin m\u0103surile luate de Guvernarea PSD-ALDE are cea mai important\u0103 cre\u015ftere economic\u0103 \u015fi anul acesta. Pe cine deranjeaz\u0103 \u00een a\u015fa de mare m\u0103sur\u0103 succesul Programului de guvernare votat de milioane de rom\u00e2ni, \u00eenc\u00e2t acest guvern trebuie d\u0103r\u00e2mat cu orice pre\u0163? Cine se face vinovat de modul iresponsabil \u00een care a fost deturnat protestul pa\u015fnic al celor din Pia\u0163\u0103 Victoria? De ce aceast\u0103 disperare c\u0103 PSD-ALDE s\u0103 nu guverneze \u015fi \u00een 2019, anul alegerilor pentru Parlamentul European \u015fi pentru Pre\u015fedin\u0163ia Rom\u00e2niei? Toate acestea sunt \u00eentreb\u0103ri care solicita r\u0103spunsuri imediate, pentru c\u0103, at\u00e2t rom\u00e2nii c\u00e2t \u015fi comunitatea interna\u0163ional\u0103 s\u0103 \u015ftie adev\u0103rul\u201d, argumenteaz\u0103 Fifor necesitatea \u00eenfiin\u0163\u0103rii unei comisii de anchet\u0103 parlamentar\u0103 privind evenimentele din 10 august.<\/p>\n<p data-index=\"16\">El \u00eencheie cu invocarea anului Centenar, \u201eanul \u00een care trebuia s\u0103 celebr\u0103m unitatea \u015fi solidaritatea rom\u00e2nilor de oriunde s-ar afla ace\u015ftia\u201d, preciz\u00e2nd c\u0103 \u00eenc\u0103 nu este prea t\u00e2rziu.<\/p>\n<p data-index=\"17\">Liderul europarlamentarilor PSD Dan Nica cere \u00eenfiin\u0163area unei comisii parlamentare de anchet\u0103 pentru declara\u0163iile pre\u015fedintelui Klaus Iohannis referitoare la proteste, spun\u00e2nd c\u0103 acesta a f\u0103cut acuza\u0163ii dure la adresa Jandarmeriei, f\u0103r\u0103 s\u0103 aib\u0103 dovezi. Nica sus\u0163ine c\u0103 \u015feful statului nu este interesat de stingerea conflictelor din societate, ci vrea escaldarea lor pentru c\u00e2\u015ftiguri electorale.<\/p>\n<p data-index=\"18\">Sursa: News.ro<\/p>\n<\/div>\n<p> Source URL: https:\/\/www.digi24.ro\/stiri\/actualitate\/politica\/mihai-fifor-denunta-fake-news-ul-de-dupa-proteste-si-intreaba-cui-foloseste-destabilizarea-tarii-983039<\/p>\n","protected":false},"excerpt":{"rendered":"<p>Ministrul Ap\u0103r\u0103rii Mihai Fifor sus\u0163ine propunerea europarlamentarului Dan Nica de \u00eenfiin\u0163are a unei comisii parlamentare de anchet\u0103 privind evenimentele din 10 august \u015fi declara\u0163iile pre\u015fedintelui Iohannis referitoare la proteste \u015fi afirm\u0103 c\u0103 Nica a fost amenin\u0163at cu moartea dup\u0103 ce a lansat aceast\u0103 propunere, el \u00eentreb\u00e2ndu-se cui folose\u015fte ceea ce s-a \u00eent\u00e2mplat. El vorbe\u015fte despre [&hellip;]<\/p>\n","protected":false},"author":1,"featured_media":110524,"comment_status":"open","ping_status":"","sticky":false,"template":"","format":"standard","meta":{"footnotes":""},"categories":[2],"tags":[11],"class_list":["post-110523","post","type-post","status-publish","format-standard","has-post-thumbnail","hentry","category-politics","tag-digi24"],"_links":{"self":[{"href":"https:\/\/analyse.optim.biz\/index.php?rest_route=\/wp\/v2\/posts\/110523","targetHints":{"allow":["GET"]}}],"collection":[{"href":"https:\/\/analyse.optim.biz\/index.php?rest_route=\/wp\/v2\/posts"}],"about":[{"href":"https:\/\/analyse.optim.biz\/index.php?rest_route=\/wp\/v2\/types\/post"}],"author":[{"embeddable":true,"href":"https:\/\/analyse.optim.biz\/index.php?rest_route=\/wp\/v2\/users\/1"}],"replies":[{"embeddable":true,"href":"https:\/\/analyse.optim.biz\/index.php?rest_route=%2Fwp%2Fv2%2Fcomments&post=110523"}],"version-history":[{"count":0,"href":"https:\/\/analyse.optim.biz\/index.php?rest_route=\/wp\/v2\/posts\/110523\/revisions"}],"wp:featuredmedia":[{"embeddable":true,"href":"https:\/\/analyse.optim.biz\/index.php?rest_route=\/wp\/v2\/media\/110524"}],"wp:attachment":[{"href":"https:\/\/analyse.optim.biz\/index.php?rest_route=%2Fwp%2Fv2%2Fmedia&parent=110523"}],"wp:term":[{"taxonomy":"category","embeddable":true,"href":"https:\/\/analyse.optim.biz\/index.php?rest_route=%2Fwp%2Fv2%2Fcategories&post=110523"},{"taxonomy":"post_tag","embeddable":true,"href":"https:\/\/analyse.optim.biz\/index.php?rest_route=%2Fwp%2Fv2%2Ftags&post=110523"}],"curies":[{"name":"wp","href":"https:\/\/api.w.org\/{rel}","templated":true}]}}