{"id":110509,"date":"2018-08-19T21:07:11","date_gmt":"2018-08-19T18:07:11","guid":{"rendered":"https:\/\/analyse.optim.biz\/?p=110509"},"modified":"2018-08-19T21:07:11","modified_gmt":"2018-08-19T18:07:11","slug":"ioan-stanomir-doamna-ministru-dan-a-facut-o-greseala-care-e-psihanalizabila","status":"publish","type":"post","link":"https:\/\/analyse.optim.biz\/?p=110509","title":{"rendered":"Ioan Stanomir: Doamna ministru Dan a f\u0103cut o gre\u0219eal\u0103 care e psihanalizabil\u0103"},"content":{"rendered":"<div class=\"entry data-app-meta data-app-meta-article\" data-embed-base-url-canonical=\"https:\/\/www.digi24.ro\/embed\/stiri\/actualitate\/politica\/ioan-stanomir-doamna-ministru-dan-a-facut-o-greseala-care-e-psihanalizabila-983244\">\n<p data-index=\"1\"><strong><a href=\"https:\/\/www.digi24.ro\/stiri\/actualitate\/evenimente\/ministrul-carmen-dan-face-declaratii-la-ora-19-00-despre-protestul-din-10-august-983189\" target=\"_blank\" rel=\"noopener\" data-skip-linkfix=\"1\">Declara\u021bia de pres\u0103 a ministrului Carmen Dan de duminic\u0103 seara<\/a>, prin care a prezentat un rezumat al raportului cerut \u00een leg\u0103tur\u0103 cu violen\u021bele de la protestul diasporei, a st\u00e2rnit, cum era de a\u0219teptat, reac\u021bii din partea comentatorilor. Profesorul de drept constitu\u021bional Ioan Stanomir a declarat la Digi24 c\u0103 gestul ministrului de interne nu ofer\u0103 cet\u0103\u021benilor explica\u021biile de care au nevoie, ci dimpotriv\u0103, se \u00eenscrie \u00een aceea\u0219i linie de a ap\u0103ra modul \u00een care au ac\u021bionat jandarmii.<\/strong><\/p>\n<p data-index=\"2\">\u201eAr fi o eroare s\u0103 numim compunerea prezentat\u0103 de doamna ministru un raport. Doamna ministru, \u00een primul r\u00e2nd, a evitat contactul cu reprezentan\u021bii na\u021biunii, cu presa. Domnia sa \u0219i-a prezentat propriul adev\u0103r \u0219i a consacrat un num\u0103r impresionant de minute polemicii cu manipularea, ceea ce pe mine personal m-a scandalizat, pentru c\u0103 trebuie s\u0103 fii un om \u00eentr-adev\u0103r t\u00e2mpit, scuza\u021bi-mi expresia, ca s\u0103 crezi c\u0103 o persoan\u0103 \u00een scaun cu rotile \u00eencearc\u0103 s\u0103 fure pistolul unui jandarm, iar un medic pensionar devine un infractor periculos. Mi se pare c\u0103 aceasta este adev\u0103rata problem\u0103. Guvernul acestei \u021b\u0103ri continu\u0103 nu doar s\u0103-i dispre\u021buiasc\u0103 pe cet\u0103\u021beni, ci s\u0103 ac\u021bioneze ca \u0219i cum tot ceea ce s-a \u00eent\u00e2mplat pe 10 august a fost vina cet\u0103\u021benilor \u00een\u0219i\u0219i. At\u00e2ta vreme c\u00e2t dna ministru se va pronun\u021ba \u00een acest mod, na\u021biunea nu va avea parte de adev\u0103rul pe care \u0219i-l doresc victimele\u201d, a comentat la Digi24 profesorul de drept constitu\u021bional Ioan Stanomir.<\/p>\n<p data-index=\"3\">Ministrul Carmen Dan a ie\u0219it dup\u0103 nou\u0103 zile \u0219i a cerut scuze tuturor celor care au avut de suferit, fie ei civili sau jandarmi. \u201ePe fond, mie mi se pare c\u0103 nu s-a schimbat nimic. Faptul c\u0103-\u021bi ceri scuze, dup\u0103 care \u021bii s\u0103 contrazici adev\u0103rul consemnat de reporteri \u0219i de propriii cet\u0103\u021beni dovede\u0219te faptul c\u0103 punctul t\u0103u de vedere nu s-a schimbat. Poate s-a schimbat o nunan\u021b\u0103 de comunicare, dar eu nu am v\u0103zut \u00een seara aceasta un ministru care s\u0103 fie empatic \u00een raport cu victimele\u201d, a declarat Ioan Stanomir.<\/p>\n<p data-index=\"4\">Profesorul a atras aten\u021bia \u0219i asupra unei gre\u0219eli a ministrului, care, spune el, este psihanalizabil\u0103: \u201eDomnia sa a spus: <em>legea nu se aplic\u0103, pardon, se aplic\u0103 \u00een mod egal jandarmilor \u0219i cet\u0103\u021benilor pa\u0219nici. <\/em>Asemenea tip de gre\u0219eli indic\u0103, de fapt, ce g\u00e2nde\u0219ti cu adev\u0103rat. Ele sunt psihanalizabile pentru c\u0103 deschid o fereastr\u0103 \u00een mintea celor care ne conduc \u0219i prin aceast\u0103 fereastr\u0103 se poate vedea un tip de demnitar ceau\u0219ist care are o viziune foarte clar\u0103 asupra realit\u0103\u021bii. Sunt doi oameni: unul cu instrumentul de for\u021b\u0103 \u0219i unul care sufer\u0103 consecin\u021bele ac\u021biunilor de for\u021b\u0103. Ace\u0219ti doi oameni nu sunt \u0219i nu pot fi egali. Asta este ceea ce ne-a transmis doamna ministru de interne\u201d, a punctat profesorul Ioan Stanomir.<\/p>\n<\/div>\n<p> Source URL: https:\/\/www.digi24.ro\/stiri\/actualitate\/politica\/ioan-stanomir-doamna-ministru-dan-a-facut-o-greseala-care-e-psihanalizabila-983244<\/p>\n","protected":false},"excerpt":{"rendered":"<p>Declara\u021bia de pres\u0103 a ministrului Carmen Dan de duminic\u0103 seara, prin care a prezentat un rezumat al raportului cerut \u00een leg\u0103tur\u0103 cu violen\u021bele de la protestul diasporei, a st\u00e2rnit, cum era de a\u0219teptat, reac\u021bii din partea comentatorilor. Profesorul de drept constitu\u021bional Ioan Stanomir a declarat la Digi24 c\u0103 gestul ministrului de interne nu ofer\u0103 cet\u0103\u021benilor [&hellip;]<\/p>\n","protected":false},"author":1,"featured_media":110510,"comment_status":"open","ping_status":"","sticky":false,"template":"","format":"standard","meta":{"footnotes":""},"categories":[2],"tags":[11],"class_list":["post-110509","post","type-post","status-publish","format-standard","has-post-thumbnail","hentry","category-politics","tag-digi24"],"_links":{"self":[{"href":"https:\/\/analyse.optim.biz\/index.php?rest_route=\/wp\/v2\/posts\/110509","targetHints":{"allow":["GET"]}}],"collection":[{"href":"https:\/\/analyse.optim.biz\/index.php?rest_route=\/wp\/v2\/posts"}],"about":[{"href":"https:\/\/analyse.optim.biz\/index.php?rest_route=\/wp\/v2\/types\/post"}],"author":[{"embeddable":true,"href":"https:\/\/analyse.optim.biz\/index.php?rest_route=\/wp\/v2\/users\/1"}],"replies":[{"embeddable":true,"href":"https:\/\/analyse.optim.biz\/index.php?rest_route=%2Fwp%2Fv2%2Fcomments&post=110509"}],"version-history":[{"count":0,"href":"https:\/\/analyse.optim.biz\/index.php?rest_route=\/wp\/v2\/posts\/110509\/revisions"}],"wp:featuredmedia":[{"embeddable":true,"href":"https:\/\/analyse.optim.biz\/index.php?rest_route=\/wp\/v2\/media\/110510"}],"wp:attachment":[{"href":"https:\/\/analyse.optim.biz\/index.php?rest_route=%2Fwp%2Fv2%2Fmedia&parent=110509"}],"wp:term":[{"taxonomy":"category","embeddable":true,"href":"https:\/\/analyse.optim.biz\/index.php?rest_route=%2Fwp%2Fv2%2Fcategories&post=110509"},{"taxonomy":"post_tag","embeddable":true,"href":"https:\/\/analyse.optim.biz\/index.php?rest_route=%2Fwp%2Fv2%2Ftags&post=110509"}],"curies":[{"name":"wp","href":"https:\/\/api.w.org\/{rel}","templated":true}]}}