{"id":110506,"date":"2018-08-20T14:01:49","date_gmt":"2018-08-20T11:01:49","guid":{"rendered":"https:\/\/analyse.optim.biz\/?p=110506"},"modified":"2018-08-20T14:01:49","modified_gmt":"2018-08-20T11:01:49","slug":"psd-nu-vrea-sesiunea-extraordinara-ceruta-de-opozitie-motivul-capul-de-tabel-dragnea-in-concediu","status":"publish","type":"post","link":"https:\/\/analyse.optim.biz\/?p=110506","title":{"rendered":"PSD nu vrea sesiunea extraordinar\u0103 cerut\u0103 de opozi\u021bie. Motivul: capul de tabel. Dragnea, \u00een concediu"},"content":{"rendered":"<div class=\"entry data-app-meta data-app-meta-article\" data-embed-base-url-canonical=\"https:\/\/www.digi24.ro\/embed\/stiri\/actualitate\/politica\/opozitia-cere-sesiune-extraordinara-liviu-dragnea-pleaca-in-concediu-983698\">\n<p data-index=\"1\"><strong>Biroul Permanent al Camerei Deputa\u021bilor a respins solicitarea opozi\u021biei de convocare a unei sesiuni extraordinare \u00een care s\u0103 se analizeze cele \u00eent\u00e2mplate pe 10 august \u0219i s\u0103 se dezbat\u0103 o mo\u021biune simpl\u0103 depus\u0103 \u00eempotriva ministrului Carmen Dan. Printre motivele invocate, capul de tabel folosit \u00een solicitare \u0219i presupuse diferen\u021be \u00eentre semn\u0103turile unor deputa\u021bi. \u00cen plus, pre\u015fedintele Camerei Deputa\u0163ilor, Liviu Dragnea, a plecat \u00een concediu \u0219i \u015fi-a delegat atribu\u0163iile deputatului PSD Carmen Mih\u0103lcescu, vicepre\u015fedinte al forului legislativ.<\/strong><\/p>\n<figure class=\"article-thumb\"><img decoding=\"async\" src=\"https:\/\/analyse.optim.biz\/wp-content\/uploads\/2024\/09\/y2u2ztvinwfhzwfhzddmmmiwnwvhzwzhmjni-thumb_-1.jpg\" alt=\"180327_dragnea cruce in spate_CENTENAR_05_INQUAM_Photos_Octav_Ganea_\" data-skip-htmlfix=\"1\" title=\"y2u2ztvinwfhzwfhzddmmmiwnwvhzwzhmjni-thumb_-1\"><figcaption> Surs\u0103 foto: INQUAM PHOTOS \/ Octav Ganea <\/figcaption><\/figure>\n<p data-index=\"2\"><strong>ACTUALIZARE 15.20.<\/strong><a href=\"https:\/\/www.digi24.ro\/stiri\/actualitate\/politica\/reactia-usr-la-refuzul-psd-de-a-convoca-parlamentul-un-precedent-foarte-periculos-983759\" data-skip-linkfix=\"1\">Deputatul USR Claudiu N\u0103sui, nominalizat de \u00eenlocuitoarea temporar\u0103 a lui Liviu Dragnea, a precizat c\u0103 el a semnat solicitarea \u0219i tabelul \u0219i a acuzat majoritatea PSD-ALDE c\u0103 stabile\u0219te \u201eun precedent foarte periculos\u201d<\/a>.<\/p>\n<p data-index=\"3\"><strong>ACTUALIZARE.<\/strong> La terminarea \u0219edin\u021bei Biroului Permanent al Camerei, Carmen Mih\u0103lceanu a explicat c\u0103 solicitarea de convocare a sesiunii extraordinar\u0103, semnat\u0103 de peste 100 de deputa\u021bi ai opozi\u021biei, \u201enu \u00eentrune\u0219te toate prevederile legale \u0219i regulamentare\u201d \u0219i prezint\u0103 \u201eanumite inadverten\u021be de natur\u0103 tehnic\u0103\u201d.<\/p>\n<p data-index=\"4\">\u201eA fost depus\u0103 o solicitare de c\u0103tre liderii celor trei grupuri parlamentare &#8211; USR, PNL \u0219i PMP &#8211; pentru convocarea unei sesiuni extraordinare. Solicitarea a fost depus\u0103 mar\u021bi, pe 14 august (&#8230;) Aceasta, potrivit articollului 72 din Regulament ar fi trebuit s\u0103 fie \u00eenso\u021bit\u0103 de un proiect de hot\u0103r\u00e2re prin care s\u0103 specific\u0103m denumirea comisiilor de anchet\u0103, obiectivele acesteia. Nu mai spun c\u0103 sunt \u0219i de natur\u0103 tehnic\u0103 anumite inadverten\u021be, <strong>\u00eencep\u00e2nd cu tabelele de care s-a f\u0103cut mi\u0219to \u00eentr-adev\u0103r \u00een Biroul Permanent<\/strong>. Dar e o chestiune pe care, din c\u00e2te \u00eemi amintesc eu, fiind \u00een Parlamentul Rom\u00e2niei de at\u00e2ta vreme, a fost respectat\u0103, <strong>adic\u0103 acel cap de tabel la care noi am \u021binut \u0219i s-a f\u0103cut de fiecare dat\u0103. M\u0103 rog, poate p\u0103rea o chestiune neserioas\u0103, dar \u00een realitate nu este, este tot o procedur\u0103 pe care trebuie s\u0103 o respect\u0103m<\/strong>\u201d, a explicat deputatul PSD l\u0103sat de Liviu Dragnea pre\u0219edinte interimar al Camerei.<\/p>\n<p data-index=\"5\">Carmen Mih\u0103lcescu a invocat, ca motiv pentru respingerea solicit\u0103rii opozi\u021biei, semn\u0103turile \u201ediferite\u201d ale unor colegi. \u201e\u00cen plus,<strong> s-a constatat c\u0103 unele semn\u0103turi sunt diferite<\/strong>. Din c\u00e2te \u00eemi amintesc eu, \u0219i sunt aici la al patrulea mandat, eu nu cred ca vreodat\u0103 &#8211; \u0219i nu fac nicio acuz\u0103, pentru c\u0103 nu am competen\u021ba necesar\u0103 &#8211; s\u0103 fi semnat altfel dec\u00e2t am f\u0103cut-o p\u00e2n\u0103 acum (&#8230;) Dac\u0103 v\u0103 ve\u021bi uita pe solicitare, ve\u021bi constata c\u0103 domnul N\u0103sui (Claudiu N\u0103sui, deputat USR &#8211; n.r.) &#8211; \u0219i este doar un exemplu pe care \u00eel dau &#8211; are \u00eens\u0103 o semn\u0103tur\u0103 diferit\u0103 pe solicitarea trimis\u0103 c\u0103tre Biroul Permanent \u0219i pe tabel. Noi nu avem competen\u021ba necesar\u0103 s\u0103 stabilim, s\u0103 facem vreo expertiz\u0103 grafologic\u0103 \u00eens\u0103 toate aceste lucruri loate la un loc (&#8230;) \u00eenseamn\u0103 practic c\u0103 Regulamentul nu a fost respectat, motiv pentru care aceast\u0103 sesiune extrordinar\u0103 nu poate fi convocat\u0103\u201d, a spus deputatul PSD.<\/p>\n<p data-index=\"6\">\u00cenlocuitoarea lui Dragnea a explicat jurnali\u0219tilor c\u0103 suspiciunile privind semn\u0103turile s-au n\u0103scut dup\u0103 ce \u201es\u0103pt\u0103m\u00e2na trecut\u0103, colegii de la cabinet, \u00eent\u00e2mpl\u0103tor, fiind pe re\u021belele de socializare, au constatat c\u0103 unii colegi care erau semnatari ai tabelului cu convocarea sesiunii extraordinare practic nu aveau fizic cum s\u0103 o fac\u0103\u201d, fiind pleca\u021bi din \u021bar\u0103.<\/p>\n<p data-index=\"7\">Totu\u0219i, Carmen Mih\u0103lcescu sus\u021bine c\u0103 PSD \u00ee\u0219i dore\u0219te convocarea unei sesiuni extraordinare. \u201eAsta nu ar fi o problem\u0103, este un proces absolut normal\u201d, a spus aceasta.<\/p>\n<p data-index=\"8\"><strong>\u00centrebat\u0103 dac\u0103 parlamentarii PSD vor cere ei convocarea unei sesiuni extraordinare, dac\u0103 tot \u0219i-o dore\u0219te partidul, Mih\u0103lcescu a r\u0103spuns: \u201eEste o chestiune pe care va trebui s\u0103 o stabilim \u00eempreun\u0103\u201d<\/strong>.<\/p>\n<p data-index=\"9\">&#8212;&#8211;<\/p>\n<p data-index=\"10\">\u201ePNL a solicitat convocarea unei sesiuni extraordinare a Camerei (20 &#8211; 24 august), solicitarea fiind semnat\u0103 de 114 deputa\u0163i (PNL, USR \u015fi PMP &#8211; n.r.) \u00een data de 14 august. Domnul pre\u015fedinte al Camerei Deputa\u0163ilor, Liviu Dragnea, avea obliga\u0163ia s\u0103 convoace o sesiune extraordinar\u0103 conform prevederilor regulamentului. Nu a f\u0103cut-o, ba mai mult, ast\u0103zi, \u00ee\u015fi deleag\u0103 atribu\u0163iile doamnei Mih\u0103lcescu \u015fi suntem anun\u0163a\u0163i c\u0103 se face o \u015fedin\u0163\u0103 de Birou permanent. Noi credem c\u0103 PSD \u015fi Liviu Dragnea \u00eencearc\u0103 s\u0103 \u00eempiedice convocarea unei sesiuni extraordinare a Camerei pentru c\u0103 din ac\u0163iunile pe care le-a desf\u0103\u015furat nu a dorit, practic, convocarea. Obliga\u0163ia convoc\u0103rii revine pre\u015fedintelui la solicitarea unei treimi dintre deputa\u0163i, formularea fiind absolut regulamentar\u0103. (&#8230;) Dragnea a c\u0103lcat \u00een picioare Regulamentul \u015fi continu\u0103 s\u0103 se comporte, a\u015fa cum ne-a obi\u015fnuit p\u00e2n\u0103 acum, ca pe mo\u015fia PSD\u201d, a spus V\u00eelceanu la Parlament.<\/p>\n<p> Biroul permanent al Camerei Deputa\u0163ilor este \u00een desf\u0103\u015furare, pe ordinea de zi afl\u00e2ndu-se solicitarea PNL, USR \u015fi PMP de convocare a unei sesiuni extraordinare a Camerei Deputa\u0163ilor \u00een perioada 20-24 august.<\/p>\n<p> V\u00eelceanu a ad\u0103ugat c\u0103 pentru sesiunea extraordinar\u0103, Opozi\u0163ia a cerut constituirea unei comisii de anchet\u0103 privind evenimentele din 10 august din Pia\u0163a Victoriei \u015fi o mo\u0163iune simpl\u0103 \u00eempotriva ministrului de Interne, Carmen Dan.\u00a0<\/p>\n<\/div>\n<p> Source URL: https:\/\/www.digi24.ro\/stiri\/actualitate\/politica\/opozitia-cere-sesiune-extraordinara-liviu-dragnea-pleaca-in-concediu-983698<\/p>\n","protected":false},"excerpt":{"rendered":"<p>Biroul Permanent al Camerei Deputa\u021bilor a respins solicitarea opozi\u021biei de convocare a unei sesiuni extraordinare \u00een care s\u0103 se analizeze cele \u00eent\u00e2mplate pe 10 august \u0219i s\u0103 se dezbat\u0103 o mo\u021biune simpl\u0103 depus\u0103 \u00eempotriva ministrului Carmen Dan. Printre motivele invocate, capul de tabel folosit \u00een solicitare \u0219i presupuse diferen\u021be \u00eentre semn\u0103turile unor deputa\u021bi. \u00cen plus, [&hellip;]<\/p>\n","protected":false},"author":1,"featured_media":110507,"comment_status":"open","ping_status":"","sticky":false,"template":"","format":"standard","meta":{"footnotes":""},"categories":[2],"tags":[11],"class_list":["post-110506","post","type-post","status-publish","format-standard","has-post-thumbnail","hentry","category-politics","tag-digi24"],"_links":{"self":[{"href":"https:\/\/analyse.optim.biz\/index.php?rest_route=\/wp\/v2\/posts\/110506","targetHints":{"allow":["GET"]}}],"collection":[{"href":"https:\/\/analyse.optim.biz\/index.php?rest_route=\/wp\/v2\/posts"}],"about":[{"href":"https:\/\/analyse.optim.biz\/index.php?rest_route=\/wp\/v2\/types\/post"}],"author":[{"embeddable":true,"href":"https:\/\/analyse.optim.biz\/index.php?rest_route=\/wp\/v2\/users\/1"}],"replies":[{"embeddable":true,"href":"https:\/\/analyse.optim.biz\/index.php?rest_route=%2Fwp%2Fv2%2Fcomments&post=110506"}],"version-history":[{"count":0,"href":"https:\/\/analyse.optim.biz\/index.php?rest_route=\/wp\/v2\/posts\/110506\/revisions"}],"wp:featuredmedia":[{"embeddable":true,"href":"https:\/\/analyse.optim.biz\/index.php?rest_route=\/wp\/v2\/media\/110507"}],"wp:attachment":[{"href":"https:\/\/analyse.optim.biz\/index.php?rest_route=%2Fwp%2Fv2%2Fmedia&parent=110506"}],"wp:term":[{"taxonomy":"category","embeddable":true,"href":"https:\/\/analyse.optim.biz\/index.php?rest_route=%2Fwp%2Fv2%2Fcategories&post=110506"},{"taxonomy":"post_tag","embeddable":true,"href":"https:\/\/analyse.optim.biz\/index.php?rest_route=%2Fwp%2Fv2%2Ftags&post=110506"}],"curies":[{"name":"wp","href":"https:\/\/api.w.org\/{rel}","templated":true}]}}