{"id":110503,"date":"2018-08-20T15:01:40","date_gmt":"2018-08-20T12:01:40","guid":{"rendered":"https:\/\/analyse.optim.biz\/?p=110503"},"modified":"2018-08-20T15:01:40","modified_gmt":"2018-08-20T12:01:40","slug":"usr-cere-declasificarea-raportului-prezentat-de-carmen-dan-in-24-de-ore","status":"publish","type":"post","link":"https:\/\/analyse.optim.biz\/?p=110503","title":{"rendered":"USR cere declasificarea raportului prezentat de Carmen Dan, \u00een 24 de ore"},"content":{"rendered":"<div class=\"entry data-app-meta data-app-meta-article\" data-embed-base-url-canonical=\"https:\/\/www.digi24.ro\/embed\/stiri\/actualitate\/politica\/usr-cere-declasificarea-raportului-prezentat-de-carmen-dan-in-24-de-ore-983748\">\n<figure class=\"article-thumb\"><img decoding=\"async\" src=\"https:\/\/analyse.optim.biz\/wp-content\/uploads\/2024\/09\/mcz6yz0xjmhhc2g9mtvkodaxzja1nzk4ngzizmuzzmyzmdywnja4otg2ndy-thumb_-1.jpg\" alt=\"carmen dan inquam octav ganea.jpeg 2\" data-skip-htmlfix=\"1\" title=\"mcz6yz0xjmhhc2g9mtvkodaxzja1nzk4ngzizmuzzmyzmdywnja4otg2ndy-thumb_-1\"><figcaption> Surs\u0103 foto: INQUAM PHOTOS \/ Octav Ganea <\/figcaption><\/figure>\n<p data-index=\"1\"><strong>USR cere declasificarea raportului prezentat de ministrul de Interne, Carmen Dan, \u00een termen de 24 de ore, spun\u00e2nd c\u0103 \u00een caz contrar va ataca decizia \u00een instan\u0163\u0103. USR mai spune c\u0103 ministrul de Interne a fugit de la conferin\u0163a de pres\u0103 de duminic\u0103 ca s\u0103 nu r\u0103spund\u0103 la \u00eentreb\u0103rile jurnali\u015ftilor, dar va fi obligat\u0103 s\u0103 r\u0103spund\u0103, mar\u0163i, \u00een fa\u0163a comisiei de ap\u0103rare din Parlament.<\/strong><\/p>\n<p data-index=\"2\">USR spune c\u0103 ministrul va trebui s\u0103 r\u0103spund\u0103 \u00een fa\u0163a comisiei de ap\u0103rare din Parlament de ce \u015fi-a \u00eentrerupt concediul \u015fi a fost la sediul MAI \u00een seara de 10 august, dac\u0103 nu a influen\u0163at \u00een niciun fel \u00een interven\u0163ia Jandarmeriei, dac\u0103 unit\u0103\u0163ile teritoriale ale Jandarmeriei se disloc\u0103 la ordinul Ministrului de Interne, dac\u0103 a dat ordinul pentru deplasarea la Bucure\u015fti a unit\u0103\u0163ilor din Dolj\u00a0\u015fi Prahova \u015fi din alte dou\u0103 jude\u0163e., iar dac\u0103 da, de ce.<\/p>\n<p data-index=\"3\">Reprezentan\u0163ii USR mai spun c\u0103 ministrul de Interne trebuie s\u0103 spun\u0103 \u015fi dac\u0103 a\u00a0avut \u00een seara de 10 august convorbiri\/mesaje \u00een orice form\u0103 cu Cazan, Sindile, Paraschiv, dac\u0103 s-a \u00eentrunit, chiar \u015fi informal, un comitet operativ pentru mitingul din 10 august \u015fi cine a decis clasificarea ca secret de serviciu a raportului \u015fi de ce dac\u0103 informa\u0163iile de la serviciile de informa\u0163ii erau doar generalit\u0103\u0163i.<\/p>\n<p data-index=\"4\">USR cere declasificarea de urgen\u0163\u0103 a raportului prezentat de Carmen Dan, \u00een termen de 24 de ore, spun\u00e2nd c\u0103 \u00een caz contrar va ataca decizia \u00een instan\u0163\u0103.<\/p>\n<p data-index=\"5\">Cei care acuz\u0103 modul \u00een care s-a desf\u0103\u015furat mitingul din 10 august din Pia\u0163a Victoriei \u015fi interven\u0163ia \u00een for\u0163\u0103 a jandarmilor pentru restabilirea ordinii trebuie s\u0103 accepte c\u0103 acestea au fost determinate de ac\u0163iunile violente ale unora dintre protestatari, a sus\u0163inut ministrul Afacerilor Interne, Carmen Dan. Ea a prezentat duminic\u0103, \u00eentr-o declara\u0163ie de pres\u0103, cronologia protestului din 10 august, c\u00e2nd au avut loc incidente violente \u00eentre protestatari \u015fi for\u0163ele de ordine, \u00een urma c\u0103rora sute de persoane au avut nevoie de \u00eengrijiri medicale, \u015fi a atras aten\u0163ia c\u0103 protestatarii pa\u015fnici au avut de suferit inclusiv din cauza faptului c\u0103 au fost \u201ereticen\u0163i\u201d \u00een a se delimita de manifestan\u0163ii violen\u0163i.<\/p>\n<p data-index=\"6\">Carmen Dan\u00a0a prezentat duminic\u0103 date din raportul privind violen\u0163ele din 10 august din Pia\u0163a Victoriei, din care rezult\u0103 c\u0103 au fost deschise 21 de dosare penale, trei cu autor necunoscut, fiind identificate cinci cazuri de abuzuri \u00eempotriva unor persoane care nu erau vioente. Ministrul a cerut scuze tuturor celor care au avut de suferit \u00een urma evenimentelor.<\/p>\n<p data-index=\"7\">Sursa: news.ro<\/p>\n<\/div>\n<p> Source URL: https:\/\/www.digi24.ro\/stiri\/actualitate\/politica\/usr-cere-declasificarea-raportului-prezentat-de-carmen-dan-in-24-de-ore-983748<\/p>\n","protected":false},"excerpt":{"rendered":"<p>Surs\u0103 foto: INQUAM PHOTOS \/ Octav Ganea USR cere declasificarea raportului prezentat de ministrul de Interne, Carmen Dan, \u00een termen de 24 de ore, spun\u00e2nd c\u0103 \u00een caz contrar va ataca decizia \u00een instan\u0163\u0103. USR mai spune c\u0103 ministrul de Interne a fugit de la conferin\u0163a de pres\u0103 de duminic\u0103 ca s\u0103 nu r\u0103spund\u0103 la [&hellip;]<\/p>\n","protected":false},"author":1,"featured_media":110504,"comment_status":"open","ping_status":"","sticky":false,"template":"","format":"standard","meta":{"footnotes":""},"categories":[2],"tags":[11],"class_list":["post-110503","post","type-post","status-publish","format-standard","has-post-thumbnail","hentry","category-politics","tag-digi24"],"_links":{"self":[{"href":"https:\/\/analyse.optim.biz\/index.php?rest_route=\/wp\/v2\/posts\/110503","targetHints":{"allow":["GET"]}}],"collection":[{"href":"https:\/\/analyse.optim.biz\/index.php?rest_route=\/wp\/v2\/posts"}],"about":[{"href":"https:\/\/analyse.optim.biz\/index.php?rest_route=\/wp\/v2\/types\/post"}],"author":[{"embeddable":true,"href":"https:\/\/analyse.optim.biz\/index.php?rest_route=\/wp\/v2\/users\/1"}],"replies":[{"embeddable":true,"href":"https:\/\/analyse.optim.biz\/index.php?rest_route=%2Fwp%2Fv2%2Fcomments&post=110503"}],"version-history":[{"count":0,"href":"https:\/\/analyse.optim.biz\/index.php?rest_route=\/wp\/v2\/posts\/110503\/revisions"}],"wp:featuredmedia":[{"embeddable":true,"href":"https:\/\/analyse.optim.biz\/index.php?rest_route=\/wp\/v2\/media\/110504"}],"wp:attachment":[{"href":"https:\/\/analyse.optim.biz\/index.php?rest_route=%2Fwp%2Fv2%2Fmedia&parent=110503"}],"wp:term":[{"taxonomy":"category","embeddable":true,"href":"https:\/\/analyse.optim.biz\/index.php?rest_route=%2Fwp%2Fv2%2Fcategories&post=110503"},{"taxonomy":"post_tag","embeddable":true,"href":"https:\/\/analyse.optim.biz\/index.php?rest_route=%2Fwp%2Fv2%2Ftags&post=110503"}],"curies":[{"name":"wp","href":"https:\/\/api.w.org\/{rel}","templated":true}]}}