{"id":110500,"date":"2018-08-20T15:11:59","date_gmt":"2018-08-20T12:11:59","guid":{"rendered":"https:\/\/analyse.optim.biz\/?p=110500"},"modified":"2018-08-20T15:11:59","modified_gmt":"2018-08-20T12:11:59","slug":"reactia-usr-la-refuzul-psd-de-a-convoca-parlamentul-un-precedent-foarte-periculos","status":"publish","type":"post","link":"https:\/\/analyse.optim.biz\/?p=110500","title":{"rendered":"Reac\u021bia USR la refuzul PSD de a convoca Parlamentul: \u201eUn precedent foarte periculos\u201d"},"content":{"rendered":"<div class=\"entry data-app-meta data-app-meta-article\" data-embed-base-url-canonical=\"https:\/\/www.digi24.ro\/embed\/stiri\/actualitate\/politica\/reactia-usr-la-refuzul-psd-de-a-convoca-parlamentul-un-precedent-foarte-periculos-983759\">\n<p data-index=\"1\"><strong>Claudiu N\u0103sui, deputat USR \u0219i <a href=\"https:\/\/www.digi24.ro\/stiri\/actualitate\/politica\/opozitia-cere-sesiune-extraordinara-liviu-dragnea-pleaca-in-concediu-983698\" data-skip-linkfix=\"1\">unul dintre parlamentarii al c\u0103ror nume a fost invocat explicit de \u00eenlocuitoarea lui Liviu Dragnea pentru a justifica respingerea solicit\u0103rii de convocare a unei sesiune extraordinare<\/a>, precizeaz\u0103 c\u0103 nu a semnat nimeni \u00een locul s\u0103u \u0219i c\u0103 social-democra\u021bii stabilesc \u201eun precedent foarte periculos\u201d. \u201ePractic, ei, de la sine putere, au decis s\u0103 nu recunoasc\u0103 unele semn\u0103turi\u201d, a ar\u0103tat N\u0103sui.<\/strong><\/p>\n<p data-index=\"2\"><img loading=\"lazy\" decoding=\"async\" class=\"alignnone size-full wp-image-983760\" src=\"https:\/\/analyse.optim.biz\/wp-content\/uploads\/2024\/09\/mczoyxnopti1mdjingu2ngm3yjezmzdlndayodi2owvlmje1nmqy-thumb_.jpg\" width=\"690\" height=\"382\" data-skip-htmlfix=\"1\" title=\"mczoyxnopti1mdjingu2ngm3yjezmzdlndayodi2owvlmje1nmqy-thumb_\"><\/p>\n<p data-index=\"3\">\u201e<strong>Nu a semnat nimeni \u00een locul meu. Eu am semnat, este semn\u0103tura mea \u00een ambele locuri<\/strong>. Faptul c\u0103 coali\u021bia de guvernare recurge acum la tactici at\u00e2t de puerile \u00eenc\u00e2t s\u0103 nu recunoasc\u0103 semn\u0103turile opozi\u021biei arat\u0103 disperarea care exist\u0103 \u00een tab\u0103ra d\u00e2n\u0219ilor \u0219i arat\u0103 o strategie pe care d\u00e2n\u0219ii o adopt\u0103. Au adoptat-o \u0219i cu protestele din 10 august, o adopt\u0103 \u0219i acuma \u0219i strategia este c\u0103 ofensiva este cea mai bun\u0103 ap\u0103rare. Adic\u0103, ei comit abuzuri, ei au aceste probleme penale pe care le vedem o \u021bar\u0103 \u00eentreag\u0103, ei comit sau ordon\u0103 s\u0103 se comit\u0103 abuzurile pe care le-am v\u0103zut \u0219i pe 10 august \u0219i, \u00een schimb, retorica \u0219i tehnica de comunicare este s\u0103 acuze opozi\u021bia sau pe altcineva\u201d, a declarat Claudiu N\u0103sui, dup\u0103 \u0219edin\u021ba \u00een care majoritatea PSD-ALDE a decis respingerea solicit\u0103rii opozi\u021biei de convocare a unei sesiuni extraordinare \u00een care s\u0103 fie \u00eenfiin\u021bat\u0103 o comisie parlamentar\u0103 de anchet\u0103 pentru violen\u021bele din 10 august.<\/p>\n<p data-index=\"4\">\u201eAvem o putere care refuz\u0103 s\u0103-\u0219i asume propriile gre\u0219eli \u0219i <strong>ceea ce s-a \u00eent\u00e2mplat stabile\u0219te un precedent foarte periculos \u00een istoria parlamentarismului rom\u00e2nesc \u0219i anume Biroul Permanent nu recunoa\u0219te semn\u0103turi<\/strong>. Deci, practic, ei, de la sine putere, au decis s\u0103 nu recunoasc\u0103 unele semn\u0103turi \u0219i culmea, nu o recunosc pe a mea, adic\u0103 a persoanei care este de fa\u021b\u0103 cu ei\u201d, a mai spus deputatul USR.<\/p>\n<p data-index=\"5\">Solicitarea f\u0103cut\u0103 de partidele din opozi\u0163ie pentru convocarea Camerei Deputa\u0163ilor \u00een sesiune extraordinar\u0103 a fost respins\u0103 \u00een \u015fedin\u0163a Biroului Permanent care a avut loc luni, a anun\u021bat vicepre\u015fedintele Camerei Deputa\u0163ilor, Carmen Mih\u0103lcescu, c\u0103reia Liviu Dragnea i-a delegat atribu\u0163iile \u00een perioada \u00een care el este \u00een concediu. <a href=\"https:\/\/www.digi24.ro\/stiri\/actualitate\/politica\/opozitia-cere-sesiune-extraordinara-liviu-dragnea-pleaca-in-concediu-983698\" data-skip-linkfix=\"1\">Printre motivele invocate de reprezentanta PSD: capul de tabel la lista de semn\u0103turi \u0219i existen\u021ba unor diferen\u021be la unele semn\u0103turi \u00eentre varianta de pe tabel \u0219i varianta de pe solicitare.<\/a><\/p>\n<\/div>\n<p> Source URL: https:\/\/www.digi24.ro\/stiri\/actualitate\/politica\/reactia-usr-la-refuzul-psd-de-a-convoca-parlamentul-un-precedent-foarte-periculos-983759<\/p>\n","protected":false},"excerpt":{"rendered":"<p>Claudiu N\u0103sui, deputat USR \u0219i unul dintre parlamentarii al c\u0103ror nume a fost invocat explicit de \u00eenlocuitoarea lui Liviu Dragnea pentru a justifica respingerea solicit\u0103rii de convocare a unei sesiune extraordinare, precizeaz\u0103 c\u0103 nu a semnat nimeni \u00een locul s\u0103u \u0219i c\u0103 social-democra\u021bii stabilesc \u201eun precedent foarte periculos\u201d. \u201ePractic, ei, de la sine putere, au [&hellip;]<\/p>\n","protected":false},"author":1,"featured_media":110501,"comment_status":"open","ping_status":"","sticky":false,"template":"","format":"standard","meta":{"footnotes":""},"categories":[2],"tags":[11],"class_list":["post-110500","post","type-post","status-publish","format-standard","has-post-thumbnail","hentry","category-politics","tag-digi24"],"_links":{"self":[{"href":"https:\/\/analyse.optim.biz\/index.php?rest_route=\/wp\/v2\/posts\/110500","targetHints":{"allow":["GET"]}}],"collection":[{"href":"https:\/\/analyse.optim.biz\/index.php?rest_route=\/wp\/v2\/posts"}],"about":[{"href":"https:\/\/analyse.optim.biz\/index.php?rest_route=\/wp\/v2\/types\/post"}],"author":[{"embeddable":true,"href":"https:\/\/analyse.optim.biz\/index.php?rest_route=\/wp\/v2\/users\/1"}],"replies":[{"embeddable":true,"href":"https:\/\/analyse.optim.biz\/index.php?rest_route=%2Fwp%2Fv2%2Fcomments&post=110500"}],"version-history":[{"count":0,"href":"https:\/\/analyse.optim.biz\/index.php?rest_route=\/wp\/v2\/posts\/110500\/revisions"}],"wp:featuredmedia":[{"embeddable":true,"href":"https:\/\/analyse.optim.biz\/index.php?rest_route=\/wp\/v2\/media\/110501"}],"wp:attachment":[{"href":"https:\/\/analyse.optim.biz\/index.php?rest_route=%2Fwp%2Fv2%2Fmedia&parent=110500"}],"wp:term":[{"taxonomy":"category","embeddable":true,"href":"https:\/\/analyse.optim.biz\/index.php?rest_route=%2Fwp%2Fv2%2Fcategories&post=110500"},{"taxonomy":"post_tag","embeddable":true,"href":"https:\/\/analyse.optim.biz\/index.php?rest_route=%2Fwp%2Fv2%2Ftags&post=110500"}],"curies":[{"name":"wp","href":"https:\/\/api.w.org\/{rel}","templated":true}]}}