{"id":110497,"date":"2018-08-20T15:34:21","date_gmt":"2018-08-20T12:34:21","guid":{"rendered":"https:\/\/analyse.optim.biz\/?p=110497"},"modified":"2018-08-20T15:34:21","modified_gmt":"2018-08-20T12:34:21","slug":"andronescu-insista-guvernul-dancila-cel-mai-slab-din-istoria-psd","status":"publish","type":"post","link":"https:\/\/analyse.optim.biz\/?p=110497","title":{"rendered":"Andronescu insist\u0103: Guvernul D\u0103ncil\u0103 cel mai slab din istoria PSD"},"content":{"rendered":"<div class=\"entry data-app-meta data-app-meta-article\" data-embed-base-url-canonical=\"https:\/\/www.digi24.ro\/embed\/stiri\/actualitate\/politica\/andronescu-insista-guvernul-dancila-cel-mai-slab-din-istoria-psd-983773\">\n<p data-index=\"1\"><strong>PSD poate s\u0103 dea guverne mult mai performante, acesta fiind al doilea motiv al scrisorii prin care a cerut zilele trecute demisia conducerii partidului, a declarat luni, la <a href=\"https:\/\/adevarul.ro\/news\/politica\/disidenta-ecaterina-andronescu-adevarul-live-ora-1400-reactionat-psd-atacul-dragnea-1_5b7a87dbdf52022f7596894d\/index.html\" data-skip-linkfix=\"1\">Adev\u0103rul live<\/a>, senatoarea PSD Ecaterina Andronescu. R\u0103spunsul a fost formulat de reprezentanta PSD fiind \u00eentrebat\u0103 dac\u0103 se simte reprezentat\u0103 de premierul Viorica D\u0103ncil\u0103.<\/strong><\/p>\n<figure class=\"article-thumb\"><img decoding=\"async\" src=\"https:\/\/analyse.optim.biz\/wp-content\/uploads\/2024\/09\/jnpjptemagfzad1lzmy3ndiwzdvmztlmotbmowrlyzm2mzm0n2zmnjjkyw-thumb_.jpg\" alt=\"171018_ECATERINA_ANDRONESCU_DNA_07_INQUAM_Photos_Octav_Ganea\" data-skip-htmlfix=\"1\" title=\"jnpjptemagfzad1lzmy3ndiwzdvmztlmotbmowrlyzm2mzm0n2zmnjjkyw-thumb_\"><figcaption> Surs\u0103 foto: INQUAM PHOTOS \/ Octav Ganea <\/figcaption><\/figure>\n<p data-index=\"2\">\u201eCred c\u0103 PSD poate s\u0103 dea guverne mult mai performante \u015fi de aceea cred c\u0103 trebuie cu toat\u0103 sinceritatea s\u0103 discut\u0103m aceste lucruri. N-am criticat guvernul, mi-a repro\u015fat un coleg de la Sibiu c\u0103 am criticat Guvernul, nu, cred c\u0103 trebuie s\u0103 facem un guvern mai performant\u201d, a ad\u0103ugat Andronescu.<\/p>\n<p> Chestionat\u0103 dac\u0103 acest guvern este cel mai slab din istoria PSD, senatoarea PSD a r\u0103spuns afirmativ. \u201e<strong>Cred c\u0103 da. Dac\u0103 m\u0103 uit a\u015fa pu\u0163in \u00een istorie, v\u0103 dau dreptate<\/strong>. Dac\u0103 PSD n-ar avea oameni cu care s\u0103 ias\u0103 \u00eentr-un guvern performant, n-a\u015f fi reac\u0163ionat, dar eu \u015ftiu c\u0103 exist\u0103 asemenea oameni cu \u015ftiin\u0163\u0103 mult\u0103 de carte cu dorin\u0163a de a l\u0103sa ceva \u00een urma lor. Nu te duci ca prim ministru s\u0103-\u0163i pui o coroan\u0103 de lauri pe frunte, te duci ca s\u0103 la\u015fi ceva \u00een urm\u0103\u201d.<\/p>\n<p> Ecaterina Andronescu nu a dorit s\u0103 avanseze nume posibile de viitori premieri: \u201e\u00cemi vin mai multe nume \u00een minte. Dar nu vreau s\u0103 creez o discu\u0163ie \u015fi o disput\u0103 \u00een partid\u201d.<\/p>\n<p> \u00cen opinia sa, dac\u0103 cineva spune c\u0103 ceva nu merge \u201enu trebuie aruncat la gunoi\u201d. \u201eCred c\u0103 trebuie \u00eencercat\u0103 o dezbatere, astfel \u00eenc\u00e2t s\u0103 mergem pe solu\u0163ii\u201d, a mai spus fostul ministru PSD.<\/p>\n<p> Senatoarea social-democrat\u0103 a subliniat c\u0103 scrisoarea sa nu se dore\u015fte a fi un atac la adresa PSD, ci o dorin\u0163\u0103 de dialog \u00een forurile de conducere.<\/p>\n<p><a href=\"https:\/\/www.digi24.ro\/stiri\/actualitate\/politica\/primul-lider-psd-care-ii-cere-demisia-lui-liviu-dragnea-980645\" data-skip-linkfix=\"1\">Printr-o scrisoarea deschis\u0103, Ecaterina Andronescu, fost ministru al Educa\u021biei \u0219i fost lider al PSD Bucure\u0219ti, \u00een prezent marginalizat\u0103 \u00een partid, i-a cerut mar\u021bi liderului PSD, Liviu Dragnea, s\u0103 fac\u0103 un pas \u00een spate \u0219i s\u0103 se retrag\u0103 din fruntea Partidului Social Democrat<\/a>.\u00a0Ea a invocat \u201ebinele Rom\u00e2niei\u201d \u0219i \u201ebinele PSD-ului\u201d.\u00a0\u201eDac\u0103 lucrurile acestea nu se vor \u00eent\u00e2mpla acum, urgent, vom pierde guvernarea, iar noi ca partid vom ajunge la dezastru\u201d, a scris senatoarea PSD.<\/p>\n<p data-index=\"3\">Ca urmare a scrisorii deschise, primarul sectorului 5, Daniel Florea, lider al organiza\u0163iei de sector a PSD, s-a declarat \u201eprofund m\u00e2hnit \u015fi revoltat\u201d c\u0103 Ecaterina Andronescu a ajuns \u201eo portavoce a adversarilor politici\u201d ai PSD \u015fi a spus c\u0103 nu \u00een\u0163elege cum aceasta \u00eel atac\u0103 pe liderul PSD, Liviu Dragnea, exact \u00een modalitatea descris\u0103 luni sear\u0103 de Klaus Iohannis. El i-a transmis Ecaterinei Andronescu, fost vicepre\u015fedinte PSD, fost pre\u015fedinte PSD Bucure\u015fti, fost ministru PSD \u015fi fost num\u0103rul unu pe lista senatorilor PSD Bucure\u015fti, c\u0103 ast\u0103zi a demonstrat de ce este \u201eun fost\u201d.<\/p>\n<p data-index=\"4\">La r\u00e2ndul s\u0103u,\u00a0<a href=\"https:\/\/www.digi24.ro\/stiri\/actualitate\/politica\/liviu-pop-a-numit-o-sorosista-pe-ecaterina-andronescu-981131\" data-skip-linkfix=\"1\">f<\/a><span lang=\"ro-RO\"><a href=\"https:\/\/www.digi24.ro\/stiri\/actualitate\/politica\/liviu-pop-a-numit-o-sorosista-pe-ecaterina-andronescu-981131\" data-skip-linkfix=\"1\">ostul ministru al Educa\u0163iei Liviu Pop a invocat aceea\u0219i cre\u0219tere economic\u0103 record pentru a ar\u0103ta c\u0103 \u201ee ridicol cum doamna Andronescu avertizeaz\u0103 asupra unui a\u015fa-zis dezastru pentru \u0163ar\u0103 \u015fi partid\u201d<\/a>. \u201eCe motive reale sunt pentru ca acest guvern performant s\u0103 fie \u00eenlocuit? Pentru c\u0103 a\u015fa vor soro\u015fi\u015ftii \u015fi exponen\u0163ii sistemului ocult de putere, incapabili s\u0103 ob\u0163in\u0103 legitimitatea \u015fi \u00eencrederea rom\u00e2nilor prin vot democratic?\u201d, a conchis Liviu Pop.<\/span><\/p>\n<p data-index=\"5\">De asemenea, <a href=\"https:\/\/www.digi24.ro\/stiri\/actualitate\/politica\/psd-sibiu-o-acuza-pe-ecaterina-andronescu-ca-urmeaza-ordinele-lui-klaus-iohannis-981214\" data-skip-linkfix=\"1\">filiala PSD Sibiu, condus\u0103 de ministrul Bogdan Trif, a acuzat-o pe Ecaterina Andronescu, \u00een urma scrisorii deschise trimise de aceasta, c\u0103 \u201ea procedat mi\u0219ele\u0219te\u201d \u0219i c\u0103 \u201ea r\u0103spuns imediat ordinelor din \u00eenregistrarea lui Werner Iohannis\u201d<\/a>.<\/p>\n<\/div>\n<p> Source URL: https:\/\/www.digi24.ro\/stiri\/actualitate\/politica\/andronescu-insista-guvernul-dancila-cel-mai-slab-din-istoria-psd-983773<\/p>\n","protected":false},"excerpt":{"rendered":"<p>PSD poate s\u0103 dea guverne mult mai performante, acesta fiind al doilea motiv al scrisorii prin care a cerut zilele trecute demisia conducerii partidului, a declarat luni, la Adev\u0103rul live, senatoarea PSD Ecaterina Andronescu. R\u0103spunsul a fost formulat de reprezentanta PSD fiind \u00eentrebat\u0103 dac\u0103 se simte reprezentat\u0103 de premierul Viorica D\u0103ncil\u0103. Surs\u0103 foto: INQUAM PHOTOS [&hellip;]<\/p>\n","protected":false},"author":1,"featured_media":110498,"comment_status":"open","ping_status":"","sticky":false,"template":"","format":"standard","meta":{"footnotes":""},"categories":[2],"tags":[11],"class_list":["post-110497","post","type-post","status-publish","format-standard","has-post-thumbnail","hentry","category-politics","tag-digi24"],"_links":{"self":[{"href":"https:\/\/analyse.optim.biz\/index.php?rest_route=\/wp\/v2\/posts\/110497","targetHints":{"allow":["GET"]}}],"collection":[{"href":"https:\/\/analyse.optim.biz\/index.php?rest_route=\/wp\/v2\/posts"}],"about":[{"href":"https:\/\/analyse.optim.biz\/index.php?rest_route=\/wp\/v2\/types\/post"}],"author":[{"embeddable":true,"href":"https:\/\/analyse.optim.biz\/index.php?rest_route=\/wp\/v2\/users\/1"}],"replies":[{"embeddable":true,"href":"https:\/\/analyse.optim.biz\/index.php?rest_route=%2Fwp%2Fv2%2Fcomments&post=110497"}],"version-history":[{"count":0,"href":"https:\/\/analyse.optim.biz\/index.php?rest_route=\/wp\/v2\/posts\/110497\/revisions"}],"wp:featuredmedia":[{"embeddable":true,"href":"https:\/\/analyse.optim.biz\/index.php?rest_route=\/wp\/v2\/media\/110498"}],"wp:attachment":[{"href":"https:\/\/analyse.optim.biz\/index.php?rest_route=%2Fwp%2Fv2%2Fmedia&parent=110497"}],"wp:term":[{"taxonomy":"category","embeddable":true,"href":"https:\/\/analyse.optim.biz\/index.php?rest_route=%2Fwp%2Fv2%2Fcategories&post=110497"},{"taxonomy":"post_tag","embeddable":true,"href":"https:\/\/analyse.optim.biz\/index.php?rest_route=%2Fwp%2Fv2%2Ftags&post=110497"}],"curies":[{"name":"wp","href":"https:\/\/api.w.org\/{rel}","templated":true}]}}