{"id":1104969,"date":"2025-12-10T16:46:30","date_gmt":"2025-12-10T13:46:30","guid":{"rendered":"https:\/\/analyse.optim.biz\/?p=1104969"},"modified":"2025-12-10T16:46:30","modified_gmt":"2025-12-10T13:46:30","slug":"muzeul-vrancei-ne-invita-la-o-noua-editie-a-salonului-de-grafica-satirica-milcoveritas-jurnal-de-vrancea-stiri-din-vrancea-si-focsani","status":"publish","type":"post","link":"https:\/\/analyse.optim.biz\/?p=1104969","title":{"rendered":"Muzeul Vrancei ne invit\u0103 la o nou\u0103 edi\u021bie a \u00a0Salonului de Grafic\u0103 Satiric\u0103 MILCOVERITAS | Jurnal de Vrancea &#8211; Stiri din Vrancea si Focsani"},"content":{"rendered":"<article id=\"template-id-121345\" class=\"post-121345 tdb_templates type-tdb_templates status-publish post\">\n<div id=\"tdi_73\" class=\"tdc-zone\">\n<div class=\"tdc_zone tdi_74  wpb_row td-pb-row\">\n<div id=\"tdi_75\" class=\"tdc-row\">\n<div class=\"vc_row tdi_76  wpb_row td-pb-row\">\n<div class=\"vc_column tdi_78  wpb_column vc_column_container tdc-column td-pb-span12\">\n<div class=\"wpb_wrapper\">\n<div class=\"td_block_wrap td-a-rec td-a-rec-id-custom-spot td-a-rec-img tdi_79 td_block_template_1\">\n<div><a href target=\"blank\" class=\"td_spot_img_all\"><img loading=\"lazy\" decoding=\"async\" src=\"https:\/\/analyse.optim.biz\/wp-content\/uploads\/2025\/12\/banner-aurora-multimarket-1200x200px-33.jpg\" alt=\"spot_img\" width=\"1200\" height=\"200\" title=\"banner-aurora-multimarket-1200x200px-33\"><\/a><a href target=\"blank\" class=\"td_spot_img_mob\"><img loading=\"lazy\" decoding=\"async\" src=\"https:\/\/analyse.optim.biz\/wp-content\/uploads\/2025\/12\/banner-aurora-multimarket-350x350px-37.jpg\" alt=\"spot_img\" width=\"300\" height=\"350\" title=\"banner-aurora-multimarket-350x350px-37\"><\/a><\/div>\n<\/div>\n<\/div>\n<\/div>\n<\/div>\n<\/div>\n<div id=\"tdi_80\" class=\"tdc-row\">\n<div class=\"vc_row tdi_81  wpb_row td-pb-row\">\n<div class=\"vc_column tdi_83  wpb_column vc_column_container tdc-column td-pb-span12\">\n<div class=\"wpb_wrapper\">\n<div class=\"td_block_wrap tdb_breadcrumbs tdi_84 td-pb-border-top td_block_template_1 tdb-breadcrumbs \" data-td-block-uid=\"tdi_84\">\n<div class=\"tdb-block-inner td-fix-index\"><span><a title class=\"tdb-entry-crumb\" href=\"https:\/\/www.jurnaldevrancea.ro\/\">Acas\u0103<\/a><\/span><span><a title=\"Vede\u021bi toate articolele \u00een Actualitate\" class=\"tdb-entry-crumb\" href=\"https:\/\/www.jurnaldevrancea.ro\/actualitate\/\">Actualitate<\/a><\/span><span class=\"tdb-bred-no-url-last\">Muzeul Vrancei ne invit\u0103 la o nou\u0103 edi\u021bie a \u00a0Salonului de Grafic\u0103 Satiric\u0103 MILCOVERITAS<\/span><\/div>\n<\/div>\n<div class=\"td_block_wrap tdb_single_categories tdi_85 td-pb-border-top td_block_template_1 \" data-td-block-uid=\"tdi_85\">\n<div class=\"tdb-category td-fix-index\"><a class=\"tdb-entry-category\" href=\"https:\/\/www.jurnaldevrancea.ro\/actualitate\/\">Actualitate<\/a><\/div>\n<\/div>\n<div class=\"td_block_wrap tdb_title tdi_86 tdb-single-title td-pb-border-top td_block_template_1\" data-td-block-uid=\"tdi_86\">\n<div class=\"tdb-block-inner td-fix-index\">\n<h2 class=\"tdb-title-text\">Muzeul Vrancei ne invit\u0103 la o nou\u0103 edi\u021bie a \u00a0Salonului de Grafic\u0103 Satiric\u0103 MILCOVERITAS<\/h2>\n<\/div>\n<\/div>\n<div class=\"vc_row_inner tdi_88  vc_row vc_inner wpb_row td-pb-row\">\n<div class=\"vc_column_inner tdi_90  wpb_column vc_column_container tdc-inner-column td-pb-span3\">\n<div class=\"vc_column-inner\">\n<div class=\"wpb_wrapper\">\n<div class=\"td_block_wrap tdb_single_author tdi_91 td-pb-border-top td_block_template_1 tdb-post-meta\" data-td-block-uid=\"tdi_91\">\n<div class=\"tdb-block-inner td-fix-index\">\n<div class=\"tdb-author-name-wrap\"><span class=\"tdb-author-by\">DE:<\/span><a class=\"tdb-author-name\" href=\"https:\/\/www.jurnaldevrancea.ro\/author\/editor-online\/\">Editor Online<\/a><\/div>\n<\/div>\n<\/div>\n<\/div>\n<\/div>\n<\/div>\n<div class=\"vc_column_inner tdi_93  wpb_column vc_column_container tdc-inner-column td-pb-span3\">\n<div class=\"vc_column-inner\">\n<div class=\"wpb_wrapper\">\n<div class=\"td_block_wrap tdb_single_date tdi_94 td-pb-border-top td_block_template_1 tdb-post-meta\" data-td-block-uid=\"tdi_94\">\n<div class=\"tdb-block-inner td-fix-index\"><time class=\"entry-date updated td-module-date\" datetime=\"2025-12-10T18:46:30+02:00\">10\/12\/2025<\/time><\/div>\n<\/div>\n<\/div>\n<\/div>\n<\/div>\n<div class=\"vc_column_inner tdi_96  wpb_column vc_column_container tdc-inner-column td-pb-span3\">\n<div class=\"vc_column-inner\">\n<div class=\"wpb_wrapper\">\n<div class=\"td_block_wrap tdb_single_post_views tdi_97 td-pb-border-top td_block_template_1 tdb-post-meta\" data-td-block-uid=\"tdi_97\">\n<div class=\"tdb-block-inner td-fix-index\"><span class=\"td-nr-views-156403\">44<\/span><\/div>\n<\/div>\n<\/div>\n<\/div>\n<\/div>\n<div class=\"vc_column_inner tdi_99  wpb_column vc_column_container tdc-inner-column td-pb-span3\">\n<div class=\"vc_column-inner\">\n<div class=\"wpb_wrapper\">\n<div class=\"td_block_wrap tdb_single_post_share tdi_100  td-pb-border-top td_block_template_1\" data-td-block-uid=\"tdi_100\">\n<div id=\"tdi_100\" class=\"td-post-sharing tdb-block td-ps-bg td-ps-notext td-ps-bar td-post-sharing-style5 \">\n<div class=\"td-post-sharing-visible\"><a class=\"td-social-sharing-button td-social-sharing-button-js td-social-network td-social-facebook\" href=\"https:\/\/www.facebook.com\/sharer.php?u=https%3A%2F%2Fwww.jurnaldevrancea.ro%2Fmuzeul-vrancei-ne-invita-la-o-noua-editie-a-salonului-de-grafica-satirica-milcoveritas%2F\" title=\"Facebook\"><\/p>\n<div class=\"td-social-but-text\">Facebook<\/div>\n<p><\/a><a class=\"td-social-sharing-button td-social-sharing-button-js td-social-network td-social-twitter\" href=\"https:\/\/twitter.com\/intent\/tweet?text=Muzeul+Vrancei+ne+invit%C4%83+la+o+nou%C4%83+edi%C8%9Bie+a+%C2%A0Salonului+de+Grafic%C4%83+Satiric%C4%83+MILCOVERITAS&amp;url=https%3A%2F%2Fwww.jurnaldevrancea.ro%2Fmuzeul-vrancei-ne-invita-la-o-noua-editie-a-salonului-de-grafica-satirica-milcoveritas%2F&amp;via=Jurnal+de+Vrancea+-+Stiri+din+Vrancea+si+Focsani\" title=\"Twitter\"><\/p>\n<div class=\"td-social-but-text\">Twitter<\/div>\n<p><\/a><a class=\"td-social-sharing-button td-social-sharing-button-js td-social-network td-social-whatsapp\" href=\"https:\/\/api.whatsapp.com\/send?text=Muzeul+Vrancei+ne+invit%C4%83+la+o+nou%C4%83+edi%C8%9Bie+a+%C2%A0Salonului+de+Grafic%C4%83+Satiric%C4%83+MILCOVERITAS%20%0A%0A%20https:\/\/www.jurnaldevrancea.ro\/muzeul-vrancei-ne-invita-la-o-noua-editie-a-salonului-de-grafica-satirica-milcoveritas\/\" title=\"WhatsApp\"><\/p>\n<div class=\"td-social-but-text\">WhatsApp<\/div>\n<p><\/a><a class=\"td-social-sharing-button td-social-sharing-button-js td-social-network td-social-print\" href=\"https:\/\/www.jurnaldevrancea.ro\/muzeul-vrancei-ne-invita-la-o-noua-editie-a-salonului-de-grafica-satirica-milcoveritas\/\" title=\"Imprimare\"><\/p>\n<div class=\"td-social-but-text\">Imprimare<\/div>\n<p><\/a><\/div>\n<\/div>\n<\/div>\n<\/div>\n<\/div>\n<\/div>\n<\/div>\n<\/div>\n<\/div>\n<\/div>\n<\/div>\n<div id=\"tdi_101\" class=\"tdc-row\">\n<div class=\"vc_row tdi_102  wpb_row td-pb-row\">\n<div class=\"vc_column tdi_104  wpb_column vc_column_container tdc-column td-pb-span8\">\n<div class=\"wpb_wrapper\">\n<div class=\"td_block_wrap tdb_single_featured_image tdi_105 tdb-content-horiz-left td-pb-border-top td_block_template_1\" data-td-block-uid=\"tdi_105\">\n<div class=\"tdb-block-inner td-fix-index\"><img loading=\"lazy\" decoding=\"async\" width=\"550\" height=\"800\" class=\"entry-thumb\" src=\"https:\/\/analyse.optim.biz\/wp-content\/uploads\/2025\/12\/salon-milcoveritas-1.jpg\" title=\"salon milcoveritas\"><\/div>\n<\/div>\n<div class=\"td_block_wrap tdb_single_content tdi_106 td-pb-border-top td_block_template_1 td-post-content tagdiv-type\" data-td-block-uid=\"tdi_106\">\n<div class=\"tdb-block-inner td-fix-index\">\n<p>Consiliul Jude\u021bean Vrancea, prin Muzeul Vrancei, organizeaz\u0103 o nou\u0103 edi\u021bie a \u00a0Salonului de Grafic\u0103 Satiric\u0103 MILCOVERITAS. Edi\u021bia din acest an aduce \u00een fa\u021ba publicului o selec\u021bie de 50 de lucr\u0103ri, dintre cele mai recente crea\u021bii ale graficianului Constantin Pavel.<\/p>\n<p>\u00cenfiin\u021bat de Nicolae Sava \u0219i Constantin Pavel \u00een 1979, cu denumirea de <em>EXPOSPIN,<\/em> salonul de grafic\u0103 de la Foc\u0219ani este una dintre manifest\u0103rile culturale care au rezistat tranzi\u021biei din anii \u201990, gra\u021bie perseveren\u021bei caricaturistului Constantin Pavel.<\/p>\n<source srcset=\"https:\/\/www.jurnaldevrancea.ro\/wp\/wp-content\/webp-express\/webp-images\/uploads\/2025\/12\/Constantin-Pavel.jpg.webp 586w, https:\/\/www.jurnaldevrancea.ro\/wp\/wp-content\/webp-express\/webp-images\/uploads\/2025\/12\/Constantin-Pavel-150x205.jpg.webp 150w, https:\/\/www.jurnaldevrancea.ro\/wp\/wp-content\/webp-express\/webp-images\/uploads\/2025\/12\/Constantin-Pavel-300x410.jpg.webp 300w\" sizes=\"(max-width: 586px) 100vw, 586px\" type=\"image\/webp\" \/>\n<p>Din 2023, salonul de grafic\u0103 este organizat de Consiliul Jude\u021bean Vrancea, prin Muzeul Vrancei, \u00een superba cl\u0103dire din strada Cuza Vod\u0103, nr 8, care ad\u0103postea odinioar\u0103 Palatul de Justi\u021bie. O parte din lucr\u0103rile din anii trecu\u021bi se g\u0103sesc expuse \u00een Muzeul Viei \u0219i Vinului, unde se va amenaja \u0219i un spa\u021biu dedicat graficii satirice.<\/p>\n<source srcset=\"https:\/\/www.jurnaldevrancea.ro\/wp\/wp-content\/webp-express\/webp-images\/uploads\/2025\/12\/INTELIGENTA-ARTIFICIALA.jpg.webp 800w, https:\/\/www.jurnaldevrancea.ro\/wp\/wp-content\/webp-express\/webp-images\/uploads\/2025\/12\/INTELIGENTA-ARTIFICIALA-768x551.jpg.webp 768w, https:\/\/www.jurnaldevrancea.ro\/wp\/wp-content\/webp-express\/webp-images\/uploads\/2025\/12\/INTELIGENTA-ARTIFICIALA-150x108.jpg.webp 150w, https:\/\/www.jurnaldevrancea.ro\/wp\/wp-content\/webp-express\/webp-images\/uploads\/2025\/12\/INTELIGENTA-ARTIFICIALA-300x215.jpg.webp 300w, https:\/\/www.jurnaldevrancea.ro\/wp\/wp-content\/webp-express\/webp-images\/uploads\/2025\/12\/INTELIGENTA-ARTIFICIALA-696x499.jpg.webp 696w\" sizes=\"(max-width: 800px) 100vw, 800px\" type=\"image\/webp\" \/>\n<p>Vernisajul va avea loc joi, 11 decembrie, la ora 11:00, \u00een foyerul cl\u0103dirii. Expozi\u021bia va fi deschis\u0103 p\u00e2n\u0103 pe 23 decembrie, de luni p\u00e2n\u0103 vineri, \u00eentre orele 9:00-16:00. \u00a0V\u0103 a\u0219tept\u0103m cu drag! (Muzeul vrancei)<\/p>\n<\/div>\n<\/div>\n<div class=\"td_block_wrap td-a-rec td-a-rec-id-custom-spot td-a-rec-img tdi_107 td_block_template_1\">\n<div><a href=\"https:\/\/www.tomitatravel.ro\/\" target=\"blank\" class=\"td_spot_img_all\"><img loading=\"lazy\" decoding=\"async\" src=\"https:\/\/analyse.optim.biz\/wp-content\/uploads\/2025\/12\/banner-tomita_travel-focsani-1200x200-1-35.jpg\" alt=\"Tomi\u021b\u0103 Travel - Agen\u021bie de turism Foc\u0219ani\" width=\"1200\" height=\"200\" title=\"banner-tomita_travel-focsani-1200x200-1-35\"><\/a><a href=\"https:\/\/www.tomitatravel.ro\/\" target=\"blank\" class=\"td_spot_img_mob\"><img loading=\"lazy\" decoding=\"async\" src=\"https:\/\/analyse.optim.biz\/wp-content\/uploads\/2025\/12\/banner-tomita_travel-focsani-350x350-1-34.jpg\" alt=\"Tomi\u021b\u0103 Travel - Agen\u021bie de turism Foc\u0219ani\" width=\"300\" height=\"350\" title=\"banner-tomita_travel-focsani-350x350-1-34\"><\/a><\/div>\n<\/div>\n<div class=\"td_block_wrap td-a-rec td-a-rec-id-custom-spot td-a-rec-img tdi_108 td_block_template_1\">\n<div><a href=\"https:\/\/www.dezromania.ro\/categorii\/category\/14-produse.html\" target=\"blank\" class=\"td_spot_img_all\"><img loading=\"lazy\" decoding=\"async\" src=\"https:\/\/analyse.optim.biz\/wp-content\/uploads\/2025\/12\/banner-1200x200-sipotehnokar-auto-avariate-2025-33.jpg\" alt=\"spot_img\" width=\"1200\" height=\"200\" title=\"banner-1200x200-sipotehnokar-auto-avariate-2025-33\"><\/a><a href=\"https:\/\/www.dezromania.ro\/categorii\/category\/14-produse.html\" target=\"blank\" class=\"td_spot_img_mob\"><img loading=\"lazy\" decoding=\"async\" src=\"https:\/\/analyse.optim.biz\/wp-content\/uploads\/2025\/12\/banner-sipotehnokar-300xx220px-2025-32.jpg\" alt=\"spot_img\" width=\"300\" height=\"220\" title=\"banner-sipotehnokar-300xx220px-2025-32\"><\/a><\/div>\n<\/div>\n<div class=\"td_block_wrap td-a-rec td-a-rec-id-custom-spot td-a-rec-img tdi_109 td_block_template_1\">\n<div><a href=\"https:\/\/haipromo.ro\/\" target=\"blank\" class=\"td_spot_img_all\"><img loading=\"lazy\" decoding=\"async\" src=\"https:\/\/analyse.optim.biz\/wp-content\/uploads\/2025\/12\/banner-hai-promo-1200x200px-31.jpg\" alt=\"HAI PROMO\" width=\"1200\" height=\"200\" title=\"banner-hai-promo-1200x200px-31\"><\/a><a href=\"https:\/\/haipromo.ro\/\" target=\"blank\" class=\"td_spot_img_mob\"><img loading=\"lazy\" decoding=\"async\" src=\"https:\/\/analyse.optim.biz\/wp-content\/uploads\/2025\/12\/banner-hai-promo-350x350px-29.jpg\" alt=\"HAI PROMO\" width=\"350\" height=\"350\" title=\"banner-hai-promo-350x350px-29\"><\/a><\/div>\n<\/div>\n<\/div>\n<\/div>\n<div class=\"vc_column tdi_112  wpb_column vc_column_container tdc-column td-pb-span4\">\n<div class=\"wpb_wrapper\">\n<div class=\"wpb_wrapper td_block_wrap vc_widget_sidebar tdi_114 \">\n<aside id=\"custom_html-12\" class=\"widget_text td_block_template_1 widget custom_html-12 widget_custom_html\">\n<h4 class=\"block-title\"><span>\u2013 PUBLICITATE \u2013<\/span><\/h4>\n<div class=\"textwidget custom-html-widget\"><a href=\"https:\/\/www.facebook.com\/TractariAutoVranceaSOS24\"><source srcset=\"https:\/\/www.jurnaldevrancea.ro\/wp\/wp-content\/webp-express\/webp-images\/uploads\/2024\/11\/BANNER-sos-24-2024-300x300-px.jpg.webp\" type=\"image\/webp\" \/><\/a><a href=\"https:\/\/haipromo.ro\/\"><source srcset=\"https:\/\/www.jurnaldevrancea.ro\/wp\/wp-content\/webp-express\/webp-images\/uploads\/2024\/06\/banner-HAI-PROMO-350x350px.jpg.webp\" type=\"image\/webp\" \/><\/a><a href=\"https:\/\/www.facebook.com\/acnasygcons\"><source srcset=\"https:\/\/www.jurnaldevrancea.ro\/wp\/wp-content\/webp-express\/webp-images\/uploads\/2025\/08\/Banner-350x350px-Asyg-Consulting.jpg.webp\" type=\"image\/webp\" \/><\/a><\/div>\n<\/aside>\n<\/div>\n<div class=\"td_block_wrap tdb_single_tags tdi_115 td-pb-border-top td_block_template_1\" data-td-block-uid=\"tdi_115\">\n<div class=\"tdb-block-inner td-fix-index\">\n<ul class=\"tdb-tags\">\n<li><span>Tags<\/span><\/li>\n<li><a href=\"https:\/\/www.jurnaldevrancea.ro\/tag\/activitati-muzeul-vrancei\/\">activitati muzeul vrancei<\/a><\/li>\n<li><a href=\"https:\/\/www.jurnaldevrancea.ro\/tag\/constantin-pavel\/\">constantin pavel<\/a><\/li>\n<li><a href=\"https:\/\/www.jurnaldevrancea.ro\/tag\/milcoveritas\/\">milcoveritas<\/a><\/li>\n<\/ul>\n<\/div>\n<\/div>\n<div class=\"tdm_block td_block_wrap tdm_block_column_title tdi_116 tdm-content-horiz-center td-pb-border-top td_block_template_1\" data-td-block-uid=\"tdi_116\">\n<div class=\"td-block-row\">\n<div class=\"td-block-span12 tdm-col\">\n<div class=\"tds-title tds-title1 td-fix-index tdi_117 \">\n<h3 class=\"tdm-title tdm-title-md\">ARTICOLE SIMILARE<\/h3>\n<\/div>\n<\/div>\n<\/div>\n<\/div>\n<div class=\"td_block_wrap td_flex_block_1 tdi_118 td-pb-border-top td_block_template_1 td_flex_block\" data-td-block-uid=\"tdi_118\">\n<div id=\"tdi_118\" class=\"td_block_inner td-mc1-wrap\">\n<div class=\"td_module_flex td_module_flex_1 td_module_wrap td-animation-stack td-cpt-post\">\n<div class=\"td-module-container td-category-pos-above\">\n<div class=\"td-module-meta-info\"><a href=\"https:\/\/www.jurnaldevrancea.ro\/actualitate\/\" class=\"td-post-category\">Actualitate<\/a><\/p>\n<h3 class=\"entry-title td-module-title\"><a href=\"https:\/\/www.jurnaldevrancea.ro\/curs-de-instalator-tehnico-sanitar-si-gaze-in-focsani-drumul-tau-spre-o-cariera-stabila-si-bine-platita\/\" rel=\"bookmark\" title=\"Curs de Instalator Tehnico-Sanitar \u0219i Gaze \u00een Foc\u0219ani | Drumul t\u0103u spre o carier\u0103 stabil\u0103 \u0219i bine pl\u0103tit\u0103\">Curs de Instalator Tehnico-Sanitar \u0219i Gaze \u00een Foc\u0219ani | Drumul t\u0103u spre o carier\u0103 stabil\u0103 \u0219i bine pl\u0103tit\u0103<\/a><\/h3>\n<div class=\"td-excerpt\">Te-ai g\u00e2ndit vreodat\u0103 s\u0103 faci o schimbare \u00een carier\u0103 \u0219i s\u0103 alegi un domeniu&#8230;<\/div>\n<\/div>\n<\/div>\n<\/div>\n<div class=\"td_module_flex td_module_flex_1 td_module_wrap td-animation-stack td-cpt-post\">\n<div class=\"td-module-container td-category-pos-above\">\n<div class=\"td-module-meta-info\"><a href=\"https:\/\/www.jurnaldevrancea.ro\/actualitate\/\" class=\"td-post-category\">Actualitate<\/a><\/p>\n<h3 class=\"entry-title td-module-title\"><a href=\"https:\/\/www.jurnaldevrancea.ro\/elevii-scolii-duiliu-zamfirescu-din-focsani-in-vizita-la-pompierii-vranceni\/\" rel=\"bookmark\" title=\"Elevii \u0218colii \u201eDuiliu Zamfirescu\u201d din Foc\u0219ani, \u00een vizit\u0103 la pompierii vr\u00e2nceni\">Elevii \u0218colii \u201eDuiliu Zamfirescu\u201d din Foc\u0219ani, \u00een vizit\u0103 la pompierii vr\u00e2nceni<\/a><\/h3>\n<div class=\"td-excerpt\">Peste 50 de elevi ai \u0218colii \u201eDuiliu Zamfirescu\u201d din Foc\u0219ani au p\u0103\u0219it, ast\u0103zi, \u00een&#8230;<\/div>\n<\/div>\n<\/div>\n<\/div>\n<\/div>\n<\/div>\n<\/div>\n<\/div>\n<\/div>\n<\/div>\n<div id=\"tdi_119\" class=\"tdc-row\">\n<div class=\"vc_row tdi_120  wpb_row td-pb-row\">\n<div class=\"vc_column tdi_122  wpb_column vc_column_container tdc-column td-pb-span12\">\n<div class=\"wpb_wrapper\">\n<div class=\"tdm_block td_block_wrap tdm_block_column_title tdi_123 tdm-content-horiz-center td-pb-border-top td_block_template_1\" data-td-block-uid=\"tdi_123\">\n<div class=\"td-block-row\">\n<div class=\"td-block-span12 tdm-col\">\n<div class=\"tds-title tds-title1 td-fix-index tdi_124 \">\n<h3 class=\"tdm-title tdm-title-md\">ARTICOLE POPULARE<\/h3>\n<\/div>\n<\/div>\n<\/div>\n<\/div>\n<\/div>\n<\/div>\n<\/div>\n<\/div>\n<div id=\"tdi_125\" class=\"tdc-row\">\n<div class=\"vc_row tdi_126  wpb_row td-pb-row\">\n<div class=\"vc_column tdi_128  wpb_column vc_column_container tdc-column td-pb-span12\">\n<div class=\"wpb_wrapper\">\n<div class=\"td_block_wrap td_flex_block_1 tdi_129 td-pb-border-top td_block_template_1 td_flex_block\" data-td-block-uid=\"tdi_129\">\n<div id=\"tdi_129\" class=\"td_block_inner td-mc1-wrap\">\n<div class=\"td_module_flex td_module_flex_1 td_module_wrap td-animation-stack td-cpt-post\">\n<div class=\"td-module-container td-category-pos-above\">\n<div class=\"td-module-meta-info\"><a href=\"https:\/\/www.jurnaldevrancea.ro\/actualitate\/\" class=\"td-post-category\">Actualitate<\/a><\/p>\n<h3 class=\"entry-title td-module-title\"><a href=\"https:\/\/www.jurnaldevrancea.ro\/alerta-epidemiologica-in-vrancea-doua-femei-sunt-internate-in-stare-grava-la-ati-cu-suspiciune-de-botulism\/\" rel=\"bookmark\" title=\"Alert\u0103 epidemiologic\u0103 \u00een Vrancea! Dou\u0103 femei sunt internate \u00een stare grav\u0103 la ATI cu suspiciune de botulism\">Alert\u0103 epidemiologic\u0103 \u00een Vrancea! Dou\u0103 femei sunt internate \u00een stare grav\u0103 la ATI cu suspiciune de botulism<\/a><\/h3>\n<div class=\"td-excerpt\">Dou\u0103 cazuri suspecte de botulism au fost raportate \u00een jude\u021bul Vrancea \u00een intervalul 10\u201311&#8230;<\/div>\n<div class=\"td-editor-date\"><span class=\"td-author-date\"><span class=\"td-post-date\"><time class=\"entry-date updated td-module-date\" datetime=\"2025-12-13T08:18:55+02:00\">13\/12\/2025<\/time><\/span><\/span><\/div>\n<\/div>\n<\/div>\n<\/div>\n<div class=\"td_module_flex td_module_flex_1 td_module_wrap td-animation-stack td-cpt-post\">\n<div class=\"td-module-container td-category-pos-above\">\n<div class=\"td-module-meta-info\"><a href=\"https:\/\/www.jurnaldevrancea.ro\/actualitate\/\" class=\"td-post-category\">Actualitate<\/a><\/p>\n<h3 class=\"entry-title td-module-title\"><a href=\"https:\/\/www.jurnaldevrancea.ro\/doliu-in-comunitatea-din-adjud-a-murit-profesoara-simona-ceamburu\/\" rel=\"bookmark\" title=\"Doliu \u00een comunitatea din Adjud! A murit profesoara Simona Ceamburu!\">Doliu \u00een comunitatea din Adjud! A murit profesoara Simona Ceamburu!<\/a><\/h3>\n<div class=\"td-excerpt\">Colegiul Tehnic \u201eGh. Bal\u0219\u201d din Adjud a anun\u021bat cu mare triste\u021be moartea profesoarei de&#8230;<\/div>\n<div class=\"td-editor-date\"><span class=\"td-author-date\"><span class=\"td-post-date\"><time class=\"entry-date updated td-module-date\" datetime=\"2025-12-11T15:19:24+02:00\">11\/12\/2025<\/time><\/span><\/span><\/div>\n<\/div>\n<\/div>\n<\/div>\n<div class=\"td_module_flex td_module_flex_1 td_module_wrap td-animation-stack td-cpt-post\">\n<div class=\"td-module-container td-category-pos-above\">\n<div class=\"td-module-meta-info\"><a href=\"https:\/\/www.jurnaldevrancea.ro\/actualitate\/\" class=\"td-post-category\">Actualitate<\/a><\/p>\n<h3 class=\"entry-title td-module-title\"><a href=\"https:\/\/www.jurnaldevrancea.ro\/prescriptia-colacul-de-salvare-al-inculpatilor-din-sistem-cazul-revoltator-din-vrancea-primarul-iordache-cazacu-salvat-de-trecerea-timpului-nu-de-nevinovatie\/\" rel=\"bookmark\" title=\"Prescrip\u021bia \u2013 colacul de salvare al inculpa\u021bilor din sistem. Cazul revolt\u0103tor din Vrancea: primarul Iordache Cazacu, salvat de trecerea timpului, nu de nevinov\u0103\u021bie\">Prescrip\u021bia \u2013 colacul de salvare al inculpa\u021bilor din sistem. Cazul revolt\u0103tor din Vrancea: primarul Iordache Cazacu, salvat de trecerea timpului, nu de nevinov\u0103\u021bie<\/a><\/h3>\n<div class=\"td-excerpt\">Scandalul na\u021bional declan\u0219at de investiga\u021bia jurnali\u0219tilor de la Recorder despre \u201einculpa\u021bi salva\u021bi de prescrip\u021bie\u201d&#8230;<\/div>\n<div class=\"td-editor-date\"><span class=\"td-author-date\"><span class=\"td-post-date\"><time class=\"entry-date updated td-module-date\" datetime=\"2025-12-10T21:55:35+02:00\">10\/12\/2025<\/time><\/span><\/span><\/div>\n<\/div>\n<\/div>\n<\/div>\n<\/div>\n<\/div>\n<\/div>\n<\/div>\n<\/div>\n<\/div>\n<\/div>\n<\/div>\n<p><span class=\"td-page-meta\"><\/span><span class=\"td-page-meta\"><span class=\"td-page-meta\"><\/span><\/span><span class=\"td-page-meta\"><\/span><\/article>\n<p> Source URL: https:\/\/www.jurnaldevrancea.ro\/muzeul-vrancei-ne-invita-la-o-noua-editie-a-salonului-de-grafica-satirica-milcoveritas\/<\/p>\n","protected":false},"excerpt":{"rendered":"<p>Acas\u0103ActualitateMuzeul Vrancei ne invit\u0103 la o nou\u0103 edi\u021bie a \u00a0Salonului de Grafic\u0103 Satiric\u0103 MILCOVERITAS Actualitate Muzeul Vrancei ne invit\u0103 la o nou\u0103 edi\u021bie a \u00a0Salonului de Grafic\u0103 Satiric\u0103 MILCOVERITAS DE:Editor Online 10\/12\/2025 44 Facebook Twitter WhatsApp Imprimare Consiliul Jude\u021bean Vrancea, prin Muzeul Vrancei, organizeaz\u0103 o nou\u0103 edi\u021bie a \u00a0Salonului de Grafic\u0103 Satiric\u0103 MILCOVERITAS. Edi\u021bia din [&hellip;]<\/p>\n","protected":false},"author":1,"featured_media":1104970,"comment_status":"open","ping_status":"","sticky":false,"template":"","format":"standard","meta":{"footnotes":""},"categories":[89],"tags":[207],"class_list":["post-1104969","post","type-post","status-publish","format-standard","has-post-thumbnail","hentry","category-romania","tag-jurnaldevrancea-ro"],"_links":{"self":[{"href":"https:\/\/analyse.optim.biz\/index.php?rest_route=\/wp\/v2\/posts\/1104969","targetHints":{"allow":["GET"]}}],"collection":[{"href":"https:\/\/analyse.optim.biz\/index.php?rest_route=\/wp\/v2\/posts"}],"about":[{"href":"https:\/\/analyse.optim.biz\/index.php?rest_route=\/wp\/v2\/types\/post"}],"author":[{"embeddable":true,"href":"https:\/\/analyse.optim.biz\/index.php?rest_route=\/wp\/v2\/users\/1"}],"replies":[{"embeddable":true,"href":"https:\/\/analyse.optim.biz\/index.php?rest_route=%2Fwp%2Fv2%2Fcomments&post=1104969"}],"version-history":[{"count":0,"href":"https:\/\/analyse.optim.biz\/index.php?rest_route=\/wp\/v2\/posts\/1104969\/revisions"}],"wp:featuredmedia":[{"embeddable":true,"href":"https:\/\/analyse.optim.biz\/index.php?rest_route=\/wp\/v2\/media\/1104970"}],"wp:attachment":[{"href":"https:\/\/analyse.optim.biz\/index.php?rest_route=%2Fwp%2Fv2%2Fmedia&parent=1104969"}],"wp:term":[{"taxonomy":"category","embeddable":true,"href":"https:\/\/analyse.optim.biz\/index.php?rest_route=%2Fwp%2Fv2%2Fcategories&post=1104969"},{"taxonomy":"post_tag","embeddable":true,"href":"https:\/\/analyse.optim.biz\/index.php?rest_route=%2Fwp%2Fv2%2Ftags&post=1104969"}],"curies":[{"name":"wp","href":"https:\/\/api.w.org\/{rel}","templated":true}]}}