{"id":110482,"date":"2018-08-20T23:21:36","date_gmt":"2018-08-20T20:21:36","guid":{"rendered":"https:\/\/analyse.optim.biz\/?p=110482"},"modified":"2018-08-20T23:21:36","modified_gmt":"2018-08-20T20:21:36","slug":"amplu-reportaj-despre-proteste-dragnea-si-scandalurile-sale-de-coruptie-la-televiziunea-publica-din-germania","status":"publish","type":"post","link":"https:\/\/analyse.optim.biz\/?p=110482","title":{"rendered":"Amplu reportaj despre proteste, Dragnea \u0219i scandalurile sale de corup\u021bie la televiziunea public\u0103 din Germania"},"content":{"rendered":"<div class=\"entry data-app-meta data-app-meta-article\" data-embed-base-url-canonical=\"https:\/\/www.digi24.ro\/embed\/stiri\/actualitate\/liviu-dragnea-si-scandalurile-de-coruptie-in-care-este-implicat-in-centrul-unui-amplu-reportaj-la-televiziunea-germana-de-stat-983889\">\n<p data-index=\"1\"><strong>Protestul din 10 august, \u00een\u0103bu\u0219it violent de jandarmi \u00een Pia\u021ba Victoriei din Bucure\u0219ti, a ajuns <a href=\"https:\/\/www.ardmediathek.de\/tv\/Europamagazin\/Rum%C3%A4nien-Liviu-Dragnea-und-die-Korrupti\/Das-Erste\/Video?bcastId=342024&amp;documentId=55215148\" data-skip-linkfix=\"1\">subiect la televiziunea public\u0103 german\u0103 ARD<\/a>. Plec\u00e2nd de la acest subiect, jurnali\u0219tii din Germania au realizat un amplu reportaj despre Liviu Dragnea, cel pe care \u00eel cred vinovat pentru ce se \u00eent\u00e2mpl\u0103 \u00een Rom\u00e2nia.<\/strong><\/p>\n<figure class=\"article-thumb\"><img decoding=\"async\" src=\"https:\/\/analyse.optim.biz\/wp-content\/uploads\/2024\/09\/ptemagfzad05zjfkmti4m2u0ztm2m2vhmgu3nzfjnjgyzjdhztg0oa-thumb_.jpg\" alt=\"jandarmul 171113_DRAGNEA_DNA_02_INQUAM_Photos_Octav_Ganea\" data-skip-htmlfix=\"1\" title=\"ptemagfzad05zjfkmti4m2u0ztm2m2vhmgu3nzfjnjgyzjdhztg0oa-thumb_\"><figcaption> Foto: Octav Ganea\/Inquam Photos <\/figcaption><\/figure>\n<p data-index=\"2\"><span><em>\u201eUn mare protest \u00eempotriva corup\u021biei \u2013 acestea sunt imaginile weekendului trecut \u00een Bucure\u0219ti. Cine a fost \u00een centrul aten\u021biei demonstran\u021bilor? Liviu Dragnea, pre\u0219edintele Parlamentului \u0219i liderul PSD\u201d<\/em>, au relatat jurnali\u0219tii de la ARD.<\/span><\/p>\n<p data-index=\"3\"><span>Ziari\u0219tii din Germania au explicat pe larg de ce \u00eel consider\u0103 responsabil pe liderul PSD Liviu Dragnea pentru ce ce se \u00eent\u00e2mpl\u0103 \u00een Rom\u00e2nia. Ace\u0219tia au analizat scandalurile de corup\u021bie \u00een care a fost acesta implicat, dar \u0219i condamn\u0103rile pe care le-a primit. Jurnali\u0219tii germani au venit \u00een Rom\u00e2nia, pentru o vizit\u0103 la lacul Belina, aflat \u00een centrul unui r\u0103sun\u0103tor dosar penal.<\/span><\/p>\n<p data-index=\"4\"><span>Jurnali\u0219tii din Germania au fost \u00eenso\u021bi\u021bi \u00een Teleorman de Carmen Dumitrescu, ziarista care a documentat afacerile lui Dragnea.\u00a0<\/span><\/p>\n<h6><strong>Iat\u0103 cum s-au v\u0103zut din Germania protestele \u015fi contextul \u00een care au avut ele loc. Un reportaj al televiziunii ARD:<\/strong><\/h6>\n<p data-index=\"5\"><span><strong>Subtitrare:<\/strong><\/span><\/p>\n<p data-index=\"6\">\u201eAu politicieni corup\u0163i, dar de mult nu mai accept\u0103 ce li se ofer\u0103. Zeci de mii de rom\u00e2ni protesteaz\u0103 pe str\u0103zi, \u00een Rom\u00e2nia. Cererea principal\u0103: Demisia. Demisia pentru ho\u0163i.<\/p>\n<p data-index=\"7\">\u00cen centrul criticilor este el, Liviu Dragnea, pre\u015fedintele Parlamentului. Omul are o func\u0163ie de demnitate public\u0103 \u00een capitala Bucure\u015fti, dar acas\u0103, la \u0163ar\u0103, se pare c\u0103 \u00ee\u015fi umple buzunarele f\u0103r\u0103 nicio jen\u0103.<\/p>\n<p data-index=\"8\">O sear\u0103 la malul Dun\u0103rii, \u00een sudul Rom\u00e2niei, \u00een jude\u0163ul Teleorman. Este unul dintre locurile cele mai deprimante din Europa. \u00cenainte, b\u0103rbatul de 56 de ani, Nicu Burse\u015feteanu, putea s\u0103 vin\u0103 aici cu barca ca s\u0103 pescuiasc\u0103 a\u015fa cum o f\u0103ceau mul\u0163i din localitatea lui. Acum, asta nu mai este posibil.<\/p>\n<p data-index=\"9\"><strong>Nicu Burse\u015feteanu, localnic Teleorman<\/strong>: <em>Nici acum nu-mi revin. Pescuitul era singura munc\u0103 pe care o puteam face aici. Sunt at\u00e2t de furios.<\/em><\/p>\n<p data-index=\"10\">Bine p\u0103zit\u0103, Insula Belina se \u00eentinde pe o suprafa\u021b\u0103 de 347 hectare. Apar\u021binea statului. Acum de ea raspunde controversata firma de construc\u021bii Tel Drum. Ar fi \u00eenchiriat insula pentru 1.500 euro pe lun\u0103.<\/p>\n<p data-index=\"11\">El ar fi facut posibil acest proiect dubios. Cel mai puternic politician al Rom\u00e2niei, Liviu Dragnea, \u0219eful Partidului Social-Democrat care este la putere \u0219i \u0219eful Parlamentului.<\/p>\n<p data-index=\"12\">Din c\u00e2nd \u00een c\u00e2nd este \u0219i el aici, la Belina. Are acum aici spa\u021biu pentru hobby-ul lui, f\u0103r\u0103 s\u0103-i vad\u0103 pe pescarii locali.<\/p>\n<p data-index=\"13\"><em>\u00cenainte nimeni \u00een Rom\u00e2nia nu primea o insul\u0103, dar aici s-a \u00eent\u00e2mplat, iar noi, pescarii, a trebuit s\u0103 disp\u0103rem<\/em>, spune Nicu.<\/p>\n<p data-index=\"14\">\u00cen capitala Bucure\u0219ti, Liviu Dragnea iar trebuie s\u0103 se prezinte \u00een fa\u021ba instan\u021belor, iar trebuie s\u0103 asculte \u00eentreb\u0103rile jurnali\u0219tilor:<\/p>\n<p data-index=\"15\"><em>&#8211; Dac\u0103 nu ave\u0163i nicio treab\u0103 cu Tel Drum de ce v\u0103 este team\u0103 de investiga\u0163ia \u00een cazul Belina? De ce nu recunoa\u015fte\u0163i c\u0103 Tel Drum este firma apropia\u0163ilor dumneavoastr\u0103?<\/em><\/p>\n<p data-index=\"16\">Dragnea tace. El este anchetat pentru constituirea unui grup infrac\u021bional \u00een cazul Tel Drum \u0219i pentru ob\u021binerea ilegal\u0103 de fonduri UE, este vorba de \u00een jur de 20 de milioane de euro. \u00centr-un alt dosar a \u0219i fost condamnat.<\/p>\n<p data-index=\"17\">\u00cen Teleorman, \u00een jude\u021bul sudic al Rom\u00e2niei, \u00een patria lui Liviu Dragnea, jurnalista Carmen Dumitrescu este unul dintre cei mai curajo\u0219i. Este printre primii care au \u00eenceput s\u0103 cerceteze leg\u0103turile lui Liviu Dragnea cu Tel Drum.<\/p>\n<p data-index=\"18\"><strong>Carmen Dumitrescu, jurnalist:<\/strong>\u00a0<em>Mereu, \u00een momentele \u00een care aflam ceva, m\u0103 urmareau ma\u0219ini de la Tel Drum, tot felul de \u00eencerc\u0103ri de intimidare sau scrisori de amenin\u021bare care ap\u0103reau la u\u0219a mea<\/em>.<\/p>\n<p data-index=\"19\">Tr\u0103ie\u0219te \u00een Alexandria, \u00een fieful ro\u0219u al PSD, unde \u0219i Dragnea este acas\u0103. \u00cen aceast\u0103 construc\u021bie fastuoas\u0103, construit\u0103 de firma suspectat\u0103 de corup\u021bie, Tel Drum, lui Liviu Dragnea \u00eei place s\u0103 fie acum pe cai mari, \u00een timp ce vecinii s\u0103i din Alexandria tr\u0103iesc \u00een s\u0103r\u0103cie lucie, mul\u021bi cu o pensie de doar 50 de euro.<\/p>\n<p data-index=\"20\">Mirosuri pestilen\u021biale peste tot \u00een bloc. Carmen Dumitrescu scrie mereu despre condi\u021biile rele \u0219i \u00eencearc\u0103 s\u0103 afle de ce oamenii de aici l-au ales tocmai pe Liviu Dragnea.<\/p>\n<p data-index=\"21\">&#8211; Tot blocul a r\u0103mas c\u00e2ndva f\u0103r\u0103 curent electric, nu aveam lumin\u0103. Dar Dragnea a fost singurul care a venit la noi \u015fi ne-a pus din nou curent electric, ne-a adus \u015fi m\u00e2ncare. A venit cu ma\u015fina aici.<\/p>\n<p data-index=\"22\">&#8211; El personal?<\/p>\n<p data-index=\"23\">&#8211; Da, Dragnea personal.<\/p>\n<p data-index=\"24\">Un etaj mai sus, o vecin\u0103 vrea s\u0103 nu fie v\u0103zut\u0103 la televizor, de ru\u0219ine. Ne spune c\u0103 ar trebui s\u0103 plece de aici, dar nu \u0219tie \u00eencotro s\u0103 o apuce.<\/p>\n<p data-index=\"25\"><strong>Carmen Dumitrescu, jurnalist\u0103<\/strong>: <em>Trebuie s\u0103 se fac\u0103 repede ceva, acest bloc este nelocuibil, ar trebui d\u0103r\u00e2mat pentru c\u0103 exist\u0103 pericolul s\u0103 cad\u0103 pe oameni.<\/em><\/p>\n<p data-index=\"26\">Nu este un caz singular. Rom\u00e2nia este a doua cea mai s\u0103rac\u0103 \u021bara din UE; institu\u021biile treneaz\u0103, neglijen\u021ba, corup\u021bia sunt la ordinea zilei.<\/p>\n<p data-index=\"27\">Speran\u021b\u0103 au adus anii trecu\u021bi aceste imagini. Tot mai mul\u021bi politicieni suspecta\u021bi de corup\u021bie sunt adu\u0219i aici, chiar \u0219i cei mai puternici. Datorit\u0103 procurorului-\u0219ef Laura Codru\u021ba Kovesi, l\u0103udat\u0103 \u00een Europa \u0219i de Comisia European\u0103.<\/p>\n<p data-index=\"28\">O alt\u0103 speran\u021b\u0103 este societatea civil\u0103. De aproape doi ani, mii de oameni ies regulat pe strad\u0103 \u00eempotriva lui Dragnea \u0219i a \u00eentregului guvern.<\/p>\n<p data-index=\"29\">\u00cen urm\u0103 cu c\u00e2teva s\u0103ptam\u00e2ni au fost adoptate legi care ar putea avantaja politicienii corup\u021bi \u0219i condamna\u021bii ca Liviu Dragnea.<\/p>\n<p data-index=\"30\">Aproape simultan, lupta anticorup\u021bie a mai primit o lovitur\u0103. Kovesi a fost revocat\u0103 la dorin\u021ba guvernului. Iat-o pe Kovesi la discursul de r\u0103mas bun:\u00a0<em>Modul brutal \u00een care schimb\u0103 legi arat\u0103 c\u0103 vor protec\u021bie pentru trecut, pentru prezent \u0219i pentru viitor<\/em>.<\/p>\n<p data-index=\"31\">\u00cen jur de 100 mii de oameni nu vor s\u0103 tolereze asta. Este 10 august. Deodat\u0103 protestul pa\u015fnic este oprit cu salve de gaz lacrimogen din parte for\u0163elor speciale ale Jandarmeriei. Este una dintre cele mai brutale interven\u0163ii ale for\u0163elor de oridine de la Revolu\u0163ia din 1989 \u00eencoace.<\/p>\n<p data-index=\"32\">Tricouri cu \u00eenscrisul \u201eF\u0103r\u0103 penali&#8221; \u00een func\u0163ii publice. Ca asta s\u0103 scrie \u00een Constitu\u0163ia Rom\u00e2niei, sunt adunate semn\u0103turi de c\u0103tre opozi\u0163ie. Aici, \u00een Bucure\u015fti, au semnat deja peste 100.000 de oameni.<\/p>\n<p data-index=\"33\">Aici, pe str\u0103zile Teleormanului lui Dragnea, nu au semnat p\u00e2n\u0103 acum nici m\u0103car 2.000.<\/p>\n<p data-index=\"34\"><strong>Nicu\u0219or Lina, USR<\/strong>: <em>S\u0103 str\u00e2ngi semn\u0103turi \u00een jude\u0163ul lui Dragnea este foarte greu pentru c\u0103 lumea de aici ne prive\u015fte ca pe ni\u015fte extratere\u015ftri.\u00a0<\/em><em>Finalitatea acestei ac\u0163iuni este sub semnul \u00eentreb\u0103rii. Este aproape de neimaginat c\u0103 majoritatea la putere \u00ee\u015fi va da acordul<\/em>.<\/p>\n<p data-index=\"35\">Ac\u0163iunea demonstreaz\u0103 ca Rom\u00e2nia este o \u021bar\u0103 rupt\u0103 \u00een dou\u0103, unii sunt pentru Dragnea, ceilal\u021bi contra lui.<\/p>\n<p data-index=\"36\">Ne\u00eencrezator este \u0219i fostul pescar Nicu Bursu\u015feteanu. Tr\u0103ie\u015fte singur. So\u0163ia \u015fi copiii au p\u0103r\u0103sit Teleormanul lui Dragnea pentru totdeauna. \u00cei trimit bani ca s\u0103 poat\u0103 tr\u0103i.<\/p>\n<p data-index=\"37\">Nicu Burse\u015feteanu, localnic Teleorman: <em>\u00cemi pare r\u0103u c\u0103 l-am votat pe Liviu Dragnea, adic\u0103 PSD, nu o s\u0103 o mai fac. \u00centre timp, mul\u0163i oameni din Teleorman nu-l mai vor pe Liviu Dragnea<\/em>.<\/p>\n<p data-index=\"38\">*<\/p>\n<p data-index=\"39\">Seara, \u00een capitala jude\u0163ului Teleorman, Alexandria. Carmen Dumitrescu a fost \u00een Pia\u0163a Victoriei din Bucure\u0219ti, dar a sc\u0103pat de gazele lacrimogene.<\/p>\n<p data-index=\"40\">Peste 450 de oameni au fost r\u0103ni\u0163i. Parchetul a deschis o anchet\u0103.<\/p>\n<p data-index=\"41\"><strong>Carmen Dumitrescu<\/strong>: <em>\u00cen orice \u0163ar\u0103 normal\u0103 ar fi existat p\u00e2n\u0103 acum demisii, dar asta nu se \u00eent\u00e2mpl\u0103 \u015fi la noi, nimeni nu-\u015fi asum\u0103 responsabilitatea politic\u0103. \u00cen momentul acesta nu am nicio speran\u0163\u0103 c\u0103 asta se va \u00eent\u00e2mpla. Din contr\u0103, dac\u0103 nu se \u00eent\u00e2mpl\u0103 nimic, guvernul Rom\u00e2niei ar putea deveni \u015fi mai autoritar.<\/em><\/p>\n<p data-index=\"42\">Guvernul vrea s\u0103 prezinte protestul ca pe o \u00eencercare periculoas\u0103 de r\u0103sturnare a guvernului. Pentru Carmen Dumitrescu e o explica\u0163ie incredibil\u0103. Ea continu\u0103 acum s\u0103 scrie articole critice din jude\u0163ul lui Dragnea.<\/p>\n<\/div>\n<p> Source URL: https:\/\/www.digi24.ro\/stiri\/actualitate\/liviu-dragnea-si-scandalurile-de-coruptie-in-care-este-implicat-in-centrul-unui-amplu-reportaj-la-televiziunea-germana-de-stat-983889<\/p>\n","protected":false},"excerpt":{"rendered":"<p>Protestul din 10 august, \u00een\u0103bu\u0219it violent de jandarmi \u00een Pia\u021ba Victoriei din Bucure\u0219ti, a ajuns subiect la televiziunea public\u0103 german\u0103 ARD. Plec\u00e2nd de la acest subiect, jurnali\u0219tii din Germania au realizat un amplu reportaj despre Liviu Dragnea, cel pe care \u00eel cred vinovat pentru ce se \u00eent\u00e2mpl\u0103 \u00een Rom\u00e2nia. Foto: Octav Ganea\/Inquam Photos \u201eUn mare [&hellip;]<\/p>\n","protected":false},"author":1,"featured_media":110483,"comment_status":"open","ping_status":"","sticky":false,"template":"","format":"standard","meta":{"footnotes":""},"categories":[2],"tags":[11],"class_list":["post-110482","post","type-post","status-publish","format-standard","has-post-thumbnail","hentry","category-politics","tag-digi24"],"_links":{"self":[{"href":"https:\/\/analyse.optim.biz\/index.php?rest_route=\/wp\/v2\/posts\/110482","targetHints":{"allow":["GET"]}}],"collection":[{"href":"https:\/\/analyse.optim.biz\/index.php?rest_route=\/wp\/v2\/posts"}],"about":[{"href":"https:\/\/analyse.optim.biz\/index.php?rest_route=\/wp\/v2\/types\/post"}],"author":[{"embeddable":true,"href":"https:\/\/analyse.optim.biz\/index.php?rest_route=\/wp\/v2\/users\/1"}],"replies":[{"embeddable":true,"href":"https:\/\/analyse.optim.biz\/index.php?rest_route=%2Fwp%2Fv2%2Fcomments&post=110482"}],"version-history":[{"count":0,"href":"https:\/\/analyse.optim.biz\/index.php?rest_route=\/wp\/v2\/posts\/110482\/revisions"}],"wp:featuredmedia":[{"embeddable":true,"href":"https:\/\/analyse.optim.biz\/index.php?rest_route=\/wp\/v2\/media\/110483"}],"wp:attachment":[{"href":"https:\/\/analyse.optim.biz\/index.php?rest_route=%2Fwp%2Fv2%2Fmedia&parent=110482"}],"wp:term":[{"taxonomy":"category","embeddable":true,"href":"https:\/\/analyse.optim.biz\/index.php?rest_route=%2Fwp%2Fv2%2Fcategories&post=110482"},{"taxonomy":"post_tag","embeddable":true,"href":"https:\/\/analyse.optim.biz\/index.php?rest_route=%2Fwp%2Fv2%2Ftags&post=110482"}],"curies":[{"name":"wp","href":"https:\/\/api.w.org\/{rel}","templated":true}]}}