{"id":110411,"date":"2018-08-22T09:23:46","date_gmt":"2018-08-22T06:23:46","guid":{"rendered":"https:\/\/analyse.optim.biz\/?p=110411"},"modified":"2018-08-22T09:23:46","modified_gmt":"2018-08-22T06:23:46","slug":"guvernul-convoaca-de-urgenta-csat","status":"publish","type":"post","link":"https:\/\/analyse.optim.biz\/?p=110411","title":{"rendered":"Guvernul convoac\u0103 \u201ede urgen\u021b\u0103\u201d CSAT"},"content":{"rendered":"<div class=\"entry data-app-meta data-app-meta-article\" data-embed-base-url-canonical=\"https:\/\/www.digi24.ro\/embed\/stiri\/actualitate\/politica\/guvernul-convoaca-de-urgenta-csat-984647\">\n<p data-index=\"1\"><strong><span lang=\"ro-RO\">Guvernul a solicitat pre\u0219edintelui Klaus Iohannis convocarea CSAT privind a<\/span><\/strong><span lang=\"ro-RO\"><strong>nalizarea \u0219i avizarea propunerilor de rectificare a bugetelor institu\u021biilor cu atribu\u021bii \u00een domeniul securit\u0103\u021bii na\u021bionale.<\/strong><\/span><\/p>\n<figure class=\"article-thumb\"><img decoding=\"async\" src=\"https:\/\/analyse.optim.biz\/wp-content\/uploads\/2024\/09\/mwrkodrmn2q2zjcyyzy1mje1odc3zdk4yjy-thumb_-3.jpg\" alt=\"dancila viorica vasilica inquam octav ganea\" data-skip-htmlfix=\"1\" title=\"mwrkodrmn2q2zjcyyzy1mje1odc3zdk4yjy-thumb_-3\"><figcaption> Foto: Inquam Photos \/ Octav Ganea <\/figcaption><\/figure>\n<p data-index=\"2\">\u201eGuvernul Rom\u00e2niei a trimis, seara trecut\u0103, pre\u0219edintelui Rom\u00e2niei solicitarea de convocare \u00een regim de urgen\u021b\u0103 a \u0219edin\u021bei Consililui Suprem de Ap\u0103rare a \u021a\u0103rii \u00een vederea analiz\u0103rii \u0219i aviz\u0103rii propunerilor de rectificare a bugetelor institu\u021biilor cu atribu\u021bii \u00een domeniul securit\u0103\u021bii na\u021bionale, cuprinse \u00een proiectul primei rectific\u0103ri a bugetului de stat pe anul 2018.<\/p>\n<p data-index=\"3\">Executivul a f\u0103cut acest demers \u00een temeiul art. 6 (alin 2) din Legea nr. 415\/2002 privind organizarea \u0219i func\u021bionarea Consililui Suprem de Ap\u0103rare a \u021a\u0103rii.<\/p>\n<p data-index=\"4\">Solicitarea de convocare a CSAT, \u00een regim de urgen\u021b\u0103, are \u00een vedere necesitatea adopt\u0103rii primei rectific\u0103ri bugetare din acest an pentru asigurarea resurselor necesare pl\u0103\u021bii cheltuielilor obligatorii ale bugetului general consolidat, respectiv drepturi de natur\u0103 salarial\u0103, cheltuieli cu asisten\u021ba social\u0103, echilibrarea bugetelor locale, cheltuilei pentru plata contribu\u021biei Rom\u00e2niei la Uniunea European\u0103, precum \u0219i finan\u021barea activit\u0103\u021bilor de combatere a pestei porcine africane\u201d, transmite Guvernul Rom\u00e2niei \u00eentr-un comunicat.<\/p>\n<p data-index=\"5\">Anun\u0163ul privind solicitarea Executivului de convocare a CSAT a fost f\u0103cut mar\u0163i sear\u0103, la Antena 3, de c\u0103tre liderul PSD, Liviu Dragnea, care sus\u0163inea c\u0103 este o premier\u0103 ca rectificarea bugetar\u0103 s\u0103 nu fie aprobat\u0103 de CSAT, aminte\u0219te News.ro.<\/p>\n<p data-index=\"6\">El a spus c\u0103, potrivit legii, premierul a recurs la varianta \u00een care o treime din membrii Consiliului convoac\u0103 CSAT, iar scrisoarea Vioric\u0103i D\u0103ncil\u0103 \u00een acest sens este deja la Cotroceni.<\/p>\n<p data-index=\"7\">Ministrul de Finan\u0163e, Eugen Teodorovici, a afirmat, mar\u0163i, c\u0103, \u00een cazul \u00een care nu prime\u015fte \u00een cursul zilei un r\u0103spuns de la Administra\u0163ia Preziden\u0163ial\u0103 privind convocarea CSAT pe tema rectific\u0103rii bugetare, Guvernul va solicita aceast\u0103 convocare. Teodorovici a spus c\u0103, \u00een mod normal, s\u0103pt\u0103m\u00e2na viitoare va fi votat\u0103 \u00een Guvern rectificarea bugetar\u0103.<\/p>\n<p data-index=\"8\">\u00a0<\/p>\n<p data-index=\"9\">\u00centrebat dac\u0103 s\u0103pt\u0103m\u00e2na viitoare va fi votat\u0103 \u00een Guvern rectificarea, Teodorovici a spus c\u0103 \u00een mod normal da.<\/p>\n<p data-index=\"10\">Tot mar\u0163i, Administra\u0163ia Preziden\u0163ial\u0103 a anun\u0163at c\u0103, \u00een prezent, secretariatul Consiliului Suprem de Ap\u0103rare a \u0162\u0103rii (CSAT) face demersurile necesare pentru ob\u0163inerea acordului individual al membrilor CSAT pentru emiterea unei hot\u0103r\u00e2ri privind propunerile de rectificare a bugetului de stat pentru 2018 al institu\u0163iilor cu atribu\u0163ii \u00een domeniul securit\u0103\u0163ii na\u0163ionale &#8211; Ministerul Ap\u0103r\u0103rii Na\u0163ionale, Ministerul Afacerilor Interne, Serviciul Rom\u00e2n de Informa\u0163ii, Serviciul de Informa\u0163ii Externe, Serviciul de Protec\u0163ie \u015fi Paz\u0103 \u015fi Serviciul de Telecomunica\u0163ii Speciale.<\/p>\n<p data-index=\"11\">Bugetul Administra\u0163iei Preziden\u0163iale ar urma s\u0103 fie redus cu 11,1 milioane de lei ca urmare a rectific\u0103rii bugetare pe care Guvernul inten\u0163ioneaz\u0103 s\u0103 o fac\u0103, Pre\u015fedin\u0163ia acuz\u00e2nd c\u0103\u00a0aceast\u0103 rectificare\u00a0 nu are nicio leg\u0103tur\u0103 cu necesitatea consolid\u0103rii bugetului na\u0163ional, ci este un instrument de sanc\u0163ionare a institu\u0163iilor nesubordonate PSD, Executivul apel\u00e2nd la o form\u0103 de sabotaj bugetar. \u00cen replic\u0103, ministrul\u00a0Finan\u0163elor, Eugen Teodorovici, a declarat c\u0103 institu\u0163ia nu are angajamente pentru tot bugetul alocat, refuz\u00e2nd s\u0103-\u015fi modifice decizia.<\/p>\n<p data-index=\"12\">Ministrul Finan\u0163elor, Eugen Teodorovici, afirma, \u00een 14 august, la Antena 3, c\u0103, dup\u0103 ce purt\u0103torul de cuv\u00e2nt al pre\u015fedintelui Klaus Iohannis a sus\u0163inut declara\u0163ia de pres\u0103 privind reducerea bugetului Administra\u0163iei Preziden\u0163iale la rectificarea bugetar\u0103, \u00eentre ora 09.00 \u015fi 20.00 \u00een sistemul informatic au fost introduse contracte de aproximativ 20 de milioane de lei. Teodorovici sus\u0163inea c\u0103 \u00een urma acelor declara\u0163ii a fost dispus un control la Administra\u0163ia Preziden\u0163ial\u0103, dar \u015fi la alte institu\u0163ii, \u015fi au fost descoperite contracte ne\u00eenregistrate, iar aceast\u0103 situa\u0163ie va duce la sanc\u0163iuni.<\/p>\n<\/div>\n<p> Source URL: https:\/\/www.digi24.ro\/stiri\/actualitate\/politica\/guvernul-convoaca-de-urgenta-csat-984647<\/p>\n","protected":false},"excerpt":{"rendered":"<p>Guvernul a solicitat pre\u0219edintelui Klaus Iohannis convocarea CSAT privind analizarea \u0219i avizarea propunerilor de rectificare a bugetelor institu\u021biilor cu atribu\u021bii \u00een domeniul securit\u0103\u021bii na\u021bionale. Foto: Inquam Photos \/ Octav Ganea \u201eGuvernul Rom\u00e2niei a trimis, seara trecut\u0103, pre\u0219edintelui Rom\u00e2niei solicitarea de convocare \u00een regim de urgen\u021b\u0103 a \u0219edin\u021bei Consililui Suprem de Ap\u0103rare a \u021a\u0103rii \u00een vederea [&hellip;]<\/p>\n","protected":false},"author":1,"featured_media":110412,"comment_status":"open","ping_status":"","sticky":false,"template":"","format":"standard","meta":{"footnotes":""},"categories":[2],"tags":[11],"class_list":["post-110411","post","type-post","status-publish","format-standard","has-post-thumbnail","hentry","category-politics","tag-digi24"],"_links":{"self":[{"href":"https:\/\/analyse.optim.biz\/index.php?rest_route=\/wp\/v2\/posts\/110411","targetHints":{"allow":["GET"]}}],"collection":[{"href":"https:\/\/analyse.optim.biz\/index.php?rest_route=\/wp\/v2\/posts"}],"about":[{"href":"https:\/\/analyse.optim.biz\/index.php?rest_route=\/wp\/v2\/types\/post"}],"author":[{"embeddable":true,"href":"https:\/\/analyse.optim.biz\/index.php?rest_route=\/wp\/v2\/users\/1"}],"replies":[{"embeddable":true,"href":"https:\/\/analyse.optim.biz\/index.php?rest_route=%2Fwp%2Fv2%2Fcomments&post=110411"}],"version-history":[{"count":0,"href":"https:\/\/analyse.optim.biz\/index.php?rest_route=\/wp\/v2\/posts\/110411\/revisions"}],"wp:featuredmedia":[{"embeddable":true,"href":"https:\/\/analyse.optim.biz\/index.php?rest_route=\/wp\/v2\/media\/110412"}],"wp:attachment":[{"href":"https:\/\/analyse.optim.biz\/index.php?rest_route=%2Fwp%2Fv2%2Fmedia&parent=110411"}],"wp:term":[{"taxonomy":"category","embeddable":true,"href":"https:\/\/analyse.optim.biz\/index.php?rest_route=%2Fwp%2Fv2%2Fcategories&post=110411"},{"taxonomy":"post_tag","embeddable":true,"href":"https:\/\/analyse.optim.biz\/index.php?rest_route=%2Fwp%2Fv2%2Ftags&post=110411"}],"curies":[{"name":"wp","href":"https:\/\/api.w.org\/{rel}","templated":true}]}}