{"id":1101144,"date":"2013-08-07T16:56:01","date_gmt":"2013-08-07T13:56:01","guid":{"rendered":"https:\/\/analyse.optim.biz\/?p=1101144"},"modified":"2013-08-07T16:56:01","modified_gmt":"2013-08-07T13:56:01","slug":"hoinar-in-bucovina-sucevita-suceavalive","status":"publish","type":"post","link":"https:\/\/analyse.optim.biz\/?p=1101144","title":{"rendered":"Hoinar \u00een Bucovina &#8211; Sucevi\u021ba &#8211; SuceavaLIVE"},"content":{"rendered":"<article id=\"post-17377\" class=\"clearfix post-17377 post type-post status-publish format-standard has-post-thumbnail hentry category-emisiuni category-hoinar tag-balul-gospodarilor tag-cazare-in-sucevita tag-cazare-sucevita tag-centrul-de-informarea tag-corina-panculescu tag-cornel-tilihoi tag-dorin-pinzar tag-hoinar-in-bucovina tag-mihai-bondor tag-monografie-video tag-popas-bucovina tag-prezentare-comuna-sucevita tag-prezentarea-sucevita tag-primarie-sucevita tag-sucevita tag-video\">\n<header id=\"cb-standard-featured\">\n<div id=\"cb-fis-wrap\" class=\"cb-entry-header cb-fis cb-style-standard\"><span class=\"cb-title-fi\"><\/p>\n<h1 class=\"entry-title cb-entry-title cb-single-title\">Hoinar \u00een Bucovina \u2013 Sucevi\u021ba<\/h1>\n<div class=\"cb-byline cb-font-header\">\n<div class=\"cb-date cb-byline-element\"><time datetime=\"2013-08-07\">7 august 2013<\/time><\/div>\n<\/div>\n<p><\/span><\/div>\n<div class=\"cb-mask\"><img decoding=\"async\" width=\"1271\" height=\"714\" src=\"https:\/\/analyse.optim.biz\/wp-content\/uploads\/2025\/12\/sucevita-1.jpg\" class=\"attachment-cb-full-full size-cb-full-full wp-post-image\" loading=\"lazy\" title=\"sucevita-1\"><\/div>\n<\/header>\n<p>P\u0103m\u00e2nt binecuv\u00e2ntat, Bucovina r\u0103m\u00e2ne de secole izvor de frumuse\u021bi. \u00cen mijlocul ei, Sucevi\u021ba p\u0103streaz\u0103 veacuri de istorie, pe care o po\u021bi descoperi doar venind \u00een acest loc minunat. An de an, mii de oameni vin aici pentru relaxare, pentru a se bucura de aerul curat, pentru a avea parte de multitudinea de activit\u0103\u021bi de recreere \u0219i de farmecul indiscutabil oferit de \u021binutul bucovinean. <\/p>\n<section class=\"cb-entry-content entry-content clearfix\">\n<p>Sucevi\u021ba a reprezentat, de-a lungul istoriei, un mozaic etno-cultural, \u00een care oamenii \u0219i frumuse\u021bea locului i\u021bi ofer\u0103 un sentiment de \u00eemplinire, pace \u0219i fericire. Vizionare pl\u0103cut\u0103 la cea de-a treia edi\u021bie a emisiunii \u201eHoinar \u00een Bucovina\u201d.<br \/>\n<iframe loading=\"lazy\" src=\"https:\/\/www.youtube.com\/embed\/_1S_XtOkfhI?autoplay=1\" height=\"300\" width=\"500\" allowfullscreen frameborder><\/iframe><\/p>\n<\/section>\n<footer class=\"article-footer\">\n<p class=\"cb-tags\"><a href=\"https:\/\/suceavalive.ro\/tag\/balul-gospodarilor\/\" rel=\"tag\">balul gospodarilor<\/a><a href=\"https:\/\/suceavalive.ro\/tag\/cazare-in-sucevita\/\" rel=\"tag\">cazare in sucevita<\/a><a href=\"https:\/\/suceavalive.ro\/tag\/cazare-sucevita\/\" rel=\"tag\">cazare sucevita<\/a><a href=\"https:\/\/suceavalive.ro\/tag\/centrul-de-informarea\/\" rel=\"tag\">centrul de informarea<\/a><a href=\"https:\/\/suceavalive.ro\/tag\/corina-panculescu\/\" rel=\"tag\">corina panculescu<\/a><a href=\"https:\/\/suceavalive.ro\/tag\/cornel-tilihoi\/\" rel=\"tag\">cornel tilihoi<\/a><a href=\"https:\/\/suceavalive.ro\/tag\/dorin-pinzar\/\" rel=\"tag\">dorin p\u00eenzar<\/a><a href=\"https:\/\/suceavalive.ro\/tag\/hoinar-in-bucovina\/\" rel=\"tag\">hoinar in bucovina<\/a><a href=\"https:\/\/suceavalive.ro\/tag\/mihai-bondor\/\" rel=\"tag\">mihai bondor<\/a><a href=\"https:\/\/suceavalive.ro\/tag\/monografie-video\/\" rel=\"tag\">monografie video<\/a><a href=\"https:\/\/suceavalive.ro\/tag\/popas-bucovina\/\" rel=\"tag\">popas bucovina<\/a><a href=\"https:\/\/suceavalive.ro\/tag\/prezentare-comuna-sucevita\/\" rel=\"tag\">prezentare comuna sucevita<\/a><a href=\"https:\/\/suceavalive.ro\/tag\/prezentarea-sucevita\/\" rel=\"tag\">prezentarea sucevita<\/a><a href=\"https:\/\/suceavalive.ro\/tag\/primarie-sucevita\/\" rel=\"tag\">primarie sucevita<\/a><a href=\"https:\/\/suceavalive.ro\/tag\/sucevita\/\" rel=\"tag\">sucevita<\/a><a href=\"https:\/\/suceavalive.ro\/tag\/video\/\" rel=\"tag\">video<\/a><\/p>\n<div class=\"cb-social-sharing cb-post-footer-block cb-beside clearfix\">\n<div class=\"cb-title-subtle\">Share On:<\/div>\n<div class=\"cb-twitter\"><a href=\"https:\/\/twitter.com\/share\" class=\"twitter-share-button\" data-dnt=\"true\" data-count=\"horizontal\">Tweet<\/a><\/div>\n<\/div>\n<div id=\"cb-previous-next-links\" class=\"cb-post-footer-block clearfix\">\n<div id=\"cb-previous-link\"><a href=\"https:\/\/suceavalive.ro\/video-judetul-suceava-trebuie-explorat-de-turistii-evrei\/\" rel=\"prev\">(VIDEO) Jude\u021bul Suceava trebuie explorat de turi\u0219tii evrei<\/a><\/div>\n<div id=\"cb-next-link\"><a href=\"https:\/\/suceavalive.ro\/video-partidul-miscarea-populara-s-a-lansat-in-suceava\/\" rel=\"next\">(VIDEO) Partidul Mi\u0219carea Popular\u0103 s-a lansat \u00een Suceava<\/a><\/div>\n<\/div>\n<div id=\"cb-author-box\" class=\"clearfix\">\n<h3 class=\"cb-block-title\">Despre autor<\/h3>\n<div class=\"cb-mask\"><a href=\"https:\/\/suceavalive.ro\/author\/tilihoi\/\"><img decoding=\"async\" src=\"https:\/\/analyse.optim.biz\/wp-content\/uploads\/2025\/12\/fa2d18728c5d81a58c6469ecd1ad7e557d4f11a4993458ce4a8238aca4504c9f-2.jpg\" class=\"avatar avatar-120 photo\" height=\"120\" width=\"120\" loading=\"lazy\" title=\"fa2d18728c5d81a58c6469ecd1ad7e557d4f11a4993458ce4a8238aca4504c9f-2\"><\/a><\/div>\n<div class=\"cb-meta\">\n<div class=\"cb-info\">\n<div class=\"cb-author-title vcard\"><a href=\"https:\/\/suceavalive.ro\/author\/tilihoi\/\"><span class=\"fn\">Cornel Tilihoi<\/span><\/a><\/div>\n<\/div>\n<\/div>\n<\/div>\n<div id=\"cb-related-posts\" class=\"cb-related-posts-block cb-post-end-block clearfix\">\n<h3 class=\"cb-block-title\">Postari asemanatoare<\/h3>\n<ul>\n<li class=\"cb-style-overlay cb-grid-entry cb-related-post no-1\">\n<div class=\"cb-mask\"><a href=\"https:\/\/suceavalive.ro\/sute-de-persoane-au-petrecut-alaturi-de-artisti-consacrati-la-balul-gospodarilor-de-la-moldovita\/\"><img decoding=\"async\" width=\"360\" height=\"240\" src=\"https:\/\/analyse.optim.biz\/wp-content\/uploads\/2025\/12\/balul-gospodarilor-moldovita-360x240-1.jpg\" class=\"attachment-cb-360-240 size-cb-360-240 wp-post-image\" loading=\"lazy\" title=\"balul-gospodarilor-moldovita-360x240-1\"><\/a><\/div>\n<div class=\"cb-meta cb-article-meta\">\n<h4 class=\"h3 cb-post-title\"><a href=\"https:\/\/suceavalive.ro\/sute-de-persoane-au-petrecut-alaturi-de-artisti-consacrati-la-balul-gospodarilor-de-la-moldovita\/\">Sute de persoane au petrecut al\u0103turi de arti\u0219ti consacra\u021bi, la Balul Gospodarilor de la Moldovi\u021ba<\/a><\/h4>\n<div class=\"cb-byline cb-font-header\">\n<div class=\"cb-date cb-byline-element\"><time datetime=\"2017-12-30\">30 decembrie 2017<\/time><\/div>\n<\/div>\n<\/div>\n<\/li>\n<li class=\"cb-style-overlay cb-grid-entry cb-related-post no-2\">\n<div class=\"cb-mask\"><a href=\"https:\/\/suceavalive.ro\/fii-treaz-la-volan-campania-initiata-de-politisti-pentru-a-stopa-accidentele-provocate-de-betivi\/\"><img decoding=\"async\" width=\"360\" height=\"240\" src=\"https:\/\/analyse.optim.biz\/wp-content\/uploads\/2025\/12\/20171112_021019-360x240-1.jpg\" class=\"attachment-cb-360-240 size-cb-360-240 wp-post-image\" loading=\"lazy\" title=\"20171112_021019-360x240-1\"><\/a><\/div>\n<div class=\"cb-meta cb-article-meta\">\n<h4 class=\"h3 cb-post-title\"><a href=\"https:\/\/suceavalive.ro\/fii-treaz-la-volan-campania-initiata-de-politisti-pentru-a-stopa-accidentele-provocate-de-betivi\/\">\u00a0,,Fii treaz la volan\u201d \u2013 campania ini\u021biat\u0103 de poli\u021bi\u0219ti pentru a stopa accidentele provocate de be\u021bivi<\/a><\/h4>\n<div class=\"cb-byline cb-font-header\">\n<div class=\"cb-date cb-byline-element\"><time datetime=\"2017-11-12\">12 noiembrie 2017<\/time><\/div>\n<\/div>\n<\/div>\n<\/li>\n<\/ul>\n<\/div>\n<\/footer>\n<div id=\"respond\" class=\"comment-respond\">\n<h3 id=\"reply-title\" class=\"comment-reply-title\">Lasa un raspuns <small><a rel=\"nofollow\" id=\"cancel-comment-reply-link\" href=\"https:\/\/suceavalive.ro\/video-hoinar-in-bucovina-sucevita\/#respond\">Anuleaza raspunsul<\/a><\/small><\/h3>\n<p class=\"comment-notes\">Adresa ta de email nu va fi publicat\u0103.<\/p>\n<\/div>\n<\/article>\n<p> Source URL: https:\/\/suceavalive.ro\/video-hoinar-in-bucovina-sucevita\/<\/p>\n","protected":false},"excerpt":{"rendered":"<p>Hoinar \u00een Bucovina \u2013 Sucevi\u021ba 7 august 2013 P\u0103m\u00e2nt binecuv\u00e2ntat, Bucovina r\u0103m\u00e2ne de secole izvor de frumuse\u021bi. \u00cen mijlocul ei, Sucevi\u021ba p\u0103streaz\u0103 veacuri de istorie, pe care o po\u021bi descoperi doar venind \u00een acest loc minunat. An de an, mii de oameni vin aici pentru relaxare, pentru a se bucura de aerul curat, pentru a [&hellip;]<\/p>\n","protected":false},"author":1,"featured_media":1101145,"comment_status":"open","ping_status":"","sticky":false,"template":"","format":"standard","meta":{"footnotes":""},"categories":[89],"tags":[173],"class_list":["post-1101144","post","type-post","status-publish","format-standard","has-post-thumbnail","hentry","category-romania","tag-suceavalive-ro"],"_links":{"self":[{"href":"https:\/\/analyse.optim.biz\/index.php?rest_route=\/wp\/v2\/posts\/1101144","targetHints":{"allow":["GET"]}}],"collection":[{"href":"https:\/\/analyse.optim.biz\/index.php?rest_route=\/wp\/v2\/posts"}],"about":[{"href":"https:\/\/analyse.optim.biz\/index.php?rest_route=\/wp\/v2\/types\/post"}],"author":[{"embeddable":true,"href":"https:\/\/analyse.optim.biz\/index.php?rest_route=\/wp\/v2\/users\/1"}],"replies":[{"embeddable":true,"href":"https:\/\/analyse.optim.biz\/index.php?rest_route=%2Fwp%2Fv2%2Fcomments&post=1101144"}],"version-history":[{"count":0,"href":"https:\/\/analyse.optim.biz\/index.php?rest_route=\/wp\/v2\/posts\/1101144\/revisions"}],"wp:featuredmedia":[{"embeddable":true,"href":"https:\/\/analyse.optim.biz\/index.php?rest_route=\/wp\/v2\/media\/1101145"}],"wp:attachment":[{"href":"https:\/\/analyse.optim.biz\/index.php?rest_route=%2Fwp%2Fv2%2Fmedia&parent=1101144"}],"wp:term":[{"taxonomy":"category","embeddable":true,"href":"https:\/\/analyse.optim.biz\/index.php?rest_route=%2Fwp%2Fv2%2Fcategories&post=1101144"},{"taxonomy":"post_tag","embeddable":true,"href":"https:\/\/analyse.optim.biz\/index.php?rest_route=%2Fwp%2Fv2%2Ftags&post=1101144"}],"curies":[{"name":"wp","href":"https:\/\/api.w.org\/{rel}","templated":true}]}}