{"id":1100966,"date":"2019-07-11T17:26:23","date_gmt":"2019-07-11T14:26:23","guid":{"rendered":"https:\/\/analyse.optim.biz\/?p=1100966"},"modified":"2019-07-11T17:26:23","modified_gmt":"2019-07-11T14:26:23","slug":"accident-in-alexandria-sase-persoane-printre-care-si-un-minor-de-17-ani-au-ajuns-la-spitalul-de-urgenta-informatia-de-teleorman","status":"publish","type":"post","link":"https:\/\/analyse.optim.biz\/?p=1100966","title":{"rendered":"Accident, \u00een Alexandria. \u015ease persoane, printre care \u015fi un minor de 17 ani, au ajuns la Spitalul de Urgen\u0163\u0103 &#8211; Informatia de Teleorman"},"content":{"rendered":"<article id=\"template-id-25729\" class=\"post-25729 tdb_templates type-tdb_templates status-publish post\">\n<div id=\"tdi_67\" class=\"tdc-zone\">\n<div class=\"tdc_zone tdi_68  wpb_row td-pb-row\">\n<div id=\"tdi_69\" class=\"tdc-row stretch_row_1600 td-stretch-content\">\n<div class=\"vc_row tdi_70  wpb_row td-pb-row\">\n<div class=\"vc_column tdi_72  wpb_column vc_column_container tdc-column td-pb-span12\">\n<div class=\"wpb_wrapper\">\n<div class=\"td_block_wrap tdb_single_categories tdi_73 td-pb-border-top td_block_template_1 \" data-td-block-uid=\"tdi_73\">\n<div class=\"tdb-category td-fix-index\"><a class=\"tdb-entry-category\" href=\"https:\/\/infotr.ro\/category\/economic\/\">Economic<\/a><a class=\"tdb-entry-category\" href=\"https:\/\/infotr.ro\/category\/stiri-locale\/\">Stiri Locale<\/a><\/div>\n<\/div>\n<div class=\"td_block_wrap tdb_single_modified_date tdi_74 td-pb-border-top td_block_template_1 tdb-post-meta\" data-td-block-uid=\"tdi_74\">\n<div class=\"tdb-block-inner td-fix-index\"><span>Actualizat la:<\/span><time class=\"entry-date updated td-module-date\" datetime=\"2019-07-11T20:44:00+03:00\">11\/07\/2019<\/time><\/div>\n<\/div>\n<div class=\"td_block_wrap tdb_title tdi_75 tdb-single-title td-pb-border-top td_block_template_1\" data-td-block-uid=\"tdi_75\">\n<div class=\"tdb-block-inner td-fix-index\">\n<h1 class=\"tdb-title-text\">Accident, \u00een Alexandria. \u015ease persoane, printre care \u015fi un minor de 17 ani, au ajuns la Spitalul de Urgen\u0163\u0103<\/h1>\n<\/div>\n<\/div>\n<div class=\"vc_row_inner tdi_77  vc_row vc_inner wpb_row td-pb-row\">\n<div class=\"vc_column_inner tdi_79  wpb_column vc_column_container tdc-inner-column td-pb-span5\">\n<div class=\"vc_column-inner\">\n<div class=\"wpb_wrapper\">\n<div class=\"td_block_wrap tdb_single_author tdi_80 td-pb-border-top td_block_template_1 tdb-post-meta\" data-td-block-uid=\"tdi_80\">\n<div class=\"tdb-block-inner td-fix-index\"><a class=\"tdb-author-photo\" href=\"https:\/\/infotr.ro\/author\/admin-mihai\/\" title=\"Info TR\"><img decoding=\"async\" src=\"https:\/\/analyse.optim.biz\/wp-content\/uploads\/2025\/12\/5f53876719360924b847a70c7a351ec3-95.jpg\" alt=\"Info TR\" class=\"avatar avatar-96 photo\" height=\"96\" width=\"96\" loading=\"lazy\" title=\"5f53876719360924b847a70c7a351ec3-95\"><\/a><\/p>\n<div class=\"tdb-author-name-wrap\"><span class=\"tdb-author-by\">By<\/span><a class=\"tdb-author-name\" href=\"https:\/\/infotr.ro\/author\/admin-mihai\/\">Info TR<\/a><\/div>\n<\/div>\n<\/div>\n<div class=\"td_block_wrap tdb_single_date tdi_83 td-pb-border-top td_block_template_1 tdb-post-meta\" data-td-block-uid=\"tdi_83\">\n<div class=\"tdb-block-inner td-fix-index\"><time class=\"entry-date updated td-module-date\" datetime=\"2019-07-11T20:26:23+03:00\">11\/07\/2019<\/time><\/div>\n<\/div>\n<div class=\"td_block_wrap tdb_single_post_views tdi_86 td-pb-border-top td_block_template_1 tdb-post-meta\" data-td-block-uid=\"tdi_86\">\n<div class=\"tdb-block-inner td-fix-index\"><span class=\"td-nr-views-19837\">652<\/span><\/div>\n<\/div>\n<div class=\"td_block_wrap tdb_single_comments_count tdi_89 td-pb-border-top td_block_template_1 tdb-post-meta\" data-td-block-uid=\"tdi_89\">\n<div class=\"tdb-block-inner td-fix-index\"><a href=\"https:\/\/infotr.ro\/accident-in-alexandria-sase-persoane-printre-care-si-un-minor-de-17-ani-au-ajuns-la-spitalul-de-urgenta\/#respond\"><span>0<\/span><\/a><\/div>\n<\/div>\n<\/div>\n<\/div>\n<\/div>\n<div class=\"vc_column_inner tdi_91  wpb_column vc_column_container tdc-inner-column td-pb-span7\">\n<div class=\"vc_column-inner\">\n<div class=\"wpb_wrapper\">\n<div class=\"td_block_wrap tdb_single_post_share tdi_92  td-pb-border-top td_block_template_1\" data-td-block-uid=\"tdi_92\">\n<div id=\"tdi_92\" class=\"td-post-sharing tdb-block td-ps-border td-ps-border-grey td-ps-icon-arrow td-ps-icon-bg td-ps-text-color td-post-sharing-style19 \">\n<div class=\"td-post-sharing-visible\">\n<div class=\"td-social-sharing-button td-social-sharing-button-js td-social-handler td-social-share-text\">\n<div class=\"td-social-but-text\">Ac\u021biune<\/div>\n<\/div>\n<p><a class=\"td-social-sharing-button td-social-sharing-button-js td-social-network td-social-facebook\" href=\"https:\/\/www.facebook.com\/sharer.php?u=https%3A%2F%2Finfotr.ro%2Faccident-in-alexandria-sase-persoane-printre-care-si-un-minor-de-17-ani-au-ajuns-la-spitalul-de-urgenta%2F\" title=\"Facebook\"><\/p>\n<div class=\"td-social-but-text\">Facebook<\/div>\n<p><\/a><a class=\"td-social-sharing-button td-social-sharing-button-js td-social-network td-social-twitter\" href=\"https:\/\/twitter.com\/intent\/tweet?text=Accident%2C+%C3%AEn+Alexandria.+%C5%9Ease+persoane%2C+printre+care+%C5%9Fi+un+minor+de+17+ani%2C+au+ajuns+la+Spitalul+de+Urgen%C5%A3%C4%83&amp;url=https%3A%2F%2Finfotr.ro%2Faccident-in-alexandria-sase-persoane-printre-care-si-un-minor-de-17-ani-au-ajuns-la-spitalul-de-urgenta%2F&amp;via=Informatia+de+Teleorman\" title=\"Twitter\"><\/p>\n<div class=\"td-social-but-text\">Twitter<\/div>\n<p><\/a><a class=\"td-social-sharing-button td-social-sharing-button-js td-social-network td-social-pinterest\" href=\"https:\/\/pinterest.com\/pin\/create\/button\/?url=https:\/\/infotr.ro\/accident-in-alexandria-sase-persoane-printre-care-si-un-minor-de-17-ani-au-ajuns-la-spitalul-de-urgenta\/&amp;media=https:\/\/analyse.optim.biz\/wp-content\/uploads\/2025\/12\/accident-alexandria-1.jpg&amp;description=Accident%2C+%C3%AEn+Alexandria.+%C5%9Ease+persoane%2C+printre+care+%C5%9Fi+un+minor+de+17+ani%2C+au+ajuns+la+Spitalul+de+Urgen%C5%A3%C4%83\" title=\"Pinterest\"><\/p>\n<div class=\"td-social-but-text\">Pinterest<\/div>\n<p><\/a><a class=\"td-social-sharing-button td-social-sharing-button-js td-social-network td-social-whatsapp\" href=\"https:\/\/api.whatsapp.com\/send?text=Accident%2C+%C3%AEn+Alexandria.+%C5%9Ease+persoane%2C+printre+care+%C5%9Fi+un+minor+de+17+ani%2C+au+ajuns+la+Spitalul+de+Urgen%C5%A3%C4%83%20%0A%0A%20https:\/\/infotr.ro\/accident-in-alexandria-sase-persoane-printre-care-si-un-minor-de-17-ani-au-ajuns-la-spitalul-de-urgenta\/\" title=\"WhatsApp\"><\/p>\n<div class=\"td-social-but-text\">WhatsApp<\/div>\n<p><\/a><\/div>\n<\/div>\n<\/div>\n<\/div>\n<\/div>\n<\/div>\n<\/div>\n<\/div>\n<\/div>\n<\/div>\n<\/div>\n<div id=\"tdi_99\" class=\"tdc-row stretch_row_1400 td-stretch-content\">\n<div class=\"vc_row tdi_100  wpb_row td-pb-row\">\n<div class=\"vc_column tdi_102  wpb_column vc_column_container tdc-column td-pb-span9\">\n<div class=\"wpb_wrapper\">\n<div class=\"vc_row_inner tdi_105  vc_row vc_inner wpb_row td-pb-row\">\n<div class=\"vc_column_inner tdi_107  wpb_column vc_column_container tdc-inner-column td-pb-span4 td-is-sticky\">\n<div class=\"vc_column-inner\">\n<div class=\"wpb_wrapper\" data-sticky-enabled-on=\"W3RydWUsdHJ1ZSx0cnVlLHRydWVd\" data-sticky-offset=\"20\" data-sticky-is-width-auto=\"W2ZhbHNlLGZhbHNlLGZhbHNlLGZhbHNlXQ==\">\n<div class=\"td_block_wrap td_block_title tdi_108 td-pb-border-top td_block_template_2 td-fix-index\" data-td-block-uid=\"tdi_108\">\n<div class=\"td-block-title-wrap\">\n<h4 class=\"td-block-title\"><span class=\"td-pulldown-size\">Articole noi<\/span><\/h4>\n<\/div>\n<\/div>\n<div class=\"td_block_wrap td_flex_block_5 tdi_109 td-pb-border-top td_block_template_1 td_flex_block\" data-td-block-uid=\"tdi_109\">\n<div id=\"tdi_109\" class=\"td_block_inner td-mc1-wrap\">\n<div class=\"td_module_flex td_module_flex_5 td_module_wrap td-animation-stack td-cpt-post\">\n<div class=\"td-module-container td-category-pos-\">\n<div class=\"td-module-meta-info td-module-meta-info-bottom\">\n<div class=\"td-editor-date\"><a href=\"https:\/\/infotr.ro\/category\/doctor-it\/\" class=\"td-post-category\">Doctor IT<\/a><span class=\"td-author-date\"><span class=\"td-post-author-name\"><a href=\"https:\/\/infotr.ro\/author\/negiba\/\">Negiba Radu Maxim<\/a><span>&#8211;<\/span><\/span><span class=\"td-post-date\"><time class=\"entry-date updated td-module-date\" datetime=\"2025-12-16T20:18:37+03:00\">16\/12\/2025<\/time><\/span><\/span><\/div>\n<h3 class=\"entry-title td-module-title\"><a href=\"https:\/\/infotr.ro\/criza-invizibila-din-sanatatea-digitala\/\" rel=\"bookmark\" title=\"Criza invizibil\u0103 din s\u0103n\u0103tatea digital\u0103: De ce pacien\u021bii abandoneaz\u0103 site-urile medicale \u00eenainte s\u0103 se programeze\">Criza invizibil\u0103 din s\u0103n\u0103tatea digital\u0103: De ce pacien\u021bii abandoneaz\u0103 site-urile medicale \u00eenainte s\u0103 se programeze<\/a><\/h3>\n<\/div>\n<\/div>\n<\/div>\n<div class=\"td_module_flex td_module_flex_5 td_module_wrap td-animation-stack td-cpt-post\">\n<div class=\"td-module-container td-category-pos-\">\n<div class=\"td-module-meta-info td-module-meta-info-bottom\">\n<div class=\"td-editor-date\"><a href=\"https:\/\/infotr.ro\/category\/actualitate\/\" class=\"td-post-category\">Actualitate<\/a><span class=\"td-author-date\"><span class=\"td-post-author-name\"><a href=\"https:\/\/infotr.ro\/author\/admin-mihai\/\">Info TR<\/a><span>&#8211;<\/span><\/span><span class=\"td-post-date\"><time class=\"entry-date updated td-module-date\" datetime=\"2025-12-16T11:35:48+03:00\">16\/12\/2025<\/time><\/span><\/span><\/div>\n<h3 class=\"entry-title td-module-title\"><a href=\"https:\/\/infotr.ro\/mos-craciun-a-poposit-la-gradinita-cu-pp-nr-7-din-alexandria-spre-bucuria-celor-mici\/\" rel=\"bookmark\" title=\"Mo\u015f Cr\u0103ciun a poposit la Gr\u0103dini\u0163a cu PP nr. 7 din Alexandria, spre bucuria celor mici\">Mo\u015f Cr\u0103ciun a poposit la Gr\u0103dini\u0163a cu PP nr. 7 din Alexandria, spre bucuria celor mici<\/a><\/h3>\n<\/div>\n<\/div>\n<\/div>\n<div class=\"td_module_flex td_module_flex_5 td_module_wrap td-animation-stack td-cpt-post\">\n<div class=\"td-module-container td-category-pos-\">\n<div class=\"td-module-meta-info td-module-meta-info-bottom\">\n<div class=\"td-editor-date\"><a href=\"https:\/\/infotr.ro\/category\/actualitate\/\" class=\"td-post-category\">Actualitate<\/a><span class=\"td-author-date\"><span class=\"td-post-author-name\"><a href=\"https:\/\/infotr.ro\/author\/admin-mihai\/\">Info TR<\/a><span>&#8211;<\/span><\/span><span class=\"td-post-date\"><time class=\"entry-date updated td-module-date\" datetime=\"2025-12-16T11:20:21+03:00\">16\/12\/2025<\/time><\/span><\/span><\/div>\n<h3 class=\"entry-title td-module-title\"><a href=\"https:\/\/infotr.ro\/primariile-marzanesti-si-crangeni-au-primit-bani-pentru-decontarea-unor-lucrari-realizate-prin-pnrr\/\" rel=\"bookmark\" title=\"Prim\u0103riile M\u00e2rz\u0103ne\u015fti \u015fi Cr\u00e2ngeni au primit bani pentru decontarea unor lucr\u0103ri realizate prin PNRR\">Prim\u0103riile M\u00e2rz\u0103ne\u015fti \u015fi Cr\u00e2ngeni au primit bani pentru decontarea unor lucr\u0103ri realizate prin PNRR<\/a><\/h3>\n<\/div>\n<\/div>\n<\/div>\n<\/div>\n<\/div>\n<div class=\"tdb-author-box td_block_wrap tdb_single_author_box tdi_110 tdb-content-vert-top td-pb-border-top td_block_template_1\" data-td-block-uid=\"tdi_110\">\n<div class=\"tdb-block-inner td-fix-index\"><a href=\"https:\/\/infotr.ro\/author\/admin-mihai\/\" class=\"tdb-author-photo\" title=\"Info TR\"><img decoding=\"async\" src=\"https:\/\/analyse.optim.biz\/wp-content\/uploads\/2025\/12\/37d76b27c6373c170d06b295a47df6d2-95.jpg\" alt=\"Info TR\" class=\"avatar avatar-120 photo\" height=\"120\" width=\"120\" loading=\"lazy\" title=\"37d76b27c6373c170d06b295a47df6d2-95\"><\/a><\/p>\n<div class=\"tdb-author-info\"><a href=\"https:\/\/infotr.ro\/author\/admin-mihai\/\" class=\"tdb-author-name\">Info TR<\/a><a href=\"https:\/\/infotr.ro\" class=\"tdb-author-url\">https:\/\/infotr.ro<\/a><\/p>\n<div class=\"tdb-author-descr\">Stiri, reportaje, anchete si informa\u021bii din Teleorman.<\/div>\n<\/div>\n<\/div>\n<\/div>\n<\/div>\n<\/div>\n<\/div>\n<div class=\"vc_column_inner tdi_112  wpb_column vc_column_container tdc-inner-column td-pb-span8\">\n<div class=\"vc_column-inner\">\n<div class=\"wpb_wrapper\">\n<div class=\"td_block_wrap tdb_single_content tdi_115 td-pb-border-top td_block_template_1 td-post-content tagdiv-type\" data-td-block-uid=\"tdi_115\">\n<div class=\"tdb-block-inner td-fix-index\">\n<p>\u00cen urm\u0103 cu numai c\u00e2teva minute, poli\u021bi\u0219tii din Alexandria au fost sesiza\u021bi, prin apel la 112, cu privire la faptul c\u0103 pe strada Independen\u021bei din municipiul re\u015fedin\u0163\u0103 de jude\u0163, s-a produs un accident rutier soldat cu victime omene\u0219ti.<\/p>\n<p>\u00cen urma cercet\u0103rilor, oamenii legii au constatat urm\u0103toarele: \u00een timp ce un t\u00e2n\u0103r \u00een v\u00e2rst\u0103 de 21 de ani, domiciliat \u00een ora\u0219ul Darabani, jude\u021bul Boto\u0219ani, conducea un autoturism pe strada Independen\u021bei, din direc\u021bia str. Bucure\u0219ti c\u0103tre str. Av. Colfescu, la intersec\u021bia cu strada Gheorghe Doja nu a acordat prioritate de trecere unui auto condus regulamentar de c\u0103tre un t\u00e2n\u0103r \u00een v\u00e2rst\u0103 de 20 de ani, din comuna Plosca.<\/p>\n<p>\u201e\u00cen urma impactului a rezultat r\u0103nirea a 4 persoane, b\u0103rba\u021bi \u0219i femei, cu v\u00e2rste cuprinse \u00eentre 17 \u0219i 40 de ani, pasageri \u00een cele dou\u0103 auto. Ambii conduc\u0103tori auto au fost testa\u021bi cu aparatul alcooltest, rezultatul fiind negativ. \u00cen cauz\u0103 a fost \u00eentocmit dosar penal pentru v\u0103t\u0103mare corporal\u0103 din culp\u0103\u201d, se arat\u0103 \u00eentr-un comunicat al IPJ Teleorman.<\/p>\n<p>\u00cens\u0103, la Spitalul de Urgen\u0163\u0103 din Alexandria au ajuns \u015fase persoane. Cinci victime au fost din cele dou\u0103 autoturisme implicate \u00een evenimentul rutier, iar un t\u00e2n\u0103r de 22 de ani a fost lovit \u00een momentul \u00een care \u00eencerca s\u0103 traverseze strada.  <br \/>Potrivit declara\u0163iei cadrelor medicale, victimele au suferit r\u0103ni superficiale ce nu le pun via\u0163a \u00een pericol, urm\u00e2nd a fi externate \u00een cel mai scurt timp.<\/p>\n<\/div>\n<\/div>\n<div class=\"td_block_wrap tdb_single_tags tdi_118 td-pb-border-top td_block_template_1\" data-td-block-uid=\"tdi_118\">\n<div class=\"tdb-block-inner td-fix-index\">\n<ul class=\"tdb-tags\">\n<li><span>Tags<\/span><\/li>\n<li><a href=\"https:\/\/infotr.ro\/tag\/accident-alexandria\/\">accident Alexandria<\/a><\/li>\n<li><a href=\"https:\/\/infotr.ro\/tag\/dosar-penal\/\">dosar penal<\/a><\/li>\n<li><a href=\"https:\/\/infotr.ro\/tag\/victime-omenesti\/\">victime omenesti<\/a><\/li>\n<\/ul>\n<\/div>\n<\/div>\n<div class=\"td_block_wrap tdb_single_post_share tdi_119  td-pb-border-top td_block_template_1\" data-td-block-uid=\"tdi_119\">\n<div id=\"tdi_119\" class=\"td-post-sharing tdb-block td-ps-bg td-ps-notext td-ps-bar td-post-sharing-style5 \">\n<div class=\"td-post-sharing-visible\">\n<div class=\"td-social-sharing-button td-social-sharing-button-js td-social-handler td-social-share-text\">\n<div class=\"td-social-but-text\">Ac\u021biune<\/div>\n<\/div>\n<p><a class=\"td-social-sharing-button td-social-sharing-button-js td-social-network td-social-facebook\" href=\"https:\/\/www.facebook.com\/sharer.php?u=https%3A%2F%2Finfotr.ro%2Faccident-in-alexandria-sase-persoane-printre-care-si-un-minor-de-17-ani-au-ajuns-la-spitalul-de-urgenta%2F\" title=\"Facebook\"><\/p>\n<div class=\"td-social-but-text\">Facebook<\/div>\n<p><\/a><a class=\"td-social-sharing-button td-social-sharing-button-js td-social-network td-social-twitter\" href=\"https:\/\/twitter.com\/intent\/tweet?text=Accident%2C+%C3%AEn+Alexandria.+%C5%9Ease+persoane%2C+printre+care+%C5%9Fi+un+minor+de+17+ani%2C+au+ajuns+la+Spitalul+de+Urgen%C5%A3%C4%83&amp;url=https%3A%2F%2Finfotr.ro%2Faccident-in-alexandria-sase-persoane-printre-care-si-un-minor-de-17-ani-au-ajuns-la-spitalul-de-urgenta%2F&amp;via=Informatia+de+Teleorman\" title=\"Twitter\"><\/p>\n<div class=\"td-social-but-text\">Twitter<\/div>\n<p><\/a><a class=\"td-social-sharing-button td-social-sharing-button-js td-social-network td-social-pinterest\" href=\"https:\/\/pinterest.com\/pin\/create\/button\/?url=https:\/\/infotr.ro\/accident-in-alexandria-sase-persoane-printre-care-si-un-minor-de-17-ani-au-ajuns-la-spitalul-de-urgenta\/&amp;media=https:\/\/analyse.optim.biz\/wp-content\/uploads\/2025\/12\/accident-alexandria-1.jpg&amp;description=Accident%2C+%C3%AEn+Alexandria.+%C5%9Ease+persoane%2C+printre+care+%C5%9Fi+un+minor+de+17+ani%2C+au+ajuns+la+Spitalul+de+Urgen%C5%A3%C4%83\" title=\"Pinterest\"><\/p>\n<div class=\"td-social-but-text\">Pinterest<\/div>\n<p><\/a><a class=\"td-social-sharing-button td-social-sharing-button-js td-social-network td-social-whatsapp\" href=\"https:\/\/api.whatsapp.com\/send?text=Accident%2C+%C3%AEn+Alexandria.+%C5%9Ease+persoane%2C+printre+care+%C5%9Fi+un+minor+de+17+ani%2C+au+ajuns+la+Spitalul+de+Urgen%C5%A3%C4%83%20%0A%0A%20https:\/\/infotr.ro\/accident-in-alexandria-sase-persoane-printre-care-si-un-minor-de-17-ani-au-ajuns-la-spitalul-de-urgenta\/\" title=\"WhatsApp\"><\/p>\n<div class=\"td-social-but-text\">WhatsApp<\/div>\n<p><\/a><\/div>\n<\/div>\n<\/div>\n<\/div>\n<\/div>\n<\/div>\n<\/div>\n<div class=\"vc_row_inner tdi_121  vc_row vc_inner wpb_row td-pb-row\">\n<div class=\"vc_column_inner tdi_123  wpb_column vc_column_container tdc-inner-column td-pb-span12\">\n<div class=\"vc_column-inner\">\n<div class=\"wpb_wrapper\">\n<div class=\"td_block_wrap tdb_single_next_prev tdi_130 td-pb-border-top td_block_template_1\" data-td-block-uid=\"tdi_130\">\n<div class=\"tdb-block-inner td-fix-index\">\n<div class=\"tdb-next-post tdb-next-post-bg tdb-post-prev\"><span>Articolul precedent<\/span><\/p>\n<div class=\"td-module-container\">\n<div class=\"next-prev-title\"><a href=\"https:\/\/infotr.ro\/%ef%bb%bfvrei-sa-devii-jandarm-afla-cifra-de-scolarizare-si-conditiile-pe-care-trebuie-sa-le-indeplinesti\/\">\ufeffVrei s\u0103 devii jandarm? Afl\u0103 cifra de \u015fcolarizare \u015fi condi\u0163iile pe care trebuie s\u0103 le \u00eendepline\u015fti!<\/a><\/div>\n<\/div>\n<\/div>\n<div class=\"tdb-next-post tdb-next-post-bg tdb-post-next\"><span>Articolul urm\u0103tor<\/span><\/p>\n<div class=\"td-module-container\">\n<div class=\"next-prev-title\"><a href=\"https:\/\/infotr.ro\/oportunitati-de-angajare-334-locuri-de-munca-vacante-la-nivelul-judetului-teleorman%ef%bb%bf\/\">Oportunit\u0103\u0163i de angajare. 334 locuri de munc\u0103 vacante la nivelul jude\u0163ului Teleorman\ufeff<\/a><\/div>\n<\/div>\n<\/div>\n<\/div>\n<\/div>\n<\/div>\n<\/div>\n<\/div>\n<\/div>\n<\/div>\n<\/div>\n<div class=\"vc_column tdi_132  wpb_column vc_column_container tdc-column td-pb-span3 td-is-sticky\">\n<div class=\"wpb_wrapper\" data-sticky-enabled-on=\"W3RydWUsdHJ1ZSx0cnVlLHRydWVd\" data-sticky-offset=\"20\" data-sticky-is-width-auto=\"W2ZhbHNlLGZhbHNlLGZhbHNlLGZhbHNlXQ==\">\n<div class=\"td_block_wrap td-a-rec td-a-rec-id-custom-spot td-a-rec-img tdi_133 td_block_template_1\">\n<div><span class=\"td-adspot-title\">&#8211; Advertisement &#8211;<\/span><a href class=\"td_spot_img_all\"><img loading=\"lazy\" decoding=\"async\" src=\"https:\/\/analyse.optim.biz\/wp-content\/uploads\/2025\/12\/distributie-300x117-1-jpg-95.webp\" width=\"300\" height=\"117\" alt=\"spot_img\" title=\"distributie-300x117-1-jpg-95\"><\/a><\/div>\n<\/div>\n<div class=\"td_block_wrap td-a-rec td-a-rec-id-custom-spot td-a-rec-img tdi_134 td_block_template_1\">\n<div><span class=\"td-adspot-title\">&#8211; Advertisement &#8211;<\/span><a href=\"https:\/\/www.drpciv.ro\/drpciv-booking\/activities\/34\" class=\"td_spot_img_all\"><img loading=\"lazy\" decoding=\"async\" src=\"https:\/\/analyse.optim.biz\/wp-content\/uploads\/2025\/12\/programare-permis-1024x570-1-jpg-95.webp\" width=\"1024\" height=\"570\" alt=\"spot_img\" title=\"programare-permis-1024x570-1-jpg-95\"><\/a><\/div>\n<\/div>\n<div class=\"td_block_wrap td_block_title tdi_137 td-pb-border-top td_block_template_2 td-fix-index\" data-td-block-uid=\"tdi_137\">\n<div class=\"td-block-title-wrap\">\n<h4 class=\"td-block-title\"><span class=\"td-pulldown-size\">Recente<\/span><\/h4>\n<\/div>\n<\/div>\n<div class=\"td_block_wrap td_flex_block_5 tdi_138 td-pb-border-top td_block_template_1 td_flex_block\" data-td-block-uid=\"tdi_138\">\n<div id=\"tdi_138\" class=\"td_block_inner td-mc1-wrap\">\n<div class=\"td_module_flex td_module_flex_5 td_module_wrap td-animation-stack td-cpt-post\">\n<div class=\"td-module-container td-category-pos-\">\n<div class=\"td-module-meta-info td-module-meta-info-bottom\">\n<div class=\"td-editor-date\"><a href=\"https:\/\/infotr.ro\/category\/doctor-it\/\" class=\"td-post-category\">Doctor IT<\/a><span class=\"td-author-date\"><span class=\"td-post-author-name\"><a href=\"https:\/\/infotr.ro\/author\/negiba\/\">Negiba Radu Maxim<\/a><span>&#8211;<\/span><\/span><span class=\"td-post-date\"><time class=\"entry-date updated td-module-date\" datetime=\"2025-12-16T20:18:37+03:00\">16\/12\/2025<\/time><\/span><\/span><\/div>\n<h3 class=\"entry-title td-module-title\"><a href=\"https:\/\/infotr.ro\/criza-invizibila-din-sanatatea-digitala\/\" rel=\"bookmark\" title=\"Criza invizibil\u0103 din s\u0103n\u0103tatea digital\u0103: De ce pacien\u021bii abandoneaz\u0103 site-urile medicale \u00eenainte s\u0103 se programeze\">Criza invizibil\u0103 din s\u0103n\u0103tatea digital\u0103: De ce pacien\u021bii abandoneaz\u0103 site-urile medicale \u00eenainte s\u0103 se programeze<\/a><\/h3>\n<div class=\"td-excerpt\">\u00cen timp ce sistemele de s\u0103n\u0103tate din \u00eentreaga lume investesc masiv \u00een digitalizare, o problem\u0103 critic\u0103 r\u0103m\u00e2ne nerezolvat\u0103: majoritatea&#8230;<\/div>\n<\/div>\n<\/div>\n<\/div>\n<\/div>\n<\/div>\n<div class=\"td_block_wrap td_flex_block_1 tdi_139 td-pb-border-top td_block_template_1 td_flex_block\" data-td-block-uid=\"tdi_139\">\n<div id=\"tdi_139\" class=\"td_block_inner td-mc1-wrap\">\n<div class=\"td_module_flex td_module_flex_1 td_module_wrap td-animation-stack td-cpt-post\">\n<div class=\"td-module-container td-category-pos-above\">\n<div class=\"td-module-meta-info\"><a href=\"https:\/\/infotr.ro\/category\/actualitate\/\" class=\"td-post-category\">Actualitate<\/a><\/p>\n<h3 class=\"entry-title td-module-title\"><a href=\"https:\/\/infotr.ro\/mos-craciun-a-poposit-la-gradinita-cu-pp-nr-7-din-alexandria-spre-bucuria-celor-mici\/\" rel=\"bookmark\" title=\"Mo\u015f Cr\u0103ciun a poposit la Gr\u0103dini\u0163a cu PP nr. 7 din Alexandria, spre bucuria celor mici\">Mo\u015f Cr\u0103ciun a poposit la Gr\u0103dini\u0163a cu PP nr. 7 din Alexandria, spre bucuria celor mici<\/a><\/h3>\n<div class=\"td-editor-date\"><span class=\"td-author-date\"><span class=\"td-post-author-name\"><a href=\"https:\/\/infotr.ro\/author\/admin-mihai\/\">Info TR<\/a><span>&#8211;<\/span><\/span><span class=\"td-post-date\"><time class=\"entry-date updated td-module-date\" datetime=\"2025-12-16T11:35:48+03:00\">16\/12\/2025<\/time><\/span><\/span><\/div>\n<\/div>\n<\/div>\n<\/div>\n<div class=\"td_module_flex td_module_flex_1 td_module_wrap td-animation-stack td-cpt-post\">\n<div class=\"td-module-container td-category-pos-above\">\n<div class=\"td-module-meta-info\"><a href=\"https:\/\/infotr.ro\/category\/actualitate\/\" class=\"td-post-category\">Actualitate<\/a><\/p>\n<h3 class=\"entry-title td-module-title\"><a href=\"https:\/\/infotr.ro\/primariile-marzanesti-si-crangeni-au-primit-bani-pentru-decontarea-unor-lucrari-realizate-prin-pnrr\/\" rel=\"bookmark\" title=\"Prim\u0103riile M\u00e2rz\u0103ne\u015fti \u015fi Cr\u00e2ngeni au primit bani pentru decontarea unor lucr\u0103ri realizate prin PNRR\">Prim\u0103riile M\u00e2rz\u0103ne\u015fti \u015fi Cr\u00e2ngeni au primit bani pentru decontarea unor lucr\u0103ri realizate prin PNRR<\/a><\/h3>\n<div class=\"td-editor-date\"><span class=\"td-author-date\"><span class=\"td-post-author-name\"><a href=\"https:\/\/infotr.ro\/author\/admin-mihai\/\">Info TR<\/a><span>&#8211;<\/span><\/span><span class=\"td-post-date\"><time class=\"entry-date updated td-module-date\" datetime=\"2025-12-16T11:20:21+03:00\">16\/12\/2025<\/time><\/span><\/span><\/div>\n<\/div>\n<\/div>\n<\/div>\n<div class=\"td_module_flex td_module_flex_1 td_module_wrap td-animation-stack td-cpt-post\">\n<div class=\"td-module-container td-category-pos-above\">\n<div class=\"td-module-meta-info\"><a href=\"https:\/\/infotr.ro\/category\/actualitate\/\" class=\"td-post-category\">Actualitate<\/a><\/p>\n<h3 class=\"entry-title td-module-title\"><a href=\"https:\/\/infotr.ro\/prognoza-meteo-pentru-teleorman-precipitatii-sub-forma-de-ploaie-in-perioada-craciunului\/\" rel=\"bookmark\" title=\"Prognoza meteo pentru Teleorman. Precipita\u0163ii sub form\u0103 de ploaie, \u00een perioada Cr\u0103ciunului\">Prognoza meteo pentru Teleorman. Precipita\u0163ii sub form\u0103 de ploaie, \u00een perioada Cr\u0103ciunului<\/a><\/h3>\n<div class=\"td-editor-date\"><span class=\"td-author-date\"><span class=\"td-post-author-name\"><a href=\"https:\/\/infotr.ro\/author\/admin-mihai\/\">Info TR<\/a><span>&#8211;<\/span><\/span><span class=\"td-post-date\"><time class=\"entry-date updated td-module-date\" datetime=\"2025-12-16T11:19:05+03:00\">16\/12\/2025<\/time><\/span><\/span><\/div>\n<\/div>\n<\/div>\n<\/div>\n<div class=\"td_module_flex td_module_flex_1 td_module_wrap td-animation-stack td-cpt-post\">\n<div class=\"td-module-container td-category-pos-above\">\n<div class=\"td-module-meta-info\"><a href=\"https:\/\/infotr.ro\/category\/actualitate\/\" class=\"td-post-category\">Actualitate<\/a><\/p>\n<h3 class=\"entry-title td-module-title\"><a href=\"https:\/\/infotr.ro\/magistrat-de-la-tribunalul-teleorman-eliberat-din-functie-presedintele-romaniei-a-semnat-decretul-2\/\" rel=\"bookmark\" title=\"Magistrat de la Tribunalul Teleorman, eliberat din func\u0163ie. Pre\u015fedintele Rom\u00e2niei a semnat decretul\">Magistrat de la Tribunalul Teleorman, eliberat din func\u0163ie. Pre\u015fedintele Rom\u00e2niei a semnat decretul<\/a><\/h3>\n<div class=\"td-editor-date\"><span class=\"td-author-date\"><span class=\"td-post-author-name\"><a href=\"https:\/\/infotr.ro\/author\/admin-mihai\/\">Info TR<\/a><span>&#8211;<\/span><\/span><span class=\"td-post-date\"><time class=\"entry-date updated td-module-date\" datetime=\"2025-12-15T12:50:09+03:00\">15\/12\/2025<\/time><\/span><\/span><\/div>\n<\/div>\n<\/div>\n<\/div>\n<\/div>\n<\/div>\n<\/div>\n<\/div>\n<\/div>\n<\/div>\n<div id=\"tdi_140\" class=\"tdc-row stretch_row_1200 td-stretch-content\">\n<div class=\"vc_row tdi_141  wpb_row td-pb-row\">\n<div class=\"vc_column tdi_143  wpb_column vc_column_container tdc-column td-pb-span12\">\n<div class=\"wpb_wrapper\">\n<div class=\"td_block_wrap td_block_title tdi_150 td-pb-border-top td_block_template_2 td-fix-index\" data-td-block-uid=\"tdi_150\">\n<div class=\"td-block-title-wrap\">\n<h4 class=\"td-block-title\"><span class=\"td-pulldown-size\">Articole similare<\/span><\/h4>\n<\/div>\n<\/div>\n<\/div>\n<\/div>\n<\/div>\n<\/div>\n<div id=\"tdi_151\" class=\"tdc-row stretch_row_1600 td-stretch-content\">\n<div class=\"vc_row tdi_152  wpb_row td-pb-row\">\n<div class=\"vc_column tdi_154  wpb_column vc_column_container tdc-column td-pb-span12\">\n<div class=\"wpb_wrapper\">\n<div class=\"td_block_wrap tdb_single_related tdi_155 td_with_ajax_pagination td-pb-border-top td_block_template_1 tdb-single-related-posts\" data-td-block-uid=\"tdi_155\">\n<div id=\"tdi_155\" class=\"td_block_inner tdb-block-inner td-fix-index\">\n<div class=\"tdb_module_related td_module_wrap td-animation-stack\">\n<div class=\"td-module-container td-category-pos-\">\n<div class=\"td-module-meta-info\">\n<h3 class=\"entry-title td-module-title\"><a href=\"https:\/\/infotr.ro\/cine-nu-are-un-cont-bancar-in-2025\/\" rel=\"bookmark\" title=\"Cine nu are un cont bancar in 2025?\">Cine nu are un cont bancar in 2025?<\/a><\/h3>\n<div class=\"td-editor-date\"><a href=\"https:\/\/infotr.ro\/category\/economic\/\" class=\"td-post-category\">Economic<\/a><span class=\"td-author-date\"><span class=\"td-post-author-name\"><a href=\"https:\/\/infotr.ro\/author\/admin-mihai\/\">Info TR<\/a><span>&#8211;<\/span><\/span><span class=\"td-post-date\"><time class=\"entry-date updated td-module-date\" datetime=\"2025-07-16T13:19:16+03:00\">16\/07\/2025<\/time><\/span><\/span><\/div>\n<\/div>\n<\/div>\n<\/div>\n<div class=\"tdb_module_related td_module_wrap td-animation-stack\">\n<div class=\"td-module-container td-category-pos-\">\n<div class=\"td-module-meta-info\">\n<h3 class=\"entry-title td-module-title\"><a href=\"https:\/\/infotr.ro\/doi-autori-teleormaneni-promoveaza-apicultura-romaneasca-prin-primul-dictionar-apicol-complet-din-tara\/\" rel=\"bookmark\" title=\"Doi autori teleorm\u0103neni promoveaz\u0103 apicultura rom\u00e2neasc\u0103 prin primul dic\u021bionar apicol complet din \u021bar\u0103\">Doi autori teleorm\u0103neni promoveaz\u0103 apicultura rom\u00e2neasc\u0103 prin primul dic\u021bionar apicol complet din \u021bar\u0103<\/a><\/h3>\n<div class=\"td-editor-date\"><a href=\"https:\/\/infotr.ro\/category\/stiri-locale\/\" class=\"td-post-category\">Stiri Locale<\/a><span class=\"td-author-date\"><span class=\"td-post-author-name\"><a href=\"https:\/\/infotr.ro\/author\/admin-mihai\/\">Info TR<\/a><span>&#8211;<\/span><\/span><span class=\"td-post-date\"><time class=\"entry-date updated td-module-date\" datetime=\"2025-06-14T13:17:44+03:00\">14\/06\/2025<\/time><\/span><\/span><\/div>\n<\/div>\n<\/div>\n<\/div>\n<div class=\"tdb_module_related td_module_wrap td-animation-stack\">\n<div class=\"td-module-container td-category-pos-\">\n<div class=\"td-module-meta-info\">\n<h3 class=\"entry-title td-module-title\"><a href=\"https:\/\/infotr.ro\/deputatul-cristi-barbu-apel-catre-colegii-social-democrati-nu-folositi-pensionarii-militari-in-luptele-voastre-electorale\/\" rel=\"bookmark\" title=\"Deputatul Cristi Barbu, apel c\u0103tre colegii social democra\u021bi: \u201cNU folosi\u021bi pensionarii militari \u00een luptele voastre electorale!\u201d\">Deputatul Cristi Barbu, apel c\u0103tre colegii social democra\u021bi: \u201cNU folosi\u021bi pensionarii militari \u00een luptele voastre electorale!\u201d<\/a><\/h3>\n<div class=\"td-editor-date\"><a href=\"https:\/\/infotr.ro\/category\/stiri-locale\/\" class=\"td-post-category\">Stiri Locale<\/a><span class=\"td-author-date\"><span class=\"td-post-author-name\"><a href=\"https:\/\/infotr.ro\/author\/admin-mihai\/\">Info TR<\/a><span>&#8211;<\/span><\/span><span class=\"td-post-date\"><time class=\"entry-date updated td-module-date\" datetime=\"2024-10-07T18:26:56+03:00\">07\/10\/2024<\/time><\/span><\/span><\/div>\n<\/div>\n<\/div>\n<\/div>\n<div class=\"tdb_module_related td_module_wrap td-animation-stack\">\n<div class=\"td-module-container td-category-pos-\">\n<div class=\"td-module-meta-info\">\n<h3 class=\"entry-title td-module-title\"><a href=\"https:\/\/infotr.ro\/in-atentia-fermierilor-termenul-pentru-depunerea-cererilor-de-plata-a-fost-prelungit-pana-la-12-iunie-2024-inclusiv\/\" rel=\"bookmark\" title=\"\u00cen aten\u021bia fermierilor! Termenul pentru depunerea cererilor de plat\u0103 a fost prelungit p\u00e2n\u0103 la 12 iunie 2024 inclusiv!\">\u00cen aten\u021bia fermierilor! Termenul pentru depunerea cererilor de plat\u0103 a fost prelungit p\u00e2n\u0103 la 12 iunie 2024 inclusiv!<\/a><\/h3>\n<div class=\"td-editor-date\"><a href=\"https:\/\/infotr.ro\/category\/actualitate\/\" class=\"td-post-category\">Actualitate<\/a><span class=\"td-author-date\"><span class=\"td-post-author-name\"><a href=\"https:\/\/infotr.ro\/author\/admin-mihai\/\">Info TR<\/a><span>&#8211;<\/span><\/span><span class=\"td-post-date\"><time class=\"entry-date updated td-module-date\" datetime=\"2024-06-07T12:19:25+03:00\">07\/06\/2024<\/time><\/span><\/span><\/div>\n<\/div>\n<\/div>\n<\/div>\n<\/div>\n<\/div>\n<\/div>\n<\/div>\n<\/div>\n<\/div>\n<\/div>\n<\/div>\n<p><span class=\"td-page-meta\"><\/span><span class=\"td-page-meta\"><span class=\"td-page-meta\"><\/span><\/span><span class=\"td-page-meta\"><\/span><\/article>\n<p> Source URL: https:\/\/infotr.ro\/accident-in-alexandria-sase-persoane-printre-care-si-un-minor-de-17-ani-au-ajuns-la-spitalul-de-urgenta\/<\/p>\n","protected":false},"excerpt":{"rendered":"<p>EconomicStiri Locale Actualizat la:11\/07\/2019 Accident, \u00een Alexandria. \u015ease persoane, printre care \u015fi un minor de 17 ani, au ajuns la Spitalul de Urgen\u0163\u0103 ByInfo TR 11\/07\/2019 652 0 Ac\u021biune Facebook Twitter Pinterest WhatsApp Articole noi Doctor ITNegiba Radu Maxim&#8211;16\/12\/2025 Criza invizibil\u0103 din s\u0103n\u0103tatea digital\u0103: De ce pacien\u021bii abandoneaz\u0103 site-urile medicale \u00eenainte s\u0103 se programeze ActualitateInfo [&hellip;]<\/p>\n","protected":false},"author":1,"featured_media":1100967,"comment_status":"open","ping_status":"","sticky":false,"template":"","format":"standard","meta":{"footnotes":""},"categories":[89],"tags":[183],"class_list":["post-1100966","post","type-post","status-publish","format-standard","has-post-thumbnail","hentry","category-romania","tag-infotr-ro"],"_links":{"self":[{"href":"https:\/\/analyse.optim.biz\/index.php?rest_route=\/wp\/v2\/posts\/1100966","targetHints":{"allow":["GET"]}}],"collection":[{"href":"https:\/\/analyse.optim.biz\/index.php?rest_route=\/wp\/v2\/posts"}],"about":[{"href":"https:\/\/analyse.optim.biz\/index.php?rest_route=\/wp\/v2\/types\/post"}],"author":[{"embeddable":true,"href":"https:\/\/analyse.optim.biz\/index.php?rest_route=\/wp\/v2\/users\/1"}],"replies":[{"embeddable":true,"href":"https:\/\/analyse.optim.biz\/index.php?rest_route=%2Fwp%2Fv2%2Fcomments&post=1100966"}],"version-history":[{"count":0,"href":"https:\/\/analyse.optim.biz\/index.php?rest_route=\/wp\/v2\/posts\/1100966\/revisions"}],"wp:featuredmedia":[{"embeddable":true,"href":"https:\/\/analyse.optim.biz\/index.php?rest_route=\/wp\/v2\/media\/1100967"}],"wp:attachment":[{"href":"https:\/\/analyse.optim.biz\/index.php?rest_route=%2Fwp%2Fv2%2Fmedia&parent=1100966"}],"wp:term":[{"taxonomy":"category","embeddable":true,"href":"https:\/\/analyse.optim.biz\/index.php?rest_route=%2Fwp%2Fv2%2Fcategories&post=1100966"},{"taxonomy":"post_tag","embeddable":true,"href":"https:\/\/analyse.optim.biz\/index.php?rest_route=%2Fwp%2Fv2%2Ftags&post=1100966"}],"curies":[{"name":"wp","href":"https:\/\/api.w.org\/{rel}","templated":true}]}}