{"id":1100103,"date":"2014-07-16T22:20:06","date_gmt":"2014-07-16T19:20:06","guid":{"rendered":"https:\/\/analyse.optim.biz\/?p=1100103"},"modified":"2014-07-16T22:20:06","modified_gmt":"2014-07-16T19:20:06","slug":"noi-interdictii-ale-exporturilor-romanesti-de-carne-pe-piata-europeana","status":"publish","type":"post","link":"https:\/\/analyse.optim.biz\/?p=1100103","title":{"rendered":"Noi interdic\u0163ii ale exporturilor rom\u00e2ne\u015fti de carne pe pia\u0163a european\u0103"},"content":{"rendered":"<div class=\"pf-content\">\n<p><strong><a href=\"http:\/\/timpolis.ro\/wp-content\/uploads\/2014\/07\/Macelarie.jpg\"><img decoding=\"async\" loading=\"lazy\" alt=\"Butchers handle pig carcasses in a slaughterhouse in Mannheim\" height=\"162\" title=\"Butchers handle pig carcasses in a slaughterhouse in Mannheim\" width=\"250\" class=\"alignright size-medium wp-image-9289 lazyload\" src=\"https:\/\/analyse.optim.biz\/wp-content\/uploads\/2025\/12\/macelarie-270x175-1.jpg\"><\/a><\/strong><\/p>\n<p><img decoding=\"async\" loading=\"lazy\" alt=\"Butchers handle pig carcasses in a slaughterhouse in Mannheim\" class=\"alignright size-medium wp-image-9289\" height=\"162\" src=\"https:\/\/analyse.optim.biz\/wp-content\/uploads\/2025\/12\/macelarie-270x175-1.jpg\" title=\"Butchers handle pig carcasses in a slaughterhouse in Mannheim\" width=\"250\">Elve\u0163ia a anun\u0163at zilele trecute c\u0103 va interzice importul de porci vii \u015fi orice fel de carne de porc provenind din mai multe \u0163\u0103ri europene, printre care \u015fi Rom\u00e2nia, \u00een care au fost depistate de cur\u00e2nd cazuri de febr\u0103 porcin\u0103 african\u0103. Aceast\u0103 interdic\u0163ie aminte\u015fte de cea legat\u0103 de pesta porcin\u0103, care a creat pagube imense \u015fi \u00een Timi\u015f, \u00een urm\u0103 cu c\u00e2\u0163iva ani.<\/p>\n<p>\n\t\u00a0\n<\/p>\n<h4><strong>Interdic\u0163ii \u00een serie<\/strong><br \/><\/h4>\n<p>\n\tConform autorit\u0103\u0163ilor sanitare elve\u0163iene, vizate de interdic\u0163ia de export sunt importurile din Bulgaria \u015fi Rom\u00e2nia, dar \u015fi cele din unele regiuni ale Croa\u0163iei \u015fi Letoniei. Interdic\u0163ia se refer\u0103 la porci \u015fi mistre\u0163i, precum \u015fi la orice fel de carne care provine de la aceste animale, dar \u015fi la material seminal, ovule \u015fi embrioni. Din anul 2007, aceast\u0103 maladie porcin\u0103, endemic\u0103 \u00een unele regiuni din Africa Subsaharian\u0103, \u015fi-a f\u0103cut apari\u0163ia \u00een Peninsula Balcanic\u0103, r\u0103sp\u00e2ndindu-se p\u00e2n\u0103 aproape de Rusia. Dup\u0103 descoperirea, luna trecut\u0103, a unor mistre\u0163i mor\u0163i, dintre care mul\u0163i atin\u015fi de febr\u0103 porcin\u0103 african\u0103, Letonia a decis s\u0103 ia m\u0103suri de sacrificare a acestor animale.\n<\/p>\n<p>\n\t\u00cen replic\u0103, Autoritatea Na\u0163ional\u0103 Sanitar\u0103 Veterinar\u0103 \u015fi pentru Siguran\u0163a Alimentelor a anun\u0163at c\u0103 \u00een Rom\u00e2nia nu este pest\u0103 porcin\u0103 african\u0103, iar produse din carne de porc nu au fost exportate \u00een Elve\u0163ia nici \u00een acest an, nici \u00een 2013.\n<\/p>\n<p><em>\u201eAutorit\u0103\u0163ile elve\u0163iene nu au f\u0103cut altceva dec\u00e2t s\u0103 anun\u0163e implementarea, prin acte normative na\u0163ionale, a legisla\u0163iei europene, respectiv a Deciziei CE nr. 764\/2013. \u00cen consecin\u0163\u0103, comer\u0163ul continu\u0103 \u00een acelea\u015fi condi\u0163ii, Elve\u0163ia respect\u00e2nd prevederile stabilite de legisla\u0163ia european\u0103\u201d,<\/em> spun reprezentan\u0163ii ANSVSA. Potrivit acestora, comer\u0163ul cu carne de porc \u015fi produse din carne de porc provenite din Rom\u00e2nia este permis \u00een Elve\u0163ia a\u015fa cum este permis pe \u00eentreg teritoriul Uniunii Europene, cu respectarea condi\u0163iilor stipulate \u00een Decizia CE nr. 764\/2013.\n<\/p>\n<p>\n\tANSVSA reaminte\u015fte c\u0103 a luat m\u0103suri de prevenire a apari\u0163ie pestei porcine africane de la \u00eenceputul acestui an, iar m\u0103suri sunt \u00een continuare aplicate. Printre m\u0103surile care se iau, ANSVSA men\u0163ioneaz\u0103 informarea \u015fi instruirea serviciilor sanitare veterinare de la nivel na\u0163ional, informarea fermierilor, operatorilor economici, a asocia\u0163iilor de cresc\u0103tori de animale \u015fi a administratorilor fondurilor de v\u00e2n\u0103toare, convocarea unei \u015fedin\u0163e a Consiliului \u015etiin\u0163ific pentru a supune analizei acestui for situa\u0163ia creat\u0103 de evolu\u0163ia pestei porcine africane la porcii mistre\u0163i din Lituania \u015fi Polonia.\n<\/p>\n<h4><strong>M\u0103suri exagerate<\/strong><br \/><\/h4>\n<p>\n\tDup\u0103 o interdic\u0163ie care a durat nou\u0103 ani, abia \u00eencep\u00e2nd de la 1 ianuarie 2011 Rom\u00e2nia a putut, \u00een sf\u00e2r\u015fit s\u0103 exporte carne de porc \u00een spa\u0163iul european. Instituit\u0103 \u00een 2003, blocada exporturilor de produse de carne de porc \u00een spa\u0163iul comunitar a fost prelungit\u0103 \u015fi \u00een contextul \u00een care a existat un scandal legat de infec\u0163iile de pest\u0103 porcin\u0103 semnalate \u00een 2007 la c\u00e2teva ferme din Timi\u015f.\n<\/p>\n<p>\n\tExporturile de carne \u015fi produse procesate din carne de porc provenind din Rom\u00e2nia au fost interzise pe pia\u0163a UE din 2003, \u00eentruc\u00e2t \u0163ara noastr\u0103 folosea vaccinarea porcilor pentru eradicarea pestei porcine clasice.\n<\/p>\n<p>\n\tBlocajul exporturilor a fost prelungit ulterior, dup\u0103 ce, \u00een 2007, s-au \u00eenregistrat o serie de focare de pest\u0103 de porci, \u00een Timi\u015f, la o serie de ferme unde au fost sacrifica\u0163i peste 50.000 de porci. \u00cen jude\u0163, epidemia de pest\u0103 a cauzat pierderi imense produc\u0103torilor de carne de porc. \u00cen urma epidemiei, doar pentru fermele din Timi\u015f afectate, statului rom\u00e2n i-au fost cerute desp\u0103gubiri de aproximativ 28 de milioane de lei, pentru ecarisarea porcilor infesta\u0163i cu pest\u0103 \u015fi cur\u0103\u0163area focarelor epidemiei.\n<\/p>\n<p>\n\tInterdic\u0163ia de export a continuat apoi, succesiv, \u00een 2009 \u015fi 2010, de\u015fi nu mai existau indicii din care s\u0103 rezulte c\u0103 aceast\u0103 blocad\u0103 ar fi justificat\u0103. \u00cen acest sens, s-a vorbit despre interesul unor mari companii produc\u0103toare de carne de porc din spa\u0163iul comunitar de a evita prin acest blocaj concuren\u0163a c\u0103rnii rom\u00e2ne\u015fti.\n<\/p>\n<p><em>\u201eMulte interdic\u0163ii au fost instituite \u00een mod exagerat \u015fi, probabil, pe baza unor interese de natur\u0103 economic\u0103. Acela\u015fi lucru se poate spune despre interdic\u0163iile instituite de Turcia \u015fi cele anun\u0163ate de Rusia, dictate de ra\u0163iuni politice\u201d,<\/em> spune <strong>Valeriu Tab\u0103r\u0103<\/strong>, fost ministru al Agriculturii. Acesta admite, \u00eens\u0103, c\u0103 \u015fi pe plan na\u0163ional s-a gre\u015fit, atunci c\u00e2nd, spune el, \u201e<em>au fost acele situa\u0163ii legate de pest\u0103 \u015fi grip\u0103 aviar\u0103, pentru c\u0103 s-a exagerat amploarea \u015fi a existat o mediatizare excesiv\u0103<\/em>\u201d.<\/p>\n<div id=\"metaslider-id-56545\" class=\"ml-slider-3-18-9 metaslider metaslider-responsive metaslider-56545 ml-slider nav-hidden nav-hidden nav-hidden\">\n<div id=\"metaslider_container_56545\">\n<ul id=\"metaslider_56545\" class=\"rslides\">\n<li><a href=\"https:\/\/iuliustown.ro\/ro\" target=\"_blank\"><img decoding=\"async\" width=\"610\" height=\"260\" loading=\"lazy\" title=\"Banner Iulius Town - decembrie 2025 - 610x260\" class=\"slider-56545 slide-60736 lazyload\" src=\"https:\/\/analyse.optim.biz\/wp-content\/uploads\/2025\/12\/banner-iulius-town-decembrie-2025-610x260-1-87.png\"><img decoding=\"async\" width=\"610\" height=\"260\" src=\"https:\/\/analyse.optim.biz\/wp-content\/uploads\/2025\/12\/banner-iulius-town-decembrie-2025-610x260-1-87.png\" class=\"slider-56545 slide-60736\" loading=\"lazy\" title=\"Banner Iulius Town - decembrie 2025 - 610x260\"><\/a><\/li>\n<\/ul>\n<\/div>\n<\/div>\n<div class=\"printfriendly pf-alignright\"><a href=\"https:\/\/timpolis.ro\/noi-interdictii-ale-exporturilor-romanesti-de-carne-pe-piata-europeana\/\" rel=\"nofollow\" title=\"Printer Friendly, PDF &amp; Email\"><img decoding=\"async\" alt=\"Print Friendly, PDF &amp; Email\" class=\"lazyload\" src=\"https:\/\/analyse.optim.biz\/wp-content\/uploads\/2025\/12\/print-button-87.png\" title=\"print-button-87\"><img decoding=\"async\" src=\"https:\/\/analyse.optim.biz\/wp-content\/uploads\/2025\/12\/print-button-87.png\" alt=\"Print Friendly, PDF &amp; Email\" title=\"print-button-87\"><\/a><\/div>\n<\/div>\n<p> Source URL: https:\/\/timpolis.ro\/noi-interdictii-ale-exporturilor-romanesti-de-carne-pe-piata-europeana\/<\/p>\n","protected":false},"excerpt":{"rendered":"<p>Elve\u0163ia a anun\u0163at zilele trecute c\u0103 va interzice importul de porci vii \u015fi orice fel de carne de porc provenind din mai multe \u0163\u0103ri europene, printre care \u015fi Rom\u00e2nia, \u00een care au fost depistate de cur\u00e2nd cazuri de febr\u0103 porcin\u0103 african\u0103. Aceast\u0103 interdic\u0163ie aminte\u015fte de cea legat\u0103 de pesta porcin\u0103, care a creat pagube imense [&hellip;]<\/p>\n","protected":false},"author":1,"featured_media":1100104,"comment_status":"open","ping_status":"","sticky":false,"template":"","format":"standard","meta":{"footnotes":""},"categories":[89],"tags":[202],"class_list":["post-1100103","post","type-post","status-publish","format-standard","has-post-thumbnail","hentry","category-romania","tag-timpolis-ro"],"_links":{"self":[{"href":"https:\/\/analyse.optim.biz\/index.php?rest_route=\/wp\/v2\/posts\/1100103","targetHints":{"allow":["GET"]}}],"collection":[{"href":"https:\/\/analyse.optim.biz\/index.php?rest_route=\/wp\/v2\/posts"}],"about":[{"href":"https:\/\/analyse.optim.biz\/index.php?rest_route=\/wp\/v2\/types\/post"}],"author":[{"embeddable":true,"href":"https:\/\/analyse.optim.biz\/index.php?rest_route=\/wp\/v2\/users\/1"}],"replies":[{"embeddable":true,"href":"https:\/\/analyse.optim.biz\/index.php?rest_route=%2Fwp%2Fv2%2Fcomments&post=1100103"}],"version-history":[{"count":0,"href":"https:\/\/analyse.optim.biz\/index.php?rest_route=\/wp\/v2\/posts\/1100103\/revisions"}],"wp:featuredmedia":[{"embeddable":true,"href":"https:\/\/analyse.optim.biz\/index.php?rest_route=\/wp\/v2\/media\/1100104"}],"wp:attachment":[{"href":"https:\/\/analyse.optim.biz\/index.php?rest_route=%2Fwp%2Fv2%2Fmedia&parent=1100103"}],"wp:term":[{"taxonomy":"category","embeddable":true,"href":"https:\/\/analyse.optim.biz\/index.php?rest_route=%2Fwp%2Fv2%2Fcategories&post=1100103"},{"taxonomy":"post_tag","embeddable":true,"href":"https:\/\/analyse.optim.biz\/index.php?rest_route=%2Fwp%2Fv2%2Ftags&post=1100103"}],"curies":[{"name":"wp","href":"https:\/\/api.w.org\/{rel}","templated":true}]}}