{"id":1099880,"date":"2013-06-24T10:15:18","date_gmt":"2013-06-24T07:15:18","guid":{"rendered":"https:\/\/analyse.optim.biz\/?p=1099880"},"modified":"2013-06-24T10:15:18","modified_gmt":"2013-06-24T07:15:18","slug":"redactia","status":"publish","type":"post","link":"https:\/\/analyse.optim.biz\/?p=1099880","title":{"rendered":"Redac\u021bia"},"content":{"rendered":"<article id=\"template-id-172790\" class=\"post-172790 tdb_templates type-tdb_templates status-publish post\">\n<div id=\"tdi_38\" class=\"tdc-zone\">\n<div class=\"tdc_zone tdi_39  wpb_row td-pb-row\">\n<div id=\"tdi_40\" class=\"tdc-row stretch_row_1400 td-stretch-content\">\n<div class=\"vc_row tdi_41  wpb_row td-pb-row tdc-element-style\">\n<div class=\"vc_column tdi_43  wpb_column vc_column_container tdc-column td-pb-span8\">\n<div class=\"wpb_wrapper\">\n<div class=\"td_block_wrap tdb_single_categories tdi_44 td-pb-border-top td_block_template_1 \" data-td-block-uid=\"tdi_44\">\n<div class=\"tdb-category td-fix-index\"><a class=\"tdb-entry-category\" href=\"https:\/\/voceatimisului.ro\/stiri-din-timisoara-si-timis\/\">\u0218tiri<\/a><a class=\"tdb-entry-category\" href=\"https:\/\/voceatimisului.ro\/stiri-din-timisoara-si-timis\/eveniment\/\">Eveniment<\/a><a class=\"tdb-entry-category\" href=\"https:\/\/voceatimisului.ro\/valori-locale\/\">Valori Locale<\/a><\/div>\n<\/div>\n<div class=\"td_block_wrap tdb_title tdi_45 tdb-single-title td-pb-border-top td_block_template_1\" data-td-block-uid=\"tdi_45\">\n<div class=\"tdb-block-inner td-fix-index\">\n<h1 class=\"tdb-title-text\">Cramele Reca\u015f au lansat o nou\u0103 gam\u0103 de vinuri premium \u00een Rom\u00e2nia, produs\u0103 \u00een edi\u0163ie limitat\u0103<\/h1>\n<\/div>\n<\/div>\n<div class=\"vc_row_inner tdi_48  vc_row vc_inner wpb_row td-pb-row\">\n<div class=\"vc_column_inner tdi_50  wpb_column vc_column_container tdc-inner-column td-pb-span6\">\n<div class=\"vc_column-inner\">\n<div class=\"wpb_wrapper\">\n<div class=\"td_block_wrap tdb_single_author tdi_51 td-pb-border-top td_block_template_1 tdb-post-meta\" data-td-block-uid=\"tdi_51\">\n<div class=\"tdb-block-inner td-fix-index\">\n<div class=\"tdb-author-name-wrap\"><span class=\"tdb-author-by\">Autor-<\/span><a class=\"tdb-author-name\" href=\"https:\/\/voceatimisului.ro\/author\/redactia\/\">Redac\u021bia<\/a><\/div>\n<\/div>\n<\/div>\n<div class=\"td_block_wrap tdb_single_date tdi_52 td-pb-border-top td_block_template_1 tdb-post-meta\" data-td-block-uid=\"tdi_52\">\n<div class=\"tdb-block-inner td-fix-index\"><time class=\"entry-date updated td-module-date\" datetime=\"2013-06-24T13:15:18+03:00\">24 iunie 2013<\/time><\/div>\n<\/div>\n<div class=\"td_block_wrap tdb_single_comments_count tdi_53 td-pb-border-top td_block_template_1 tdb-post-meta\" data-td-block-uid=\"tdi_53\">\n<div class=\"tdb-block-inner td-fix-index\"><a href=\"https:\/\/voceatimisului.ro\/cramele-recas-au-lansat-o-noua-gama-de-vinuri-premium-in-romania-produsa-in-editie-limitata\/#respond\"><span>0<\/span><\/a><\/div>\n<\/div>\n<div class=\"td_block_wrap tdb_single_post_views tdi_54 td-pb-border-top td_block_template_1 tdb-post-meta\" data-td-block-uid=\"tdi_54\">\n<div class=\"tdb-block-inner td-fix-index\"><span class=\"tdb-add-text\">1<\/span><span class=\"td-nr-views-24531\">1613<\/span><\/div>\n<\/div>\n<\/div>\n<\/div>\n<\/div>\n<div class=\"vc_column_inner tdi_56  wpb_column vc_column_container tdc-inner-column td-pb-span6\">\n<div class=\"vc_column-inner\">\n<div class=\"wpb_wrapper\">\n<div class=\"td_block_wrap tdb_single_post_share tdi_57  td-pb-border-top td_block_template_1\" data-td-block-uid=\"tdi_57\">\n<div id=\"tdi_57\" class=\"td-post-sharing tdb-block td-ps-bg td-ps-notext td-post-sharing-style1 \">\n<div class=\"td-post-sharing-visible\"><a class=\"td-social-sharing-button td-social-sharing-button-js td-social-network td-social-facebook\" href=\"https:\/\/www.facebook.com\/sharer.php?u=https%3A%2F%2Fvoceatimisului.ro%2Fcramele-recas-au-lansat-o-noua-gama-de-vinuri-premium-in-romania-produsa-in-editie-limitata%2F\" title=\"Facebook\" rel=\"noopener\"><\/p>\n<div class=\"td-social-but-text\">Facebook<\/div>\n<p><\/a><a class=\"td-social-sharing-button td-social-sharing-button-js td-social-network td-social-twitter\" href=\"https:\/\/twitter.com\/intent\/tweet?text=Cramele+Reca%C5%9F+au+lansat+o+nou%C4%83+gam%C4%83+de+vinuri+premium+%C3%AEn+Rom%C3%A2nia%2C+produs%C4%83+%C3%AEn+edi%C5%A3ie+limitat%C4%83&amp;url=https%3A%2F%2Fvoceatimisului.ro%2Fcramele-recas-au-lansat-o-noua-gama-de-vinuri-premium-in-romania-produsa-in-editie-limitata%2F&amp;via=Vocea+Timisului\" title=\"Twitter\" rel=\"noopener\"><\/p>\n<div class=\"td-social-but-text\">Twitter<\/div>\n<p><\/a><a class=\"td-social-sharing-button td-social-sharing-button-js td-social-network td-social-pinterest\" href=\"https:\/\/pinterest.com\/pin\/create\/button\/?url=https:\/\/voceatimisului.ro\/cramele-recas-au-lansat-o-noua-gama-de-vinuri-premium-in-romania-produsa-in-editie-limitata\/&amp;media=&amp;description=Cramele+Reca%C5%9F+au+lansat+o+nou%C4%83+gam%C4%83+de+vinuri+premium+%C3%AEn+Rom%C3%A2nia%2C+produs%C4%83+%C3%AEn+edi%C5%A3ie+limitat%C4%83\" title=\"Pinterest\" rel=\"noopener\"><\/p>\n<div class=\"td-social-but-text\">Pinterest<\/div>\n<p><\/a><a class=\"td-social-sharing-button td-social-sharing-button-js td-social-network td-social-whatsapp\" href=\"https:\/\/api.whatsapp.com\/send?text=Cramele+Reca%C5%9F+au+lansat+o+nou%C4%83+gam%C4%83+de+vinuri+premium+%C3%AEn+Rom%C3%A2nia%2C+produs%C4%83+%C3%AEn+edi%C5%A3ie+limitat%C4%83%20%0A%0A%20https:\/\/voceatimisului.ro\/cramele-recas-au-lansat-o-noua-gama-de-vinuri-premium-in-romania-produsa-in-editie-limitata\/\" title=\"WhatsApp\" rel=\"noopener\"><\/p>\n<div class=\"td-social-but-text\">WhatsApp<\/div>\n<p><\/a><a class=\"td-social-sharing-button td-social-sharing-button-js td-social-network td-social-linkedin\" href=\"https:\/\/www.linkedin.com\/shareArticle?mini=true&amp;url=https:\/\/voceatimisului.ro\/cramele-recas-au-lansat-o-noua-gama-de-vinuri-premium-in-romania-produsa-in-editie-limitata\/&amp;title=Cramele+Reca%C5%9F+au+lansat+o+nou%C4%83+gam%C4%83+de+vinuri+premium+%C3%AEn+Rom%C3%A2nia%2C+produs%C4%83+%C3%AEn+edi%C5%A3ie+limitat%C4%83\" title=\"Linkedin\" rel=\"noopener\"><\/p>\n<div class=\"td-social-but-text\">Linkedin<\/div>\n<p><\/a><a class=\"td-social-sharing-button td-social-sharing-button-js td-social-network td-social-copy_url\" href=\"https:\/\/voceatimisului.ro\/cramele-recas-au-lansat-o-noua-gama-de-vinuri-premium-in-romania-produsa-in-editie-limitata\/\" title=\"Copy URL\" rel=\"noopener\"><\/p>\n<div class=\"td-social-but-text\">Copy URL<\/div>\n<p><\/a><\/div>\n<\/div>\n<\/div>\n<\/div>\n<\/div>\n<\/div>\n<\/div>\n<div class=\"vc_row_inner tdi_60  vc_row vc_inner wpb_row td-pb-row\">\n<div class=\"vc_column_inner tdi_62  wpb_column vc_column_container tdc-inner-column td-pb-span4 td-is-sticky\">\n<div class=\"vc_column-inner\">\n<div class=\"wpb_wrapper\" data-sticky-enabled-on=\"W3RydWUsdHJ1ZSx0cnVlLHRydWVd\" data-sticky-offset=\"20\" data-sticky-is-width-auto=\"W2ZhbHNlLGZhbHNlLGZhbHNlLGZhbHNlXQ==\">\n<div class=\"td_block_wrap td_flex_block_1 tdi_63 td-pb-border-top td_block_template_1 td_ajax_preloading_preload td_flex_block\" data-td-block-uid=\"tdi_63\">\n<div id=\"tdi_63\" class=\"td_block_inner td-mc1-wrap\">\n<div class=\"td_module_flex td_module_flex_1 td_module_wrap td-animation-stack td-meta-info-hide td-cpt-post\">\n<div class=\"td-module-container td-category-pos-image\">\n<div class=\"td-module-meta-info\">\n<h3 class=\"entry-title td-module-title\"><a href=\"https:\/\/voceatimisului.ro\/scoala-constantin-paunescu-recas-modernizata-cu-peste-7-milioane-lei-panouri-fotovoltaice-izolatie-termica-si-conditii-demne-pentru-elevi\/\" rel=\"bookmark\" title=\"\u0218coala \u201eConstantin P\u0103unescu\u201d Reca\u0219, modernizat\u0103 cu peste 7 milioane lei: panouri fotovoltaice, izola\u021bie termic\u0103 \u0219i condi\u021bii demne pentru elevi\">\u0218coala \u201eConstantin P\u0103unescu\u201d Reca\u0219, modernizat\u0103 cu peste 7 milioane lei: panouri fotovoltaice, izola\u021bie termic\u0103 \u0219i condi\u021bii demne pentru elevi<\/a><\/h3>\n<\/div>\n<\/div>\n<\/div>\n<div class=\"td_module_flex td_module_flex_1 td_module_wrap td-animation-stack td-meta-info-hide td-cpt-post\">\n<div class=\"td-module-container td-category-pos-image\">\n<div class=\"td-module-meta-info\">\n<h3 class=\"entry-title td-module-title\"><a href=\"https:\/\/voceatimisului.ro\/se-opreste-apa-aquatim-monteaza-un-grup-de-pompare-la-recas\/\" rel=\"bookmark\" title=\"Se opreste apa! Aquatim monteaza un grup de pompare, la Recas\">Se opreste apa! Aquatim monteaza un grup de pompare, la Recas<\/a><\/h3>\n<\/div>\n<\/div>\n<\/div>\n<div class=\"td_module_flex td_module_flex_1 td_module_wrap td-animation-stack td-meta-info-hide td-cpt-post\">\n<div class=\"td-module-container td-category-pos-image\">\n<div class=\"td-module-meta-info\">\n<h3 class=\"entry-title td-module-title\"><a href=\"https:\/\/voceatimisului.ro\/accident-ca-filme-la-recas-sofer-neatent-pe-contrasens-doua-autocamioane-facute-praf\/\" rel=\"bookmark\" title=\"Accident ca \u00een FILME la Reca\u015f: \u015fofer neatent, pe contrasens, dou\u0103 autocamioane f\u0103cute praf!\">Accident ca \u00een FILME la Reca\u015f: \u015fofer neatent, pe contrasens, dou\u0103 autocamioane f\u0103cute praf!<\/a><\/h3>\n<\/div>\n<\/div>\n<\/div>\n<div class=\"td_module_flex td_module_flex_1 td_module_wrap td-animation-stack td-meta-info-hide td-cpt-post\">\n<div class=\"td-module-container td-category-pos-image\">\n<div class=\"td-module-meta-info\">\n<h3 class=\"entry-title td-module-title\"><a href=\"https:\/\/voceatimisului.ro\/executie-politica-marca-psd-la-recas-viceprimar-schimbat-abuziv-din-functie-timp-ce-era-internat-spital\/\" rel=\"bookmark\" title=\"Execu\u0163ie politic\u0103 marca PSD, la Reca\u015f: viceprimar schimbat abuziv din func\u0163ie \u00een timp ce era internat \u00een spital\">Execu\u0163ie politic\u0103 marca PSD, la Reca\u015f: viceprimar schimbat abuziv din func\u0163ie \u00een timp ce era internat \u00een spital<\/a><\/h3>\n<\/div>\n<\/div>\n<\/div>\n<\/div>\n<\/div>\n<div class=\"tdb-author-box td_block_wrap tdb_single_author_box tdi_68 tdb-content-vert-top td-pb-border-top td_block_template_1\" data-td-block-uid=\"tdi_68\">\n<div class=\"tdb-block-inner td-fix-index\">\n<div class=\"tdb-author-info\"><a href=\"https:\/\/voceatimisului.ro\/author\/redactia\/\" class=\"tdb-author-name\">Redac\u021bia<\/a><\/p>\n<div class=\"tdb-author-descr\">\u00centreaga responsabilitate a comentariilor l\u0103sate de dumneavoastr\u0103 v\u0103 apar\u021bine!<br \/>\nClick <a href=\"https:\/\/voceatimisului.ro\/termeni-si-conditii\/\">aici<\/a>-citeste condi\u0163iile de utilizare ale site-ului www.voceatimisului.ro<\/div>\n<\/div>\n<\/div>\n<\/div>\n<\/div>\n<\/div>\n<\/div>\n<div class=\"vc_column_inner tdi_70  wpb_column vc_column_container tdc-inner-column td-pb-span8\">\n<div class=\"vc_column-inner\">\n<div class=\"wpb_wrapper\">\n<div class=\"td_block_wrap tdb_single_content tdi_71 td-pb-border-top td_block_template_1 td-post-content tagdiv-type\" data-td-block-uid=\"tdi_71\">\n<div class=\"tdb-block-inner td-fix-index\">\n<p>\u00a0<\/p>\n<h1><strong><span>Compania Cramele Reca\u015f a lansat zilele trecute o nou\u0103 gam\u0103 de vinuri ro\u015fii. Colec\u0163ia vine \u00een completarea portofoliului de vinuri premium, adresate industriei HoReCa \u015fi se dore\u015fte a fi prelungirea, \u00een ro\u015fu, a gamei deja de succes, Sole.<\/span><\/strong><\/h1>\n<p>Dac\u0103 prin Sole, Cramele Reca\u015f a reu\u015fit s\u0103 surprind\u0103 prospe\u0163imea zilei \u015fi razele de soare \u00een vinuri albe \u015fi rose, de aceast\u0103 dat\u0103, \u015fi-a dorit o nou\u0103 colec\u0163ie, cel pu\u0163in la fel de memorabil\u0103, prin care s\u0103 eviden\u0163ieze farmecul \u00eentunericului: vinuri negre, \u00eendelung baricate \u00een butoaie de stejar din p\u0103durile franceze Allier \u015fi Jupile, pregnante, cu poten\u0163ial de \u00eenvechire. Astfel, din struguri de pe cele mai bune parcele de vie de pe dealurile din Reca\u015f, cule\u015fi noaptea, pentru a-i ocroti de c\u0103ldur\u0103 \u015fi pentru a le proteja aroma intens\u0103, a ap\u0103rut gama SELENE ([selen]), denumit\u0103 dup\u0103 \u00eentruchiparea Lunii \u00een mitologia greac\u0103.<\/p>\n<p>Aceast\u0103 colec\u0163ie \u00eencepe cu o Feteasc\u0103 Neagr\u0103 \u015fi un Cabernet Sauvignon. Feteasca Neagr\u0103, produs\u0103 \u00eentr-o edi\u0163ie limitat\u0103 de 6.628 de sticle,este personificarea unei senza\u0163ii pe care a avut-o Hartley Smithers, vinificatorul australian al Cramelor Reca\u015f, c\u00e2nd a descoperit adev\u0103ratul poten\u0163ial al soiului port-drapel al Rom\u00e2niei. Cabernet Sauvignon-ul, pe de alt\u0103 parte, este pregnant, baricat 12 luni, sub atenta \u00eendrumare a sicilianului Vito Gambino, vinificatorul cramei Planeta. Pentru a fi adus la poten\u0163ialul maxim, Cabernet-ul nu a fost \u00eenc\u0103 lansat \u00een pia\u0163\u0103. \u00cen schimb, Feteasca Neagr\u0103 a putut fi degustat\u0103, \u00een premier\u0103, miercuri, 19 iunie, \u00een cadrul unui eveniment restr\u00e2ns, la Sole Restaurant &amp; Luna Bardin Bucure\u015fti.<\/p>\n<p>Prin toate vinurile produse, Cramele Reca\u015f nu doar c\u0103 \u00eencearc\u0103 s\u0103 transmit\u0103 un mesaj al calit\u0103\u0163ii, dar \u015fi dore\u015fte a mul\u0163umi factorilor care stau la baza vinului creat. Astfel, aceast\u0103 gam\u0103 este \u00eenchinat\u0103 amurgului \u015fi tuturor celor care au avut \u00eencredere \u00een vinurile produse la Reca\u015f, de-alungul timpului.<br \/>\nConceptul Selene, \u00een completare cu Sole, celebreaz\u0103 acest \u201csavoir vivre\u201d al serilor t\u00e2rzii. La fel cum Sole \u00eenseamn\u0103 Soare, \u00eenseamn\u0103 optimism, bucurie, c\u0103ldur\u0103, atitudine \u015fi poft\u0103 de via\u0163\u0103, Selene \u00eenseamn\u0103 s\u0103 \u00eenvingem toridul, s\u0103 ne bucur\u0103m de r\u0103coarea pl\u0103cut\u0103 \u015fi de lumina Lunii, \u00eenseamn\u0103 pasiune \u015fi intensitate.<\/p>\n<p><strong>Vinul este disponibil de joi, 20 iunie 2013, \u00een re\u0163elele HoReCa \u015fi \u00een magazinele partenere din toat\u0103 \u0163ara.<\/strong><\/p>\n<p>Cramele Reca\u015f, societate rom\u00e2no-britanic\u0103, de\u0163ine aproximativ 1.000 ha de vi\u0163\u0103 de vie \u015fi reprezint\u0103 unul din principalii produc\u0103tori de vin din Rom\u00e2nia. \u00cenc\u0103 de la \u00eenceput, activitatea Cramelor Reca\u015f a fost \u00eendreptat\u0103 spre crearea de vinuri deosebite, \u00eembin\u00e2nd tehonologia modern\u0103 cu cea tradi\u0163ional\u0103, spre soiuri de struguri atent selec\u0163iona\u0163i \u015fi spre ideile \u015fi experien\u0163a unor vinificatori cu renume.<\/p>\n<\/div>\n<\/div>\n<div class=\"td_block_wrap tdb_single_tags tdi_74 td-pb-border-top td_block_template_1\" data-td-block-uid=\"tdi_74\">\n<div class=\"tdb-block-inner td-fix-index\">\n<ul class=\"tdb-tags\">\n<li><span>Tags<\/span><\/li>\n<li><a href=\"https:\/\/voceatimisului.ro\/tag\/cramele-recas\/\">cramele recas<\/a><\/li>\n<li><a href=\"https:\/\/voceatimisului.ro\/tag\/recas\/\">recas<\/a><\/li>\n<\/ul>\n<\/div>\n<\/div>\n<div class=\"td_block_wrap tdb_single_post_share tdi_75  td-pb-border-top td_block_template_1\" data-td-block-uid=\"tdi_75\">\n<div id=\"tdi_75\" class=\"td-post-sharing tdb-block td-ps-bg td-ps-notext td-post-sharing-style1 \">\n<div class=\"td-post-sharing-visible\"><a class=\"td-social-sharing-button td-social-sharing-button-js td-social-network td-social-facebook\" href=\"https:\/\/www.facebook.com\/sharer.php?u=https%3A%2F%2Fvoceatimisului.ro%2Fcramele-recas-au-lansat-o-noua-gama-de-vinuri-premium-in-romania-produsa-in-editie-limitata%2F\" title=\"Facebook\" rel=\"noopener\"><\/p>\n<div class=\"td-social-but-text\">Facebook<\/div>\n<p><\/a><a class=\"td-social-sharing-button td-social-sharing-button-js td-social-network td-social-twitter\" href=\"https:\/\/twitter.com\/intent\/tweet?text=Cramele+Reca%C5%9F+au+lansat+o+nou%C4%83+gam%C4%83+de+vinuri+premium+%C3%AEn+Rom%C3%A2nia%2C+produs%C4%83+%C3%AEn+edi%C5%A3ie+limitat%C4%83&amp;url=https%3A%2F%2Fvoceatimisului.ro%2Fcramele-recas-au-lansat-o-noua-gama-de-vinuri-premium-in-romania-produsa-in-editie-limitata%2F&amp;via=Vocea+Timisului\" title=\"Twitter\" rel=\"noopener\"><\/p>\n<div class=\"td-social-but-text\">Twitter<\/div>\n<p><\/a><a class=\"td-social-sharing-button td-social-sharing-button-js td-social-network td-social-pinterest\" href=\"https:\/\/pinterest.com\/pin\/create\/button\/?url=https:\/\/voceatimisului.ro\/cramele-recas-au-lansat-o-noua-gama-de-vinuri-premium-in-romania-produsa-in-editie-limitata\/&amp;media=&amp;description=Cramele+Reca%C5%9F+au+lansat+o+nou%C4%83+gam%C4%83+de+vinuri+premium+%C3%AEn+Rom%C3%A2nia%2C+produs%C4%83+%C3%AEn+edi%C5%A3ie+limitat%C4%83\" title=\"Pinterest\" rel=\"noopener\"><\/p>\n<div class=\"td-social-but-text\">Pinterest<\/div>\n<p><\/a><a class=\"td-social-sharing-button td-social-sharing-button-js td-social-network td-social-whatsapp\" href=\"https:\/\/api.whatsapp.com\/send?text=Cramele+Reca%C5%9F+au+lansat+o+nou%C4%83+gam%C4%83+de+vinuri+premium+%C3%AEn+Rom%C3%A2nia%2C+produs%C4%83+%C3%AEn+edi%C5%A3ie+limitat%C4%83%20%0A%0A%20https:\/\/voceatimisului.ro\/cramele-recas-au-lansat-o-noua-gama-de-vinuri-premium-in-romania-produsa-in-editie-limitata\/\" title=\"WhatsApp\" rel=\"noopener\"><\/p>\n<div class=\"td-social-but-text\">WhatsApp<\/div>\n<p><\/a><a class=\"td-social-sharing-button td-social-sharing-button-js td-social-network td-social-linkedin\" href=\"https:\/\/www.linkedin.com\/shareArticle?mini=true&amp;url=https:\/\/voceatimisului.ro\/cramele-recas-au-lansat-o-noua-gama-de-vinuri-premium-in-romania-produsa-in-editie-limitata\/&amp;title=Cramele+Reca%C5%9F+au+lansat+o+nou%C4%83+gam%C4%83+de+vinuri+premium+%C3%AEn+Rom%C3%A2nia%2C+produs%C4%83+%C3%AEn+edi%C5%A3ie+limitat%C4%83\" title=\"Linkedin\" rel=\"noopener\"><\/p>\n<div class=\"td-social-but-text\">Linkedin<\/div>\n<p><\/a><a class=\"td-social-sharing-button td-social-sharing-button-js td-social-network td-social-copy_url\" href=\"https:\/\/voceatimisului.ro\/cramele-recas-au-lansat-o-noua-gama-de-vinuri-premium-in-romania-produsa-in-editie-limitata\/\" title=\"Copy URL\" rel=\"noopener\"><\/p>\n<div class=\"td-social-but-text\">Copy URL<\/div>\n<p><\/a><\/div>\n<\/div>\n<\/div>\n<div class=\"td_block_wrap tdb_single_next_prev tdi_76 td-animation-stack td-next-prev-img-on td-pb-border-top td_block_template_1\" data-td-block-uid=\"tdi_76\">\n<div class=\"tdb-block-inner td-fix-index\">\n<div class=\"tdb-next-post tdb-next-post-bg tdb-post-prev\"><span>Articolul precedent<\/span><\/p>\n<div class=\"td-module-container\">\n<div class=\"next-prev-title\"><a href=\"https:\/\/voceatimisului.ro\/tragedie-romaneasca-in-muntenegru-18-romani-morti-si-28-de-raniti-intr-un-accident-autocarul-lor-a-cazut-intr-o-prapastie-de-40-de-metri\/\">TRAGEDIE rom\u00e2neasc\u0103 \u00een Muntenegru. 18 rom\u00e2ni MOR\u0162I \u015fi 28 de r\u0103ni\u0163i \u00eentr-un accident. Autocarul lor a c\u0103zut \u00eentr-o pr\u0103pastie de 40 de metri<\/a><\/div>\n<\/div>\n<\/div>\n<div class=\"tdb-next-post tdb-next-post-bg tdb-post-next\"><span>Articolul urm\u0103tor<\/span><\/p>\n<div class=\"td-module-container\">\n<div class=\"next-prev-title\"><a href=\"https:\/\/voceatimisului.ro\/lucrari-pe-ultima-suta-de-metri-pe-autostrada-a1-timisoara-arad\/\">Lucr\u0103ri pe ultima sut\u0103 de metri pe autostrada A1 Timi\u015foara \u2013 Arad<\/a><\/div>\n<\/div>\n<\/div>\n<\/div>\n<\/div>\n<\/div>\n<\/div>\n<\/div>\n<\/div>\n<div class=\"vc_row_inner tdi_86  vc_row vc_inner wpb_row td-pb-row\">\n<div class=\"vc_column_inner tdi_88  wpb_column vc_column_container tdc-inner-column td-pb-span4 td-is-sticky\">\n<div class=\"vc_column-inner\">\n<div class=\"wpb_wrapper\" data-sticky-enabled-on=\"W3RydWUsdHJ1ZSx0cnVlLHRydWVd\" data-sticky-offset=\"20\" data-sticky-is-width-auto=\"W2ZhbHNlLGZhbHNlLGZhbHNlLGZhbHNlXQ==\">\n<div class=\"td_block_wrap tdb_single_related tdi_89 td_with_ajax_pagination td-pb-border-top td_block_template_1 tdb-single-related-posts\" data-td-block-uid=\"tdi_89\">\n<div id=\"tdi_89\" class=\"td_block_inner tdb-block-inner td-fix-index\">\n<div class=\"tdb_module_related td_module_wrap td-animation-stack td-meta-info-hide\">\n<div class=\"td-module-container td-category-pos-image\">\n<div class=\"td-module-meta-info\">\n<h3 class=\"entry-title td-module-title\"><a href=\"https:\/\/voceatimisului.ro\/romii-care-au-atacat-doi-politisti-din-recas-la-audieri\/\" rel=\"bookmark\" title=\"\u021aiganii care au atacat doi poli\u021bi\u0219ti din Reca\u0219, la audieri\">\u021aiganii care au atacat doi poli\u021bi\u0219ti din Reca\u0219, la audieri<\/a><\/h3>\n<\/div>\n<\/div>\n<\/div>\n<div class=\"tdb_module_related td_module_wrap td-animation-stack td-meta-info-hide\">\n<div class=\"td-module-container td-category-pos-image\">\n<div class=\"td-module-meta-info\">\n<h3 class=\"entry-title td-module-title\"><a href=\"https:\/\/voceatimisului.ro\/politistii-au-prins-barbatii-care-au-agresat-un-echipaj-la-recas\/\" rel=\"bookmark\" title=\"Poli\u021bi\u0219tii au prins b\u0103rba\u021bii care au agresat un echipaj la Reca\u0219\">Poli\u021bi\u0219tii au prins b\u0103rba\u021bii care au agresat un echipaj la Reca\u0219<\/a><\/h3>\n<\/div>\n<\/div>\n<\/div>\n<div class=\"tdb_module_related td_module_wrap td-animation-stack td-meta-info-hide\">\n<div class=\"td-module-container td-category-pos-image\">\n<div class=\"td-module-meta-info\">\n<h3 class=\"entry-title td-module-title\"><a href=\"https:\/\/voceatimisului.ro\/un-tanar-din-recas-prins-la-scurt-timp-dupa-ce-a-furat-o-bicicleta\/\" rel=\"bookmark\" title=\"Un t\u00e2n\u0103r din Reca\u0219, prins la scurt timp dup\u0103 ce a furat o biciclet\u0103\">Un t\u00e2n\u0103r din Reca\u0219, prins la scurt timp dup\u0103 ce a furat o biciclet\u0103<\/a><\/h3>\n<\/div>\n<\/div>\n<\/div>\n<\/div>\n<\/div>\n<\/div>\n<\/div>\n<\/div>\n<div class=\"vc_column_inner tdi_91  wpb_column vc_column_container tdc-inner-column td-pb-span8\">\n<div class=\"vc_column-inner\">\n<div class=\"wpb_wrapper\">\n<div class=\"td_block_wrap tdb_single_comments tdi_92 tdb-comm-layout2 td-pb-border-top td_block_template_2\" data-td-block-uid=\"tdi_92\">\n<div class=\"tdb-block-inner td-fix-index\">\n<div class=\"comments\" id=\"comments\">\n<div id=\"respond\" class=\"comment-respond\">\n<h3 id=\"reply-title\" class=\"comment-reply-title\">L\u0102SA\u021aI UN MESAJ <small><a rel=\"nofollow\" id=\"cancel-comment-reply-link\" href=\"https:\/\/voceatimisului.ro\/cramele-recas-au-lansat-o-noua-gama-de-vinuri-premium-in-romania-produsa-in-editie-limitata\/#respond\">Renun\u021ba\u021bi la r\u0103spuns<\/a><\/small><\/h3>\n<div class=\"comment-form-input-wrap td-form-comment\">\n<div class=\"td-warning-comment\">V\u0103 rug\u0103m s\u0103 introduce\u021bi comentariul dvs.!<\/div>\n<\/div>\n<div class=\"comment-form-input-wrap td-form-author\">\n<div class=\"td-warning-author\">Introduce\u021bi aici numele dvs.<\/div>\n<\/div>\n<div class=\"comment-form-input-wrap td-form-email\">\n<div class=\"td-warning-email-error\">A\u021bi introdus o adres\u0103 de e-mail incorect\u0103!<\/div>\n<div class=\"td-warning-email\">V\u0103 rug\u0103m s\u0103 introduce\u021bi adresa dvs. de e-mail aici<\/div>\n<\/div>\n<\/div>\n<\/div>\n<\/div>\n<\/div>\n<\/div>\n<\/div>\n<\/div>\n<\/div>\n<\/div>\n<\/div>\n<div class=\"vc_column tdi_94  wpb_column vc_column_container tdc-column td-pb-span4 td-is-sticky\">\n<div class=\"wpb_wrapper\" data-sticky-enabled-on=\"W3RydWUsdHJ1ZSx0cnVlLHRydWVd\" data-sticky-offset=\"20\" data-sticky-is-width-auto=\"W2ZhbHNlLGZhbHNlLGZhbHNlLGZhbHNlXQ==\">\n<div class=\"vc_row_inner tdi_96  vc_row vc_inner wpb_row td-pb-row\">\n<div class=\"vc_column_inner tdi_98  wpb_column vc_column_container tdc-inner-column td-pb-span12\">\n<div class=\"vc_column-inner\">\n<div class=\"wpb_wrapper\">\n<div class=\"td_block_wrap td_block_title tdi_99 td-pb-border-top td_block_template_11 td-fix-index\" data-td-block-uid=\"tdi_99\">\n<div class=\"td-block-title-wrap\">\n<h4 class=\"td-block-title\"><span class=\"td-pulldown-size\">ANUN\u021aURI \u0218I PUBLICITATE<\/span><\/h4>\n<\/div>\n<\/div>\n<\/div>\n<\/div>\n<\/div>\n<\/div>\n<div class=\"wpb_wrapper td_block_wrap vc_widget_sidebar tdi_101 \">\n<aside id=\"block-10\" class=\"td_block_template_1 widget block-10 widget_block widget_media_image\">\n<figure class=\"wp-block-image size-full\"><a href=\"https:\/\/adpghiroda.ro\/index.html\" target=\"_blank\" rel=\" noreferrer noopener\"><img fetchpriority=\"high\" decoding=\"async\" loading=\"eager\" width=\"960\" height=\"960\" src=\"https:\/\/analyse.optim.biz\/wp-content\/uploads\/2025\/12\/adp-ghiroda2-70.jpg\" class=\"wp-image-171492\" title=\"adp-ghiroda2-70\"><\/a><\/figure>\n<\/aside>\n<aside id=\"block-11\" class=\"td_block_template_1 widget block-11 widget_block widget_media_image\">\n<figure class=\"wp-block-image size-full\"><a href=\"https:\/\/adpghiroda.ro\/index.html\" target=\"_blank\" rel=\" noreferrer noopener\"><img decoding=\"async\" loading=\"eager\" width=\"960\" height=\"960\" src=\"https:\/\/analyse.optim.biz\/wp-content\/uploads\/2025\/12\/adp-ghiroda1-69-1.jpg\" class=\"wp-image-171491\" title=\"adp-ghiroda1-69-1\"><\/a><\/figure>\n<\/aside>\n<aside id=\"block-17\" class=\"td_block_template_1 widget block-17 widget_block widget_media_image\">\n<figure class=\"wp-block-image size-large is-resized\"><a href=\"https:\/\/verde.events\/\" target=\"_blank\" rel=\" noreferrer noopener\"><img decoding=\"async\" loading=\"lazy\" width=\"1024\" height=\"683\" src=\"https:\/\/analyse.optim.biz\/wp-content\/uploads\/2025\/12\/verde-events-24-1024x683-69-1.jpg\" alt=\"Verde Events\" class=\"wp-image-174395\" title=\"verde-events-24-1024x683-69-1\"><\/a><figcaption class=\"wp-element-caption\"><strong><em>O experien\u021b\u0103 unic\u0103 pentru orice tip de eveniment<\/em><\/strong><\/figcaption><\/figure>\n<\/aside>\n<\/div>\n<div class=\"td_block_wrap td_flex_block_1 tdi_107 td-pb-border-top td_block_template_1 td_ajax_preloading_preload td_flex_block\" data-td-block-uid=\"tdi_107\">\n<div id=\"tdi_107\" class=\"td_block_inner td-mc1-wrap\">\n<div class=\"td_module_flex td_module_flex_1 td_module_wrap td-animation-stack td-meta-info-hide td-cpt-post\">\n<div class=\"td-module-container td-category-pos-image\">\n<div class=\"td-module-meta-info\">\n<h3 class=\"entry-title td-module-title\"><a href=\"https:\/\/voceatimisului.ro\/doi-tineri-din-recas-prinsi-cand-incercau-sa-sustraga-combustibil-dintr-o-masina\/\" rel=\"bookmark\" title=\"Doi tineri din Reca\u0219, prin\u0219i c\u00e2nd \u00eencercau s\u0103 sustrag\u0103 combustibil dintr-o ma\u0219in\u0103\">Doi tineri din Reca\u0219, prin\u0219i c\u00e2nd \u00eencercau s\u0103 sustrag\u0103 combustibil dintr-o ma\u0219in\u0103<\/a><\/h3>\n<\/div>\n<\/div>\n<\/div>\n<div class=\"td_module_flex td_module_flex_1 td_module_wrap td-animation-stack td-meta-info-hide td-cpt-post\">\n<div class=\"td-module-container td-category-pos-image\">\n<div class=\"td-module-meta-info\">\n<h3 class=\"entry-title td-module-title\"><a href=\"https:\/\/voceatimisului.ro\/focuri-de-arma-si-seful-politiei-recas-lovit-de-un-cioban-beat-care-a-fugit-de-la-locul-accidentului\/\" rel=\"bookmark\" title=\"\u015eeful Poli\u0163iei Reca\u015f, lovit de un cioban beat, care a fugit de la locul accidentului\">\u015eeful Poli\u0163iei Reca\u015f, lovit de un cioban beat, care a fugit de la locul accidentului<\/a><\/h3>\n<\/div>\n<\/div>\n<\/div>\n<div class=\"td_module_flex td_module_flex_1 td_module_wrap td-animation-stack td-meta-info-hide td-cpt-post\">\n<div class=\"td-module-container td-category-pos-image\">\n<div class=\"td-module-meta-info\">\n<h3 class=\"entry-title td-module-title\"><a href=\"https:\/\/voceatimisului.ro\/orasul-recas-si-mai-multe-strazi-dintr-un-cartier-mare-al-timisoarei-raman-fara-apa-potabila\/\" rel=\"bookmark\" title=\"Ora\u0219ul Reca\u0219 \u0219i mai multe str\u0103zi dintr-un cartier MARE al Timi\u0219oarei, r\u0103m\u00e2n f\u0103r\u0103 ap\u0103 potabil\u0103\">Ora\u0219ul Reca\u0219 \u0219i mai multe str\u0103zi dintr-un cartier MARE al Timi\u0219oarei, r\u0103m\u00e2n f\u0103r\u0103 ap\u0103 potabil\u0103<\/a><\/h3>\n<\/div>\n<\/div>\n<\/div>\n<div class=\"td_module_flex td_module_flex_1 td_module_wrap td-animation-stack td-meta-info-hide td-cpt-post\">\n<div class=\"td-module-container td-category-pos-image\">\n<div class=\"td-module-meta-info\">\n<h3 class=\"entry-title td-module-title\"><a href=\"https:\/\/voceatimisului.ro\/politistii-rutieri-au-deturnat-o-masina-plina-cu-alcool-la-recas-severineanul-de-la-volan-nu-avea-permis-de-conducere-foto\/\" rel=\"bookmark\" title=\"Poli\u021bi\u0219tii rutieri au \u201ddeturnat\u201d o ma\u0219in\u0103 plin\u0103 cu ALCOOL, la Reca\u0219! Mehedin\u021beanul de la volan nu avea PERMIS de conducere! FOTO\">Poli\u021bi\u0219tii rutieri au \u201ddeturnat\u201d o ma\u0219in\u0103 plin\u0103 cu ALCOOL, la Reca\u0219! Mehedin\u021beanul de la volan nu avea PERMIS de conducere! FOTO<\/a><\/h3>\n<\/div>\n<\/div>\n<\/div>\n<div class=\"td_module_flex td_module_flex_1 td_module_wrap td-animation-stack td-meta-info-hide td-cpt-post\">\n<div class=\"td-module-container td-category-pos-image\">\n<div class=\"td-module-meta-info\">\n<h3 class=\"entry-title td-module-title\"><a href=\"https:\/\/voceatimisului.ro\/doi-copii-din-recas-retinuti-de-politisti-dupa-ce-au-furat-scule-electrice-si-alimente-dintr-o-casa-au-15-si-16-ani\/\" rel=\"bookmark\" title=\"Doi copii din Reca\u0219, re\u021binu\u021bi de poli\u021bi\u0219ti dup\u0103 ce-au furat scule electrice \u0219i alimente dintr-o cas\u0103! Au 15 \u0219i 16 ani!!!\">Doi copii din Reca\u0219, re\u021binu\u021bi de poli\u021bi\u0219ti dup\u0103 ce-au furat scule electrice \u0219i alimente dintr-o cas\u0103! Au 15 \u0219i 16 ani!!!<\/a><\/h3>\n<\/div>\n<\/div>\n<\/div>\n<\/div>\n<\/div>\n<\/div>\n<\/div>\n<\/div>\n<\/div>\n<\/div>\n<\/div>\n<p><span class=\"td-page-meta\"><\/span><span class=\"td-page-meta\"><span class=\"td-page-meta\"><\/span><\/span><span class=\"td-page-meta\"><\/span><\/article>\n<p> Source URL: https:\/\/voceatimisului.ro\/cramele-recas-au-lansat-o-noua-gama-de-vinuri-premium-in-romania-produsa-in-editie-limitata\/<\/p>\n","protected":false},"excerpt":{"rendered":"<p>\u0218tiriEvenimentValori Locale Cramele Reca\u015f au lansat o nou\u0103 gam\u0103 de vinuri premium \u00een Rom\u00e2nia, produs\u0103 \u00een edi\u0163ie limitat\u0103 Autor-Redac\u021bia 24 iunie 2013 0 11613 Facebook Twitter Pinterest WhatsApp Linkedin Copy URL \u0218coala \u201eConstantin P\u0103unescu\u201d Reca\u0219, modernizat\u0103 cu peste 7 milioane lei: panouri fotovoltaice, izola\u021bie termic\u0103 \u0219i condi\u021bii demne pentru elevi Se opreste apa! Aquatim monteaza [&hellip;]<\/p>\n","protected":false},"author":1,"featured_media":0,"comment_status":"open","ping_status":"","sticky":false,"template":"","format":"standard","meta":{"footnotes":""},"categories":[89],"tags":[199],"class_list":["post-1099880","post","type-post","status-publish","format-standard","hentry","category-romania","tag-voceatimisului-ro"],"_links":{"self":[{"href":"https:\/\/analyse.optim.biz\/index.php?rest_route=\/wp\/v2\/posts\/1099880","targetHints":{"allow":["GET"]}}],"collection":[{"href":"https:\/\/analyse.optim.biz\/index.php?rest_route=\/wp\/v2\/posts"}],"about":[{"href":"https:\/\/analyse.optim.biz\/index.php?rest_route=\/wp\/v2\/types\/post"}],"author":[{"embeddable":true,"href":"https:\/\/analyse.optim.biz\/index.php?rest_route=\/wp\/v2\/users\/1"}],"replies":[{"embeddable":true,"href":"https:\/\/analyse.optim.biz\/index.php?rest_route=%2Fwp%2Fv2%2Fcomments&post=1099880"}],"version-history":[{"count":0,"href":"https:\/\/analyse.optim.biz\/index.php?rest_route=\/wp\/v2\/posts\/1099880\/revisions"}],"wp:attachment":[{"href":"https:\/\/analyse.optim.biz\/index.php?rest_route=%2Fwp%2Fv2%2Fmedia&parent=1099880"}],"wp:term":[{"taxonomy":"category","embeddable":true,"href":"https:\/\/analyse.optim.biz\/index.php?rest_route=%2Fwp%2Fv2%2Fcategories&post=1099880"},{"taxonomy":"post_tag","embeddable":true,"href":"https:\/\/analyse.optim.biz\/index.php?rest_route=%2Fwp%2Fv2%2Ftags&post=1099880"}],"curies":[{"name":"wp","href":"https:\/\/api.w.org\/{rel}","templated":true}]}}