{"id":1099854,"date":"2013-12-23T17:30:26","date_gmt":"2013-12-23T14:30:26","guid":{"rendered":"https:\/\/analyse.optim.biz\/?p=1099854"},"modified":"2013-12-23T17:30:26","modified_gmt":"2013-12-23T14:30:26","slug":"ionel-pascota-pe-podium-in-bulgaria-m-am-trezit-cu-doua-medalii-de-aur-la-gat-exclusiv-video","status":"publish","type":"post","link":"https:\/\/analyse.optim.biz\/?p=1099854","title":{"rendered":"Ionel Pascot\u0103, pe podium, \u00een Bulgaria: &#8220;M-am trezit cu dou\u0103 medalii de aur la g\u00e2t&#8221; EXCLUSIV VIDEO"},"content":{"rendered":"<article id=\"template-id-172790\" class=\"post-172790 tdb_templates type-tdb_templates status-publish post\">\n<div id=\"tdi_38\" class=\"tdc-zone\">\n<div class=\"tdc_zone tdi_39  wpb_row td-pb-row\">\n<div id=\"tdi_40\" class=\"tdc-row stretch_row_1400 td-stretch-content\">\n<div class=\"vc_row tdi_41  wpb_row td-pb-row tdc-element-style\">\n<div class=\"vc_column tdi_43  wpb_column vc_column_container tdc-column td-pb-span8\">\n<div class=\"wpb_wrapper\">\n<div class=\"td_block_wrap tdb_single_categories tdi_44 td-pb-border-top td_block_template_1 \" data-td-block-uid=\"tdi_44\">\n<div class=\"tdb-category td-fix-index\"><a class=\"tdb-entry-category\" href=\"https:\/\/voceatimisului.ro\/stiri-din-timisoara-si-timis\/\">\u0218tiri<\/a><a class=\"tdb-entry-category\" href=\"https:\/\/voceatimisului.ro\/stiri-din-timisoara-si-timis\/sport\/\">Sport<\/a><a class=\"tdb-entry-category\" href=\"https:\/\/voceatimisului.ro\/valori-locale\/\">Valori Locale<\/a><\/div>\n<\/div>\n<div class=\"td_block_wrap tdb_title tdi_45 tdb-single-title td-pb-border-top td_block_template_1\" data-td-block-uid=\"tdi_45\">\n<div class=\"tdb-block-inner td-fix-index\">\n<h1 class=\"tdb-title-text\">Ionel Pascot\u0103, pe podium, \u00een Bulgaria: \u201eM-am trezit cu dou\u0103 medalii de aur la g\u00e2t\u201d EXCLUSIV VIDEO<\/h1>\n<\/div>\n<\/div>\n<div class=\"vc_row_inner tdi_48  vc_row vc_inner wpb_row td-pb-row\">\n<div class=\"vc_column_inner tdi_50  wpb_column vc_column_container tdc-inner-column td-pb-span6\">\n<div class=\"vc_column-inner\">\n<div class=\"wpb_wrapper\">\n<div class=\"td_block_wrap tdb_single_author tdi_51 td-pb-border-top td_block_template_1 tdb-post-meta\" data-td-block-uid=\"tdi_51\">\n<div class=\"tdb-block-inner td-fix-index\">\n<div class=\"tdb-author-name-wrap\"><span class=\"tdb-author-by\">Autor-<\/span><a class=\"tdb-author-name\" href=\"https:\/\/voceatimisului.ro\/author\/redactia\/\">Redac\u021bia<\/a><\/div>\n<\/div>\n<\/div>\n<div class=\"td_block_wrap tdb_single_date tdi_52 td-pb-border-top td_block_template_1 tdb-post-meta\" data-td-block-uid=\"tdi_52\">\n<div class=\"tdb-block-inner td-fix-index\"><time class=\"entry-date updated td-module-date\" datetime=\"2013-12-23T19:30:26+02:00\">23 decembrie 2013<\/time><\/div>\n<\/div>\n<div class=\"td_block_wrap tdb_single_comments_count tdi_53 td-pb-border-top td_block_template_1 tdb-post-meta\" data-td-block-uid=\"tdi_53\">\n<div class=\"tdb-block-inner td-fix-index\"><a href=\"https:\/\/voceatimisului.ro\/ionel-pascota-pe-podium-bulgaria-m-trezit-cu-doua-medalii-de-aur-la-gat-exclusiv-video\/#respond\"><span>0<\/span><\/a><\/div>\n<\/div>\n<div class=\"td_block_wrap tdb_single_post_views tdi_54 td-pb-border-top td_block_template_1 tdb-post-meta\" data-td-block-uid=\"tdi_54\">\n<div class=\"tdb-block-inner td-fix-index\"><span class=\"tdb-add-text\">1<\/span><span class=\"td-nr-views-36974\">1447<\/span><\/div>\n<\/div>\n<\/div>\n<\/div>\n<\/div>\n<div class=\"vc_column_inner tdi_56  wpb_column vc_column_container tdc-inner-column td-pb-span6\">\n<div class=\"vc_column-inner\">\n<div class=\"wpb_wrapper\">\n<div class=\"td_block_wrap tdb_single_post_share tdi_57  td-pb-border-top td_block_template_1\" data-td-block-uid=\"tdi_57\">\n<div id=\"tdi_57\" class=\"td-post-sharing tdb-block td-ps-bg td-ps-notext td-post-sharing-style1 \">\n<div class=\"td-post-sharing-visible\"><a class=\"td-social-sharing-button td-social-sharing-button-js td-social-network td-social-facebook\" href=\"https:\/\/www.facebook.com\/sharer.php?u=https%3A%2F%2Fvoceatimisului.ro%2Fionel-pascota-pe-podium-bulgaria-m-trezit-cu-doua-medalii-de-aur-la-gat-exclusiv-video%2F\" title=\"Facebook\" rel=\"noopener\"><\/p>\n<div class=\"td-social-but-text\">Facebook<\/div>\n<p><\/a><a class=\"td-social-sharing-button td-social-sharing-button-js td-social-network td-social-twitter\" href=\"https:\/\/twitter.com\/intent\/tweet?text=Ionel+Pascot%C4%83%2C+pe+podium%2C+%C3%AEn+Bulgaria%3A+%E2%80%9EM-am+trezit+cu+dou%C4%83+medalii+de+aur+la+g%C3%A2t%E2%80%9D+EXCLUSIV+VIDEO&amp;url=https%3A%2F%2Fvoceatimisului.ro%2Fionel-pascota-pe-podium-bulgaria-m-trezit-cu-doua-medalii-de-aur-la-gat-exclusiv-video%2F&amp;via=Vocea+Timisului\" title=\"Twitter\" rel=\"noopener\"><\/p>\n<div class=\"td-social-but-text\">Twitter<\/div>\n<p><\/a><a class=\"td-social-sharing-button td-social-sharing-button-js td-social-network td-social-pinterest\" href=\"https:\/\/pinterest.com\/pin\/create\/button\/?url=https:\/\/voceatimisului.ro\/ionel-pascota-pe-podium-bulgaria-m-trezit-cu-doua-medalii-de-aur-la-gat-exclusiv-video\/&amp;media=https:\/\/analyse.optim.biz\/wp-content\/uploads\/2025\/12\/pascota-ionel10-jpg.webp&amp;description=Ionel+Pascot%C4%83%2C+pe+podium%2C+%C3%AEn+Bulgaria%3A+%E2%80%9EM-am+trezit+cu+dou%C4%83+medalii+de+aur+la+g%C3%A2t%E2%80%9D+EXCLUSIV+VIDEO\" title=\"Pinterest\" rel=\"noopener\"><\/p>\n<div class=\"td-social-but-text\">Pinterest<\/div>\n<p><\/a><a class=\"td-social-sharing-button td-social-sharing-button-js td-social-network td-social-whatsapp\" href=\"https:\/\/api.whatsapp.com\/send?text=Ionel+Pascot%C4%83%2C+pe+podium%2C+%C3%AEn+Bulgaria%3A+%E2%80%9EM-am+trezit+cu+dou%C4%83+medalii+de+aur+la+g%C3%A2t%E2%80%9D+EXCLUSIV+VIDEO%20%0A%0A%20https:\/\/voceatimisului.ro\/ionel-pascota-pe-podium-bulgaria-m-trezit-cu-doua-medalii-de-aur-la-gat-exclusiv-video\/\" title=\"WhatsApp\" rel=\"noopener\"><\/p>\n<div class=\"td-social-but-text\">WhatsApp<\/div>\n<p><\/a><a class=\"td-social-sharing-button td-social-sharing-button-js td-social-network td-social-linkedin\" href=\"https:\/\/www.linkedin.com\/shareArticle?mini=true&amp;url=https:\/\/voceatimisului.ro\/ionel-pascota-pe-podium-bulgaria-m-trezit-cu-doua-medalii-de-aur-la-gat-exclusiv-video\/&amp;title=Ionel+Pascot%C4%83%2C+pe+podium%2C+%C3%AEn+Bulgaria%3A+%E2%80%9EM-am+trezit+cu+dou%C4%83+medalii+de+aur+la+g%C3%A2t%E2%80%9D+EXCLUSIV+VIDEO\" title=\"Linkedin\" rel=\"noopener\"><\/p>\n<div class=\"td-social-but-text\">Linkedin<\/div>\n<p><\/a><a class=\"td-social-sharing-button td-social-sharing-button-js td-social-network td-social-copy_url\" href=\"https:\/\/voceatimisului.ro\/ionel-pascota-pe-podium-bulgaria-m-trezit-cu-doua-medalii-de-aur-la-gat-exclusiv-video\/\" title=\"Copy URL\" rel=\"noopener\"><\/p>\n<div class=\"td-social-but-text\">Copy URL<\/div>\n<p><\/a><\/div>\n<\/div>\n<\/div>\n<\/div>\n<\/div>\n<\/div>\n<\/div>\n<div class=\"td_block_wrap tdb_single_featured_image tdi_58 tdb-content-horiz-left td-pb-border-top td_block_template_1\" data-td-block-uid=\"tdi_58\">\n<div class=\"tdb-block-inner td-fix-index\">\n<figure><img fetchpriority=\"high\" decoding=\"async\" width=\"696\" height=\"522\" class=\"entry-thumb\" src=\"https:\/\/analyse.optim.biz\/wp-content\/uploads\/2025\/12\/pascota-ionel10-jpg-696x522-1.webp\" alt=\"Pascota Ionel10 jpg\" title=\"Pascota Ionel10 jpg\" loading=\"eager\"><figcaption class=\"tdb-caption-text\">Pascota Ionel10 jpg<\/figcaption><\/figure>\n<\/div>\n<\/div>\n<div class=\"vc_row_inner tdi_60  vc_row vc_inner wpb_row td-pb-row\">\n<div class=\"vc_column_inner tdi_62  wpb_column vc_column_container tdc-inner-column td-pb-span4 td-is-sticky\">\n<div class=\"vc_column-inner\">\n<div class=\"wpb_wrapper\" data-sticky-enabled-on=\"W3RydWUsdHJ1ZSx0cnVlLHRydWVd\" data-sticky-offset=\"20\" data-sticky-is-width-auto=\"W2ZhbHNlLGZhbHNlLGZhbHNlLGZhbHNlXQ==\">\n<div class=\"td_block_wrap td_flex_block_1 tdi_63 td-pb-border-top td_block_template_1 td_ajax_preloading_preload td_flex_block\" data-td-block-uid=\"tdi_63\">\n<div id=\"tdi_63\" class=\"td_block_inner td-mc1-wrap\">\n<div class=\"td_module_flex td_module_flex_1 td_module_wrap td-animation-stack td-meta-info-hide td-cpt-post\">\n<div class=\"td-module-container td-category-pos-image\">\n<div class=\"td-module-meta-info\">\n<h3 class=\"entry-title td-module-title\"><a href=\"https:\/\/voceatimisului.ro\/targul-de-craciun-giroc-2025-artisti-cunoscuti-in-programul-spectacolelor-gratuite\/\" rel=\"bookmark\" title=\"T\u00e2rgul de Cr\u0103ciun Giroc 2025, arti\u0219ti cunoscu\u021bi \u00een programul spectacolelor gratuite\">T\u00e2rgul de Cr\u0103ciun Giroc 2025, arti\u0219ti cunoscu\u021bi \u00een programul spectacolelor gratuite<\/a><\/h3>\n<\/div>\n<\/div>\n<\/div>\n<div class=\"td_module_flex td_module_flex_1 td_module_wrap td-animation-stack td-meta-info-hide td-cpt-post\">\n<div class=\"td-module-container td-category-pos-image\">\n<div class=\"td-module-meta-info\">\n<h3 class=\"entry-title td-module-title\"><a href=\"https:\/\/voceatimisului.ro\/festivalul-recoltei-giroc-2025-editia-a-iii-a\/\" rel=\"bookmark\" title=\"Festivalul Recoltei Giroc 2025 \u2013 edi\u021bia a III-a\">Festivalul Recoltei Giroc 2025 \u2013 edi\u021bia a III-a<\/a><\/h3>\n<\/div>\n<\/div>\n<\/div>\n<div class=\"td_module_flex td_module_flex_1 td_module_wrap td-animation-stack td-meta-info-hide td-cpt-post\">\n<div class=\"td-module-container td-category-pos-image\">\n<div class=\"td-module-meta-info\">\n<h3 class=\"entry-title td-module-title\"><a href=\"https:\/\/voceatimisului.ro\/festivalul-intoarcerea-la-folk-editia-a-iii-a-aduce-din-nou-muzica-autentica-in-giroc\/\" rel=\"bookmark\" title=\"Festivalul \u201e\u00centoarcerea la Folk\u201d \u2013 Edi\u021bia a III-a aduce din nou muzica autentic\u0103 \u00een Giroc\">Festivalul \u201e\u00centoarcerea la Folk\u201d \u2013 Edi\u021bia a III-a aduce din nou muzica autentic\u0103 \u00een Giroc<\/a><\/h3>\n<\/div>\n<\/div>\n<\/div>\n<div class=\"td_module_flex td_module_flex_1 td_module_wrap td-animation-stack td-meta-info-hide td-cpt-post\">\n<div class=\"td-module-container td-category-pos-image\">\n<div class=\"td-module-meta-info\">\n<h3 class=\"entry-title td-module-title\"><a href=\"https:\/\/voceatimisului.ro\/accident-grav-la-giroc-patru-persoane-printre-care-doi-copii-au-ajuns-la-spital\/\" rel=\"bookmark\" title=\"Accident grav la Giroc: Patru persoane, printre care doi copii, au ajuns la spital\">Accident grav la Giroc: Patru persoane, printre care doi copii, au ajuns la spital<\/a><\/h3>\n<\/div>\n<\/div>\n<\/div>\n<\/div>\n<\/div>\n<div class=\"tdb-author-box td_block_wrap tdb_single_author_box tdi_68 tdb-content-vert-top td-pb-border-top td_block_template_1\" data-td-block-uid=\"tdi_68\">\n<div class=\"tdb-block-inner td-fix-index\">\n<div class=\"tdb-author-info\"><a href=\"https:\/\/voceatimisului.ro\/author\/redactia\/\" class=\"tdb-author-name\">Redac\u021bia<\/a><\/p>\n<div class=\"tdb-author-descr\">\u00centreaga responsabilitate a comentariilor l\u0103sate de dumneavoastr\u0103 v\u0103 apar\u021bine!<br \/>\nClick <a href=\"https:\/\/voceatimisului.ro\/termeni-si-conditii\/\">aici<\/a>-citeste condi\u0163iile de utilizare ale site-ului www.voceatimisului.ro<\/div>\n<\/div>\n<\/div>\n<\/div>\n<\/div>\n<\/div>\n<\/div>\n<div class=\"vc_column_inner tdi_70  wpb_column vc_column_container tdc-inner-column td-pb-span8\">\n<div class=\"vc_column-inner\">\n<div class=\"wpb_wrapper\">\n<div class=\"td_block_wrap tdb_single_content tdi_71 td-pb-border-top td_block_template_1 td-post-content tagdiv-type\" data-td-block-uid=\"tdi_71\">\n<div class=\"tdb-block-inner td-fix-index\">\n<p>Invitat la Sofia, \u00een Bulgaria, pentru a fi premiat pentru parcursul excelent din acet an \u00een cadrul Campionatului European de Est la motociclism vitez\u0103, Ionel Pascot\u0103, cel mai bun pilot al clasei SuperSport din Rom\u00e2nia, a primit cea mai str\u0103lucitoare distinc\u0163ie din partea oficialilor bulgari pentru locul 1 ocupat de timi\u015fean \u015fi \u00een competi\u0163ia european\u0103, la aceea\u015fi clas\u0103.<\/p>\n<p>Odat\u0103 urcat pe cea mai \u00eenalt\u0103 treapt\u0103 a podiumului, Pascot\u0103 a primit medalia de aur ce i se cuvine Campionului European de Est, dar imediat dup\u0103, spre surprindere sa, un alt oficial s-a \u00eendreptat spre el pentru a-i at\u00e2rna de g\u00e2t o nou\u0103 medalie, tot de aur! Sportivul, r\u0103mas surprins, a fost dezmeticit abia la cobor\u00e2rea de pe podium, \u00eentruc\u00e2t anun\u0163urile se f\u0103ceau \u00een limba bulgar\u0103, acesta nu \u00een\u0163elegea deloc de ce el a primit dou\u0103 medalii.<\/p>\n<p>Explica\u0163ia era c\u00e2t se poate de simpl\u0103: Ionel Pascot\u0103 a devenit Campion Na\u0163ional \u015fi \u00een \u0163ara vecin\u0103, competi\u0163ia intern\u0103 a acestei \u0163\u0103ri fiind de tip \u201eOpen\u201d (deschis\u0103), adres\u00e2ndu-se \u015fi motocicli\u015ftilor din afara grani\u0163elor Bulgariei. Vezi cum a povestit Ionel Pascot\u0103 \u201ep\u0103\u0163ania\u201d sa de la Sofia, din weekend-ul recent \u00eencheiat, dar \u015fi \u00een ce \u0163ar\u0103 a mai fost desemnat Pascot\u0103 tot cu titlul de Campion Na\u0163ional.<\/p>\n<p>Despre 2013, Ionel spune c\u0103 este extrem de satisf\u0103cut, \u00een ceea ce prive\u015fte rezultatele pe care le-a \u00eenregistrat, spun\u00e2nd c\u0103 \u015fi-a atins toate obiectivele, totul \u015fi cu ajutorul sponsorilor, dar mai ales cu aportul Consiliului Jude\u0163ean Timi\u015f, care i-a fost un partener pe m\u0103sar\u0103.<\/p>\n<p>[responsive_youtube https:\/\/www.youtube.com\/watch?v=Wfe11Cq40Qg&amp;feature=youtu.be]<\/p>\n<p>De la anul 2014, Ionel a\u015fteapt\u0103 mai \u00eent\u00e2i \u015fedin\u0163a care va avea loc \u00een cadrul clubului, pentru a se decide at\u00e2t obictivele pentru noul sezon c\u00e2t \u015fi structura echipei, dar e clar c\u0103 rezultatele la care sper\u0103, totul \u00een func\u0163ie \u015fi de sponsorii care \u00eei vor fi al\u0103turi, s\u0103 fie superioare celor din 2013. Vezi materialul VIDEO pentru a afla cum \u00ee\u015fi dore\u015fte Pascot\u0103 s\u0103 ajung\u0103 la Campionatul Mondial de Motociclism.<\/p>\n<p>La finalul \u00eenregistr\u0103rii video, Ionel Pascot\u0103 are \u015fi un mesaj de transmis tuturor celor care \u00eel sprijin\u0103, fie c\u0103 se numesc sponsori, sau simpli fani ai sporturilor cu motor.<\/p>\n<div id=\"gallery-1\" class=\"gallery galleryid-36974 gallery-columns-3 gallery-size-thumbnail\">\n<figure class=\"gallery-item\">\n<div class=\"gallery-icon landscape\"><a href=\"https:\/\/voceatimisului.ro\/pascota-ionel03\/\"><img decoding=\"async\" width=\"150\" height=\"150\" src=\"https:\/\/analyse.optim.biz\/wp-content\/uploads\/2025\/12\/pascota-ionel03-150x150-1.jpg\" class=\"attachment-thumbnail size-thumbnail\" alt=\"Pascota Ionel03\" aria-describedby=\"gallery-1-36964\" loading=\"lazy\" title=\"pascota-ionel03-150x150-1\"><\/a><\/div><figcaption class=\"wp-caption-text gallery-caption\" id=\"gallery-1-36964\">\n\t\t\t\tPascota Ionel03<br \/>\n\t\t\t\t<\/figcaption><\/figure>\n<figure class=\"gallery-item\">\n<div class=\"gallery-icon landscape\"><a href=\"https:\/\/voceatimisului.ro\/pascota-ionel04\/\"><img decoding=\"async\" width=\"150\" height=\"150\" src=\"https:\/\/analyse.optim.biz\/wp-content\/uploads\/2025\/12\/pascota-ionel04-150x150-1.jpg\" class=\"attachment-thumbnail size-thumbnail\" alt=\"Pascota Ionel04\" aria-describedby=\"gallery-1-36965\" loading=\"lazy\" title=\"pascota-ionel04-150x150-1\"><\/a><\/div><figcaption class=\"wp-caption-text gallery-caption\" id=\"gallery-1-36965\">\n\t\t\t\tPascota Ionel04<br \/>\n\t\t\t\t<\/figcaption><\/figure>\n<figure class=\"gallery-item\">\n<div class=\"gallery-icon landscape\"><a href=\"https:\/\/voceatimisului.ro\/pascota-ionel08\/\"><img decoding=\"async\" width=\"150\" height=\"150\" src=\"https:\/\/analyse.optim.biz\/wp-content\/uploads\/2025\/12\/pascota-ionel08-150x150-1.jpg\" class=\"attachment-thumbnail size-thumbnail\" alt=\"Pascota Ionel08\" aria-describedby=\"gallery-1-36969\" loading=\"lazy\" title=\"pascota-ionel08-150x150-1\"><\/a><\/div><figcaption class=\"wp-caption-text gallery-caption\" id=\"gallery-1-36969\">\n\t\t\t\tPascota Ionel08<br \/>\n\t\t\t\t<\/figcaption><\/figure>\n<\/div>\n<\/div>\n<\/div>\n<div class=\"td_block_wrap tdb_single_tags tdi_74 td-pb-border-top td_block_template_1\" data-td-block-uid=\"tdi_74\">\n<div class=\"tdb-block-inner td-fix-index\">\n<ul class=\"tdb-tags\">\n<li><span>Tags<\/span><\/li>\n<li><a href=\"https:\/\/voceatimisului.ro\/tag\/600-cmc\/\">600 cmc<\/a><\/li>\n<li><a href=\"https:\/\/voceatimisului.ro\/tag\/campion-national\/\">campion national<\/a><\/li>\n<li><a href=\"https:\/\/voceatimisului.ro\/tag\/giroc\/\">giroc<\/a><\/li>\n<li><a href=\"https:\/\/voceatimisului.ro\/tag\/ionel-pascota\/\">ionel pascota<\/a><\/li>\n<li><a href=\"https:\/\/voceatimisului.ro\/tag\/motociclism\/\">motociclism<\/a><\/li>\n<li><a href=\"https:\/\/voceatimisului.ro\/tag\/pascota-racing-team\/\">pascota racing team<\/a><\/li>\n<li><a href=\"https:\/\/voceatimisului.ro\/tag\/supersport\/\">supersport<\/a><\/li>\n<li><a href=\"https:\/\/voceatimisului.ro\/tag\/viteza\/\">viteza<\/a><\/li>\n<\/ul>\n<\/div>\n<\/div>\n<div class=\"td_block_wrap tdb_single_post_share tdi_75  td-pb-border-top td_block_template_1\" data-td-block-uid=\"tdi_75\">\n<div id=\"tdi_75\" class=\"td-post-sharing tdb-block td-ps-bg td-ps-notext td-post-sharing-style1 \">\n<div class=\"td-post-sharing-visible\"><a class=\"td-social-sharing-button td-social-sharing-button-js td-social-network td-social-facebook\" href=\"https:\/\/www.facebook.com\/sharer.php?u=https%3A%2F%2Fvoceatimisului.ro%2Fionel-pascota-pe-podium-bulgaria-m-trezit-cu-doua-medalii-de-aur-la-gat-exclusiv-video%2F\" title=\"Facebook\" rel=\"noopener\"><\/p>\n<div class=\"td-social-but-text\">Facebook<\/div>\n<p><\/a><a class=\"td-social-sharing-button td-social-sharing-button-js td-social-network td-social-twitter\" href=\"https:\/\/twitter.com\/intent\/tweet?text=Ionel+Pascot%C4%83%2C+pe+podium%2C+%C3%AEn+Bulgaria%3A+%E2%80%9EM-am+trezit+cu+dou%C4%83+medalii+de+aur+la+g%C3%A2t%E2%80%9D+EXCLUSIV+VIDEO&amp;url=https%3A%2F%2Fvoceatimisului.ro%2Fionel-pascota-pe-podium-bulgaria-m-trezit-cu-doua-medalii-de-aur-la-gat-exclusiv-video%2F&amp;via=Vocea+Timisului\" title=\"Twitter\" rel=\"noopener\"><\/p>\n<div class=\"td-social-but-text\">Twitter<\/div>\n<p><\/a><a class=\"td-social-sharing-button td-social-sharing-button-js td-social-network td-social-pinterest\" href=\"https:\/\/pinterest.com\/pin\/create\/button\/?url=https:\/\/voceatimisului.ro\/ionel-pascota-pe-podium-bulgaria-m-trezit-cu-doua-medalii-de-aur-la-gat-exclusiv-video\/&amp;media=https:\/\/analyse.optim.biz\/wp-content\/uploads\/2025\/12\/pascota-ionel10-jpg.webp&amp;description=Ionel+Pascot%C4%83%2C+pe+podium%2C+%C3%AEn+Bulgaria%3A+%E2%80%9EM-am+trezit+cu+dou%C4%83+medalii+de+aur+la+g%C3%A2t%E2%80%9D+EXCLUSIV+VIDEO\" title=\"Pinterest\" rel=\"noopener\"><\/p>\n<div class=\"td-social-but-text\">Pinterest<\/div>\n<p><\/a><a class=\"td-social-sharing-button td-social-sharing-button-js td-social-network td-social-whatsapp\" href=\"https:\/\/api.whatsapp.com\/send?text=Ionel+Pascot%C4%83%2C+pe+podium%2C+%C3%AEn+Bulgaria%3A+%E2%80%9EM-am+trezit+cu+dou%C4%83+medalii+de+aur+la+g%C3%A2t%E2%80%9D+EXCLUSIV+VIDEO%20%0A%0A%20https:\/\/voceatimisului.ro\/ionel-pascota-pe-podium-bulgaria-m-trezit-cu-doua-medalii-de-aur-la-gat-exclusiv-video\/\" title=\"WhatsApp\" rel=\"noopener\"><\/p>\n<div class=\"td-social-but-text\">WhatsApp<\/div>\n<p><\/a><a class=\"td-social-sharing-button td-social-sharing-button-js td-social-network td-social-linkedin\" href=\"https:\/\/www.linkedin.com\/shareArticle?mini=true&amp;url=https:\/\/voceatimisului.ro\/ionel-pascota-pe-podium-bulgaria-m-trezit-cu-doua-medalii-de-aur-la-gat-exclusiv-video\/&amp;title=Ionel+Pascot%C4%83%2C+pe+podium%2C+%C3%AEn+Bulgaria%3A+%E2%80%9EM-am+trezit+cu+dou%C4%83+medalii+de+aur+la+g%C3%A2t%E2%80%9D+EXCLUSIV+VIDEO\" title=\"Linkedin\" rel=\"noopener\"><\/p>\n<div class=\"td-social-but-text\">Linkedin<\/div>\n<p><\/a><a class=\"td-social-sharing-button td-social-sharing-button-js td-social-network td-social-copy_url\" href=\"https:\/\/voceatimisului.ro\/ionel-pascota-pe-podium-bulgaria-m-trezit-cu-doua-medalii-de-aur-la-gat-exclusiv-video\/\" title=\"Copy URL\" rel=\"noopener\"><\/p>\n<div class=\"td-social-but-text\">Copy URL<\/div>\n<p><\/a><\/div>\n<\/div>\n<\/div>\n<div class=\"td_block_wrap tdb_single_next_prev tdi_76 td-animation-stack td-next-prev-img-on td-pb-border-top td_block_template_1\" data-td-block-uid=\"tdi_76\">\n<div class=\"tdb-block-inner td-fix-index\">\n<div class=\"tdb-next-post tdb-next-post-bg tdb-post-prev\"><span>Articolul precedent<\/span><\/p>\n<div class=\"td-module-container\">\n<div class=\"td-image-container\"><a class=\"td-image-wrap\" href=\"https:\/\/voceatimisului.ro\/cel-mai-bun-prezentator-de-divertisment-dan-negru-il-platou-pe-florin-piersic-aceasta-seara\/\"><img decoding=\"async\" class=\"td-next-prev-image td-fix-index td-lazy-img\" title=\"Cel mai bun prezentator de divertisment, Dan Negru, \u00eel are \u00een platou pe Florin Piersic, \u00een aceast\u0103 sear\u0103\" src=\"https:\/\/analyse.optim.biz\/wp-content\/uploads\/2025\/12\/dan-negru-florin-piersic-jpg.webp\"><\/a><\/div>\n<div class=\"next-prev-title\"><a href=\"https:\/\/voceatimisului.ro\/cel-mai-bun-prezentator-de-divertisment-dan-negru-il-platou-pe-florin-piersic-aceasta-seara\/\">Cel mai bun prezentator de divertisment, Dan Negru, \u00eel are \u00een platou pe Florin Piersic, \u00een aceast\u0103 sear\u0103<\/a><\/div>\n<\/div>\n<\/div>\n<div class=\"tdb-next-post tdb-next-post-bg tdb-post-next\"><span>Articolul urm\u0103tor<\/span><\/p>\n<div class=\"td-module-container\">\n<div class=\"td-image-container\"><a class=\"td-image-wrap\" href=\"https:\/\/voceatimisului.ro\/accident-grav-la-marginea-timisoarei-doi-morti-si-un-ranit-grav-dupa-un-impact-nimicitor-intre-doua-autoturisme-foto\/\"><img loading=\"lazy\" decoding=\"async\" class=\"td-next-prev-image td-fix-index td-lazy-img\" title=\"Accident GRAV la marginea Timi\u015foarei. Doi MOR\u0162I \u015fi un R\u0102NIT GRAV dup\u0103 un impact nimicitor \u00eentre dou\u0103 autoturisme FOTO\" width=\"696\" height=\"522\" src=\"https:\/\/analyse.optim.biz\/wp-content\/uploads\/2025\/12\/accident-grav-la-marginea-timic59foarei-05-jpg-696x522-1.webp\"><\/a><\/div>\n<div class=\"next-prev-title\"><a href=\"https:\/\/voceatimisului.ro\/accident-grav-la-marginea-timisoarei-doi-morti-si-un-ranit-grav-dupa-un-impact-nimicitor-intre-doua-autoturisme-foto\/\">Accident GRAV la marginea Timi\u015foarei. Doi MOR\u0162I \u015fi un R\u0102NIT GRAV dup\u0103 un impact nimicitor \u00eentre dou\u0103 autoturisme FOTO<\/a><\/div>\n<\/div>\n<\/div>\n<\/div>\n<\/div>\n<\/div>\n<\/div>\n<\/div>\n<\/div>\n<div class=\"vc_row_inner tdi_86  vc_row vc_inner wpb_row td-pb-row\">\n<div class=\"vc_column_inner tdi_88  wpb_column vc_column_container tdc-inner-column td-pb-span4 td-is-sticky\">\n<div class=\"vc_column-inner\">\n<div class=\"wpb_wrapper\" data-sticky-enabled-on=\"W3RydWUsdHJ1ZSx0cnVlLHRydWVd\" data-sticky-offset=\"20\" data-sticky-is-width-auto=\"W2ZhbHNlLGZhbHNlLGZhbHNlLGZhbHNlXQ==\">\n<div class=\"td_block_wrap tdb_single_related tdi_89 td_with_ajax_pagination td-pb-border-top td_block_template_1 tdb-single-related-posts\" data-td-block-uid=\"tdi_89\">\n<div id=\"tdi_89\" class=\"td_block_inner tdb-block-inner td-fix-index\">\n<div class=\"tdb_module_related td_module_wrap td-animation-stack td-meta-info-hide\">\n<div class=\"td-module-container td-category-pos-image\">\n<div class=\"td-module-meta-info\">\n<h3 class=\"entry-title td-module-title\"><a href=\"https:\/\/voceatimisului.ro\/protectia-consumatorului-o-inghetata-expirata-de-un-an-de-zile-i-a-servit-unei-fetite-de-8-ani-din-giroc-cea-mai-periculoasa-forma-a-bacteriei-escherichia-coli\/\" rel=\"bookmark\" title=\"Protec\u021bia consumatorului! O \u00eenghe\u021bat\u0103, expirat\u0103 de un an de zile, i-a servit unei feti\u021be de 8 ani din Giroc cea mai periculoas\u0103 form\u0103 a bacteriei Escherichia Coli\">Protec\u021bia consumatorului! O \u00eenghe\u021bat\u0103, expirat\u0103 de un an de zile, i-a servit unei feti\u021be de 8 ani din Giroc cea mai periculoas\u0103 form\u0103 a&#8230;<\/a><\/h3>\n<\/div>\n<\/div>\n<\/div>\n<div class=\"tdb_module_related td_module_wrap td-animation-stack td-meta-info-hide\">\n<div class=\"td-module-container td-category-pos-image\">\n<div class=\"td-module-meta-info\">\n<h3 class=\"entry-title td-module-title\"><a href=\"https:\/\/voceatimisului.ro\/angajati-de-la-salubritate-injurati-ca-la-usa-cortului-de-catre-locatarul-unui-bloc\/\" rel=\"bookmark\" title=\"Angaja\u021bi de la Salubritate, \u00eenjura\u021bi ca la u\u0219a cortului de c\u0103tre locatarul unui bloc!\">Angaja\u021bi de la Salubritate, \u00eenjura\u021bi ca la u\u0219a cortului de c\u0103tre locatarul unui bloc!<\/a><\/h3>\n<\/div>\n<\/div>\n<\/div>\n<div class=\"tdb_module_related td_module_wrap td-animation-stack td-meta-info-hide\">\n<div class=\"td-module-container td-category-pos-image\">\n<div class=\"td-module-meta-info\">\n<h3 class=\"entry-title td-module-title\"><a href=\"https:\/\/voceatimisului.ro\/debut-castigator-in-noul-sezon-de-motociclism-viteza-pentru-patrick-si-ionel-pascota\/\" rel=\"bookmark\" title=\"Debut \u201ecastigator\u201d \u00een noul sezon de motociclism vitez\u0103 pentru Patrick \u0219i Ionel Pascot\u0103\">Debut \u201ecastigator\u201d \u00een noul sezon de motociclism vitez\u0103 pentru Patrick \u0219i Ionel Pascot\u0103<\/a><\/h3>\n<\/div>\n<\/div>\n<\/div>\n<\/div>\n<\/div>\n<\/div>\n<\/div>\n<\/div>\n<div class=\"vc_column_inner tdi_91  wpb_column vc_column_container tdc-inner-column td-pb-span8\">\n<div class=\"vc_column-inner\">\n<div class=\"wpb_wrapper\">\n<div class=\"td_block_wrap tdb_single_comments tdi_92 tdb-comm-layout2 td-pb-border-top td_block_template_2\" data-td-block-uid=\"tdi_92\">\n<div class=\"tdb-block-inner td-fix-index\">\n<div class=\"comments\" id=\"comments\">\n<div id=\"respond\" class=\"comment-respond\">\n<h3 id=\"reply-title\" class=\"comment-reply-title\">L\u0102SA\u021aI UN MESAJ <small><a rel=\"nofollow\" id=\"cancel-comment-reply-link\" href=\"https:\/\/voceatimisului.ro\/ionel-pascota-pe-podium-bulgaria-m-trezit-cu-doua-medalii-de-aur-la-gat-exclusiv-video\/#respond\">Renun\u021ba\u021bi la r\u0103spuns<\/a><\/small><\/h3>\n<div class=\"comment-form-input-wrap td-form-comment\">\n<div class=\"td-warning-comment\">V\u0103 rug\u0103m s\u0103 introduce\u021bi comentariul dvs.!<\/div>\n<\/div>\n<div class=\"comment-form-input-wrap td-form-author\">\n<div class=\"td-warning-author\">Introduce\u021bi aici numele dvs.<\/div>\n<\/div>\n<div class=\"comment-form-input-wrap td-form-email\">\n<div class=\"td-warning-email-error\">A\u021bi introdus o adres\u0103 de e-mail incorect\u0103!<\/div>\n<div class=\"td-warning-email\">V\u0103 rug\u0103m s\u0103 introduce\u021bi adresa dvs. de e-mail aici<\/div>\n<\/div>\n<\/div>\n<\/div>\n<\/div>\n<\/div>\n<\/div>\n<\/div>\n<\/div>\n<\/div>\n<\/div>\n<\/div>\n<div class=\"vc_column tdi_94  wpb_column vc_column_container tdc-column td-pb-span4 td-is-sticky\">\n<div class=\"wpb_wrapper\" data-sticky-enabled-on=\"W3RydWUsdHJ1ZSx0cnVlLHRydWVd\" data-sticky-offset=\"20\" data-sticky-is-width-auto=\"W2ZhbHNlLGZhbHNlLGZhbHNlLGZhbHNlXQ==\">\n<div class=\"vc_row_inner tdi_96  vc_row vc_inner wpb_row td-pb-row\">\n<div class=\"vc_column_inner tdi_98  wpb_column vc_column_container tdc-inner-column td-pb-span12\">\n<div class=\"vc_column-inner\">\n<div class=\"wpb_wrapper\">\n<div class=\"td_block_wrap td_block_title tdi_99 td-pb-border-top td_block_template_11 td-fix-index\" data-td-block-uid=\"tdi_99\">\n<div class=\"td-block-title-wrap\">\n<h4 class=\"td-block-title\"><span class=\"td-pulldown-size\">ANUN\u021aURI \u0218I PUBLICITATE<\/span><\/h4>\n<\/div>\n<\/div>\n<\/div>\n<\/div>\n<\/div>\n<\/div>\n<div class=\"wpb_wrapper td_block_wrap vc_widget_sidebar tdi_101 \">\n<aside id=\"block-10\" class=\"td_block_template_1 widget block-10 widget_block widget_media_image\">\n<figure class=\"wp-block-image size-full\"><a href=\"https:\/\/adpghiroda.ro\/index.html\" target=\"_blank\" rel=\" noreferrer noopener\"><img decoding=\"async\" loading=\"eager\" width=\"960\" height=\"960\" src=\"https:\/\/analyse.optim.biz\/wp-content\/uploads\/2025\/12\/adp-ghiroda2-68-1.jpg\" class=\"wp-image-171492\" title=\"adp-ghiroda2-68-1\"><\/a><\/figure>\n<\/aside>\n<aside id=\"block-11\" class=\"td_block_template_1 widget block-11 widget_block widget_media_image\">\n<figure class=\"wp-block-image size-full\"><a href=\"https:\/\/adpghiroda.ro\/index.html\" target=\"_blank\" rel=\" noreferrer noopener\"><img decoding=\"async\" loading=\"eager\" width=\"960\" height=\"960\" src=\"https:\/\/analyse.optim.biz\/wp-content\/uploads\/2025\/12\/adp-ghiroda1-68-1.jpg\" class=\"wp-image-171491\" title=\"adp-ghiroda1-68-1\"><\/a><\/figure>\n<\/aside>\n<aside id=\"block-17\" class=\"td_block_template_1 widget block-17 widget_block widget_media_image\">\n<figure class=\"wp-block-image size-large is-resized\"><a href=\"https:\/\/verde.events\/\" target=\"_blank\" rel=\" noreferrer noopener\"><img decoding=\"async\" loading=\"lazy\" width=\"1024\" height=\"683\" src=\"https:\/\/analyse.optim.biz\/wp-content\/uploads\/2025\/12\/verde-events-24-1024x683-68.jpg\" alt=\"Verde Events\" class=\"wp-image-174395\" title=\"verde-events-24-1024x683-68\"><\/a><figcaption class=\"wp-element-caption\"><strong><em>O experien\u021b\u0103 unic\u0103 pentru orice tip de eveniment<\/em><\/strong><\/figcaption><\/figure>\n<\/aside>\n<\/div>\n<div class=\"td_block_wrap td_flex_block_1 tdi_107 td-pb-border-top td_block_template_1 td_ajax_preloading_preload td_flex_block\" data-td-block-uid=\"tdi_107\">\n<div id=\"tdi_107\" class=\"td_block_inner td-mc1-wrap\">\n<div class=\"td_module_flex td_module_flex_1 td_module_wrap td-animation-stack td-meta-info-hide td-cpt-post\">\n<div class=\"td-module-container td-category-pos-image\">\n<div class=\"td-module-meta-info\">\n<h3 class=\"entry-title td-module-title\"><a href=\"https:\/\/voceatimisului.ro\/lucian-miron-legitimat-la-csu-uvt-timisoara-campion-national-la-sah-in-2019\/\" rel=\"bookmark\" title=\"Lucian Miron, legitimat la CSU UVT Timisoara, campion national la sah, in 2019\">Lucian Miron, legitimat la CSU UVT Timisoara, campion national la sah, in 2019<\/a><\/h3>\n<\/div>\n<\/div>\n<\/div>\n<div class=\"td_module_flex td_module_flex_1 td_module_wrap td-animation-stack td-meta-info-hide td-cpt-post\">\n<div class=\"td-module-container td-category-pos-image\">\n<div class=\"td-module-meta-info\">\n<h3 class=\"entry-title td-module-title\"><a href=\"https:\/\/voceatimisului.ro\/comuna-giroc-ar-putea-avea-propria-sosea-de-centura-inaintea-timisoarei\/\" rel=\"bookmark\" title=\"Comuna Giroc ar putea avea propria sosea de centura, inaintea Timisoarei\">Comuna Giroc ar putea avea propria sosea de centura, inaintea Timisoarei<\/a><\/h3>\n<\/div>\n<\/div>\n<\/div>\n<div class=\"td_module_flex td_module_flex_1 td_module_wrap td-animation-stack td-meta-info-hide td-cpt-post\">\n<div class=\"td-module-container td-category-pos-image\">\n<div class=\"td-module-meta-info\">\n<h3 class=\"entry-title td-module-title\"><a href=\"https:\/\/voceatimisului.ro\/video-documentarul-pascota-cea-mai-titrata-familie-de-sportivi-din-istoria-motorsportului-romanesc\/\" rel=\"bookmark\" title=\"Documentarul Pascota \u2013 cea mai titrata familie de sportivi din istoria motorsportului romanesc\">Documentarul Pascota \u2013 cea mai titrata familie de sportivi din istoria motorsportului romanesc<\/a><\/h3>\n<\/div>\n<\/div>\n<\/div>\n<div class=\"td_module_flex td_module_flex_1 td_module_wrap td-animation-stack td-meta-info-hide td-cpt-post\">\n<div class=\"td-module-container td-category-pos-image\">\n<div class=\"td-module-meta-info\">\n<h3 class=\"entry-title td-module-title\"><a href=\"https:\/\/voceatimisului.ro\/cinci-noi-titluri-de-campion-intra-in-vitrina-familiei-pascota-in-2018-trei-obtinute-de-ionel-si-doua-de-patrick\/\" rel=\"bookmark\" title=\"Cinci noi titluri de campion intra in vitrina familiei Pascota, in 2018: Trei ob\u021binute de Ionel \u0219i dou\u0103 de Patrick\">Cinci noi titluri de campion intra in vitrina familiei Pascota, in 2018: Trei ob\u021binute de Ionel \u0219i dou\u0103 de Patrick<\/a><\/h3>\n<\/div>\n<\/div>\n<\/div>\n<div class=\"td_module_flex td_module_flex_1 td_module_wrap td-animation-stack td-meta-info-hide td-cpt-post\">\n<div class=\"td-module-container td-category-pos-image\">\n<div class=\"td-module-meta-info\">\n<h3 class=\"entry-title td-module-title\"><a href=\"https:\/\/voceatimisului.ro\/seful-cj-timis-negocieri-la-bucuresti-polivalenta-de-16-000-de-locuri-se-face-la-giroc\/\" rel=\"bookmark\" title=\"Seful CJ Timis, negocieri la Bucuresti. Polivalenta de 16.000 de locuri se face la Giroc\">Seful CJ Timis, negocieri la Bucuresti. Polivalenta de 16.000 de locuri se face la Giroc<\/a><\/h3>\n<\/div>\n<\/div>\n<\/div>\n<\/div>\n<\/div>\n<\/div>\n<\/div>\n<\/div>\n<\/div>\n<\/div>\n<\/div>\n<p><span class=\"td-page-meta\"><\/span><span class=\"td-page-meta\"><span class=\"td-page-meta\"><\/span><\/span><span class=\"td-page-meta\"><\/span><\/article>\n<p> Source URL: https:\/\/voceatimisului.ro\/ionel-pascota-pe-podium-bulgaria-m-trezit-cu-doua-medalii-de-aur-la-gat-exclusiv-video\/<\/p>\n","protected":false},"excerpt":{"rendered":"<p>\u0218tiriSportValori Locale Ionel Pascot\u0103, pe podium, \u00een Bulgaria: \u201eM-am trezit cu dou\u0103 medalii de aur la g\u00e2t\u201d EXCLUSIV VIDEO Autor-Redac\u021bia 23 decembrie 2013 0 11447 Facebook Twitter Pinterest WhatsApp Linkedin Copy URL Pascota Ionel10 jpg T\u00e2rgul de Cr\u0103ciun Giroc 2025, arti\u0219ti cunoscu\u021bi \u00een programul spectacolelor gratuite Festivalul Recoltei Giroc 2025 \u2013 edi\u021bia a III-a Festivalul [&hellip;]<\/p>\n","protected":false},"author":1,"featured_media":1099855,"comment_status":"open","ping_status":"","sticky":false,"template":"","format":"standard","meta":{"footnotes":""},"categories":[89],"tags":[199],"class_list":["post-1099854","post","type-post","status-publish","format-standard","has-post-thumbnail","hentry","category-romania","tag-voceatimisului-ro"],"_links":{"self":[{"href":"https:\/\/analyse.optim.biz\/index.php?rest_route=\/wp\/v2\/posts\/1099854","targetHints":{"allow":["GET"]}}],"collection":[{"href":"https:\/\/analyse.optim.biz\/index.php?rest_route=\/wp\/v2\/posts"}],"about":[{"href":"https:\/\/analyse.optim.biz\/index.php?rest_route=\/wp\/v2\/types\/post"}],"author":[{"embeddable":true,"href":"https:\/\/analyse.optim.biz\/index.php?rest_route=\/wp\/v2\/users\/1"}],"replies":[{"embeddable":true,"href":"https:\/\/analyse.optim.biz\/index.php?rest_route=%2Fwp%2Fv2%2Fcomments&post=1099854"}],"version-history":[{"count":0,"href":"https:\/\/analyse.optim.biz\/index.php?rest_route=\/wp\/v2\/posts\/1099854\/revisions"}],"wp:featuredmedia":[{"embeddable":true,"href":"https:\/\/analyse.optim.biz\/index.php?rest_route=\/wp\/v2\/media\/1099855"}],"wp:attachment":[{"href":"https:\/\/analyse.optim.biz\/index.php?rest_route=%2Fwp%2Fv2%2Fmedia&parent=1099854"}],"wp:term":[{"taxonomy":"category","embeddable":true,"href":"https:\/\/analyse.optim.biz\/index.php?rest_route=%2Fwp%2Fv2%2Fcategories&post=1099854"},{"taxonomy":"post_tag","embeddable":true,"href":"https:\/\/analyse.optim.biz\/index.php?rest_route=%2Fwp%2Fv2%2Ftags&post=1099854"}],"curies":[{"name":"wp","href":"https:\/\/api.w.org\/{rel}","templated":true}]}}