{"id":1099805,"date":"2015-02-13T09:34:20","date_gmt":"2015-02-13T06:34:20","guid":{"rendered":"https:\/\/analyse.optim.biz\/?p=1099805"},"modified":"2015-02-13T09:34:20","modified_gmt":"2015-02-13T06:34:20","slug":"ofiter-al-gruparii-mobile-de-jandarmi-din-timisoara-decorat-dupa-o-misiune-in-afganistan-afla-i-povestea-foto","status":"publish","type":"post","link":"https:\/\/analyse.optim.biz\/?p=1099805","title":{"rendered":"Ofi\u0163er al Grup\u0103rii Mobile de Jandarmi din Timi\u015foara, DECORAT, dup\u0103 o misiune \u00een Afganistan. Afl\u0103-i povestea! FOTO"},"content":{"rendered":"<article id=\"template-id-172790\" class=\"post-172790 tdb_templates type-tdb_templates status-publish post\">\n<div id=\"tdi_38\" class=\"tdc-zone\">\n<div class=\"tdc_zone tdi_39  wpb_row td-pb-row\">\n<div id=\"tdi_40\" class=\"tdc-row stretch_row_1400 td-stretch-content\">\n<div class=\"vc_row tdi_41  wpb_row td-pb-row tdc-element-style\">\n<div class=\"vc_column tdi_43  wpb_column vc_column_container tdc-column td-pb-span8\">\n<div class=\"wpb_wrapper\">\n<div class=\"td_block_wrap tdb_single_categories tdi_44 td-pb-border-top td_block_template_1 \" data-td-block-uid=\"tdi_44\">\n<div class=\"tdb-category td-fix-index\"><a class=\"tdb-entry-category\" href=\"https:\/\/voceatimisului.ro\/stiri-din-timisoara-si-timis\/\">\u0218tiri<\/a><a class=\"tdb-entry-category\" href=\"https:\/\/voceatimisului.ro\/valori-locale\/\">Valori Locale<\/a><\/div>\n<\/div>\n<div class=\"td_block_wrap tdb_title tdi_45 tdb-single-title td-pb-border-top td_block_template_1\" data-td-block-uid=\"tdi_45\">\n<div class=\"tdb-block-inner td-fix-index\">\n<h1 class=\"tdb-title-text\">Ofi\u0163er al Grup\u0103rii Mobile de Jandarmi din Timi\u015foara, DECORAT, dup\u0103 o misiune \u00een Afganistan. Afl\u0103-i povestea! FOTO<\/h1>\n<\/div>\n<\/div>\n<div class=\"vc_row_inner tdi_48  vc_row vc_inner wpb_row td-pb-row\">\n<div class=\"vc_column_inner tdi_50  wpb_column vc_column_container tdc-inner-column td-pb-span6\">\n<div class=\"vc_column-inner\">\n<div class=\"wpb_wrapper\">\n<div class=\"td_block_wrap tdb_single_author tdi_51 td-pb-border-top td_block_template_1 tdb-post-meta\" data-td-block-uid=\"tdi_51\">\n<div class=\"tdb-block-inner td-fix-index\">\n<div class=\"tdb-author-name-wrap\"><span class=\"tdb-author-by\">Autor-<\/span><a class=\"tdb-author-name\" href=\"https:\/\/voceatimisului.ro\/author\/redactia\/\">Redac\u021bia<\/a><\/div>\n<\/div>\n<\/div>\n<div class=\"td_block_wrap tdb_single_date tdi_52 td-pb-border-top td_block_template_1 tdb-post-meta\" data-td-block-uid=\"tdi_52\">\n<div class=\"tdb-block-inner td-fix-index\"><time class=\"entry-date updated td-module-date\" datetime=\"2015-02-13T11:34:20+02:00\">13 februarie 2015<\/time><\/div>\n<\/div>\n<div class=\"td_block_wrap tdb_single_comments_count tdi_53 td-pb-border-top td_block_template_1 tdb-post-meta\" data-td-block-uid=\"tdi_53\">\n<div class=\"tdb-block-inner td-fix-index\"><a href=\"https:\/\/voceatimisului.ro\/ofiter-al-gruparii-mobile-de-jandarmi-din-timisoara-decorat-dupa-o-misiune-afganistan-afla-povestea-foto\/#comments\"><span>1<\/span><\/a><\/div>\n<\/div>\n<div class=\"td_block_wrap tdb_single_post_views tdi_54 td-pb-border-top td_block_template_1 tdb-post-meta\" data-td-block-uid=\"tdi_54\">\n<div class=\"tdb-block-inner td-fix-index\"><span class=\"tdb-add-text\">1<\/span><span class=\"td-nr-views-67223\">2787<\/span><\/div>\n<\/div>\n<\/div>\n<\/div>\n<\/div>\n<div class=\"vc_column_inner tdi_56  wpb_column vc_column_container tdc-inner-column td-pb-span6\">\n<div class=\"vc_column-inner\">\n<div class=\"wpb_wrapper\">\n<div class=\"td_block_wrap tdb_single_post_share tdi_57  td-pb-border-top td_block_template_1\" data-td-block-uid=\"tdi_57\">\n<div id=\"tdi_57\" class=\"td-post-sharing tdb-block td-ps-bg td-ps-notext td-post-sharing-style1 \">\n<div class=\"td-post-sharing-visible\"><a class=\"td-social-sharing-button td-social-sharing-button-js td-social-network td-social-facebook\" href=\"https:\/\/www.facebook.com\/sharer.php?u=https%3A%2F%2Fvoceatimisului.ro%2Fofiter-al-gruparii-mobile-de-jandarmi-din-timisoara-decorat-dupa-o-misiune-afganistan-afla-povestea-foto%2F\" title=\"Facebook\" rel=\"noopener\"><\/p>\n<div class=\"td-social-but-text\">Facebook<\/div>\n<p><\/a><a class=\"td-social-sharing-button td-social-sharing-button-js td-social-network td-social-twitter\" href=\"https:\/\/twitter.com\/intent\/tweet?text=Ofi%C5%A3er+al+Grup%C4%83rii+Mobile+de+Jandarmi+din+Timi%C5%9Foara%2C+DECORAT%2C+dup%C4%83+o+misiune+%C3%AEn+Afganistan.+Afl%C4%83-i+povestea%21+FOTO&amp;url=https%3A%2F%2Fvoceatimisului.ro%2Fofiter-al-gruparii-mobile-de-jandarmi-din-timisoara-decorat-dupa-o-misiune-afganistan-afla-povestea-foto%2F&amp;via=Vocea+Timisului\" title=\"Twitter\" rel=\"noopener\"><\/p>\n<div class=\"td-social-but-text\">Twitter<\/div>\n<p><\/a><a class=\"td-social-sharing-button td-social-sharing-button-js td-social-network td-social-pinterest\" href=\"https:\/\/pinterest.com\/pin\/create\/button\/?url=https:\/\/voceatimisului.ro\/ofiter-al-gruparii-mobile-de-jandarmi-din-timisoara-decorat-dupa-o-misiune-afganistan-afla-povestea-foto\/&amp;media=https:\/\/analyse.optim.biz\/wp-content\/uploads\/2025\/12\/locotenentul-andrei-mihoc-in-afganistan-decorarea-jpg.webp&amp;description=Ofi%C5%A3er+al+Grup%C4%83rii+Mobile+de+Jandarmi+din+Timi%C5%9Foara%2C+DECORAT%2C+dup%C4%83+o+misiune+%C3%AEn+Afganistan.+Afl%C4%83-i+povestea%21+FOTO\" title=\"Pinterest\" rel=\"noopener\"><\/p>\n<div class=\"td-social-but-text\">Pinterest<\/div>\n<p><\/a><a class=\"td-social-sharing-button td-social-sharing-button-js td-social-network td-social-whatsapp\" href=\"https:\/\/api.whatsapp.com\/send?text=Ofi%C5%A3er+al+Grup%C4%83rii+Mobile+de+Jandarmi+din+Timi%C5%9Foara%2C+DECORAT%2C+dup%C4%83+o+misiune+%C3%AEn+Afganistan.+Afl%C4%83-i+povestea%21+FOTO%20%0A%0A%20https:\/\/voceatimisului.ro\/ofiter-al-gruparii-mobile-de-jandarmi-din-timisoara-decorat-dupa-o-misiune-afganistan-afla-povestea-foto\/\" title=\"WhatsApp\" rel=\"noopener\"><\/p>\n<div class=\"td-social-but-text\">WhatsApp<\/div>\n<p><\/a><a class=\"td-social-sharing-button td-social-sharing-button-js td-social-network td-social-linkedin\" href=\"https:\/\/www.linkedin.com\/shareArticle?mini=true&amp;url=https:\/\/voceatimisului.ro\/ofiter-al-gruparii-mobile-de-jandarmi-din-timisoara-decorat-dupa-o-misiune-afganistan-afla-povestea-foto\/&amp;title=Ofi%C5%A3er+al+Grup%C4%83rii+Mobile+de+Jandarmi+din+Timi%C5%9Foara%2C+DECORAT%2C+dup%C4%83+o+misiune+%C3%AEn+Afganistan.+Afl%C4%83-i+povestea%21+FOTO\" title=\"Linkedin\" rel=\"noopener\"><\/p>\n<div class=\"td-social-but-text\">Linkedin<\/div>\n<p><\/a><a class=\"td-social-sharing-button td-social-sharing-button-js td-social-network td-social-copy_url\" href=\"https:\/\/voceatimisului.ro\/ofiter-al-gruparii-mobile-de-jandarmi-din-timisoara-decorat-dupa-o-misiune-afganistan-afla-povestea-foto\/\" title=\"Copy URL\" rel=\"noopener\"><\/p>\n<div class=\"td-social-but-text\">Copy URL<\/div>\n<p><\/a><\/div>\n<\/div>\n<\/div>\n<\/div>\n<\/div>\n<\/div>\n<\/div>\n<div class=\"td_block_wrap tdb_single_featured_image tdi_58 tdb-content-horiz-left td-pb-border-top td_block_template_1\" data-td-block-uid=\"tdi_58\">\n<div class=\"tdb-block-inner td-fix-index\">\n<figure><img fetchpriority=\"high\" decoding=\"async\" width=\"696\" height=\"464\" class=\"entry-thumb\" src=\"https:\/\/analyse.optim.biz\/wp-content\/uploads\/2025\/12\/locotenentul-andrei-mihoc-in-afganistan-decorarea-jpg-696x464-1.webp\" alt=\"locotenentul Andrei Mihoc in Afganistan decorarea jpg\" title=\"locotenentul Andrei Mihoc in Afganistan decorarea jpg\" loading=\"eager\"><figcaption class=\"tdb-caption-text\">locotenentul Andrei Mihoc in Afganistan decorarea jpg<\/figcaption><\/figure>\n<\/div>\n<\/div>\n<div class=\"vc_row_inner tdi_60  vc_row vc_inner wpb_row td-pb-row\">\n<div class=\"vc_column_inner tdi_62  wpb_column vc_column_container tdc-inner-column td-pb-span4 td-is-sticky\">\n<div class=\"vc_column-inner\">\n<div class=\"wpb_wrapper\" data-sticky-enabled-on=\"W3RydWUsdHJ1ZSx0cnVlLHRydWVd\" data-sticky-offset=\"20\" data-sticky-is-width-auto=\"W2ZhbHNlLGZhbHNlLGZhbHNlLGZhbHNlXQ==\">\n<div class=\"td_block_wrap td_flex_block_1 tdi_63 td-pb-border-top td_block_template_1 td_ajax_preloading_preload td_flex_block\" data-td-block-uid=\"tdi_63\">\n<div id=\"tdi_63\" class=\"td_block_inner td-mc1-wrap\">\n<div class=\"td_module_flex td_module_flex_1 td_module_wrap td-animation-stack td-meta-info-hide td-cpt-post\">\n<div class=\"td-module-container td-category-pos-image\">\n<div class=\"td-module-meta-info\">\n<h3 class=\"entry-title td-module-title\"><a href=\"https:\/\/voceatimisului.ro\/surpriza-i-au-batut-jandarmii-la-usa-sa-i-returneze-portofelul-pierdut\/\" rel=\"bookmark\" title=\"Surpriza! I-au b\u0103tut jandarmii la u\u0219\u0103, s\u0103-i returneze portofelul pierdut\">Surpriza! I-au b\u0103tut jandarmii la u\u0219\u0103, s\u0103-i returneze portofelul pierdut<\/a><\/h3>\n<\/div>\n<\/div>\n<\/div>\n<div class=\"td_module_flex td_module_flex_1 td_module_wrap td-animation-stack td-meta-info-hide td-cpt-post\">\n<div class=\"td-module-container td-category-pos-image\">\n<div class=\"td-module-meta-info\">\n<h3 class=\"entry-title td-module-title\"><a href=\"https:\/\/voceatimisului.ro\/trei-barbati-din-afganistan-opriti-la-frontiera-au-vrut-sa-treaca-pe-jos-in-ungaria\/\" rel=\"bookmark\" title=\"Trei barbati din Afganistan, opri\u0163i la frontiera! Au vrut sa treaca, pe jos, in Ungaria\">Trei barbati din Afganistan, opri\u0163i la frontiera! Au vrut sa treaca, pe jos, in Ungaria<\/a><\/h3>\n<\/div>\n<\/div>\n<\/div>\n<div class=\"td_module_flex td_module_flex_1 td_module_wrap td-animation-stack td-meta-info-hide td-cpt-post\">\n<div class=\"td-module-container td-category-pos-image\">\n<div class=\"td-module-meta-info\">\n<h3 class=\"entry-title td-module-title\"><a href=\"https:\/\/voceatimisului.ro\/patru-militari-romani-au-fost-raniti-in-afganistan\/\" rel=\"bookmark\" title=\"Patru militari romani au fost raniti in Afganistan\">Patru militari romani au fost raniti in Afganistan<\/a><\/h3>\n<\/div>\n<\/div>\n<\/div>\n<div class=\"td_module_flex td_module_flex_1 td_module_wrap td-animation-stack td-meta-info-hide td-cpt-post\">\n<div class=\"td-module-container td-category-pos-image\">\n<div class=\"td-module-meta-info\">\n<h3 class=\"entry-title td-module-title\"><a href=\"https:\/\/voceatimisului.ro\/un-jandarm-civil-a-prins-un-hot-chiar-de-ziua-femeii-dupa-ce-furase-dintr-o-poseta-la-timisoara\/\" rel=\"bookmark\" title=\"Un jandarm civil a prins un hot, chiar de Ziua Femeii, dupa ce furase dintr-o poseta, la Timisoara\">Un jandarm civil a prins un hot, chiar de Ziua Femeii, dupa ce furase dintr-o poseta, la Timisoara<\/a><\/h3>\n<\/div>\n<\/div>\n<\/div>\n<\/div>\n<\/div>\n<div class=\"tdb-author-box td_block_wrap tdb_single_author_box tdi_68 tdb-content-vert-top td-pb-border-top td_block_template_1\" data-td-block-uid=\"tdi_68\">\n<div class=\"tdb-block-inner td-fix-index\">\n<div class=\"tdb-author-info\"><a href=\"https:\/\/voceatimisului.ro\/author\/redactia\/\" class=\"tdb-author-name\">Redac\u021bia<\/a><\/p>\n<div class=\"tdb-author-descr\">\u00centreaga responsabilitate a comentariilor l\u0103sate de dumneavoastr\u0103 v\u0103 apar\u021bine!<br \/>\nClick <a href=\"https:\/\/voceatimisului.ro\/termeni-si-conditii\/\">aici<\/a>-citeste condi\u0163iile de utilizare ale site-ului www.voceatimisului.ro<\/div>\n<\/div>\n<\/div>\n<\/div>\n<\/div>\n<\/div>\n<\/div>\n<div class=\"vc_column_inner tdi_70  wpb_column vc_column_container tdc-inner-column td-pb-span8\">\n<div class=\"vc_column-inner\">\n<div class=\"wpb_wrapper\">\n<div class=\"td_block_wrap tdb_single_content tdi_71 td-pb-border-top td_block_template_1 td-post-content tagdiv-type\" data-td-block-uid=\"tdi_71\">\n<div class=\"tdb-block-inner td-fix-index\">\n<h5 class=\"wp-block-heading\">Timp de \u0219apte luni, \u00een perioada iulie 2014 \u2013 februarie 2015, ofi\u0163erul jandarm a participat \u00een cadrul contingentului rom\u00e2nesc din Afganistan, la misiunea NATO International Security Assistance Force \u2013 Enduring Freedom (ISAF).<\/h5>\n<p>\u00cen teatrul de opera\u0163ii afgan, al\u0103turi de colegii lui, jandarmul timi\u015forean, <strong>a fost medaliat cu distinc\u0163ia NATO \u2013 ISAF<\/strong> pentru <em><strong>\u201dmerite deosebite \u015fi aportul adus la executarea misiunilor NATO<\/strong><\/em>\u201d. Recunoa\u015fterea meritelor jandarmilor rom\u00e2ni din Kabul a fost f\u0103cut\u0103 \u00een contextul aprecierii unanime a partenerilor interna\u0163ionali, pentru profesionalismul \u015fi con\u015ftiinciozitatea de care au dat dovad\u0103 ace\u015ftia, precum \u015fi pentru curajul \u015fi t\u0103ria de caracter \u00een executarea misiunilor \u00eencredin\u0163ate.<\/p>\n<p>La \u00eencheierea misiunii, cei 24 de jandarmi, au fost \u00eent\u00e2mpina\u0163i de viceprim-ministrul pentru securitate na\u0163ional\u0103, ministrul Afacerilor Interne, Gabriel Oprea. Acesta a \u0163inut s\u0103 sublinieze importan\u0163a misiunii desf\u0103\u015furate de c\u0103tre jandarmi \u00een Afganistan, felicit\u00e2ndu-i<em><strong> \u201dpentru modul \u00een care v-a\u0163i f\u0103cut datoria \u00een cadrul celei de-a \u015faptea misiune interna\u0163ional\u0103 sub egida NATO \u00een Afganistan\u201d.<\/strong><\/em><\/p>\n<p>\u00cen cadru festiv, la sediul Ministerului Afacerilor Interne, s-a desf\u0103\u015furat ceremonia prilejuit\u0103 de \u00eentoarcerea jandarmilor rom\u00e2ni, \u00een cadrul c\u0103reia ministrul Afacerilor Interne, Gabriel Oprea, le-a acordat cea mai \u00eenalt\u0103 distinc\u0163ie a Guvernului Rom\u00e2niei pe linia securit\u0103\u0163ii na\u0163ionale. Tot \u00een acest sens, acesta a \u0163inut s\u0103 le mul\u0163umeasc\u0103 pentru modul \u00een care au reprezentat Rom\u00e2nia \u00een teatrul de opera\u0163ii, spun\u00e2nd:<em><strong> \u201dSunte\u0163i cei mai buni ambasadori ai Rom\u00e2niei \u00een \u00eentreaga lume. A fost o onoare deosebit\u0103 pentru mine de a v\u0103 fi al\u0103turi \u00een aceste clipe!\u201d<\/strong><\/em><\/p>\n<p>\u00centoarcerea acas\u0103 a reprezentat un motiv de bucurie pentru jandarmul timi\u015forean.\u00a0Lt. Andrei Mihoc a raportat:<em><strong> \u201dMisiune \u00eendeplinit\u0103!\u201d. \u201dPer ansamblu, misiunea desf\u0103\u015furat\u0103 a fost un real succes, bucur\u00e2ndu-ne de aprecierea tuturor colegilor din toat\u0103 lumea. Incidentele petrecute \u015fi rezolvate ne-au \u00eent\u0103rit \u015fi au f\u0103cut s\u0103 devenim \u015fi mai puternici. Am \u00eenchegat rela\u0163ii foarte bune at\u00e2t cu militarii coali\u0163iei interna\u0163ionale c\u00e2t \u015fi cu militari afgani\u201d<\/strong><\/em> a declarat jandarmul timi\u0219orean.<\/p>\n<figure class=\"wp-block-gallery columns-3 is-cropped wp-block-gallery-1 is-layout-flex wp-block-gallery-is-layout-flex\">\n<ul class=\"blocks-gallery-grid\">\n<li class=\"blocks-gallery-item\">\n<figure><a href=\"https:\/\/analyse.optim.biz\/wp-content\/uploads\/2025\/12\/locotenentul-andrei-mihoc-in-afganistan-decorarea.jpg\"><img decoding=\"async\" src=\"https:\/\/analyse.optim.biz\/wp-content\/uploads\/2025\/12\/locotenentul-andrei-mihoc-in-afganistan-decorarea.jpg\" alt=\"locotenentul-Andrei-Mihoc-in-Afganistan-decorarea\" data-id=\"67224\" class=\"wp-image-67224\" width=\"1024\" height=\"683\" loading=\"lazy\" title=\"locotenentul-andrei-mihoc-in-afganistan-decorarea\"><\/a><\/figure>\n<\/li>\n<li class=\"blocks-gallery-item\">\n<figure><a href=\"https:\/\/analyse.optim.biz\/wp-content\/uploads\/2025\/12\/locotenentul-andrei-mihoc-in-afganistan-elicopter.jpg\"><img decoding=\"async\" width=\"1024\" height=\"683\" src=\"https:\/\/analyse.optim.biz\/wp-content\/uploads\/2025\/12\/locotenentul-andrei-mihoc-in-afganistan-elicopter.jpg\" alt=\"locotenentul-Andrei-Mihoc-in-Afganistan-elicopter\" data-id=\"67225\" class=\"wp-image-67225\" loading=\"lazy\" title=\"locotenentul-andrei-mihoc-in-afganistan-elicopter\"><\/a><\/figure>\n<\/li>\n<li class=\"blocks-gallery-item\">\n<figure><a href=\"https:\/\/analyse.optim.biz\/wp-content\/uploads\/2025\/12\/locotenentul-andrei-mihoc-in-afganistan-medalia.jpg\"><img decoding=\"async\" width=\"640\" height=\"960\" src=\"https:\/\/analyse.optim.biz\/wp-content\/uploads\/2025\/12\/locotenentul-andrei-mihoc-in-afganistan-medalia.jpg\" alt=\"locotenentul-Andrei-Mihoc-in-Afganistan-medalia\" data-id=\"67226\" class=\"wp-image-67226\" loading=\"lazy\" title=\"locotenentul-andrei-mihoc-in-afganistan-medalia\"><\/a><\/figure>\n<\/li>\n<li class=\"blocks-gallery-item\">\n<figure><a href=\"https:\/\/analyse.optim.biz\/wp-content\/uploads\/2025\/12\/locotenentul-andrei-mihoc-in-afganistan-imbarcarea-in-elicopter.jpg\"><img decoding=\"async\" width=\"1024\" height=\"683\" src=\"https:\/\/analyse.optim.biz\/wp-content\/uploads\/2025\/12\/locotenentul-andrei-mihoc-in-afganistan-imbarcarea-in-elicopter.jpg\" alt=\"locotenentul-Andrei-Mihoc-in-Afganistan-imbarcarea-in-elicopter\" data-id=\"67227\" class=\"wp-image-67227\" loading=\"lazy\" title=\"locotenentul-andrei-mihoc-in-afganistan-imbarcarea-in-elicopter\"><\/a><\/figure>\n<\/li>\n<\/ul>\n<\/figure>\n<\/div>\n<\/div>\n<div class=\"td_block_wrap tdb_single_tags tdi_74 td-pb-border-top td_block_template_1\" data-td-block-uid=\"tdi_74\">\n<div class=\"tdb-block-inner td-fix-index\">\n<ul class=\"tdb-tags\">\n<li><span>Tags<\/span><\/li>\n<li><a href=\"https:\/\/voceatimisului.ro\/tag\/afganistan\/\">afganistan<\/a><\/li>\n<li><a href=\"https:\/\/voceatimisului.ro\/tag\/jandarm\/\">jandarm<\/a><\/li>\n<\/ul>\n<\/div>\n<\/div>\n<div class=\"td_block_wrap tdb_single_post_share tdi_75  td-pb-border-top td_block_template_1\" data-td-block-uid=\"tdi_75\">\n<div id=\"tdi_75\" class=\"td-post-sharing tdb-block td-ps-bg td-ps-notext td-post-sharing-style1 \">\n<div class=\"td-post-sharing-visible\"><a class=\"td-social-sharing-button td-social-sharing-button-js td-social-network td-social-facebook\" href=\"https:\/\/www.facebook.com\/sharer.php?u=https%3A%2F%2Fvoceatimisului.ro%2Fofiter-al-gruparii-mobile-de-jandarmi-din-timisoara-decorat-dupa-o-misiune-afganistan-afla-povestea-foto%2F\" title=\"Facebook\" rel=\"noopener\"><\/p>\n<div class=\"td-social-but-text\">Facebook<\/div>\n<p><\/a><a class=\"td-social-sharing-button td-social-sharing-button-js td-social-network td-social-twitter\" href=\"https:\/\/twitter.com\/intent\/tweet?text=Ofi%C5%A3er+al+Grup%C4%83rii+Mobile+de+Jandarmi+din+Timi%C5%9Foara%2C+DECORAT%2C+dup%C4%83+o+misiune+%C3%AEn+Afganistan.+Afl%C4%83-i+povestea%21+FOTO&amp;url=https%3A%2F%2Fvoceatimisului.ro%2Fofiter-al-gruparii-mobile-de-jandarmi-din-timisoara-decorat-dupa-o-misiune-afganistan-afla-povestea-foto%2F&amp;via=Vocea+Timisului\" title=\"Twitter\" rel=\"noopener\"><\/p>\n<div class=\"td-social-but-text\">Twitter<\/div>\n<p><\/a><a class=\"td-social-sharing-button td-social-sharing-button-js td-social-network td-social-pinterest\" href=\"https:\/\/pinterest.com\/pin\/create\/button\/?url=https:\/\/voceatimisului.ro\/ofiter-al-gruparii-mobile-de-jandarmi-din-timisoara-decorat-dupa-o-misiune-afganistan-afla-povestea-foto\/&amp;media=https:\/\/analyse.optim.biz\/wp-content\/uploads\/2025\/12\/locotenentul-andrei-mihoc-in-afganistan-decorarea-jpg.webp&amp;description=Ofi%C5%A3er+al+Grup%C4%83rii+Mobile+de+Jandarmi+din+Timi%C5%9Foara%2C+DECORAT%2C+dup%C4%83+o+misiune+%C3%AEn+Afganistan.+Afl%C4%83-i+povestea%21+FOTO\" title=\"Pinterest\" rel=\"noopener\"><\/p>\n<div class=\"td-social-but-text\">Pinterest<\/div>\n<p><\/a><a class=\"td-social-sharing-button td-social-sharing-button-js td-social-network td-social-whatsapp\" href=\"https:\/\/api.whatsapp.com\/send?text=Ofi%C5%A3er+al+Grup%C4%83rii+Mobile+de+Jandarmi+din+Timi%C5%9Foara%2C+DECORAT%2C+dup%C4%83+o+misiune+%C3%AEn+Afganistan.+Afl%C4%83-i+povestea%21+FOTO%20%0A%0A%20https:\/\/voceatimisului.ro\/ofiter-al-gruparii-mobile-de-jandarmi-din-timisoara-decorat-dupa-o-misiune-afganistan-afla-povestea-foto\/\" title=\"WhatsApp\" rel=\"noopener\"><\/p>\n<div class=\"td-social-but-text\">WhatsApp<\/div>\n<p><\/a><a class=\"td-social-sharing-button td-social-sharing-button-js td-social-network td-social-linkedin\" href=\"https:\/\/www.linkedin.com\/shareArticle?mini=true&amp;url=https:\/\/voceatimisului.ro\/ofiter-al-gruparii-mobile-de-jandarmi-din-timisoara-decorat-dupa-o-misiune-afganistan-afla-povestea-foto\/&amp;title=Ofi%C5%A3er+al+Grup%C4%83rii+Mobile+de+Jandarmi+din+Timi%C5%9Foara%2C+DECORAT%2C+dup%C4%83+o+misiune+%C3%AEn+Afganistan.+Afl%C4%83-i+povestea%21+FOTO\" title=\"Linkedin\" rel=\"noopener\"><\/p>\n<div class=\"td-social-but-text\">Linkedin<\/div>\n<p><\/a><a class=\"td-social-sharing-button td-social-sharing-button-js td-social-network td-social-copy_url\" href=\"https:\/\/voceatimisului.ro\/ofiter-al-gruparii-mobile-de-jandarmi-din-timisoara-decorat-dupa-o-misiune-afganistan-afla-povestea-foto\/\" title=\"Copy URL\" rel=\"noopener\"><\/p>\n<div class=\"td-social-but-text\">Copy URL<\/div>\n<p><\/a><\/div>\n<\/div>\n<\/div>\n<div class=\"td_block_wrap tdb_single_next_prev tdi_76 td-animation-stack td-next-prev-img-on td-pb-border-top td_block_template_1\" data-td-block-uid=\"tdi_76\">\n<div class=\"tdb-block-inner td-fix-index\">\n<div class=\"tdb-next-post tdb-next-post-bg tdb-post-prev\"><span>Articolul precedent<\/span><\/p>\n<div class=\"td-module-container\">\n<div class=\"td-image-container\"><a class=\"td-image-wrap\" href=\"https:\/\/voceatimisului.ro\/criminal-periculos-prins-de-politistii-timiseni-la-sala-de-forta-de-ce-este-acuzat-barbatul\/\"><img decoding=\"async\" class=\"td-next-prev-image td-fix-index td-lazy-img\" title=\"CRIMINAL periculos, prins de poli\u021bi\u0219tii timi\u0219eni la sala de for\u021b\u0103. De ce este acuzat b\u0103rbatul\" src=\"https:\/\/analyse.optim.biz\/wp-content\/uploads\/2025\/12\/dragoc899-vc3a2rlan-jpg.webp\"><\/a><\/div>\n<div class=\"next-prev-title\"><a href=\"https:\/\/voceatimisului.ro\/criminal-periculos-prins-de-politistii-timiseni-la-sala-de-forta-de-ce-este-acuzat-barbatul\/\">CRIMINAL periculos, prins de poli\u021bi\u0219tii timi\u0219eni la sala de for\u021b\u0103. De ce este acuzat b\u0103rbatul<\/a><\/div>\n<\/div>\n<\/div>\n<div class=\"tdb-next-post tdb-next-post-bg tdb-post-next\"><span>Articolul urm\u0103tor<\/span><\/p>\n<div class=\"td-module-container\">\n<div class=\"td-image-container\"><a class=\"td-image-wrap\" href=\"https:\/\/voceatimisului.ro\/petricevic-inainte-de-meciul-cu-scmu-craiova-diferenta-din-clasament-nu-ne-transforma-favoriti-ce-spune-capitanul\/\"><img loading=\"lazy\" decoding=\"async\" class=\"td-next-prev-image td-fix-index td-lazy-img\" title=\"Petricevic, \u00eenainte de meciul cu SCMU Craiova: Diferen\u021ba din clasament nu ne transform\u0103 \u00een favori\u021bi. Ce spune c\u0103pitanul\" width=\"696\" height=\"502\" src=\"https:\/\/analyse.optim.biz\/wp-content\/uploads\/2025\/12\/bc-timisoara-dragan-petricevic-jpg-696x502-1.webp\"><\/a><\/div>\n<div class=\"next-prev-title\"><a href=\"https:\/\/voceatimisului.ro\/petricevic-inainte-de-meciul-cu-scmu-craiova-diferenta-din-clasament-nu-ne-transforma-favoriti-ce-spune-capitanul\/\">Petricevic, \u00eenainte de meciul cu SCMU Craiova: Diferen\u021ba din clasament nu ne transform\u0103 \u00een favori\u021bi. Ce spune c\u0103pitanul<\/a><\/div>\n<\/div>\n<\/div>\n<\/div>\n<\/div>\n<\/div>\n<\/div>\n<\/div>\n<\/div>\n<div class=\"vc_row_inner tdi_86  vc_row vc_inner wpb_row td-pb-row\">\n<div class=\"vc_column_inner tdi_88  wpb_column vc_column_container tdc-inner-column td-pb-span4 td-is-sticky\">\n<div class=\"vc_column-inner\">\n<div class=\"wpb_wrapper\" data-sticky-enabled-on=\"W3RydWUsdHJ1ZSx0cnVlLHRydWVd\" data-sticky-offset=\"20\" data-sticky-is-width-auto=\"W2ZhbHNlLGZhbHNlLGZhbHNlLGZhbHNlXQ==\">\n<div class=\"td_block_wrap tdb_single_related tdi_89 td_with_ajax_pagination td-pb-border-top td_block_template_1 tdb-single-related-posts\" data-td-block-uid=\"tdi_89\">\n<div id=\"tdi_89\" class=\"td_block_inner tdb-block-inner td-fix-index\">\n<div class=\"tdb_module_related td_module_wrap td-animation-stack td-meta-info-hide\">\n<div class=\"td-module-container td-category-pos-image\">\n<div class=\"td-module-meta-info\">\n<h3 class=\"entry-title td-module-title\"><a href=\"https:\/\/voceatimisului.ro\/incredibil-prinsi-pentru-a-doua-oara-intr-o-saptamana-incercand-sa-fuga-in-ungaria\/\" rel=\"bookmark\" title=\"INCREDIBIL! Prin\u0219i pentru a doua oar\u0103, intr-o s\u0103pt\u0103m\u00e2n\u0103, \u00eencerc\u00e2nd s\u0103 \u201dfug\u0103\u201d \u00een Ungaria\">INCREDIBIL! Prin\u0219i pentru a doua oar\u0103, intr-o s\u0103pt\u0103m\u00e2n\u0103, \u00eencerc\u00e2nd s\u0103 \u201dfug\u0103\u201d \u00een Ungaria<\/a><\/h3>\n<\/div>\n<\/div>\n<\/div>\n<div class=\"tdb_module_related td_module_wrap td-animation-stack td-meta-info-hide\">\n<div class=\"td-module-container td-category-pos-image\">\n<div class=\"td-module-meta-info\">\n<h3 class=\"entry-title td-module-title\"><a href=\"https:\/\/voceatimisului.ro\/jandarmii-gruparii-mobile-din-timisoara-se-mandresc-cu-olota-ce-reusit-catelusa-foto\/\" rel=\"bookmark\" title=\"Jandarmii Grup\u0103rii Mobile din Timi\u0219oara se m\u00e2ndresc cu \u201dOlota\u201d! Ce a reu\u0219it c\u0103\u021belu\u0219a FOTO\">Jandarmii Grup\u0103rii Mobile din Timi\u0219oara se m\u00e2ndresc cu \u201dOlota\u201d! Ce a reu\u0219it c\u0103\u021belu\u0219a FOTO<\/a><\/h3>\n<\/div>\n<\/div>\n<\/div>\n<div class=\"tdb_module_related td_module_wrap td-animation-stack td-meta-info-hide\">\n<div class=\"td-module-container td-category-pos-image\">\n<div class=\"td-module-meta-info\">\n<h3 class=\"entry-title td-module-title\"><a href=\"https:\/\/voceatimisului.ro\/noua-fugari-prinsi-de-politistii-de-frontiera-zona-verde-la-beba-veche\/\" rel=\"bookmark\" title=\"Nou\u0103 \u201dfugari\u201d, prin\u0219i de poli\u021bi\u0219tii de frontier\u0103 \u00een \u201dzona verde\u201d, la Beba Veche\">Nou\u0103 \u201dfugari\u201d, prin\u0219i de poli\u021bi\u0219tii de frontier\u0103 \u00een \u201dzona verde\u201d, la Beba Veche<\/a><\/h3>\n<\/div>\n<\/div>\n<\/div>\n<\/div>\n<\/div>\n<\/div>\n<\/div>\n<\/div>\n<div class=\"vc_column_inner tdi_91  wpb_column vc_column_container tdc-inner-column td-pb-span8\">\n<div class=\"vc_column-inner\">\n<div class=\"wpb_wrapper\">\n<div class=\"td_block_wrap tdb_single_comments tdi_92 tdb-comm-layout2 td-pb-border-top td_block_template_2\" data-td-block-uid=\"tdi_92\">\n<div class=\"tdb-block-inner td-fix-index\">\n<div class=\"comments\" id=\"comments\">\n<div class=\"td-comments-title-wrap td_block_template_2\">\n<h4 class=\"td-comments-title td-block-title\"><span>1 COMENTARIU<\/span><\/h4>\n<\/div>\n<ol class=\"comment-list\">\n<li class=\"comment \" id=\"comment-2782\">\n<article>\n<footer><cite>Ciprian<\/cite><a class=\"comment-link\" href=\"https:\/\/voceatimisului.ro\/ofiter-al-gruparii-mobile-de-jandarmi-din-timisoara-decorat-dupa-o-misiune-afganistan-afla-povestea-foto\/#comment-2782\"><time><br \/>\n\t\t\t\t\t\t    13 februarie 2015\t\t\t\t\t\t    La\t\t\t\t\t\t    9:13 PM<\/time><\/a><\/footer>\n<div class=\"comment-content\">\n<p>De salarii au nevoie nu de niste tinichele. Decoratii au destule cei care au cazut in misiunile internationale.<\/p>\n<\/div>\n<div class=\"comment-meta\" id=\"comment-2782\"><a rel=\"nofollow\" class=\"comment-reply-link\" href=\"https:\/\/voceatimisului.ro\/ofiter-al-gruparii-mobile-de-jandarmi-din-timisoara-decorat-dupa-o-misiune-afganistan-afla-povestea-foto\/#comment-2782\" data-commentid=\"2782\" data-postid=\"67223\" data-belowelement=\"comment-2782\" data-respondelement=\"respond\" data-replyto=\"R\u0103spunde-i lui Ciprian\" aria-label=\"R\u0103spunde-i lui Ciprian\">R\u0103spunde\u021bi<\/a><\/div>\n<\/article>\n<\/li>\n<\/ol>\n<div id=\"respond\" class=\"comment-respond\">\n<h3 id=\"reply-title\" class=\"comment-reply-title\">L\u0102SA\u021aI UN MESAJ <small><a rel=\"nofollow\" id=\"cancel-comment-reply-link\" href=\"https:\/\/voceatimisului.ro\/ofiter-al-gruparii-mobile-de-jandarmi-din-timisoara-decorat-dupa-o-misiune-afganistan-afla-povestea-foto\/#respond\">Renun\u021ba\u021bi la r\u0103spuns<\/a><\/small><\/h3>\n<div class=\"comment-form-input-wrap td-form-comment\">\n<div class=\"td-warning-comment\">V\u0103 rug\u0103m s\u0103 introduce\u021bi comentariul dvs.!<\/div>\n<\/div>\n<div class=\"comment-form-input-wrap td-form-author\">\n<div class=\"td-warning-author\">Introduce\u021bi aici numele dvs.<\/div>\n<\/div>\n<div class=\"comment-form-input-wrap td-form-email\">\n<div class=\"td-warning-email-error\">A\u021bi introdus o adres\u0103 de e-mail incorect\u0103!<\/div>\n<div class=\"td-warning-email\">V\u0103 rug\u0103m s\u0103 introduce\u021bi adresa dvs. de e-mail aici<\/div>\n<\/div>\n<\/div>\n<\/div>\n<\/div>\n<\/div>\n<\/div>\n<\/div>\n<\/div>\n<\/div>\n<\/div>\n<\/div>\n<div class=\"vc_column tdi_94  wpb_column vc_column_container tdc-column td-pb-span4 td-is-sticky\">\n<div class=\"wpb_wrapper\" data-sticky-enabled-on=\"W3RydWUsdHJ1ZSx0cnVlLHRydWVd\" data-sticky-offset=\"20\" data-sticky-is-width-auto=\"W2ZhbHNlLGZhbHNlLGZhbHNlLGZhbHNlXQ==\">\n<div class=\"vc_row_inner tdi_96  vc_row vc_inner wpb_row td-pb-row\">\n<div class=\"vc_column_inner tdi_98  wpb_column vc_column_container tdc-inner-column td-pb-span12\">\n<div class=\"vc_column-inner\">\n<div class=\"wpb_wrapper\">\n<div class=\"td_block_wrap td_block_title tdi_99 td-pb-border-top td_block_template_11 td-fix-index\" data-td-block-uid=\"tdi_99\">\n<div class=\"td-block-title-wrap\">\n<h4 class=\"td-block-title\"><span class=\"td-pulldown-size\">ANUN\u021aURI \u0218I PUBLICITATE<\/span><\/h4>\n<\/div>\n<\/div>\n<\/div>\n<\/div>\n<\/div>\n<\/div>\n<div class=\"wpb_wrapper td_block_wrap vc_widget_sidebar tdi_101 \">\n<aside id=\"block-10\" class=\"td_block_template_1 widget block-10 widget_block widget_media_image\">\n<figure class=\"wp-block-image size-full\"><a href=\"https:\/\/adpghiroda.ro\/index.html\" target=\"_blank\" rel=\" noreferrer noopener\"><img decoding=\"async\" loading=\"eager\" width=\"960\" height=\"960\" src=\"https:\/\/analyse.optim.biz\/wp-content\/uploads\/2025\/12\/adp-ghiroda2-67.jpg\" class=\"wp-image-171492\" title=\"adp-ghiroda2-67\"><\/a><\/figure>\n<\/aside>\n<aside id=\"block-11\" class=\"td_block_template_1 widget block-11 widget_block widget_media_image\">\n<figure class=\"wp-block-image size-full\"><a href=\"https:\/\/adpghiroda.ro\/index.html\" target=\"_blank\" rel=\" noreferrer noopener\"><img decoding=\"async\" loading=\"eager\" width=\"960\" height=\"960\" src=\"https:\/\/analyse.optim.biz\/wp-content\/uploads\/2025\/12\/adp-ghiroda1-67.jpg\" class=\"wp-image-171491\" title=\"adp-ghiroda1-67\"><\/a><\/figure>\n<\/aside>\n<aside id=\"block-17\" class=\"td_block_template_1 widget block-17 widget_block widget_media_image\">\n<figure class=\"wp-block-image size-large is-resized\"><a href=\"https:\/\/verde.events\/\" target=\"_blank\" rel=\" noreferrer noopener\"><img decoding=\"async\" loading=\"lazy\" width=\"1024\" height=\"683\" src=\"https:\/\/analyse.optim.biz\/wp-content\/uploads\/2025\/12\/verde-events-24-1024x683-66.jpg\" alt=\"Verde Events\" class=\"wp-image-174395\" title=\"verde-events-24-1024x683-66\"><\/a><figcaption class=\"wp-element-caption\"><strong><em>O experien\u021b\u0103 unic\u0103 pentru orice tip de eveniment<\/em><\/strong><\/figcaption><\/figure>\n<\/aside>\n<\/div>\n<div class=\"td_block_wrap td_flex_block_1 tdi_107 td-pb-border-top td_block_template_1 td_ajax_preloading_preload td_flex_block\" data-td-block-uid=\"tdi_107\">\n<div id=\"tdi_107\" class=\"td_block_inner td-mc1-wrap\">\n<div class=\"td_module_flex td_module_flex_1 td_module_wrap td-animation-stack td-meta-info-hide td-cpt-post\">\n<div class=\"td-module-container td-category-pos-image\">\n<div class=\"td-module-meta-info\">\n<h3 class=\"entry-title td-module-title\"><a href=\"https:\/\/voceatimisului.ro\/vrei-un-schimb-de-ulei-e-mult-mai-scump-sa-l-furi-decat-sa-l-cumperi-si-e-ilegal\/\" rel=\"bookmark\" title=\"Vrei un schimb de ulei? E mult mai scump s\u0103-l furi, dec\u00e2t s\u0103-l cumperi! \u0218i e ILEGAL!\">Vrei un schimb de ulei? E mult mai scump s\u0103-l furi, dec\u00e2t s\u0103-l cumperi! \u0218i e ILEGAL!<\/a><\/h3>\n<\/div>\n<\/div>\n<\/div>\n<div class=\"td_module_flex td_module_flex_1 td_module_wrap td-animation-stack td-meta-info-hide td-cpt-post\">\n<div class=\"td-module-container td-category-pos-image\">\n<div class=\"td-module-meta-info\">\n<h3 class=\"entry-title td-module-title\"><a href=\"https:\/\/voceatimisului.ro\/patru-migranti-retinuti-de-politistii-de-frontiera-de-la-sannicolau-mare-vezi-din-ce-tari-provin\/\" rel=\"bookmark\" title=\"Patru migran\u021bi, re\u021binu\u021bi de poli\u021bi\u0219tii de frontier\u0103 de la S\u00e2nnicolau Mare. Vezi din ce \u021b\u0103ri provin\">Patru migran\u021bi, re\u021binu\u021bi de poli\u021bi\u0219tii de frontier\u0103 de la S\u00e2nnicolau Mare. Vezi din ce \u021b\u0103ri provin<\/a><\/h3>\n<\/div>\n<\/div>\n<\/div>\n<div class=\"td_module_flex td_module_flex_1 td_module_wrap td-animation-stack td-meta-info-hide td-cpt-post\">\n<div class=\"td-module-container td-category-pos-image\">\n<div class=\"td-module-meta-info\">\n<h3 class=\"entry-title td-module-title\"><a href=\"https:\/\/voceatimisului.ro\/politistii-jandarmii-si-alte-organe-au-intrat-priza-vezi-ce-cauta\/\" rel=\"bookmark\" title=\"Poli\u021bi\u0219tii, jandarmii \u0219i alte \u201dorgane\u201d au intrat \u201d\u00een priz\u0103\u201d! Vezi ce caut\u0103!\">Poli\u021bi\u0219tii, jandarmii \u0219i alte \u201dorgane\u201d au intrat \u201d\u00een priz\u0103\u201d! Vezi ce caut\u0103!<\/a><\/h3>\n<\/div>\n<\/div>\n<\/div>\n<div class=\"td_module_flex td_module_flex_1 td_module_wrap td-animation-stack td-meta-info-hide td-cpt-post\">\n<div class=\"td-module-container td-category-pos-image\">\n<div class=\"td-module-meta-info\">\n<h3 class=\"entry-title td-module-title\"><a href=\"https:\/\/voceatimisului.ro\/inceput-retragerea-trupelor-romanesti-din-afganistan-ponta-oprea-si-dusa-sunt-acolo\/\" rel=\"bookmark\" title=\"A \u00eenceput RETRAGEREA trupelor rom\u00e2ne\u015fti din Afganistan. Ponta, Oprea \u015fi Du\u015fa sunt acolo!\">A \u00eenceput RETRAGEREA trupelor rom\u00e2ne\u015fti din Afganistan. Ponta, Oprea \u015fi Du\u015fa sunt acolo!<\/a><\/h3>\n<\/div>\n<\/div>\n<\/div>\n<div class=\"td_module_flex td_module_flex_1 td_module_wrap td-animation-stack td-meta-info-hide td-cpt-post\">\n<div class=\"td-module-container td-category-pos-image\">\n<div class=\"td-module-meta-info\">\n<h3 class=\"entry-title td-module-title\"><a href=\"https:\/\/voceatimisului.ro\/nu-doar-copiii-dupa-politisti-si-jandarmii-isi-tin-ziua-la-mall\/\" rel=\"bookmark\" title=\"Nu doar copiii! Dup\u0103 poli\u0163i\u015fti, \u015fi jandarmii \u00ee\u015fi \u201e\u0163in\u201d ziua la Mall\">Nu doar copiii! Dup\u0103 poli\u0163i\u015fti, \u015fi jandarmii \u00ee\u015fi \u201e\u0163in\u201d ziua la Mall<\/a><\/h3>\n<\/div>\n<\/div>\n<\/div>\n<\/div>\n<\/div>\n<\/div>\n<\/div>\n<\/div>\n<\/div>\n<\/div>\n<\/div>\n<p><span class=\"td-page-meta\"><\/span><span class=\"td-page-meta\"><span class=\"td-page-meta\"><\/span><\/span><span class=\"td-page-meta\"><\/span><\/article>\n<p> Source URL: https:\/\/voceatimisului.ro\/ofiter-al-gruparii-mobile-de-jandarmi-din-timisoara-decorat-dupa-o-misiune-afganistan-afla-povestea-foto\/<\/p>\n","protected":false},"excerpt":{"rendered":"<p>\u0218tiriValori Locale Ofi\u0163er al Grup\u0103rii Mobile de Jandarmi din Timi\u015foara, DECORAT, dup\u0103 o misiune \u00een Afganistan. Afl\u0103-i povestea! FOTO Autor-Redac\u021bia 13 februarie 2015 1 12787 Facebook Twitter Pinterest WhatsApp Linkedin Copy URL locotenentul Andrei Mihoc in Afganistan decorarea jpg Surpriza! I-au b\u0103tut jandarmii la u\u0219\u0103, s\u0103-i returneze portofelul pierdut Trei barbati din Afganistan, opri\u0163i la [&hellip;]<\/p>\n","protected":false},"author":1,"featured_media":1099806,"comment_status":"open","ping_status":"","sticky":false,"template":"","format":"standard","meta":{"footnotes":""},"categories":[89],"tags":[199],"class_list":["post-1099805","post","type-post","status-publish","format-standard","has-post-thumbnail","hentry","category-romania","tag-voceatimisului-ro"],"_links":{"self":[{"href":"https:\/\/analyse.optim.biz\/index.php?rest_route=\/wp\/v2\/posts\/1099805","targetHints":{"allow":["GET"]}}],"collection":[{"href":"https:\/\/analyse.optim.biz\/index.php?rest_route=\/wp\/v2\/posts"}],"about":[{"href":"https:\/\/analyse.optim.biz\/index.php?rest_route=\/wp\/v2\/types\/post"}],"author":[{"embeddable":true,"href":"https:\/\/analyse.optim.biz\/index.php?rest_route=\/wp\/v2\/users\/1"}],"replies":[{"embeddable":true,"href":"https:\/\/analyse.optim.biz\/index.php?rest_route=%2Fwp%2Fv2%2Fcomments&post=1099805"}],"version-history":[{"count":0,"href":"https:\/\/analyse.optim.biz\/index.php?rest_route=\/wp\/v2\/posts\/1099805\/revisions"}],"wp:featuredmedia":[{"embeddable":true,"href":"https:\/\/analyse.optim.biz\/index.php?rest_route=\/wp\/v2\/media\/1099806"}],"wp:attachment":[{"href":"https:\/\/analyse.optim.biz\/index.php?rest_route=%2Fwp%2Fv2%2Fmedia&parent=1099805"}],"wp:term":[{"taxonomy":"category","embeddable":true,"href":"https:\/\/analyse.optim.biz\/index.php?rest_route=%2Fwp%2Fv2%2Fcategories&post=1099805"},{"taxonomy":"post_tag","embeddable":true,"href":"https:\/\/analyse.optim.biz\/index.php?rest_route=%2Fwp%2Fv2%2Ftags&post=1099805"}],"curies":[{"name":"wp","href":"https:\/\/api.w.org\/{rel}","templated":true}]}}