{"id":1099780,"date":"2015-05-16T09:48:26","date_gmt":"2015-05-16T06:48:26","guid":{"rendered":"https:\/\/analyse.optim.biz\/?p=1099780"},"modified":"2015-05-16T09:48:26","modified_gmt":"2015-05-16T06:48:26","slug":"caricaturistul-stefan-popa-popas-premiat-in-lituania-foto","status":"publish","type":"post","link":"https:\/\/analyse.optim.biz\/?p=1099780","title":{"rendered":"Caricaturistul \u015etefan Popa Popa\u2019s, premiat \u00een Lituania FOTO"},"content":{"rendered":"<article id=\"template-id-172790\" class=\"post-172790 tdb_templates type-tdb_templates status-publish post\">\n<div id=\"tdi_38\" class=\"tdc-zone\">\n<div class=\"tdc_zone tdi_39  wpb_row td-pb-row\">\n<div id=\"tdi_40\" class=\"tdc-row stretch_row_1400 td-stretch-content\">\n<div class=\"vc_row tdi_41  wpb_row td-pb-row tdc-element-style\">\n<div class=\"vc_column tdi_43  wpb_column vc_column_container tdc-column td-pb-span8\">\n<div class=\"wpb_wrapper\">\n<div class=\"td_block_wrap tdb_single_categories tdi_44 td-pb-border-top td_block_template_1 \" data-td-block-uid=\"tdi_44\">\n<div class=\"tdb-category td-fix-index\"><a class=\"tdb-entry-category\" href=\"https:\/\/voceatimisului.ro\/stiri-din-timisoara-si-timis\/\">\u0218tiri<\/a><a class=\"tdb-entry-category\" href=\"https:\/\/voceatimisului.ro\/stiri-din-timisoara-si-timis\/eveniment\/\">Eveniment<\/a><a class=\"tdb-entry-category\" href=\"https:\/\/voceatimisului.ro\/valori-locale\/\">Valori Locale<\/a><\/div>\n<\/div>\n<div class=\"td_block_wrap tdb_title tdi_45 tdb-single-title td-pb-border-top td_block_template_1\" data-td-block-uid=\"tdi_45\">\n<div class=\"tdb-block-inner td-fix-index\">\n<h1 class=\"tdb-title-text\">Caricaturistul \u015etefan Popa Popa\u2019s, premiat \u00een Lituania FOTO<\/h1>\n<\/div>\n<\/div>\n<div class=\"vc_row_inner tdi_48  vc_row vc_inner wpb_row td-pb-row\">\n<div class=\"vc_column_inner tdi_50  wpb_column vc_column_container tdc-inner-column td-pb-span6\">\n<div class=\"vc_column-inner\">\n<div class=\"wpb_wrapper\">\n<div class=\"td_block_wrap tdb_single_author tdi_51 td-pb-border-top td_block_template_1 tdb-post-meta\" data-td-block-uid=\"tdi_51\">\n<div class=\"tdb-block-inner td-fix-index\">\n<div class=\"tdb-author-name-wrap\"><span class=\"tdb-author-by\">Autor-<\/span><a class=\"tdb-author-name\" href=\"https:\/\/voceatimisului.ro\/author\/redactia\/\">Redac\u021bia<\/a><\/div>\n<\/div>\n<\/div>\n<div class=\"td_block_wrap tdb_single_date tdi_52 td-pb-border-top td_block_template_1 tdb-post-meta\" data-td-block-uid=\"tdi_52\">\n<div class=\"tdb-block-inner td-fix-index\"><time class=\"entry-date updated td-module-date\" datetime=\"2015-05-16T12:48:26+03:00\">16 mai 2015<\/time><\/div>\n<\/div>\n<div class=\"td_block_wrap tdb_single_comments_count tdi_53 td-pb-border-top td_block_template_1 tdb-post-meta\" data-td-block-uid=\"tdi_53\">\n<div class=\"tdb-block-inner td-fix-index\"><a href=\"https:\/\/voceatimisului.ro\/caricaturistul-stefan-popa-popas-premiat-in-lituania-foto\/#respond\"><span>0<\/span><\/a><\/div>\n<\/div>\n<div class=\"td_block_wrap tdb_single_post_views tdi_54 td-pb-border-top td_block_template_1 tdb-post-meta\" data-td-block-uid=\"tdi_54\">\n<div class=\"tdb-block-inner td-fix-index\"><span class=\"tdb-add-text\">1<\/span><span class=\"td-nr-views-70943\">2213<\/span><\/div>\n<\/div>\n<\/div>\n<\/div>\n<\/div>\n<div class=\"vc_column_inner tdi_56  wpb_column vc_column_container tdc-inner-column td-pb-span6\">\n<div class=\"vc_column-inner\">\n<div class=\"wpb_wrapper\">\n<div class=\"td_block_wrap tdb_single_post_share tdi_57  td-pb-border-top td_block_template_1\" data-td-block-uid=\"tdi_57\">\n<div id=\"tdi_57\" class=\"td-post-sharing tdb-block td-ps-bg td-ps-notext td-post-sharing-style1 \">\n<div class=\"td-post-sharing-visible\"><a class=\"td-social-sharing-button td-social-sharing-button-js td-social-network td-social-facebook\" href=\"https:\/\/www.facebook.com\/sharer.php?u=https%3A%2F%2Fvoceatimisului.ro%2Fcaricaturistul-stefan-popa-popas-premiat-in-lituania-foto%2F\" title=\"Facebook\" rel=\"noopener\"><\/p>\n<div class=\"td-social-but-text\">Facebook<\/div>\n<p><\/a><a class=\"td-social-sharing-button td-social-sharing-button-js td-social-network td-social-twitter\" href=\"https:\/\/twitter.com\/intent\/tweet?text=Caricaturistul+%C5%9Etefan+Popa+Popa%E2%80%99s%2C+premiat+%C3%AEn+Lituania+FOTO&amp;url=https%3A%2F%2Fvoceatimisului.ro%2Fcaricaturistul-stefan-popa-popas-premiat-in-lituania-foto%2F&amp;via=Vocea+Timisului\" title=\"Twitter\" rel=\"noopener\"><\/p>\n<div class=\"td-social-but-text\">Twitter<\/div>\n<p><\/a><a class=\"td-social-sharing-button td-social-sharing-button-js td-social-network td-social-pinterest\" href=\"https:\/\/pinterest.com\/pin\/create\/button\/?url=https:\/\/voceatimisului.ro\/caricaturistul-stefan-popa-popas-premiat-in-lituania-foto\/&amp;media=https:\/\/analyse.optim.biz\/wp-content\/uploads\/2025\/12\/caricaturistul-c59etefan-popa-popae28099s-premiat-c3aen-lituania-3-jpg-1.webp&amp;description=Caricaturistul+%C5%9Etefan+Popa+Popa%E2%80%99s%2C+premiat+%C3%AEn+Lituania+FOTO\" title=\"Pinterest\" rel=\"noopener\"><\/p>\n<div class=\"td-social-but-text\">Pinterest<\/div>\n<p><\/a><a class=\"td-social-sharing-button td-social-sharing-button-js td-social-network td-social-whatsapp\" href=\"https:\/\/api.whatsapp.com\/send?text=Caricaturistul+%C5%9Etefan+Popa+Popa%E2%80%99s%2C+premiat+%C3%AEn+Lituania+FOTO%20%0A%0A%20https:\/\/voceatimisului.ro\/caricaturistul-stefan-popa-popas-premiat-in-lituania-foto\/\" title=\"WhatsApp\" rel=\"noopener\"><\/p>\n<div class=\"td-social-but-text\">WhatsApp<\/div>\n<p><\/a><a class=\"td-social-sharing-button td-social-sharing-button-js td-social-network td-social-linkedin\" href=\"https:\/\/www.linkedin.com\/shareArticle?mini=true&amp;url=https:\/\/voceatimisului.ro\/caricaturistul-stefan-popa-popas-premiat-in-lituania-foto\/&amp;title=Caricaturistul+%C5%9Etefan+Popa+Popa%E2%80%99s%2C+premiat+%C3%AEn+Lituania+FOTO\" title=\"Linkedin\" rel=\"noopener\"><\/p>\n<div class=\"td-social-but-text\">Linkedin<\/div>\n<p><\/a><a class=\"td-social-sharing-button td-social-sharing-button-js td-social-network td-social-copy_url\" href=\"https:\/\/voceatimisului.ro\/caricaturistul-stefan-popa-popas-premiat-in-lituania-foto\/\" title=\"Copy URL\" rel=\"noopener\"><\/p>\n<div class=\"td-social-but-text\">Copy URL<\/div>\n<p><\/a><\/div>\n<\/div>\n<\/div>\n<\/div>\n<\/div>\n<\/div>\n<\/div>\n<div class=\"td_block_wrap tdb_single_featured_image tdi_58 tdb-content-horiz-left td-pb-border-top td_block_template_1\" data-td-block-uid=\"tdi_58\">\n<div class=\"tdb-block-inner td-fix-index\">\n<figure><img fetchpriority=\"high\" decoding=\"async\" width=\"646\" height=\"404\" class=\"entry-thumb\" src=\"https:\/\/analyse.optim.biz\/wp-content\/uploads\/2025\/12\/caricaturistul-c59etefan-popa-popae28099s-premiat-c3aen-lituania-3-jpg-1.webp\" alt=\"Caricaturistul \u015etefan Popa Popa\u2019s premiat \u00een Lituania 3 jpg\" title=\"Caricaturistul \u015etefan Popa Popa\u2019s premiat \u00een Lituania 3 jpg\" loading=\"eager\"><figcaption class=\"tdb-caption-text\">Caricaturistul \u015etefan Popa Popa\u2019s premiat \u00een Lituania 3 jpg<\/figcaption><\/figure>\n<\/div>\n<\/div>\n<div class=\"vc_row_inner tdi_60  vc_row vc_inner wpb_row td-pb-row\">\n<div class=\"vc_column_inner tdi_62  wpb_column vc_column_container tdc-inner-column td-pb-span4 td-is-sticky\">\n<div class=\"vc_column-inner\">\n<div class=\"wpb_wrapper\" data-sticky-enabled-on=\"W3RydWUsdHJ1ZSx0cnVlLHRydWVd\" data-sticky-offset=\"20\" data-sticky-is-width-auto=\"W2ZhbHNlLGZhbHNlLGZhbHNlLGZhbHNlXQ==\">\n<div class=\"td_block_wrap td_flex_block_1 tdi_63 td-pb-border-top td_block_template_1 td_ajax_preloading_preload td_flex_block\" data-td-block-uid=\"tdi_63\">\n<div id=\"tdi_63\" class=\"td_block_inner td-mc1-wrap\">\n<div class=\"td_module_flex td_module_flex_1 td_module_wrap td-animation-stack td-meta-info-hide td-cpt-post\">\n<div class=\"td-module-container td-category-pos-image\">\n<div class=\"td-module-meta-info\">\n<h3 class=\"entry-title td-module-title\"><a href=\"https:\/\/voceatimisului.ro\/timisoara-gazduieste-salonul-international-de-caricatura-de-presa-si-arte-vizuale-satirice\/\" rel=\"bookmark\" title=\"Timisoara gazduieste Salonul International de Caricatura de Presa si Arte Vizuale Satirice\">Timisoara gazduieste Salonul International de Caricatura de Presa si Arte Vizuale Satirice<\/a><\/h3>\n<\/div>\n<\/div>\n<\/div>\n<div class=\"td_module_flex td_module_flex_1 td_module_wrap td-animation-stack td-meta-info-hide td-cpt-post\">\n<div class=\"td-module-container td-category-pos-image\">\n<div class=\"td-module-meta-info\">\n<h3 class=\"entry-title td-module-title\"><a href=\"https:\/\/voceatimisului.ro\/expozitie-stefan-popa-popas-fauritorii-marii-uniri-la-muzeul-catedralei-mitropolitane-din-timisoara\/\" rel=\"bookmark\" title=\"Expozitie Stefan Popa Popa\u2019s: Fauritorii Marii Uniri, la Muzeul Catedralei Mitropolitane din Timisoara\">Expozitie Stefan Popa Popa\u2019s: Fauritorii Marii Uniri, la Muzeul Catedralei Mitropolitane din Timisoara<\/a><\/h3>\n<\/div>\n<\/div>\n<\/div>\n<div class=\"td_module_flex td_module_flex_1 td_module_wrap td-animation-stack td-meta-info-hide td-cpt-post\">\n<div class=\"td-module-container td-category-pos-image\">\n<div class=\"td-module-meta-info\">\n<h3 class=\"entry-title td-module-title\"><a href=\"https:\/\/voceatimisului.ro\/incalzirea-pentru-euro-pe-langa-spania-romania-joaca-amicale-cu-georgia-si-lituania\/\" rel=\"bookmark\" title=\"\u201d\u00cenc\u0103lzire\u201d pentru EURO. Pe l\u00e2ng\u0103 Spania, Rom\u00e2nia joac\u0103 amicale cu Georgia \u0219i Lituania\">\u201d\u00cenc\u0103lzire\u201d pentru EURO. Pe l\u00e2ng\u0103 Spania, Rom\u00e2nia joac\u0103 amicale cu Georgia \u0219i Lituania<\/a><\/h3>\n<\/div>\n<\/div>\n<\/div>\n<div class=\"td_module_flex td_module_flex_1 td_module_wrap td-animation-stack td-meta-info-hide td-cpt-post\">\n<div class=\"td-module-container td-category-pos-image\">\n<div class=\"td-module-meta-info\">\n<h3 class=\"entry-title td-module-title\"><a href=\"https:\/\/voceatimisului.ro\/artistul-timisorean-stefan-popa-popas-in-centrul-atentiei-la-gala-ade-2015-organizata-in-madrid\/\" rel=\"bookmark\" title=\"Artistul timi\u0219orean \u0218tefan Popa Popa\u2019s, \u00een centrul aten\u021biei la gala ADE 2015 organizat\u0103 \u00een Madrid\">Artistul timi\u0219orean \u0218tefan Popa Popa\u2019s, \u00een centrul aten\u021biei la gala ADE 2015 organizat\u0103 \u00een Madrid<\/a><\/h3>\n<\/div>\n<\/div>\n<\/div>\n<\/div>\n<\/div>\n<div class=\"tdb-author-box td_block_wrap tdb_single_author_box tdi_68 tdb-content-vert-top td-pb-border-top td_block_template_1\" data-td-block-uid=\"tdi_68\">\n<div class=\"tdb-block-inner td-fix-index\">\n<div class=\"tdb-author-info\"><a href=\"https:\/\/voceatimisului.ro\/author\/redactia\/\" class=\"tdb-author-name\">Redac\u021bia<\/a><\/p>\n<div class=\"tdb-author-descr\">\u00centreaga responsabilitate a comentariilor l\u0103sate de dumneavoastr\u0103 v\u0103 apar\u021bine!<br \/>\nClick <a href=\"https:\/\/voceatimisului.ro\/termeni-si-conditii\/\">aici<\/a>-citeste condi\u0163iile de utilizare ale site-ului www.voceatimisului.ro<\/div>\n<\/div>\n<\/div>\n<\/div>\n<\/div>\n<\/div>\n<\/div>\n<div class=\"vc_column_inner tdi_70  wpb_column vc_column_container tdc-inner-column td-pb-span8\">\n<div class=\"vc_column-inner\">\n<div class=\"wpb_wrapper\">\n<div class=\"td_block_wrap tdb_single_content tdi_71 td-pb-border-top td_block_template_1 td-post-content tagdiv-type\" data-td-block-uid=\"tdi_71\">\n<div class=\"tdb-block-inner td-fix-index\">\n<p>Timi\u0219oreanul \u0218tefan Popa Popa\u2019s a fost invitat \u00een \u201c\u0162ara Baltic\u0103\u201d din pozi\u021bia de cel mai important artist rom\u00e2n, pentru a i se acorda Premiul Ciurlionis (dup\u0103 numele celui mai cunoscut pictor lituanian, Mikalojus Konstantinas Ciurlionis), \u00een cadrul unui eveniment desf\u0103\u015furat la Muzeul de Arte Frumoase din Vilnius.<\/p>\n<p><em><strong>\u201dA fost prezent la eveniment vicepre\u015fedintele Parlamentului Lituanian, \u015fase mini\u015ftri, 30 de ambasadori \u015fi numeroase personalit\u0103\u0163i, directori de muzee \u015fi universit\u0103\u0163i. A fost o gal\u0103 foarte frumoas\u0103. Mi-a pl\u0103cut c\u0103ldura oamenilor din Lituania\u201d<\/strong><\/em>, a declarat Popa\u2019s.<\/p>\n<p>A\u015fa cum obi\u015fnuie\u015fte la evenimentele la care particip\u0103, Popa\u2019s a f\u0103cut un maraton de desenat portrete ale invita\u0163ilor. <em><strong>\u201dAm f\u0103cut peste 200 de portrete. P\u00e2n\u0103 la ora 1 noaptea am stat la muzeu. Am avut \u015fi o mic\u0103 expozi\u0163ie cu portretele unor personalit\u0103\u0163i\u201d<\/strong><\/em>, a ad\u0103ugat artistul timi\u0219orean.<\/p>\n<p><em><strong>\u201c\u015etefan Popa Popa\u2019s este un mare pictor-grafician dar \u015fi caricaturist. Are o manier\u0103 de prezentare foarte interesant\u0103. \u00cen Lituania mai rar vezi astfel de portrete, este momentul acum ca lituanienii s\u0103-i vad\u0103 pe politicieni caricaturiza\u0163i. Forma fe\u0163elor este diferit\u0103. Unii seam\u0103n\u0103 cu o floare, al\u0163ii cu ni\u015fte legume ceea ce este interesant. Aceste fe\u0163e de politicieni stau acum \u00een expozi\u0163ie unul l\u00e2ng\u0103 altul \u015fi po\u0163i s\u0103-i prive\u015fti mai atent \u00eentreb\u00e2ndu-te: Pe cine am ales?\u201d<\/strong><\/em>, a spus Algirdas Gaizutis, rectorul Universit\u0103\u0163ii de Arte din Vilnius \u015fi pre\u015fedintele Funda\u0163iei Ciurlionis.<\/p>\n<p><em><strong>\u201cSunt impresionat\u0103 pentru c\u0103 artistul poate vedea sufletul oamenilor pe care \u00eei deseneaz\u0103 \u015fi e incredibil cum poate exprima sentimentele pe h\u00e2rtie. Pe mine m-a desenat \u00een 3-4 minute \u015fi nu alb-negru ci color. Este incredibil \u015fi am primit cu bucurie portretul de la un campion mondial pentru alt campion mondial\u201d<\/strong><\/em>, a spus Rima Karaliene, multipl\u0103 campioan\u0103 mondial\u0103 la canotaj, acum directorul Academiei Nautica Remigum.<\/p>\n<p><em><strong>\u201dPopa\u2019s este un artist inteligent \u015fi conving\u0103tor. Reu\u015fe\u015fte s\u0103 prind\u0103 esen\u0163a persoanei \u015fi foarte rapid o a\u015fterne pe h\u00e2rtie. \u00cen realitate este un pictor-caricaturist de esen\u0163\u0103 optimist\u0103. C\u00e2nd deformeaz\u0103 fe\u0163ele, acestea devin unice \u015fi se transform\u0103 \u00een imagini speciale. Acesta este talent\u201d<\/strong><\/em>, a afirmat Romualdas Budrys, directorul Muzeul Lituanian de Art\u0103.<\/p>\n<p>\u015etefan Popa Popa\u2019s, rom\u00e2nul care figureaz\u0103 \u00een Guiness Book ca cel mai rapid caricaturist din lume, se preg\u0103te\u015fte acum de marele eveniment de la Timi\u015foara, care va fi organizat pe 11 iunie, cu ocazia \u00eemplinirii v\u00e2rstei de 60 de ani. \u00cen cadrul evenimentului de la Muzeul de Art\u0103 (Palatul Baroc), Popa\u2019s prime\u015fte \u015fi titlul de Cet\u0103\u0163ean de Onoare al jude\u0163ului Timi\u015f.<\/p>\n<div id=\"gallery-1\" class=\"gallery galleryid-70943 gallery-columns-3 gallery-size-thumbnail\">\n<figure class=\"gallery-item\">\n<div class=\"gallery-icon landscape\"><a href=\"https:\/\/voceatimisului.ro\/caricaturistul-stefan-popa-popas-premiat-in-lituania-foto\/caricaturistul-stefan-popa-popas-premiat-in-lituania-1\/\"><img decoding=\"async\" width=\"150\" height=\"150\" src=\"https:\/\/analyse.optim.biz\/wp-content\/uploads\/2025\/12\/caricaturistul-c59etefan-popa-popae28099s-premiat-c3aen-lituania-1-e1433959543673-jpg-150x150-1.webp\" class=\"attachment-thumbnail size-thumbnail\" alt=\"Caricaturistul \u015etefan Popa Popa\u2019s premiat \u00een Lituania 1 e1433959543673 jpg\" aria-describedby=\"gallery-1-70944\" loading=\"lazy\" title=\"caricaturistul-c59etefan-popa-popae28099s-premiat-c3aen-lituania-1-e1433959543673-jpg-150x150-1\"><\/a><\/div><figcaption class=\"wp-caption-text gallery-caption\" id=\"gallery-1-70944\">\n\t\t\t\tCaricaturistul \u015etefan Popa Popa\u2019s premiat \u00een Lituania 1 e1433959543673 jpg<br \/>\n\t\t\t\t<\/figcaption><\/figure>\n<figure class=\"gallery-item\">\n<div class=\"gallery-icon landscape\"><a href=\"https:\/\/voceatimisului.ro\/caricaturistul-stefan-popa-popas-premiat-in-lituania-foto\/caricaturistul-stefan-popa-popas-premiat-in-lituania-2\/\"><img decoding=\"async\" width=\"150\" height=\"150\" src=\"https:\/\/analyse.optim.biz\/wp-content\/uploads\/2025\/12\/caricaturistul-c59etefan-popa-popae28099s-premiat-c3aen-lituania-2-150x150-1.jpg\" class=\"attachment-thumbnail size-thumbnail\" alt=\"Caricaturistul \u015etefan Popa Popa\u2019s premiat \u00een Lituania 2\" aria-describedby=\"gallery-1-70945\" loading=\"lazy\" title=\"caricaturistul-c59etefan-popa-popae28099s-premiat-c3aen-lituania-2-150x150-1\"><\/a><\/div><figcaption class=\"wp-caption-text gallery-caption\" id=\"gallery-1-70945\">\n\t\t\t\tCaricaturistul \u015etefan Popa Popa\u2019s premiat \u00een Lituania 2<br \/>\n\t\t\t\t<\/figcaption><\/figure>\n<figure class=\"gallery-item\">\n<div class=\"gallery-icon landscape\"><a href=\"https:\/\/voceatimisului.ro\/caricaturistul-stefan-popa-popas-premiat-in-lituania-foto\/caricaturistul-stefan-popa-popas-premiat-in-lituania-3\/\"><img decoding=\"async\" width=\"150\" height=\"150\" src=\"https:\/\/analyse.optim.biz\/wp-content\/uploads\/2025\/12\/caricaturistul-c59etefan-popa-popae28099s-premiat-c3aen-lituania-3-jpg-150x150-1.webp\" class=\"attachment-thumbnail size-thumbnail\" alt=\"Caricaturistul \u015etefan Popa Popa\u2019s premiat \u00een Lituania 3 jpg\" aria-describedby=\"gallery-1-70946\" loading=\"lazy\" title=\"caricaturistul-c59etefan-popa-popae28099s-premiat-c3aen-lituania-3-jpg-150x150-1\"><\/a><\/div><figcaption class=\"wp-caption-text gallery-caption\" id=\"gallery-1-70946\">\n\t\t\t\tCaricaturistul \u015etefan Popa Popa\u2019s premiat \u00een Lituania 3 jpg<br \/>\n\t\t\t\t<\/figcaption><\/figure>\n<\/div>\n<\/div>\n<\/div>\n<div class=\"td_block_wrap tdb_single_tags tdi_74 td-pb-border-top td_block_template_1\" data-td-block-uid=\"tdi_74\">\n<div class=\"tdb-block-inner td-fix-index\">\n<ul class=\"tdb-tags\">\n<li><span>Tags<\/span><\/li>\n<li><a href=\"https:\/\/voceatimisului.ro\/tag\/caricaturist\/\">caricaturist<\/a><\/li>\n<li><a href=\"https:\/\/voceatimisului.ro\/tag\/lituania\/\">lituania<\/a><\/li>\n<li><a href=\"https:\/\/voceatimisului.ro\/tag\/premiu\/\">premiu<\/a><\/li>\n<li><a href=\"https:\/\/voceatimisului.ro\/tag\/stefan-popa-popas\/\">stefan popa popa&#8217;s<\/a><\/li>\n<\/ul>\n<\/div>\n<\/div>\n<div class=\"td_block_wrap tdb_single_post_share tdi_75  td-pb-border-top td_block_template_1\" data-td-block-uid=\"tdi_75\">\n<div id=\"tdi_75\" class=\"td-post-sharing tdb-block td-ps-bg td-ps-notext td-post-sharing-style1 \">\n<div class=\"td-post-sharing-visible\"><a class=\"td-social-sharing-button td-social-sharing-button-js td-social-network td-social-facebook\" href=\"https:\/\/www.facebook.com\/sharer.php?u=https%3A%2F%2Fvoceatimisului.ro%2Fcaricaturistul-stefan-popa-popas-premiat-in-lituania-foto%2F\" title=\"Facebook\" rel=\"noopener\"><\/p>\n<div class=\"td-social-but-text\">Facebook<\/div>\n<p><\/a><a class=\"td-social-sharing-button td-social-sharing-button-js td-social-network td-social-twitter\" href=\"https:\/\/twitter.com\/intent\/tweet?text=Caricaturistul+%C5%9Etefan+Popa+Popa%E2%80%99s%2C+premiat+%C3%AEn+Lituania+FOTO&amp;url=https%3A%2F%2Fvoceatimisului.ro%2Fcaricaturistul-stefan-popa-popas-premiat-in-lituania-foto%2F&amp;via=Vocea+Timisului\" title=\"Twitter\" rel=\"noopener\"><\/p>\n<div class=\"td-social-but-text\">Twitter<\/div>\n<p><\/a><a class=\"td-social-sharing-button td-social-sharing-button-js td-social-network td-social-pinterest\" href=\"https:\/\/pinterest.com\/pin\/create\/button\/?url=https:\/\/voceatimisului.ro\/caricaturistul-stefan-popa-popas-premiat-in-lituania-foto\/&amp;media=https:\/\/analyse.optim.biz\/wp-content\/uploads\/2025\/12\/caricaturistul-c59etefan-popa-popae28099s-premiat-c3aen-lituania-3-jpg-1.webp&amp;description=Caricaturistul+%C5%9Etefan+Popa+Popa%E2%80%99s%2C+premiat+%C3%AEn+Lituania+FOTO\" title=\"Pinterest\" rel=\"noopener\"><\/p>\n<div class=\"td-social-but-text\">Pinterest<\/div>\n<p><\/a><a class=\"td-social-sharing-button td-social-sharing-button-js td-social-network td-social-whatsapp\" href=\"https:\/\/api.whatsapp.com\/send?text=Caricaturistul+%C5%9Etefan+Popa+Popa%E2%80%99s%2C+premiat+%C3%AEn+Lituania+FOTO%20%0A%0A%20https:\/\/voceatimisului.ro\/caricaturistul-stefan-popa-popas-premiat-in-lituania-foto\/\" title=\"WhatsApp\" rel=\"noopener\"><\/p>\n<div class=\"td-social-but-text\">WhatsApp<\/div>\n<p><\/a><a class=\"td-social-sharing-button td-social-sharing-button-js td-social-network td-social-linkedin\" href=\"https:\/\/www.linkedin.com\/shareArticle?mini=true&amp;url=https:\/\/voceatimisului.ro\/caricaturistul-stefan-popa-popas-premiat-in-lituania-foto\/&amp;title=Caricaturistul+%C5%9Etefan+Popa+Popa%E2%80%99s%2C+premiat+%C3%AEn+Lituania+FOTO\" title=\"Linkedin\" rel=\"noopener\"><\/p>\n<div class=\"td-social-but-text\">Linkedin<\/div>\n<p><\/a><a class=\"td-social-sharing-button td-social-sharing-button-js td-social-network td-social-copy_url\" href=\"https:\/\/voceatimisului.ro\/caricaturistul-stefan-popa-popas-premiat-in-lituania-foto\/\" title=\"Copy URL\" rel=\"noopener\"><\/p>\n<div class=\"td-social-but-text\">Copy URL<\/div>\n<p><\/a><\/div>\n<\/div>\n<\/div>\n<div class=\"td_block_wrap tdb_single_next_prev tdi_76 td-animation-stack td-next-prev-img-on td-pb-border-top td_block_template_1\" data-td-block-uid=\"tdi_76\">\n<div class=\"tdb-block-inner td-fix-index\">\n<div class=\"tdb-next-post tdb-next-post-bg tdb-post-prev\"><span>Articolul precedent<\/span><\/p>\n<div class=\"td-module-container\">\n<div class=\"td-image-container\"><a class=\"td-image-wrap\" href=\"https:\/\/voceatimisului.ro\/900-de-amenzi-aplicate-soferilor-care-au-circulat-prin-timis-in-primele-patru-zile-ale-saptamanii\/\"><img loading=\"lazy\" decoding=\"async\" class=\"td-next-prev-image td-fix-index td-lazy-img\" title=\"900 de AMENZI aplicate \u0219oferilor care au circulat prin Timi\u0219, \u00een primele patru zile ale s\u0103pt\u0103m\u00e2nii\" width=\"696\" height=\"463\" src=\"https:\/\/analyse.optim.biz\/wp-content\/uploads\/2025\/12\/actiune-politia-rutiera-timisoara29-jpg-696x463-1.webp\"><\/a><\/div>\n<div class=\"next-prev-title\"><a href=\"https:\/\/voceatimisului.ro\/900-de-amenzi-aplicate-soferilor-care-au-circulat-prin-timis-in-primele-patru-zile-ale-saptamanii\/\">900 de AMENZI aplicate \u0219oferilor care au circulat prin Timi\u0219, \u00een primele patru zile ale s\u0103pt\u0103m\u00e2nii<\/a><\/div>\n<\/div>\n<\/div>\n<div class=\"tdb-next-post tdb-next-post-bg tdb-post-next\"><span>Articolul urm\u0103tor<\/span><\/p>\n<div class=\"td-module-container\">\n<div class=\"td-image-container\"><a class=\"td-image-wrap\" href=\"https:\/\/voceatimisului.ro\/primul-festival-al-florilor-din-timisoara-aproape-de-debut-vezi-programul-de-la-timfloralis\/\"><img loading=\"lazy\" decoding=\"async\" class=\"td-next-prev-image td-fix-index td-lazy-img\" title=\"Primul festival al florilor din Timi\u0219oara, aproape de debut. Vezi programul de la \u201dTIMFLORALIS\u201d!\" width=\"696\" height=\"293\" src=\"https:\/\/analyse.optim.biz\/wp-content\/uploads\/2025\/12\/festivalul-florilor-timisoara-timfloralis-696x293-1.jpg\"><\/a><\/div>\n<div class=\"next-prev-title\"><a href=\"https:\/\/voceatimisului.ro\/primul-festival-al-florilor-din-timisoara-aproape-de-debut-vezi-programul-de-la-timfloralis\/\">Primul festival al florilor din Timi\u0219oara, aproape de debut. Vezi programul de la \u201dTIMFLORALIS\u201d!<\/a><\/div>\n<\/div>\n<\/div>\n<\/div>\n<\/div>\n<\/div>\n<\/div>\n<\/div>\n<\/div>\n<div class=\"vc_row_inner tdi_86  vc_row vc_inner wpb_row td-pb-row\">\n<div class=\"vc_column_inner tdi_88  wpb_column vc_column_container tdc-inner-column td-pb-span4 td-is-sticky\">\n<div class=\"vc_column-inner\">\n<div class=\"wpb_wrapper\" data-sticky-enabled-on=\"W3RydWUsdHJ1ZSx0cnVlLHRydWVd\" data-sticky-offset=\"20\" data-sticky-is-width-auto=\"W2ZhbHNlLGZhbHNlLGZhbHNlLGZhbHNlXQ==\">\n<div class=\"td_block_wrap tdb_single_related tdi_89 td_with_ajax_pagination td-pb-border-top td_block_template_1 tdb-single-related-posts\" data-td-block-uid=\"tdi_89\">\n<div id=\"tdi_89\" class=\"td_block_inner tdb-block-inner td-fix-index\">\n<div class=\"tdb_module_related td_module_wrap td-animation-stack td-meta-info-hide\">\n<div class=\"td-module-container td-category-pos-image\">\n<div class=\"td-module-meta-info\">\n<h3 class=\"entry-title td-module-title\"><a href=\"https:\/\/voceatimisului.ro\/unul-dintre-cei-trei-academicieni-din-tara-in-domeniul-stiintelor-tehnice-este-profesor-al-universitatii-politehnica-timisoara\/\" rel=\"bookmark\" title=\"Unul dintre cei trei Academicieni din \u0163ar\u0103, \u00een domeniul \u015etiin\u0163elor Tehnice, este profesor al Universit\u0103\u0163ii Politehnica Timi\u015foara\">Unul dintre cei trei Academicieni din \u0163ar\u0103, \u00een domeniul \u015etiin\u0163elor Tehnice, este profesor al Universit\u0103\u0163ii Politehnica Timi\u015foara<\/a><\/h3>\n<\/div>\n<\/div>\n<\/div>\n<div class=\"tdb_module_related td_module_wrap td-animation-stack td-meta-info-hide\">\n<div class=\"td-module-container td-category-pos-image\">\n<div class=\"td-module-meta-info\">\n<h3 class=\"entry-title td-module-title\"><a href=\"https:\/\/voceatimisului.ro\/maestrul-stefan-popa-popas-cadou-la-60-de-ani-cetatean-de-onoare-al-judetului-timis-fotovideo\/\" rel=\"bookmark\" title=\"MAESTRUL \u0218tefan Popa Popa\u2019s, cadou la 60 de ani: cet\u0103\u021bean de ONOARE al jude\u021bului Timi\u0219\">MAESTRUL \u0218tefan Popa Popa\u2019s, cadou la 60 de ani: cet\u0103\u021bean de ONOARE al jude\u021bului Timi\u0219<\/a><\/h3>\n<\/div>\n<\/div>\n<\/div>\n<div class=\"tdb_module_related td_module_wrap td-animation-stack td-meta-info-hide\">\n<div class=\"td-module-container td-category-pos-image\">\n<div class=\"td-module-meta-info\">\n<h3 class=\"entry-title td-module-title\"><a href=\"https:\/\/voceatimisului.ro\/stefan-popa-popas-aniverseaza-60-de-ani-ce-cadou-ofera-timisorenilor-de-ziua-lui\/\" rel=\"bookmark\" title=\"\u0218tefan Popa Popa\u2019s aniverseaz\u0103 60 de ani. Ce CADOU ofer\u0103 timi\u0219orenilor, de ziua lui\">\u0218tefan Popa Popa\u2019s aniverseaz\u0103 60 de ani. Ce CADOU ofer\u0103 timi\u0219orenilor, de ziua lui<\/a><\/h3>\n<\/div>\n<\/div>\n<\/div>\n<\/div>\n<\/div>\n<\/div>\n<\/div>\n<\/div>\n<div class=\"vc_column_inner tdi_91  wpb_column vc_column_container tdc-inner-column td-pb-span8\">\n<div class=\"vc_column-inner\">\n<div class=\"wpb_wrapper\">\n<div class=\"td_block_wrap tdb_single_comments tdi_92 tdb-comm-layout2 td-pb-border-top td_block_template_2\" data-td-block-uid=\"tdi_92\">\n<div class=\"tdb-block-inner td-fix-index\">\n<div class=\"comments\" id=\"comments\">\n<div id=\"respond\" class=\"comment-respond\">\n<h3 id=\"reply-title\" class=\"comment-reply-title\">L\u0102SA\u021aI UN MESAJ <small><a rel=\"nofollow\" id=\"cancel-comment-reply-link\" href=\"https:\/\/voceatimisului.ro\/caricaturistul-stefan-popa-popas-premiat-in-lituania-foto\/#respond\">Renun\u021ba\u021bi la r\u0103spuns<\/a><\/small><\/h3>\n<div class=\"comment-form-input-wrap td-form-comment\">\n<div class=\"td-warning-comment\">V\u0103 rug\u0103m s\u0103 introduce\u021bi comentariul dvs.!<\/div>\n<\/div>\n<div class=\"comment-form-input-wrap td-form-author\">\n<div class=\"td-warning-author\">Introduce\u021bi aici numele dvs.<\/div>\n<\/div>\n<div class=\"comment-form-input-wrap td-form-email\">\n<div class=\"td-warning-email-error\">A\u021bi introdus o adres\u0103 de e-mail incorect\u0103!<\/div>\n<div class=\"td-warning-email\">V\u0103 rug\u0103m s\u0103 introduce\u021bi adresa dvs. de e-mail aici<\/div>\n<\/div>\n<\/div>\n<\/div>\n<\/div>\n<\/div>\n<\/div>\n<\/div>\n<\/div>\n<\/div>\n<\/div>\n<\/div>\n<div class=\"vc_column tdi_94  wpb_column vc_column_container tdc-column td-pb-span4 td-is-sticky\">\n<div class=\"wpb_wrapper\" data-sticky-enabled-on=\"W3RydWUsdHJ1ZSx0cnVlLHRydWVd\" data-sticky-offset=\"20\" data-sticky-is-width-auto=\"W2ZhbHNlLGZhbHNlLGZhbHNlLGZhbHNlXQ==\">\n<div class=\"vc_row_inner tdi_96  vc_row vc_inner wpb_row td-pb-row\">\n<div class=\"vc_column_inner tdi_98  wpb_column vc_column_container tdc-inner-column td-pb-span12\">\n<div class=\"vc_column-inner\">\n<div class=\"wpb_wrapper\">\n<div class=\"td_block_wrap td_block_title tdi_99 td-pb-border-top td_block_template_11 td-fix-index\" data-td-block-uid=\"tdi_99\">\n<div class=\"td-block-title-wrap\">\n<h4 class=\"td-block-title\"><span class=\"td-pulldown-size\">ANUN\u021aURI \u0218I PUBLICITATE<\/span><\/h4>\n<\/div>\n<\/div>\n<\/div>\n<\/div>\n<\/div>\n<\/div>\n<div class=\"wpb_wrapper td_block_wrap vc_widget_sidebar tdi_101 \">\n<aside id=\"block-10\" class=\"td_block_template_1 widget block-10 widget_block widget_media_image\">\n<figure class=\"wp-block-image size-full\"><a href=\"https:\/\/adpghiroda.ro\/index.html\" target=\"_blank\" rel=\" noreferrer noopener\"><img decoding=\"async\" loading=\"eager\" width=\"960\" height=\"960\" src=\"https:\/\/analyse.optim.biz\/wp-content\/uploads\/2025\/12\/adp-ghiroda2-65.jpg\" class=\"wp-image-171492\" title=\"adp-ghiroda2-65\"><\/a><\/figure>\n<\/aside>\n<aside id=\"block-11\" class=\"td_block_template_1 widget block-11 widget_block widget_media_image\">\n<figure class=\"wp-block-image size-full\"><a href=\"https:\/\/adpghiroda.ro\/index.html\" target=\"_blank\" rel=\" noreferrer noopener\"><img decoding=\"async\" loading=\"eager\" width=\"960\" height=\"960\" src=\"https:\/\/analyse.optim.biz\/wp-content\/uploads\/2025\/12\/adp-ghiroda1-65.jpg\" class=\"wp-image-171491\" title=\"adp-ghiroda1-65\"><\/a><\/figure>\n<\/aside>\n<aside id=\"block-17\" class=\"td_block_template_1 widget block-17 widget_block widget_media_image\">\n<figure class=\"wp-block-image size-large is-resized\"><a href=\"https:\/\/verde.events\/\" target=\"_blank\" rel=\" noreferrer noopener\"><img decoding=\"async\" loading=\"lazy\" width=\"1024\" height=\"683\" src=\"https:\/\/analyse.optim.biz\/wp-content\/uploads\/2025\/12\/verde-events-24-1024x683-65.jpg\" alt=\"Verde Events\" class=\"wp-image-174395\" title=\"verde-events-24-1024x683-65\"><\/a><figcaption class=\"wp-element-caption\"><strong><em>O experien\u021b\u0103 unic\u0103 pentru orice tip de eveniment<\/em><\/strong><\/figcaption><\/figure>\n<\/aside>\n<\/div>\n<div class=\"td_block_wrap td_flex_block_1 tdi_107 td-pb-border-top td_block_template_1 td_ajax_preloading_preload td_flex_block\" data-td-block-uid=\"tdi_107\">\n<div id=\"tdi_107\" class=\"td_block_inner td-mc1-wrap\">\n<div class=\"td_module_flex td_module_flex_1 td_module_wrap td-animation-stack td-meta-info-hide td-cpt-post\">\n<div class=\"td-module-container td-category-pos-image\">\n<div class=\"td-module-meta-info\">\n<h3 class=\"entry-title td-module-title\"><a href=\"https:\/\/voceatimisului.ro\/detectivii-de-la-aquatim-premiati-de-asociatia-inginerilor-de-instalatii-din-romania\/\" rel=\"bookmark\" title=\"\u201dDetectivii\u201d de la Aquatim, premia\u021bi de Asocia\u021bia Inginerilor de Instala\u021bii din Rom\u00e2nia\">\u201dDetectivii\u201d de la Aquatim, premia\u021bi de Asocia\u021bia Inginerilor de Instala\u021bii din Rom\u00e2nia<\/a><\/h3>\n<\/div>\n<\/div>\n<\/div>\n<div class=\"td_module_flex td_module_flex_1 td_module_wrap td-animation-stack td-meta-info-hide td-cpt-post\">\n<div class=\"td-module-container td-category-pos-image\">\n<div class=\"td-module-meta-info\">\n<h3 class=\"entry-title td-module-title\"><a href=\"https:\/\/voceatimisului.ro\/serviciul-de-urgenta-112-din-romania-premiat-in-europa-pentru-viteza-de-reactie\/\" rel=\"bookmark\" title=\"Serviciul de URGEN\u021a\u0102 112 din Rom\u00e2nia, premiat \u00een Europa pentru viteza de REAC\u021aIE\">Serviciul de URGEN\u021a\u0102 112 din Rom\u00e2nia, premiat \u00een Europa pentru viteza de REAC\u021aIE<\/a><\/h3>\n<\/div>\n<\/div>\n<\/div>\n<div class=\"td_module_flex td_module_flex_1 td_module_wrap td-animation-stack td-meta-info-hide td-cpt-post\">\n<div class=\"td-module-container td-category-pos-image\">\n<div class=\"td-module-meta-info\">\n<h3 class=\"entry-title td-module-title\"><a href=\"https:\/\/voceatimisului.ro\/consiliul-judetean-timis-trimite-emisari-de-reprezentare-a-banatului-la-bruxelles\/\" rel=\"bookmark\" title=\"Consiliul Jude\u021bean Timi\u0219 trimite \u201demisari\u201d de reprezentare a Banatului la Bruxelles\">Consiliul Jude\u021bean Timi\u0219 trimite \u201demisari\u201d de reprezentare a Banatului la Bruxelles<\/a><\/h3>\n<\/div>\n<\/div>\n<\/div>\n<div class=\"td_module_flex td_module_flex_1 td_module_wrap td-animation-stack td-meta-info-hide td-cpt-post\">\n<div class=\"td-module-container td-category-pos-image\">\n<div class=\"td-module-meta-info\">\n<h3 class=\"entry-title td-module-title\"><a href=\"https:\/\/voceatimisului.ro\/astazi-are-loc-prima-loterie-a-bonurilor-fiscale-premii-in-valoare-de-1-milion-de-lei\/\" rel=\"bookmark\" title=\"Ast\u0103zi are loc prima loterie a BONURILOR FISCALE! Premii \u00een valoare de 1 milion de lei\">Ast\u0103zi are loc prima loterie a BONURILOR FISCALE! Premii \u00een valoare de 1 milion de lei<\/a><\/h3>\n<\/div>\n<\/div>\n<\/div>\n<div class=\"td_module_flex td_module_flex_1 td_module_wrap td-animation-stack td-meta-info-hide td-cpt-post\">\n<div class=\"td-module-container td-category-pos-image\">\n<div class=\"td-module-meta-info\">\n<h3 class=\"entry-title td-module-title\"><a href=\"https:\/\/voceatimisului.ro\/richard-clayderman-in-concert-la-timisoara-de-ce-surprize-a-avut-parte-inainte-si-dupa-concert-foto\/\" rel=\"bookmark\" title=\"Richard Clayderman \u00een CONCERT la Timi\u0219oara. De ce surprize a avut parte \u00eenainte \u0219i dup\u0103 concert FOTO\">Richard Clayderman \u00een CONCERT la Timi\u0219oara. De ce surprize a avut parte \u00eenainte \u0219i dup\u0103 concert FOTO<\/a><\/h3>\n<\/div>\n<\/div>\n<\/div>\n<\/div>\n<\/div>\n<\/div>\n<\/div>\n<\/div>\n<\/div>\n<\/div>\n<\/div>\n<p><span class=\"td-page-meta\"><\/span><span class=\"td-page-meta\"><span class=\"td-page-meta\"><\/span><\/span><span class=\"td-page-meta\"><\/span><\/article>\n<p> Source URL: https:\/\/voceatimisului.ro\/caricaturistul-stefan-popa-popas-premiat-in-lituania-foto\/<\/p>\n","protected":false},"excerpt":{"rendered":"<p>\u0218tiriEvenimentValori Locale Caricaturistul \u015etefan Popa Popa\u2019s, premiat \u00een Lituania FOTO Autor-Redac\u021bia 16 mai 2015 0 12213 Facebook Twitter Pinterest WhatsApp Linkedin Copy URL Caricaturistul \u015etefan Popa Popa\u2019s premiat \u00een Lituania 3 jpg Timisoara gazduieste Salonul International de Caricatura de Presa si Arte Vizuale Satirice Expozitie Stefan Popa Popa\u2019s: Fauritorii Marii Uniri, la Muzeul Catedralei Mitropolitane [&hellip;]<\/p>\n","protected":false},"author":1,"featured_media":1099781,"comment_status":"open","ping_status":"","sticky":false,"template":"","format":"standard","meta":{"footnotes":""},"categories":[89],"tags":[199],"class_list":["post-1099780","post","type-post","status-publish","format-standard","has-post-thumbnail","hentry","category-romania","tag-voceatimisului-ro"],"_links":{"self":[{"href":"https:\/\/analyse.optim.biz\/index.php?rest_route=\/wp\/v2\/posts\/1099780","targetHints":{"allow":["GET"]}}],"collection":[{"href":"https:\/\/analyse.optim.biz\/index.php?rest_route=\/wp\/v2\/posts"}],"about":[{"href":"https:\/\/analyse.optim.biz\/index.php?rest_route=\/wp\/v2\/types\/post"}],"author":[{"embeddable":true,"href":"https:\/\/analyse.optim.biz\/index.php?rest_route=\/wp\/v2\/users\/1"}],"replies":[{"embeddable":true,"href":"https:\/\/analyse.optim.biz\/index.php?rest_route=%2Fwp%2Fv2%2Fcomments&post=1099780"}],"version-history":[{"count":0,"href":"https:\/\/analyse.optim.biz\/index.php?rest_route=\/wp\/v2\/posts\/1099780\/revisions"}],"wp:featuredmedia":[{"embeddable":true,"href":"https:\/\/analyse.optim.biz\/index.php?rest_route=\/wp\/v2\/media\/1099781"}],"wp:attachment":[{"href":"https:\/\/analyse.optim.biz\/index.php?rest_route=%2Fwp%2Fv2%2Fmedia&parent=1099780"}],"wp:term":[{"taxonomy":"category","embeddable":true,"href":"https:\/\/analyse.optim.biz\/index.php?rest_route=%2Fwp%2Fv2%2Fcategories&post=1099780"},{"taxonomy":"post_tag","embeddable":true,"href":"https:\/\/analyse.optim.biz\/index.php?rest_route=%2Fwp%2Fv2%2Ftags&post=1099780"}],"curies":[{"name":"wp","href":"https:\/\/api.w.org\/{rel}","templated":true}]}}