{"id":1093771,"date":"2015-05-21T14:04:49","date_gmt":"2015-05-21T11:04:49","guid":{"rendered":"https:\/\/analyse.optim.biz\/?p=1093771"},"modified":"2015-05-21T14:04:49","modified_gmt":"2015-05-21T11:04:49","slug":"hora-bucovinei-traditiile-si-obiceiurile-din-tara-de-sus-reinviate-suceavalive","status":"publish","type":"post","link":"https:\/\/analyse.optim.biz\/?p=1093771","title":{"rendered":"\u201dHora Bucovinei\u201d- tradi\u021biile \u0219i obiceiurile din \u021aara de Sus, re\u00eenviate &#8211; SuceavaLIVE"},"content":{"rendered":"<article id=\"post-58090\" class=\"clearfix post-58090 post type-post status-publish format-standard has-post-thumbnail hentry category-hoinar category-slide tag-consiliul-judetean-hora-bucovinei tag-cornel-tilihoi tag-hoinar-in-bucovina tag-hora-bucovinei-2015 tag-numar-record-la-hora-bucovinei tag-primaria-frasin-hora-bucovinei tag-raluca-bercea tag-stiri-suceava tag-suceava-live tag-traditii-si-obiceiuri-la-hora-bucovinei\">\n<header id=\"cb-standard-featured\">\n<div id=\"cb-fis-wrap\" class=\"cb-entry-header cb-fis cb-style-standard\"><span class=\"cb-title-fi\"><\/p>\n<h1 class=\"entry-title cb-entry-title cb-single-title\">\u201dHora Bucovinei\u201d- tradi\u021biile \u0219i obiceiurile din  \u021aara de Sus,  re\u00eenviate<\/h1>\n<div class=\"cb-byline cb-font-header\">\n<div class=\"cb-date cb-byline-element\"><time datetime=\"2015-05-21\">21 mai 2015<\/time><\/div>\n<\/div>\n<p><\/span><\/div>\n<div class=\"cb-mask\"><img decoding=\"async\" width=\"1024\" height=\"678\" src=\"https:\/\/analyse.optim.biz\/wp-content\/uploads\/2025\/12\/dsc_0477-1.jpg\" class=\"attachment-cb-full-full size-cb-full-full wp-post-image\" loading=\"lazy\" title=\"dsc_0477-1\"><\/div>\n<\/header>\n<p>\u201dHora Bucovinei\u201d, o manifestare devenit\u0103 tradi\u021bie deja, reu\u0219e\u0219te s\u0103 adune la un loc, \u00een fiecare an, tot ce are mai de pre\u021b \u021aara de Sus: oameni gospodari, tradi\u021bii \u0219i obiceiuri. Astfel, nu e de mirare c\u0103 \u00een acest an, \u00een Hora Bucovinei \u201ds-au prins\u201d peste 30.000 de persoane. <\/p>\n<section class=\"cb-entry-content entry-content clearfix\">\n<iframe loading=\"lazy\" width=\"500\" height=\"315\" src=\"https:\/\/www.youtube.com\/embed\/tu_j_Ptguto?autoplay=1\" frameborder allowfullscreen><\/iframe>\n<\/section>\n<footer class=\"article-footer\">\n<p class=\"cb-tags\"><a href=\"https:\/\/suceavalive.ro\/tag\/consiliul-judetean-hora-bucovinei\/\" rel=\"tag\">consiliul judetean hora bucovinei<\/a><a href=\"https:\/\/suceavalive.ro\/tag\/cornel-tilihoi\/\" rel=\"tag\">cornel tilihoi<\/a><a href=\"https:\/\/suceavalive.ro\/tag\/hoinar-in-bucovina\/\" rel=\"tag\">hoinar in bucovina<\/a><a href=\"https:\/\/suceavalive.ro\/tag\/hora-bucovinei-2015\/\" rel=\"tag\">hora bucovinei 2015<\/a><a href=\"https:\/\/suceavalive.ro\/tag\/numar-record-la-hora-bucovinei\/\" rel=\"tag\">numar record la hora bucovinei<\/a><a href=\"https:\/\/suceavalive.ro\/tag\/primaria-frasin-hora-bucovinei\/\" rel=\"tag\">primaria frasin hora bucovinei<\/a><a href=\"https:\/\/suceavalive.ro\/tag\/raluca-bercea\/\" rel=\"tag\">raluca bercea<\/a><a href=\"https:\/\/suceavalive.ro\/tag\/stiri-suceava\/\" rel=\"tag\">stiri suceava<\/a><a href=\"https:\/\/suceavalive.ro\/tag\/suceava-live\/\" rel=\"tag\">suceava live<\/a><a href=\"https:\/\/suceavalive.ro\/tag\/traditii-si-obiceiuri-la-hora-bucovinei\/\" rel=\"tag\">traditii si obiceiuri la hora bucovinei<\/a><\/p>\n<div class=\"cb-social-sharing cb-post-footer-block cb-beside clearfix\">\n<div class=\"cb-title-subtle\">Share On:<\/div>\n<div class=\"cb-twitter\"><a href=\"https:\/\/twitter.com\/share\" class=\"twitter-share-button\" data-dnt=\"true\" data-count=\"horizontal\">Tweet<\/a><\/div>\n<\/div>\n<div id=\"cb-previous-next-links\" class=\"cb-post-footer-block clearfix\">\n<div id=\"cb-previous-link\"><a href=\"https:\/\/suceavalive.ro\/inaltarea-domnului-la-manastirea-neamt\/\" rel=\"prev\">Inaltarea Domnului, la Manastirea Neamt<\/a><\/div>\n<div id=\"cb-next-link\"><a href=\"https:\/\/suceavalive.ro\/eleganta-stil-si-organizare-eficienta-a-spatiului\/\" rel=\"next\">Eleganta, stil si organizare eficienta a spatiului<\/a><\/div>\n<\/div>\n<div id=\"cb-author-box\" class=\"clearfix\">\n<h3 class=\"cb-block-title\">Despre autor<\/h3>\n<div class=\"cb-mask\"><a href=\"https:\/\/suceavalive.ro\/author\/raluca-bercea\/\"><img decoding=\"async\" src=\"https:\/\/analyse.optim.biz\/wp-content\/uploads\/2025\/12\/d2573a985b95ae5f64fe07c99ef553f6000e91fbaab92d32f1607dea335f1b69-1.jpg\" class=\"avatar avatar-120 photo\" height=\"120\" width=\"120\" loading=\"lazy\" title=\"d2573a985b95ae5f64fe07c99ef553f6000e91fbaab92d32f1607dea335f1b69-1\"><\/a><\/div>\n<div class=\"cb-meta\">\n<div class=\"cb-info\">\n<div class=\"cb-author-title vcard\"><a href=\"https:\/\/suceavalive.ro\/author\/raluca-bercea\/\"><span class=\"fn\">Raluca Tilihoi<\/span><\/a><\/div>\n<\/div>\n<\/div>\n<\/div>\n<div id=\"cb-related-posts\" class=\"cb-related-posts-block cb-post-end-block clearfix\">\n<h3 class=\"cb-block-title\">Postari asemanatoare<\/h3>\n<ul>\n<li class=\"cb-style-overlay cb-grid-entry cb-related-post no-1\">\n<div class=\"cb-mask\"><a href=\"https:\/\/suceavalive.ro\/calendarul-zilei-de-16-decembrie\/\"><img decoding=\"async\" width=\"360\" height=\"240\" src=\"https:\/\/analyse.optim.biz\/wp-content\/uploads\/2025\/12\/bethoven-360x240-5.jpg\" class=\"attachment-cb-360-240 size-cb-360-240 wp-post-image\" loading=\"lazy\" title=\"bethoven-360x240-5\"><\/a><\/div>\n<div class=\"cb-meta cb-article-meta\">\n<h4 class=\"h3 cb-post-title\"><a href=\"https:\/\/suceavalive.ro\/calendarul-zilei-de-16-decembrie\/\">Calendarul zilei de 16 decembrie<\/a><\/h4>\n<div class=\"cb-byline cb-font-header\">\n<div class=\"cb-date cb-byline-element\"><time datetime=\"2025-12-16\">16 decembrie 2025<\/time><\/div>\n<\/div>\n<\/div>\n<\/li>\n<li class=\"cb-style-overlay cb-grid-entry cb-related-post no-2\">\n<div class=\"cb-mask\"><a href=\"https:\/\/suceavalive.ro\/calendarul-zilei-de-14-decembrie\/\"><img decoding=\"async\" width=\"360\" height=\"240\" src=\"https:\/\/analyse.optim.biz\/wp-content\/uploads\/2025\/12\/radu-beligan-1-360x240-2.jpg\" class=\"attachment-cb-360-240 size-cb-360-240 wp-post-image\" loading=\"lazy\" title=\"radu-beligan-1-360x240-2\"><\/a><\/div>\n<div class=\"cb-meta cb-article-meta\">\n<h4 class=\"h3 cb-post-title\"><a href=\"https:\/\/suceavalive.ro\/calendarul-zilei-de-14-decembrie\/\">Calendarul zilei de 14 decembrie<\/a><\/h4>\n<div class=\"cb-byline cb-font-header\">\n<div class=\"cb-date cb-byline-element\"><time datetime=\"2025-12-14\">14 decembrie 2025<\/time><\/div>\n<\/div>\n<\/div>\n<\/li>\n<\/ul>\n<\/div>\n<\/footer>\n<div id=\"respond\" class=\"comment-respond\">\n<h3 id=\"reply-title\" class=\"comment-reply-title\">Lasa un raspuns <small><a rel=\"nofollow\" id=\"cancel-comment-reply-link\" href=\"https:\/\/suceavalive.ro\/hora-bucovinei-traditiile-si-obiceiurile-din-tara-de-sus-reinviate\/#respond\">Anuleaza raspunsul<\/a><\/small><\/h3>\n<p class=\"comment-notes\">Adresa ta de email nu va fi publicat\u0103.<\/p>\n<\/div>\n<\/article>\n<p> Source URL: https:\/\/suceavalive.ro\/hora-bucovinei-traditiile-si-obiceiurile-din-tara-de-sus-reinviate\/<\/p>\n","protected":false},"excerpt":{"rendered":"<p>\u201dHora Bucovinei\u201d- tradi\u021biile \u0219i obiceiurile din \u021aara de Sus, re\u00eenviate 21 mai 2015 \u201dHora Bucovinei\u201d, o manifestare devenit\u0103 tradi\u021bie deja, reu\u0219e\u0219te s\u0103 adune la un loc, \u00een fiecare an, tot ce are mai de pre\u021b \u021aara de Sus: oameni gospodari, tradi\u021bii \u0219i obiceiuri. Astfel, nu e de mirare c\u0103 \u00een acest an, \u00een Hora Bucovinei [&hellip;]<\/p>\n","protected":false},"author":1,"featured_media":1093772,"comment_status":"open","ping_status":"","sticky":false,"template":"","format":"standard","meta":{"footnotes":""},"categories":[89],"tags":[173],"class_list":["post-1093771","post","type-post","status-publish","format-standard","has-post-thumbnail","hentry","category-romania","tag-suceavalive-ro"],"_links":{"self":[{"href":"https:\/\/analyse.optim.biz\/index.php?rest_route=\/wp\/v2\/posts\/1093771","targetHints":{"allow":["GET"]}}],"collection":[{"href":"https:\/\/analyse.optim.biz\/index.php?rest_route=\/wp\/v2\/posts"}],"about":[{"href":"https:\/\/analyse.optim.biz\/index.php?rest_route=\/wp\/v2\/types\/post"}],"author":[{"embeddable":true,"href":"https:\/\/analyse.optim.biz\/index.php?rest_route=\/wp\/v2\/users\/1"}],"replies":[{"embeddable":true,"href":"https:\/\/analyse.optim.biz\/index.php?rest_route=%2Fwp%2Fv2%2Fcomments&post=1093771"}],"version-history":[{"count":0,"href":"https:\/\/analyse.optim.biz\/index.php?rest_route=\/wp\/v2\/posts\/1093771\/revisions"}],"wp:featuredmedia":[{"embeddable":true,"href":"https:\/\/analyse.optim.biz\/index.php?rest_route=\/wp\/v2\/media\/1093772"}],"wp:attachment":[{"href":"https:\/\/analyse.optim.biz\/index.php?rest_route=%2Fwp%2Fv2%2Fmedia&parent=1093771"}],"wp:term":[{"taxonomy":"category","embeddable":true,"href":"https:\/\/analyse.optim.biz\/index.php?rest_route=%2Fwp%2Fv2%2Fcategories&post=1093771"},{"taxonomy":"post_tag","embeddable":true,"href":"https:\/\/analyse.optim.biz\/index.php?rest_route=%2Fwp%2Fv2%2Ftags&post=1093771"}],"curies":[{"name":"wp","href":"https:\/\/api.w.org\/{rel}","templated":true}]}}