{"id":1093676,"date":"2025-12-16T22:46:13","date_gmt":"2025-12-16T19:46:13","guid":{"rendered":"https:\/\/analyse.optim.biz\/?p=1093676"},"modified":"2025-12-16T22:46:13","modified_gmt":"2025-12-16T19:46:13","slug":"un-barbat-a-murit-dupa-ce-a-mancat-la-pomana-porcului","status":"publish","type":"post","link":"https:\/\/analyse.optim.biz\/?p=1093676","title":{"rendered":"Un b\u0103rbat a murit dup\u0103 ce a m\u00e2ncat la pomana porcului"},"content":{"rendered":"<div class=\"entry-content\">\n<p><a href=\"https:\/\/www.botosaninews.ro\/wp-content\/uploads\/2022\/12\/taiere-porc-stiri.jpg\"><img decoding=\"async\" loading=\"lazy\" class=\"alignright size-medium wp-image-550618\" src=\"https:\/\/analyse.optim.biz\/wp-content\/uploads\/2025\/12\/taiere-porc-stiri-300x169-1.jpg\" width=\"300\" height=\"169\" title=\"taiere-porc-stiri-300x169-1\"><\/a>Un b\u0103rbat a murit dup\u0103 ce a m\u00e2ncat la pomana porcului. S-a \u00eent\u00e2mplat \u00een comuna sucevean\u0103 Panaci. B\u0103rbatul de 75 de ani a mers la un cumnat de-al s\u0103u pentru a-l ajuta pentru sacrificarea unui porc.<\/p>\n<p>Dup\u0103 terminarea treburilor \u00een jurul orei 22:00, omul a m\u00e2ncat bine, apoi a consumat dou\u0103 pahare de \u021buic\u0103 \u0219i s-a culcat \u00eentr-o camer\u0103 din imobilul cumnatului s\u0103u. A doua zi a fost g\u0103sit mort. A fost chemat un echipaj medical, dar din p\u0103cate nu s-a mai putut face nimic pentru el.<\/p>\n<p>Poli\u021bi\u0219tii fac cercet\u0103ri \u00een acest caz.<\/p>\n<\/div>\n","protected":false},"excerpt":{"rendered":"<p>Un b\u0103rbat a murit dup\u0103 ce a m\u00e2ncat la pomana porcului. S-a \u00eent\u00e2mplat \u00een comuna sucevean\u0103 Panaci. B\u0103rbatul de 75 de ani a mers la un cumnat de-al s\u0103u pentru a-l ajuta pentru sacrificarea unui porc. Dup\u0103 terminarea treburilor \u00een jurul orei 22:00, omul a m\u00e2ncat bine, apoi a consumat dou\u0103 pahare de \u021buic\u0103 \u0219i [&hellip;]<\/p>\n","protected":false},"author":1,"featured_media":1093679,"comment_status":"open","ping_status":"","sticky":false,"template":"","format":"standard","meta":{"footnotes":""},"categories":[89],"tags":[174],"class_list":["post-1093676","post","type-post","status-publish","format-standard","has-post-thumbnail","hentry","category-romania","tag-suceavanews-ro"],"_links":{"self":[{"href":"https:\/\/analyse.optim.biz\/index.php?rest_route=\/wp\/v2\/posts\/1093676","targetHints":{"allow":["GET"]}}],"collection":[{"href":"https:\/\/analyse.optim.biz\/index.php?rest_route=\/wp\/v2\/posts"}],"about":[{"href":"https:\/\/analyse.optim.biz\/index.php?rest_route=\/wp\/v2\/types\/post"}],"author":[{"embeddable":true,"href":"https:\/\/analyse.optim.biz\/index.php?rest_route=\/wp\/v2\/users\/1"}],"replies":[{"embeddable":true,"href":"https:\/\/analyse.optim.biz\/index.php?rest_route=%2Fwp%2Fv2%2Fcomments&post=1093676"}],"version-history":[{"count":0,"href":"https:\/\/analyse.optim.biz\/index.php?rest_route=\/wp\/v2\/posts\/1093676\/revisions"}],"wp:featuredmedia":[{"embeddable":true,"href":"https:\/\/analyse.optim.biz\/index.php?rest_route=\/wp\/v2\/media\/1093679"}],"wp:attachment":[{"href":"https:\/\/analyse.optim.biz\/index.php?rest_route=%2Fwp%2Fv2%2Fmedia&parent=1093676"}],"wp:term":[{"taxonomy":"category","embeddable":true,"href":"https:\/\/analyse.optim.biz\/index.php?rest_route=%2Fwp%2Fv2%2Fcategories&post=1093676"},{"taxonomy":"post_tag","embeddable":true,"href":"https:\/\/analyse.optim.biz\/index.php?rest_route=%2Fwp%2Fv2%2Ftags&post=1093676"}],"curies":[{"name":"wp","href":"https:\/\/api.w.org\/{rel}","templated":true}]}}