{"id":1093661,"date":"2025-12-16T22:45:23","date_gmt":"2025-12-16T19:45:23","guid":{"rendered":"https:\/\/analyse.optim.biz\/?p=1093661"},"modified":"2025-12-16T22:45:23","modified_gmt":"2025-12-16T19:45:23","slug":"foto-perchezitii-la-botosani-si-suceava-retea-de-infractori-destructurata-de-anchetatori","status":"publish","type":"post","link":"https:\/\/analyse.optim.biz\/?p=1093661","title":{"rendered":"FOTO Perchezi\u021bii la Boto\u0219ani \u0219i Suceava! Re\u021bea de infractori destructurat\u0103 de anchetatori"},"content":{"rendered":"<div class=\"entry-content\">\n<p><a href=\"https:\/\/www.botosaninews.ro\/wp-content\/uploads\/2012\/10\/politie-frontiera-perchezitii.jpg\"><img decoding=\"async\" loading=\"lazy\" class=\"alignright size-medium wp-image-116881\" src=\"https:\/\/analyse.optim.biz\/wp-content\/uploads\/2025\/12\/politie-frontiera-perchezitii-300x225-1.jpg\" alt=\"politie frontiera, stiri, botosani, perchezitii\" width=\"300\" height=\"225\" title=\"politie-frontiera-perchezitii-300x225-1\"><\/a>O re\u021bea de infractori, care ac\u021biona pe raza jude\u021belor Boto\u0219ani \u0219i Suceava, a fost destructurat\u0103 de anchetatori \u00een urma unor perchezi\u021bii.\u00a0<a href=\"https:\/\/www.botosaninews.ro\/712899\/social\/doliu-la-consiliul-judetean-botosani-o-angajata-a-murit-la-51-de-ani\/\">Poli\u0163i\u015ftii<\/a> de frontier\u0103 din cadrul Serviciului Teritorial al Poli\u0163iei de Frontier\u0103 Boto\u0219ani, cu sprijinul poli\u0163i\u015ftilor de frontier\u0103 din cadrul Inspectoratului Teritorial al Poli\u0163iei de Frontier\u0103 Ia\u015fi, sub coordonarea procurorului din cadrul Parchetului de pe l\u00e2ng\u0103 Judec\u0103toria Boto\u0219ani, au identificat \u0219i destructurat o re\u021bea care desf\u0103\u0219ura activit\u0103\u021bi din sfera contrabandei cu produse din tutun pe raza jude\u021belor Boto\u0219ani \u0219i Suceava.<\/p>\n<p><em><strong>\u201e\u00cen urma activit\u0103\u0163ilor informativ-operative specifice desf\u0103\u0219urate de poli\u021bi\u0219tii de frontier\u0103 judiciari din cadrul Serviciului Teritorial al Poli\u021biei de Frontier\u0103 Boto\u0219ani, cu sprijinul colegilor din cadrul Inspectoratului Teritorial al Poli\u021biei de Frontier\u0103 Ia\u0219i, s-a stabilit c\u0103 mai multe persoane, cet\u0103\u021beni rom\u00e2ni, au ca principal\u0103 preocupare contrabanda cu \u021big\u0103ri pe raza jude\u021bului Boto\u0219ani. Astfel, \u00een data de 12 decembrie a.c., poli\u021bi\u0219tii de frontier\u0103, sub coordonarea procurorului din cadrul Parchetului de pe l\u00e2ng\u0103 Judec\u0103toria Boto\u0219ani, au efectuat perchezi\u021bii domiciliare la 22 de loca\u021bii din jude\u021bele Boto\u0219ani \u0219i Suceava<\/strong><\/em>\u201d, anun\u021b\u0103 poli\u021bi\u0219tii de frontier\u0103.<\/p>\n<p>\u00cen perioada document\u0103rii activit\u0103\u021bii infrac\u021bionale \u0219i \u00een urma perchezi\u021biilor desf\u0103\u0219urate, au fost identificate \u0219i confiscate \u00een total 77.000 de \u021bigarete, \u00een valoare de aproximativ 50.000 de lei. \u00cen urma cercet\u0103rilor s-a stabilit c\u0103 \u021bigaretele de contraband\u0103 erau aduse \u00een \u021bar\u0103 \u00een cantit\u0103\u021bi mici, ascunse \u00een diverse mijloace de transport de c\u0103tre cet\u0103\u021beni rom\u00e2ni, ulterior fiind comercializate \u00een pie\u021bele din jude\u021bul Boto\u0219ani, persoanele cunosc\u00e2nd c\u0103 \u021bigaretele provin din contraband\u0103 \u0219i ob\u021bin\u00e2nd astfel, ilicit, beneficii financiare.<\/p>\n<p>\u00cen cauz\u0103, poli\u021bi\u0219tii de frontier\u0103 efectueaz\u0103 cercet\u0103ri sub aspectul s\u0103v\u00e2r\u0219irii infrac\u021biunii de contraband\u0103. Cercet\u0103rile continu\u0103, \u00een vederea identific\u0103rii cu exactitate a tuturor persoanelor implicate \u015fi stabilirii \u00eemprejur\u0103rilor \u00een care au fost s\u0103v\u00e2r\u015fite faptele.<\/p>\n<p>Activitatea a beneficiat de sprijinul poli\u021bi\u0219tilor din cadrul SCCO Boto\u0219ani, IPJ Boto\u0219ani, poli\u021bi\u0219tilor de frontier\u0103 din cadrul STPF Suceava, precum \u0219i a jandarmilor din cadrul IJJ Boto\u0219ani. Suportul tehnic \u0219i de specialitate au fost asigurate de S.O.S. Boto\u0219ani \u0219i B.O.S. Suceava.<\/p>\n<p><strong><a href=\"https:\/\/news.google.com\/publications\/CAAqBwgKMMy4pgswtMO-Aw?ceid=RO:ro&amp;oc=3\" target=\"_blank\" rel=\"noopener\" data-saferedirecturl=\"https:\/\/www.google.com\/url?q=https:\/\/news.google.com\/publications\/CAAqBwgKMMy4pgswtMO-Aw?ceid%3DRO:ro%26oc%3D3&amp;source=gmail&amp;ust=1765373173942000&amp;usg=AOvVaw2XWsRDY_BSJUZdBPOzLoEl\">Urmareste-ne pe Google News<\/a><\/strong><\/p>\n<div id=\"gallery-1\" class=\"gallery galleryid-318344 gallery-columns-3 gallery-size-thumbnail\">\n<dl class=\"gallery-item\">\n<dt class=\"gallery-icon landscape\"><a href=\"https:\/\/suceavanews.ro\/wp-content\/uploads\/2025\/12\/tigari-frontiera-1.jpeg\"><img decoding=\"async\" width=\"150\" height=\"150\" src=\"https:\/\/analyse.optim.biz\/wp-content\/uploads\/2025\/12\/tigari-frontiera-1-150x150-1.jpeg\" class=\"attachment-thumbnail size-thumbnail\" loading=\"lazy\" title=\"tigari-frontiera-1-150x150-1\"><\/a><\/dt>\n<\/dl>\n<dl class=\"gallery-item\">\n<dt class=\"gallery-icon landscape\"><a href=\"https:\/\/suceavanews.ro\/wp-content\/uploads\/2025\/12\/tigari-frontiera-2.jpeg\"><img decoding=\"async\" width=\"150\" height=\"150\" src=\"https:\/\/analyse.optim.biz\/wp-content\/uploads\/2025\/12\/tigari-frontiera-2-150x150-1.jpeg\" class=\"attachment-thumbnail size-thumbnail\" loading=\"lazy\" title=\"tigari-frontiera-2-150x150-1\"><\/a><\/dt>\n<\/dl>\n<dl class=\"gallery-item\">\n<dt class=\"gallery-icon landscape\"><a href=\"https:\/\/suceavanews.ro\/wp-content\/uploads\/2025\/12\/tigari-frontiera-3.jpeg\"><img decoding=\"async\" width=\"150\" height=\"150\" src=\"https:\/\/analyse.optim.biz\/wp-content\/uploads\/2025\/12\/tigari-frontiera-3-150x150-1.jpeg\" class=\"attachment-thumbnail size-thumbnail\" loading=\"lazy\" title=\"tigari-frontiera-3-150x150-1\"><\/a><\/dt>\n<\/dl>\n<p><\/div>\n<\/div>\n","protected":false},"excerpt":{"rendered":"<p>O re\u021bea de infractori, care ac\u021biona pe raza jude\u021belor Boto\u0219ani \u0219i Suceava, a fost destructurat\u0103 de anchetatori \u00een urma unor perchezi\u021bii.\u00a0Poli\u0163i\u015ftii de frontier\u0103 din cadrul Serviciului Teritorial al Poli\u0163iei de Frontier\u0103 Boto\u0219ani, cu sprijinul poli\u0163i\u015ftilor de frontier\u0103 din cadrul Inspectoratului Teritorial al Poli\u0163iei de Frontier\u0103 Ia\u015fi, sub coordonarea procurorului din cadrul Parchetului de pe l\u00e2ng\u0103 [&hellip;]<\/p>\n","protected":false},"author":1,"featured_media":1093662,"comment_status":"open","ping_status":"","sticky":false,"template":"","format":"standard","meta":{"footnotes":""},"categories":[89],"tags":[174],"class_list":["post-1093661","post","type-post","status-publish","format-standard","has-post-thumbnail","hentry","category-romania","tag-suceavanews-ro"],"_links":{"self":[{"href":"https:\/\/analyse.optim.biz\/index.php?rest_route=\/wp\/v2\/posts\/1093661","targetHints":{"allow":["GET"]}}],"collection":[{"href":"https:\/\/analyse.optim.biz\/index.php?rest_route=\/wp\/v2\/posts"}],"about":[{"href":"https:\/\/analyse.optim.biz\/index.php?rest_route=\/wp\/v2\/types\/post"}],"author":[{"embeddable":true,"href":"https:\/\/analyse.optim.biz\/index.php?rest_route=\/wp\/v2\/users\/1"}],"replies":[{"embeddable":true,"href":"https:\/\/analyse.optim.biz\/index.php?rest_route=%2Fwp%2Fv2%2Fcomments&post=1093661"}],"version-history":[{"count":0,"href":"https:\/\/analyse.optim.biz\/index.php?rest_route=\/wp\/v2\/posts\/1093661\/revisions"}],"wp:featuredmedia":[{"embeddable":true,"href":"https:\/\/analyse.optim.biz\/index.php?rest_route=\/wp\/v2\/media\/1093662"}],"wp:attachment":[{"href":"https:\/\/analyse.optim.biz\/index.php?rest_route=%2Fwp%2Fv2%2Fmedia&parent=1093661"}],"wp:term":[{"taxonomy":"category","embeddable":true,"href":"https:\/\/analyse.optim.biz\/index.php?rest_route=%2Fwp%2Fv2%2Fcategories&post=1093661"},{"taxonomy":"post_tag","embeddable":true,"href":"https:\/\/analyse.optim.biz\/index.php?rest_route=%2Fwp%2Fv2%2Ftags&post=1093661"}],"curies":[{"name":"wp","href":"https:\/\/api.w.org\/{rel}","templated":true}]}}