{"id":1092626,"date":"2014-06-04T22:10:05","date_gmt":"2014-06-04T19:10:05","guid":{"rendered":"https:\/\/analyse.optim.biz\/?p=1092626"},"modified":"2014-06-04T22:10:05","modified_gmt":"2014-06-04T19:10:05","slug":"castelul-banloc-tot-in-ruine","status":"publish","type":"post","link":"https:\/\/analyse.optim.biz\/?p=1092626","title":{"rendered":"Castelul Banloc, tot \u00een ruine"},"content":{"rendered":"<div class=\"pf-content\">\n<p><a href=\"http:\/\/timpolis.ro\/wp-content\/uploads\/2014\/06\/Castel-Bnloc-in-paragina.jpg\"><img decoding=\"async\" loading=\"lazy\" alt=\"Castel Bnloc in paragina\" height=\"160\" title=\"Castel Bnloc in paragina\" width=\"250\" class=\"alignright size-medium wp-image-8400 lazyload\" src=\"https:\/\/analyse.optim.biz\/wp-content\/uploads\/2025\/12\/castel-bnloc-in-paragina-270x168-1.jpg\"><\/a><\/p>\n<p><img decoding=\"async\" loading=\"lazy\" alt=\"Castel Bnloc in paragina\" class=\"alignright size-medium wp-image-8400\" height=\"160\" src=\"https:\/\/analyse.optim.biz\/wp-content\/uploads\/2025\/12\/castel-bnloc-in-paragina-270x168-1.jpg\" title=\"Castel Bnloc in paragina\" width=\"250\"><strong>De\u015fi de peste 20 de ani presa local\u0103 trage semnale legate de starea de degradare avansat\u0103 \u00een care a ajuns Castelul de la Banloc, reabilitarea \u015fi salvarea acestei bijuterii arhitectonice continu\u0103 s\u0103 \u00eent\u00e2rzie. Cu toate c\u0103 se spera c\u0103 preluarea sa de c\u0103tre Mitropolia Banatului, pentru utilizare ca \u015fi centru ecumenic, va duce la ini\u0163ierea reabilit\u0103rii, acest lucru nu s-a \u00eent\u00e2mplat din cauza ac\u0163iunii de revendicare \u00eenaintate de Paul Lambrino.<\/strong><\/p>\n<p>\n\t\u00a0\n<\/p>\n<h4><strong>O stare de blocaj care accentueaz\u0103 degradarea ansamblului arhitectonic<\/strong><br \/><\/h4>\n<p>\n\tDin cauza st\u0103rii avansate de degradare la care a ajuns Castelul de la Banloc \u2013 unul din monumentele arhitectonice reprezentative pentru Banat \u2013, Prim\u0103ria Banloc a c\u0103utat de-a lungul anilor diverse forme de ob\u0163inere a finan\u0163\u0103rii necesare reabilit\u0103rii, care dep\u0103\u015fe\u015fte cu mult posibilit\u0103\u0163ile bugetului local al unei comune. A\u015fa s-a ajuns ca \u00een anul 2008, castelul s\u0103 fie cedat, \u00een concesiune, Mitropoliei Banatului, pe o perioad\u0103 de 49 de ani, pentru a realiza un centru ecumenic.\n<\/p>\n<p>\n\tViitorul Castelului de la Banloc r\u0103m\u00e2ne, momentan, o enigm\u0103. Dup\u0103 ce decenii \u00eentregi s-au perindat \u00een el diver\u015fi proprietari, fosta re\u015fedin\u0163\u0103 a prin\u0163esei ar putea ajunge \u00een posesia prin\u0163ului Paul Lambrino. Acesta se afl\u0103 \u00eentr-un proces pentru retrocedarea domeniului de la Banloc, care cuprinde 200 de hectare de teren, \u00een care intr\u0103 o p\u0103dure, pesc\u0103ria \u015fi orez\u0103ria. Al\u0103turi de acestea, Paul Lambrino cere \u015fi castelul, care a apar\u0163inut prin\u0163esei Elisabeta. Av\u00e2nd \u00een vedere c\u0103 exist\u0103 un litigiu pentru castel, Mitropolia nu a putut face demersuri pentru realizarea unui centru ecumenic, a\u015fa cum era \u00een plan.\n<\/p>\n<p>\n\tSingurele investi\u0163ii mai importante au fost cele ale Ministerului Culturii care, \u00een anul 2000, a f\u0103cut lucr\u0103ri de consolidare \u00een valoare de 1,5 miliarde de lei. Chiar dac\u0103 \u00een acte are un proprietar, Mitropolia Banatului, castelul este p\u0103r\u0103sit. Exist\u0103 doar un paznic care are grij\u0103 de domeniul aflat la 50 de kilometri de Timi\u015foara.\n<\/p>\n<p><em>\u201e\u00cen ultima perioad\u0103 s-a reu\u015fit doar s\u0103 se repare acoperi\u015ful. Mitropolia Banatului nu poate investi \u00een momentul de fa\u0163\u0103 \u00een lucr\u0103ri de reabilitare, pentru transformarea \u00een centru ecumenic at\u00e2ta vreme c\u00e2t exist\u0103 acest litigiu care se afl\u0103 \u00een derulare. Procesul s-a perindat de ani buni pe la diverse instan\u0163e \u015fi a ajuns acum la \u00cenalta Curte de Casa\u0163ie \u015fi Justi\u0163ie, unde sper\u0103m c\u0103 se va solu\u0163iona c\u00e2t mai repede\u201d,<\/em> declar\u0103 <strong>Cornel To\u0163a<\/strong>, primarul comunei Banloc.\n<\/p>\n<p>\n\tAcesta mai spune c\u0103, din cauza a situa\u0163iei legate de revendicare, diversele ini\u0163iative de reabilitare care au ap\u0103rut de-a lungul ultimilor ani au r\u0103mas la stadiul de proiecte. <em>\u201eAu existat mai multe ini\u0163iative, ale studen\u0163ilor de la Facultatea de Arhitectur\u0103, au existat proiecte ale unor peisagi\u015fti \u015fi au fost ini\u0163iate \u015fi ac\u0163iuni de igienizare a parcului, care, din cauza umezelii accentuate, \u015fubreze\u015fte \u015fi mai mult cl\u0103dirile. Din p\u0103cate, nu s-a putut concretiza mare lucru, din cauz\u0103 c\u0103 statutul legat de proprietatea cl\u0103dirii este unul nesigur, p\u00e2n\u0103 nu se finalizeaz\u0103 procesul\u201d<\/em>, afirm\u0103 Cornel To\u0163a.\n<\/p>\n<h4><strong>Cine este cel care revendic\u0103 proprietatea de la Banloc?<\/strong><br \/><\/h4>\n<p><a href=\"http:\/\/timpolis.ro\/wp-content\/uploads\/2014\/06\/Printul-Paul-Lambrino-portret.jpg\"><img decoding=\"async\" loading=\"lazy\" alt=\"Printul Paul Lambrino portret\" height=\"214\" title=\"Printul Paul Lambrino portret\" width=\"160\" class=\"alignright size-medium wp-image-8398 lazyload\" src=\"https:\/\/analyse.optim.biz\/wp-content\/uploads\/2025\/12\/printul-paul-lambrino-portret-202x270-1.jpg\"><\/a><\/p>\n<p><img decoding=\"async\" loading=\"lazy\" alt=\"Printul Paul Lambrino portret\" class=\"alignright size-medium wp-image-8398\" height=\"214\" src=\"https:\/\/analyse.optim.biz\/wp-content\/uploads\/2025\/12\/printul-paul-lambrino-portret-202x270-1.jpg\" title=\"Printul Paul Lambrino portret\" width=\"160\">Prin\u0163ul Paul este nepotul Regelui Carol al II-lea. \u00cen urma a dou\u0103 procese de paternitate \u00een Portugalia \u015fi Fran\u0163a, c\u00e2\u015ftigate de tat\u0103l s\u0103u, numele legal recunoscut \u00een UE al lui Paul este Paul Philippe, Prin\u0163 de Hohenzollern, Prin\u0163 al Rom\u00e2niei. Mama lui Paul este Helene Nagavitzine, prima so\u0163ie a lui Mircea Grigore Carol, fiul lui Carol al II-lea. Paul sus\u0163ine c\u0103 el este adev\u0103ratul succesor la tronul Rom\u00e2niei, de\u015fi mariajul lui Carol al II-lea cu Zizi Lambrino (mariaj ce a dus la na\u015fterea tat\u0103lui s\u0103u, \u00een ianuarie 1920) a fost anulat de c\u0103tre Tribunalul Ilfov, \u00een ianuarie 1919. Aceast\u0103 hot\u0103r\u00e2re a fost contestat\u0103 \u00een tribunalele interna\u0163ionale, unde Paul al Rom\u00e2niei a c\u00e2\u015ftigat recunoa\u015fterea faptului c\u0103 tat\u0103l s\u0103u este fiul legitim al lui Carol al II-lea. Iar pe 14 februarie 2012, \u00cenalta Curte de Casa\u0163ie \u015fi Justi\u0163ie i-a recunoscut tat\u0103lui s\u0103u, Carol Mircea, calitatea de fiu legitim al regelui Carol al II-lea, iar Paul a fost recunoscut astfel drept mo\u015ftenitor al lui Carol al II-lea.<\/p>\n<h4><strong>O istorie ce se \u00eentrep\u0103trunde cu cea a Banatului<\/strong><br \/><\/h4>\n<p><a href=\"http:\/\/timpolis.ro\/wp-content\/uploads\/2014\/06\/Castel-Bnloc-in-paragina-2.jpg\"><img decoding=\"async\" loading=\"lazy\" alt=\"Castel Bnloc in paragina 2\" height=\"188\" title=\"Castel Bnloc in paragina 2\" width=\"250\" class=\"alignright size-medium wp-image-8399 lazyload\" src=\"https:\/\/analyse.optim.biz\/wp-content\/uploads\/2025\/12\/castel-bnloc-in-paragina-2-270x202-1.jpg\"><\/a><\/p>\n<p><img decoding=\"async\" loading=\"lazy\" alt=\"Castel Bnloc in paragina 2\" class=\"alignright size-medium wp-image-8399\" height=\"188\" src=\"https:\/\/analyse.optim.biz\/wp-content\/uploads\/2025\/12\/castel-bnloc-in-paragina-2-270x202-1.jpg\" title=\"Castel Bnloc in paragina 2\" width=\"250\">De\u015fi o seam\u0103 de m\u0103rturii sugereaz\u0103 c\u0103 Banlocul ar fi fost \u00eentre anii 1552 \u2013 1716 sediul pa\u015fei\u00a0 stabilit \u00een cetatea actualei Timi\u015foare, despre castel se poate afirma cu certitudine c\u0103 a fost cl\u0103dit pe temelii vechi \u00een anul 1793, de c\u0103tre contele L\u00e1z\u00e1r Kar\u00e1tsonyi. At\u00e2t cl\u0103direa, c\u00e2t \u015fi parcul au fost decorate pe \u00eentreg parcursul secolului XIX \u015fi p\u00e2n\u0103 \u00een primii ani ai secolului XX. Dup\u0103 Primul R\u0103zboi Mondial ocupa\u0163ia s\u00e2rb\u0103 a adus primele devast\u0103ri, prefigur\u00e2nd parc\u0103 jaful la scar\u0103 mare ce urma \u00een anii 1948-1989. Grevat de datorii, ultimul conte Kar\u00e1tsonyi-Keglevich Imre a v\u00e2ndut, \u00een anul 1935, ceea ce a r\u0103mas din domeniu, inclusiv castelul \u015fi parcul, Reginei Elisabeta a Greciei, sora Regelui Carol al II-lea al Rom\u00e2niei. Aceasta a renovat \u00eentregul complex, castelul cunosc\u00e2nd astfel o ultim\u0103 perioad\u0103 de glorie.<\/p>\n<p>\n\t\u00cen articolul intitulat <em>\u201eBanlocul. Povestea unui grof \u2013 Castelul istoric -\u2013St\u0103p\u00e2na de azi, A.S.R. Principesa Elisabeta\u201d,<\/em> ap\u0103rut \u00een ziarul Dacia, din 7 august 1939, preotul Ioan B. Mure\u015fianu scria: <em>\u201eFrumuse\u0163ea Banlocului o d\u0103 parcul ce ia o bun\u0103 parte din aripa dreapt\u0103 a satului, sf\u00e2r\u015findu-\u015fi zidurile \u00eenconjur\u0103toare ca de cetate spre centru. La r\u0103scrucea aleilor vegheaz\u0103 statui \u015fi inscrip\u0163ii lapidare romane, d\u0103ltuite \u00een primele decenii dup\u0103 cucerirea Daciei, luate de la Sarmizegetuza. Printre liniile de brazi, st\u0103 legat \u00een cercuri \u015fi cu r\u0103nile cimentate, unul din cei 100 de aca\u0163i, adu\u015fi din America sub Maria Thereza. Castelul \u00ee\u015fi ridic\u0103 zidurile cu linie gotic\u0103 \u00eendulcit\u0103, cu v\u00e2rful de s\u0103geat\u0103 ascu\u0163it\u0103, \u00een fa\u0163a parcului. A fost zidit pe temelii b\u0103tr\u00e2ne, \u00een 1783. Sunt ad\u0103postite aici o sumedenie de antichit\u0103\u0163i, tablouri rococo, pre\u0163ioase picturi \u00een miniatur\u0103, sculpturi \u00een marmor\u0103, executate de celebri sculptori italieni \u015fi o frumoas\u0103 colec\u0163ie de arme. O curiozitate deosebit\u0103 o prezint\u0103 colec\u0163ia de caricaturi, mumia adus\u0103 din Egipt \u015fi un arc de care se leag\u0103 o \u00eentreag\u0103 poveste\u2026\u201d<\/em><\/p>\n<p>\n\tElemente din decora\u0163iunile castelului i-au fost prin\u0163esei surs\u0103 de inspira\u0163ie pentru decorarea Palatului Elisabeta, din Bucure\u015fti. Grifonul \u00eenaripat, \u00eent\u00e2lnit at\u00e2t pe blazonul familiei Kar\u00e1tsonyi c\u00e2t \u015fi la piesele de mobilier \u00een stil Empire din castel, poate fi v\u0103zut \u015fi \u00een decora\u0163iunile palatului din Bucure\u015fti, \u00een diferite ipostaze. Dup\u0103 piesele de mobilier de rena\u015ftere spaniol\u0103 (o parte fiind p\u0103strate la Muzeul de Art\u0103 din Timi\u015foara) au fost realizate c\u00f3pii ce exist\u0103 \u015fi \u00een prezent \u00een palatul de la \u015eoseaua Kisseleff.\n<\/p>\n<p>\n\tToate acestea au r\u0103mas \u00eens\u0103 doar amintiri, dintr-un trecut deja uitat\u2026 Dup\u0103 anul 1948 Castelul de la Banloc a intrat \u00eentr-o perioad\u0103 neagr\u0103, din care nu a mai ie\u015fit p\u00e2n\u0103 azi. Imediat dup\u0103 plecarea reginei \u015fi alungarea angaja\u0163ilor, statuile parcului au fost vandalizate cu b\u00e2tele, iar arhiva \u015fi biblioteca au fost arse. Cl\u0103direa castelului a fost, pe r\u00e2nd apoi, atribuit\u0103 Gospod\u0103riei Agricole de Stat (1950 \u2013 1956), Ocolului Silvic (1956 \u2013 1958), apoi a devenit Cas\u0103 de b\u0103tr\u00e2ni (1958 \u2013 1964). A stat abandonat aproape doi ani, apoi a devenit orfelinat (1966 \u2013 1983) \u015fi, prin schimb \u00eentre Inspectoratul \u015fcolar \u015fi Leag\u0103nul de copii, \u015fcoala cu clasele I-X (1983 \u2013 1991). O parte a parcului a fost atribuit\u0103 fermei agricole.\u00a0\n<\/p>\n<p>\n\tConstruit pe un plan \u00een form\u0103 de \u201eU\u201d, castelul din Banloc este o cl\u0103dire masiv\u0103, cu ziduri groase, de circa 1,25 m, din c\u0103r\u0103mid\u0103 ars\u0103, cu fa\u0163ada principal\u0103 orientat\u0103 spre sud, iar spre nord, cu dou\u0103 aripi form\u00e2nd o curte terasat\u0103 (curtea de onoare). Realizat \u00een stil renascentist, pe fa\u0163ada de sud ca unic ornament, castelul avea un atic prev\u0103zut cu blazonul din piatr\u0103 al familiei Kar\u00e1tsonyi. Acest \u00eensemn heraldic a fost p\u0103strat \u015fi dup\u0103 ce castelul a devenit proprietatea Casei Regale a Rom\u00e2niei, fiind dat jos dup\u0103 anul 1948. \u00cen fapt, a fost literalmente aruncat \u00een fosa septic\u0103 a castelului. Acela\u015fi \u00eensemn heraldic exista \u015fi pe un mozaic aflat \u00een curtea de onoare a castelului. Tot aici mai era men\u0163ionat anul \u201eMDCCLIX\u201d. Aticul a c\u0103zut definitiv, la cutremurul din anul 1991, c\u00e2nd a spart acoperi\u015ful \u015fi tavanul salonului de la etaj, f\u0103c\u00e2ndu-se buc\u0103\u0163i pe pardoseala camerei. Castelul are pivni\u0163\u0103, parter, etaj \u015fi pod. Sistemul de organizare spa\u0163ial\u0103 at\u00e2t la parter, c\u00e2t \u015fi la etaj este identic \u015fi se compune, \u00een centrul tractului principal, dintr-o sal\u0103 dominant\u0103, perpendicular\u0103 cu fa\u0163ada, care trece prin \u00eentregul corp al cl\u0103dirii. La parter, aceast\u0103 sal\u0103 s-a format prin zidirea unei mai vechi intr\u0103ri boltite, fapt observat \u00een zid\u0103ria cl\u0103dirii. \u00a0\n<\/p>\n<p>\n\tCastelul de la Banloc se deta\u015feaz\u0103 oarecum de celelalte castele vechi din vestul \u0163\u0103rii\u00a0 datorit\u0103 unui anumit complex de \u00eemprejur\u0103ri prin care a trecut de-a lungul timpului. \u00cen primul r\u00e2nd datorit\u0103 istoriei lui ca re\u015fedin\u0163\u0103 a familiei Kar\u00e1tsonyi timp de 142 de ani, mai apoi ca domeniu regal a fost mereu \u00een aten\u0163ia contemporanilor, din aprecierea acestora nelipsind elogii precum parc de toat\u0103 frumuse\u0163ea, amenajat dup\u0103 toate regulile unui parc romantic. \u00cen al doilea r\u00e2nd pentru faptul c\u0103 p\u00e2n\u0103 acum \u2013 cu excep\u0163ia unor reconstituiri \u2013 nu a fost \u00eentocmit\u0103 o eviden\u0163\u0103 foarte riguroas\u0103, bazat\u0103 pe documente care s\u0103 ateste soarta valoroaselor bunuri adunate \u00een acest castel de-a lungul deceniilor.<\/p>\n<div id=\"metaslider-id-56545\" class=\"ml-slider-3-18-9 metaslider metaslider-responsive metaslider-56545 ml-slider nav-hidden nav-hidden nav-hidden\">\n<div id=\"metaslider_container_56545\">\n<ul id=\"metaslider_56545\" class=\"rslides\">\n<li><a href=\"https:\/\/iuliustown.ro\/ro\" target=\"_blank\"><img decoding=\"async\" width=\"610\" height=\"260\" loading=\"lazy\" title=\"Banner Iulius Town - decembrie 2025 - 610x260\" class=\"slider-56545 slide-60736 lazyload\" src=\"https:\/\/analyse.optim.biz\/wp-content\/uploads\/2025\/12\/banner-iulius-town-decembrie-2025-610x260-1-71.png\"><img decoding=\"async\" width=\"610\" height=\"260\" src=\"https:\/\/analyse.optim.biz\/wp-content\/uploads\/2025\/12\/banner-iulius-town-decembrie-2025-610x260-1-71.png\" class=\"slider-56545 slide-60736\" loading=\"lazy\" title=\"Banner Iulius Town - decembrie 2025 - 610x260\"><\/a><\/li>\n<\/ul>\n<\/div>\n<\/div>\n<div class=\"printfriendly pf-alignright\"><a href=\"https:\/\/timpolis.ro\/castelul-banloc-tot-in-ruine\/\" rel=\"nofollow\" title=\"Printer Friendly, PDF &amp; Email\"><img decoding=\"async\" alt=\"Print Friendly, PDF &amp; Email\" class=\"lazyload\" src=\"https:\/\/analyse.optim.biz\/wp-content\/uploads\/2025\/12\/print-button-71.png\" title=\"print-button-71\"><img decoding=\"async\" src=\"https:\/\/analyse.optim.biz\/wp-content\/uploads\/2025\/12\/print-button-71.png\" alt=\"Print Friendly, PDF &amp; Email\" title=\"print-button-71\"><\/a><\/div>\n<\/div>\n<p> Source URL: https:\/\/timpolis.ro\/castelul-banloc-tot-in-ruine\/<\/p>\n","protected":false},"excerpt":{"rendered":"<p>De\u015fi de peste 20 de ani presa local\u0103 trage semnale legate de starea de degradare avansat\u0103 \u00een care a ajuns Castelul de la Banloc, reabilitarea \u015fi salvarea acestei bijuterii arhitectonice continu\u0103 s\u0103 \u00eent\u00e2rzie. Cu toate c\u0103 se spera c\u0103 preluarea sa de c\u0103tre Mitropolia Banatului, pentru utilizare ca \u015fi centru ecumenic, va duce la ini\u0163ierea [&hellip;]<\/p>\n","protected":false},"author":1,"featured_media":1092627,"comment_status":"open","ping_status":"","sticky":false,"template":"","format":"standard","meta":{"footnotes":""},"categories":[89],"tags":[202],"class_list":["post-1092626","post","type-post","status-publish","format-standard","has-post-thumbnail","hentry","category-romania","tag-timpolis-ro"],"_links":{"self":[{"href":"https:\/\/analyse.optim.biz\/index.php?rest_route=\/wp\/v2\/posts\/1092626","targetHints":{"allow":["GET"]}}],"collection":[{"href":"https:\/\/analyse.optim.biz\/index.php?rest_route=\/wp\/v2\/posts"}],"about":[{"href":"https:\/\/analyse.optim.biz\/index.php?rest_route=\/wp\/v2\/types\/post"}],"author":[{"embeddable":true,"href":"https:\/\/analyse.optim.biz\/index.php?rest_route=\/wp\/v2\/users\/1"}],"replies":[{"embeddable":true,"href":"https:\/\/analyse.optim.biz\/index.php?rest_route=%2Fwp%2Fv2%2Fcomments&post=1092626"}],"version-history":[{"count":0,"href":"https:\/\/analyse.optim.biz\/index.php?rest_route=\/wp\/v2\/posts\/1092626\/revisions"}],"wp:featuredmedia":[{"embeddable":true,"href":"https:\/\/analyse.optim.biz\/index.php?rest_route=\/wp\/v2\/media\/1092627"}],"wp:attachment":[{"href":"https:\/\/analyse.optim.biz\/index.php?rest_route=%2Fwp%2Fv2%2Fmedia&parent=1092626"}],"wp:term":[{"taxonomy":"category","embeddable":true,"href":"https:\/\/analyse.optim.biz\/index.php?rest_route=%2Fwp%2Fv2%2Fcategories&post=1092626"},{"taxonomy":"post_tag","embeddable":true,"href":"https:\/\/analyse.optim.biz\/index.php?rest_route=%2Fwp%2Fv2%2Ftags&post=1092626"}],"curies":[{"name":"wp","href":"https:\/\/api.w.org\/{rel}","templated":true}]}}