{"id":1092613,"date":"2014-06-11T22:10:27","date_gmt":"2014-06-11T19:10:27","guid":{"rendered":"https:\/\/analyse.optim.biz\/?p=1092613"},"modified":"2014-06-11T22:10:27","modified_gmt":"2014-06-11T19:10:27","slug":"satenii-din-uliuc-care-si-au-reparat-singuri-drumul-s-ar-putea-trezi-cu-dosare-penale","status":"publish","type":"post","link":"https:\/\/analyse.optim.biz\/?p=1092613","title":{"rendered":"S\u0103tenii din Uliuc care \u015fi-au reparat singuri drumul s-ar putea trezi cu dosare penale"},"content":{"rendered":"<div class=\"pf-content\">\n<p><a href=\"http:\/\/timpolis.ro\/wp-content\/uploads\/2014\/06\/Protest-Uliuc.jpg\"><img decoding=\"async\" loading=\"lazy\" alt=\"Protest Uliuc\" height=\"167\" title=\"Protest Uliuc\" width=\"251\" class=\"alignright size-medium wp-image-8553 lazyload\" src=\"https:\/\/analyse.optim.biz\/wp-content\/uploads\/2025\/12\/protest-uliuc-270x180-1.jpg\"><\/a><\/p>\n<p><img decoding=\"async\" loading=\"lazy\" alt=\"Protest Uliuc\" class=\"alignright size-medium wp-image-8553\" height=\"167\" src=\"https:\/\/analyse.optim.biz\/wp-content\/uploads\/2025\/12\/protest-uliuc-270x180-1.jpg\" title=\"Protest Uliuc\" width=\"251\"><strong>O situa\u0163ie 100% \u201cmade in Ro\u201d a ajuns \u015ftire na\u0163ional\u0103 dup\u0103 ce mai mai mul\u0163i locuitori din satele timi\u015fene Unip \u015fi Uliuc au organizat proteste, cer\u00e2nd\u2026 asfalt pe drumul care leag\u0103 localit\u0103\u0163ile lor de drumul jude\u0163ean Timi\u015foara- Buzia\u015f. Ce a urmat se \u00eenscrie \u00eens\u0103 \u00een acela\u015fi fascinant mers al lucrurilor din Rom\u00e2nia. Dup\u0103 ce aceia\u015fi s\u0103teni s-au apucat s\u0103-\u015fi repare singuri drumul, acum risc\u0103 s\u0103 se aleag\u0103 cu\u2026 dosare penale, pentru interven\u0163ii neautorizate pe domeniul public.<\/strong><\/p>\n<p>\n\t\u00a0\n<\/p>\n<h4><strong>Ini\u0163iativ\u0103 cu consecin\u0163e penale<\/strong><br \/><\/h4>\n<p>\n\tAnul trecut, dar \u015fi la \u00eenceputul acestui an au beneficiat de o mediatizare maxim\u0103 ineditele proteste ale s\u0103tenilor din localit\u0103\u0163ile timi\u015fene Unip \u015fi Uliuc, apar\u0163in\u0103toare de comuna Saco\u015fu Turcesc, care au ie\u015fit \u00een strad\u0103, la propriu, cer\u00e2nd asfaltarea Drumului Comunal 154, care leag\u0103 localit\u0103\u0163ile lor de drumul jude\u0163ean Timi\u015foara- Buzia\u015f. Nu avea cum s\u0103 nu suscite interes un asemenea protest, la care se scandau lozinci gen\u00a0 <em>\u201eTaxe pl\u0103tim, impozite pl\u0103tim, drum asfaltat c\u00e2nd primim?\u201d. <\/em>Protestele s-au organizat \u015fi s-au terminat, \u015ftirile au fost uitate \u015fi, \u00eentre timp, situa\u0163ia nu s-a rezolvat, ba chiar are parte de o urmare tipic rom\u00e2neasc\u0103.\n<\/p>\n<p>\n\tV\u0103z\u00e2nd c\u0103, \u00een ciuda protestelore nu se \u00eent\u00e2mpl\u0103 nimic, s\u0103tenii au pus m\u00e2n\u0103 de la m\u00e2n\u0103 \u015fi au pl\u0103tit o serie de lucr\u0103ri de reabilitare ale respectivului drum, pentru a se putea circula cu ma\u015fina pe el, \u00een condi\u0163ii c\u00e2t de c\u00e2t decente. <em>\u201cNici nu \u015ftiu ce au f\u0103cut exact. Din c\u00e2te am \u00een\u0163eles, au adus un utilaj s\u0103 mai \u00eendrepte, cu o lam\u0103, unele por\u0163iuni de drum\u201d,<\/em> spune primarul comunei Saco\u015fu Turcesc, <strong>Gabriel Adrian Koller<\/strong>.\n<\/p>\n<p>\n\tIni\u0163iativa ar putea avea \u00eens\u0103 urm\u0103ri nea\u015fteptate, \u00een sensul c\u0103 drumarii de ocazie s-ar putea alege cu dosare penale pentru interven\u0163ii neautorizate pe domeniul public. <em>\u201cOrice interven\u0163ie neautorizat\u0103 pe drumurile publice e ilegal\u0103. Nu se poate interveni pe un drum public f\u0103r\u0103 autoriza\u0163ie. Ce s-ar \u00eent\u00e2mpla dac\u0103 fiecare s-ar apuca s\u0103 fac\u0103 tot felul de lucr\u0103ri la infrastructura public\u0103?\u201d,<\/em> spune primarul comunei Saco\u015fu Turcesc.\n<\/p>\n<p>\n\tGabriel Adrian Koller sus\u0163ine c\u0103 a f\u0103cut tot ce se putea pentru a realiza aceast\u0103 lucrare de interes public \u015fi c\u0103, de\u015fi s-a realizat \u015fi un proiect pentru ob\u0163inerea de finan\u0163\u0103ri europene, \u00een exerci\u0163iul financiar precedent, proiectul nu s-a calificat pentru finan\u0163are, consider\u00e2ndu-se, pe criterii greu de \u00een\u0163eles c\u0103 exist\u0103 alte proiecte mult mai \u00eendrept\u0103\u0163ite s\u0103 primeasc\u0103 finan\u0163are.\n<\/p>\n<p>\n\tAcum, Prim\u0103ria a depus documenta\u0163ia pentru ob\u0163inerea de finan\u0163are de la Guvern, prin Ordonan\u0163a de Guvern 28 din 10 aprilie 2013 pentru aprobarea Programului na\u0163ional de dezvoltare local\u00a0 pentru pietruirea drumurilor comunale, alimentarea cu apa a satelor, conectarea satelor la re\u0163eaua de electrificare \u015fi la re\u0163elele telefonice. <em>\u201cEu consider c\u0103 Prim\u0103ria a f\u0103cut tot ce a depins de ea, pentru repararea drumului respectiv, \u00eencep\u00e2nd cu \u00eencercarea de a ob\u0163ine fonduri prin programul SAPARD. Din p\u0103cate, de fiecare dat\u0103 nu s-a alocat finan\u0163are pentru acest proiect. Eu cred c\u0103 nu este primar \u00een Rom\u00e2nia care s\u0103 nu-\u015fi doreasc\u0103 s\u0103 asfalteze drumurile din localitate \u015fi din satele apar\u0163in\u0103toare. \u00cenc\u0103 cum proiectul este evaluat la suma de 2,5 milioane de euro, nu am avea cum s\u0103 finan\u0163\u0103m vreodat\u0103 o asemenea lucrare din bugetul local\u201d,<\/em> sus\u0163ine primarul Gabriel Adrian Koller.\n<\/p>\n<p>\n\tSitua\u0163ia, inedit\u0103 \u015fi emblematic\u0103 pentru o anumit\u0103 stare de lucruri din \u0163ar\u0103, a fost prezentat\u0103 zilele trecute \u015fi la Pro TV, unul dintre invita\u0163i opin\u00e2nd, \u00een glum\u0103, c\u0103 ar trebui format\u0103 o brigad\u0103 de drumari din s\u0103tenii cu ini\u0163iativ\u0103 din Unip \u015fi Uliuc, aceasta fiind singura \u015fans\u0103 de a finaliza celebra Autostrad\u0103 Transilvania.\u00a0 \u00a0\n<\/p>\n<h4><strong>Un istoric lung de proteste<\/strong><br \/><\/h4>\n<p>\n\tProtestele localnicilor din Unip \u015fi Uliuc au deja un istoric lung, punctul culminant fiind atins anul trecut \u00een martie, c\u00e2nd s\u0103tenii au blocat de mai multe ori drumul dintre Buzia\u015f \u015fi Timi\u015foara, oprind circula\u0163ia din zon\u0103. Atunci, protestatarii au aruncat pe jos plicule\u0163e cu semin\u0163e de varz\u0103, spun\u00e2nd c\u0103, dac\u0103 tot e arat, m\u0103car s\u0103 creasc\u0103 ceva pe p\u0103m\u00e2nt. <em>\u201eTaxe pl\u0103tim, impozite pl\u0103tim, drum asfaltat c\u00e2nd primim<\/em>?\u201d a fost una dintre lozincile scandate \u015fi \u00een acest an, la protestele organizate \u00een februarie \u015fi martie. Localnicii sus\u0163in c\u0103 to\u0163i cei 7,9 kilometri ai drumului trebuie parcur\u015fi doar la viteze mici, \u00eent\u00e2ia \u015fi a doua, \u015fi \u00een cele dou\u0103 localit\u0103\u0163i au existat femei care au n\u0103scut cas\u0103, din cauz\u0103 c\u0103 ambulan\u0163a nu a putut str\u0103bate drumul p\u00e2n\u0103 la ele.\n<\/p>\n<p>\n\tConsiliul Jude\u0163ean Timi\u015f s-a scos din ecua\u0163ie, preciz\u00e2nd c\u0103 nu poate prelua acest drum, deoarece sunt ni\u015fte criterii care trebuie respectate, cum ar fi s\u0103 uneasc\u0103 dou\u0103 comune sau s\u0103 asigure accesul la un obiectiv de interes jude\u0163ean sau na\u0163ional, un obiectiv turistic de exemplu.\n<\/p>\n<h4><strong>Precedent similar la Criciova<\/strong><br \/><\/h4>\n<p><a href=\"http:\/\/timpolis.ro\/wp-content\/uploads\/2014\/06\/Criciova.jpg\"><img decoding=\"async\" loading=\"lazy\" alt=\"Criciova\" height=\"167\" title=\"Criciova\" width=\"250\" class=\"alignright size-medium wp-image-8554 lazyload\" src=\"https:\/\/analyse.optim.biz\/wp-content\/uploads\/2025\/12\/criciova-270x181-1.jpg\"><\/a><\/p>\n<p><img decoding=\"async\" loading=\"lazy\" alt=\"Criciova\" class=\"alignright size-medium wp-image-8554\" height=\"167\" src=\"https:\/\/analyse.optim.biz\/wp-content\/uploads\/2025\/12\/criciova-270x181-1.jpg\" title=\"Criciova\" width=\"250\">Situa\u0163ia de la Saco\u015fu Turcesc nu este singular\u0103. \u00cen 2009, de pild\u0103, la CJ Timi\u015f a fost dezb\u0103tut\u0103 problema modalit\u0103\u0163ii \u00een care s-a reabilitat o por\u0163iune de drum jude\u0163ean \u00een zona Criciova, unde a fost realizat un drum de c\u0103tre o firm\u0103 privat\u0103 care, \u00eens\u0103, nu a mai f\u0103cut recep\u0163ia. Problema e c\u0103 \u00een aceste cazuri, \u00een varianta producerii unor accidente din cauza st\u0103rii carosabilului, nu poate fi tras nimeni la r\u0103spundere, \u00ee\u015fi argumentau dezacordul reprezentan\u0163i ai administra\u0163iei jude\u0163ene.<\/p>\n<p><em>\u201cExist\u0103 o problem\u0103 care este legat\u0103 de un drum jude\u0163ean din comuna Criciova, un drum jude\u0163ean f\u0103cut de o firm\u0103 a actualului primar. Este bine c\u0103 a f\u0103cut acel drum. Problema este c\u0103 autoriza\u0163ia de construc\u0163ie pentru acel drum a fost emis\u0103 dup\u0103 \u00eenceperea lucr\u0103rilor. E bine c\u0103 a fost un proiect la baz\u0103, dar nu s-a f\u0103cut recep\u0163ia. Or, \u00een momentul \u00een care este un drum jude\u0163ean f\u0103r\u0103 o recep\u0163ie f\u0103cut\u0103, se pune \u00eentrebarea cine are responsabilitatea pentru un eventual accident?\u201d<\/em>, se preciza atunci \u00een plenul CJ Timi\u015f.\n<\/p>\n<p>\n\tReprezentan\u0163ii administra\u0163iei jude\u0163ene se \u00eentrebau \u015fi ce se va \u00eent\u00e2mpla \u00een zon\u0103 dac\u0103 vor fi descoperite neconformit\u0103\u0163i: <em>\u201cCe o s\u0103 se \u00eent\u00e2mple dac\u0103 la verificarea pe care o vom face, noi, Comisia Tehnic\u0103, vom considera c\u0103 drumul nu a fost realizat conform parametrilor din proiect, dac\u0103 respectivul generos donator va dori s\u0103 \u00eendrepte gre\u015felile, s\u0103 aduc\u0103 lucrarea \u00een parametri normali sau va trebui s\u0103 venim noi, \u00een completare s\u0103 aducem lucrurile \u00een legalitate?\u201d<\/em><\/p>\n<p>\n\tConducerea CJ Timi\u015f declara atunci c\u0103 situa\u0163ia urmeaz\u0103 a fi reglementat\u0103, specific\u00e2nd c\u0103 la Criciova este o situa\u0163ie aparte, \u00een care autoriza\u0163ia a fost eliberat\u0103 dup\u0103 \u00eenceperea lucr\u0103rilor <em>: \u201cSe va urm\u0103ri \u015fi se va face o recep\u0163ie a drumului, iar \u00een cazul \u00een care recep\u0163ia nu este conform\u0103 cu proiectul, se vor face modific\u0103ri\u201d, <\/em>declarau reprezentan\u0163ii administra\u0163iei jude\u0163ene. Men\u0163ion\u00e2nd, totodat\u0103, c\u0103 este un drum jude\u0163ean, pe care s-a intervenit f\u0103r\u0103 a exista aprobarea CJ Timi\u015f.\n<\/p>\n<p>\n\tLucrurile nu au fost tran\u015fate clar nici dup\u0103 mai multe discu\u0163ii \u00een contradictoriu \u00een plenul Consiliului Jude\u0163ean. Conform unor reprezentan\u0163i ai administra\u0163iei jude\u0163ene de atunci, situa\u0163ia de la Criciova nu trebuia l\u0103sat\u0103 s\u0103 devin\u0103 un precedent. <em>\u201cS-a dat autoriza\u0163ia pentru acea lucrare, \u00eens\u0103 nu se \u015ftie exact momentul. Pe baza c\u0103rui proiect a pornit ? P\u00e2n\u0103 la urm\u0103 am \u00een\u0163eles c\u0103, de fapt, Consiliul Jude\u0163ean le-a dat un proiect. Acum cert e c\u0103 nu e recep\u0163ionat. \u015ei \u00eentrebarea e simpl\u0103 : dac\u0103 se \u00eent\u00e2mpl\u0103 acolo un accident din cauza st\u0103rii drumului, cine r\u0103spunde? S-ar putea p\u00e2n\u0103 la urm\u0103 s\u0103 ne ias\u0103 pe nas dona\u0163ia aceasta\u201d<\/em>, ne declara atunci fostul pre\u015fedinte al Comisiei Economice a CJ Timi\u015f, <strong>Viorel Sasca<\/strong>.\u00a0\n<\/p>\n<p>\n\tAdministra\u0163ia local\u0103 a avut \u00eens\u0103 propriile argumente, unele din ele av\u00e2nd un oarecare fundament. Astfel, Prim\u0103ria Criciova afirma c\u0103 localnicii au a\u015fteptat \u00een zadar, cu anii, s\u0103 li se asfalteze \u00een mod corespunz\u0103tor por\u0163iunea respectiv\u0103 de drum \u015fi c\u0103 toate certurile iscate pe aceast\u0103 tem\u0103 la nivelul administra\u0163iei jude\u0163ene ar fi trebuit s\u0103 se poarte dup\u0103 ce li s-ar fi cerut p\u0103rerea localnicilor. <em>\u201cDe c\u00e2nd a fost atestat\u0103 Criciova, nu a fost asfaltat corespunz\u0103tor drumul. A\u015f fi vrut s\u0103 \u015ftiu dac\u0103 ace\u015fti ale\u015fi jude\u0163eni, care au fost contestatari, \u00eei reprezint\u0103 pe oamenii din Criciova. Recep\u0163ia nu s-a f\u0103cut, pentru c\u0103 lucrarea nu s-a terminat. Pot s\u0103 vorbeasc\u0103 dumnealor orice. S\u0103 mearg\u0103 la oricare om din Criciova s\u0103 \u00eel \u00eentrebe dac\u0103 e mul\u0163umit sau nu de aceast\u0103 lucrare\u201d,<\/em> spuneau atunci reprezentan\u0163ii Prim\u0103riei.\n<\/p>\n<p>\n\tLucrurile nu au mai fost \u00eens\u0103 l\u0103murite, acesta constituind un precedent pentru interven\u0163ii de acela\u015fi gen la drumurile jude\u0163ene. Aceasta de\u015fi, \u00een lipsa unui contract, a unei dona\u0163ii \u015fi a unei recep\u0163ii, \u00een varianta \u00een care pe por\u0163iunea respectiv\u0103 de drum s-ar fi produs un accident cauzat de starea drumului, \u00een care s\u0103 fie implicate ma\u015finile unui transportator interna\u0163ional de exemplu, nu era deloc clar cine ar fi r\u0103spuns.\u00a0\n<\/p>\n<p>\n\tPe de alt\u0103 parte, nu se poate s\u0103 nu se vad\u0103 \u015fi reversul : faptul c\u0103, s\u0103tui s\u0103 mai a\u015ftepte bani de la buget pentru infrastructur\u0103, bani care \u00eent\u00e2rzie s\u0103 apar\u0103, de ani de zile, oamenii iau decizii la nivel privat sau la nivel de administra\u0163ie local\u0103, pentru reabilitarea unor por\u0163iuni de drum, indiferent de ra\u0163iunile care stau \u00een spatele acestor decizii.<\/p>\n<div id=\"metaslider-id-56545\" class=\"ml-slider-3-18-9 metaslider metaslider-responsive metaslider-56545 ml-slider nav-hidden nav-hidden nav-hidden\">\n<div id=\"metaslider_container_56545\">\n<ul id=\"metaslider_56545\" class=\"rslides\">\n<li><a href=\"https:\/\/iuliustown.ro\/ro\" target=\"_blank\"><img decoding=\"async\" width=\"610\" height=\"260\" loading=\"lazy\" title=\"Banner Iulius Town - decembrie 2025 - 610x260\" class=\"slider-56545 slide-60736 lazyload\" src=\"https:\/\/analyse.optim.biz\/wp-content\/uploads\/2025\/12\/banner-iulius-town-decembrie-2025-610x260-1-70.png\"><img decoding=\"async\" width=\"610\" height=\"260\" src=\"https:\/\/analyse.optim.biz\/wp-content\/uploads\/2025\/12\/banner-iulius-town-decembrie-2025-610x260-1-70.png\" class=\"slider-56545 slide-60736\" loading=\"lazy\" title=\"Banner Iulius Town - decembrie 2025 - 610x260\"><\/a><\/li>\n<\/ul>\n<\/div>\n<\/div>\n<div class=\"printfriendly pf-alignright\"><a href=\"https:\/\/timpolis.ro\/satenii-din-uliuc-care-si-au-reparat-singuri-drumul-s-ar-putea-trezi-cu-dosare-penale\/\" rel=\"nofollow\" title=\"Printer Friendly, PDF &amp; Email\"><img decoding=\"async\" alt=\"Print Friendly, PDF &amp; Email\" class=\"lazyload\" src=\"https:\/\/analyse.optim.biz\/wp-content\/uploads\/2025\/12\/print-button-70.png\" title=\"print-button-70\"><img decoding=\"async\" src=\"https:\/\/analyse.optim.biz\/wp-content\/uploads\/2025\/12\/print-button-70.png\" alt=\"Print Friendly, PDF &amp; Email\" title=\"print-button-70\"><\/a><\/div>\n<\/div>\n<p> Source URL: https:\/\/timpolis.ro\/satenii-din-uliuc-care-si-au-reparat-singuri-drumul-s-ar-putea-trezi-cu-dosare-penale\/<\/p>\n","protected":false},"excerpt":{"rendered":"<p>O situa\u0163ie 100% \u201cmade in Ro\u201d a ajuns \u015ftire na\u0163ional\u0103 dup\u0103 ce mai mai mul\u0163i locuitori din satele timi\u015fene Unip \u015fi Uliuc au organizat proteste, cer\u00e2nd\u2026 asfalt pe drumul care leag\u0103 localit\u0103\u0163ile lor de drumul jude\u0163ean Timi\u015foara- Buzia\u015f. Ce a urmat se \u00eenscrie \u00eens\u0103 \u00een acela\u015fi fascinant mers al lucrurilor din Rom\u00e2nia. Dup\u0103 ce aceia\u015fi [&hellip;]<\/p>\n","protected":false},"author":1,"featured_media":1092614,"comment_status":"open","ping_status":"","sticky":false,"template":"","format":"standard","meta":{"footnotes":""},"categories":[89],"tags":[202],"class_list":["post-1092613","post","type-post","status-publish","format-standard","has-post-thumbnail","hentry","category-romania","tag-timpolis-ro"],"_links":{"self":[{"href":"https:\/\/analyse.optim.biz\/index.php?rest_route=\/wp\/v2\/posts\/1092613","targetHints":{"allow":["GET"]}}],"collection":[{"href":"https:\/\/analyse.optim.biz\/index.php?rest_route=\/wp\/v2\/posts"}],"about":[{"href":"https:\/\/analyse.optim.biz\/index.php?rest_route=\/wp\/v2\/types\/post"}],"author":[{"embeddable":true,"href":"https:\/\/analyse.optim.biz\/index.php?rest_route=\/wp\/v2\/users\/1"}],"replies":[{"embeddable":true,"href":"https:\/\/analyse.optim.biz\/index.php?rest_route=%2Fwp%2Fv2%2Fcomments&post=1092613"}],"version-history":[{"count":0,"href":"https:\/\/analyse.optim.biz\/index.php?rest_route=\/wp\/v2\/posts\/1092613\/revisions"}],"wp:featuredmedia":[{"embeddable":true,"href":"https:\/\/analyse.optim.biz\/index.php?rest_route=\/wp\/v2\/media\/1092614"}],"wp:attachment":[{"href":"https:\/\/analyse.optim.biz\/index.php?rest_route=%2Fwp%2Fv2%2Fmedia&parent=1092613"}],"wp:term":[{"taxonomy":"category","embeddable":true,"href":"https:\/\/analyse.optim.biz\/index.php?rest_route=%2Fwp%2Fv2%2Fcategories&post=1092613"},{"taxonomy":"post_tag","embeddable":true,"href":"https:\/\/analyse.optim.biz\/index.php?rest_route=%2Fwp%2Fv2%2Ftags&post=1092613"}],"curies":[{"name":"wp","href":"https:\/\/api.w.org\/{rel}","templated":true}]}}